{"id":476,"date":"2025-12-31T17:23:53","date_gmt":"2025-12-31T17:23:53","guid":{"rendered":"https:\/\/bailaodosuloficial.com.br\/?p=476"},"modified":"2025-12-31T17:32:58","modified_gmt":"2025-12-31T17:32:58","slug":"banda-sagytaryus-energia-e-alegria-levando-o-melhor-do-bailao-raiz-por-onde-passa","status":"publish","type":"post","link":"https:\/\/bailaodosuloficial.com.br\/index.php\/2025\/12\/31\/banda-sagytaryus-energia-e-alegria-levando-o-melhor-do-bailao-raiz-por-onde-passa\/","title":{"rendered":"Banda Sagytaryus: Energia e Alegria Levando o Melhor do Bail\u00e3o Raiz por Onde Passa"},"content":{"rendered":"\n<p>A <strong>Banda Sagytaryus<\/strong> tem ganhado destaque nas redes sociais e nos palcos, conquistando f\u00e3s apaixonados por sua energia contagiante e repert\u00f3rio que celebra o esp\u00edrito do <em>bail\u00e3o raiz<\/em>. A presen\u00e7a da banda \u00e9 marcada por shows animados, cheios de m\u00fasica, dan\u00e7a e momentos memor\u00e1veis para quem gosta de m\u00fasica ao vivo e festas animadas.<\/p>\n\n\n\n<p>Pelo Instagram oficial, a banda compartilha registros de apresenta\u00e7\u00f5es, intera\u00e7\u00f5es com o p\u00fablico e bastidores das viagens enquanto segue em turn\u00ea. A Sagytaryus tem divulgado sua <strong>agenda de finais de semana<\/strong>, convidando todos a curtirem os <em>bail\u00f5es<\/em> com muito som e anima\u00e7\u00e3o \u2014 um convite claro para quem busca divers\u00e3o e boa m\u00fasica ao vivo.<\/p>\n\n\n\n<p>Al\u00e9m da presen\u00e7a em eventos e festas, a banda tem se mostrado ativa nas esta\u00e7\u00f5es de festas sazonais, refor\u00e7ando a conex\u00e3o com seus seguidores ao desejar boas festas e celebrar momentos especiais com mensagens de carinho para seus f\u00e3s.<\/p>\n\n\n\n<p>Os f\u00e3s tamb\u00e9m t\u00eam motivos para ficar ainda mais animados: a Sagytaryus anunciou o lan\u00e7amento de <strong>novas m\u00fasicas<\/strong>, incluindo o trabalho intitulado <em>\u201cLicor\u201d<\/em> \u2014 sinal de que o grupo est\u00e1 em constante evolu\u00e7\u00e3o e ampliando seu repert\u00f3rio para surpreender o p\u00fablico.<\/p>\n\n\n\n<p><\/p>\n\n\n\n<p>Com shows que passam por diferentes cidades e um engajamento crescente nas plataformas digitais, a Banda Sagytaryus vem consolidando seu espa\u00e7o como um dos grupos mais aguardados nas festas e eventos que celebram a m\u00fasica animada e o tradicional clima de baile, mantendo a verdadeira ess\u00eancia do <em>bail\u00e3o<\/em> e conquistando cada vez mais admiradores.<\/p>\n\n\n\n<figure class=\"wp-block-embed is-type-video is-provider-youtube wp-block-embed-youtube wp-embed-aspect-16-9 wp-has-aspect-ratio\"><div class=\"wp-block-embed__wrapper\">\n<iframe loading=\"lazy\" title=\"Banda Sagytaryus - LICOR \" width=\"960\" height=\"540\" src=\"https:\/\/www.youtube.com\/embed\/4pYyEHAtx5k?feature=oembed\" frameborder=\"0\" allow=\"accelerometer; autoplay; clipboard-write; encrypted-media; gyroscope; picture-in-picture; web-share\" referrerpolicy=\"strict-origin-when-cross-origin\" allowfullscreen><\/iframe>\n<\/div><\/figure>\n","protected":false},"excerpt":{"rendered":"<p>A Banda Sagytaryus tem ganhado destaque nas redes sociais e nos palcos, conquistando f\u00e3s apaixonados por sua energia contagiante e repert\u00f3rio que celebra o esp\u00edrito do bail\u00e3o raiz. A presen\u00e7a da banda \u00e9 marcada por shows animados, cheios de m\u00fasica, dan\u00e7a e momentos memor\u00e1veis para quem gosta de m\u00fasica ao vivo e festas animadas. Pelo<\/p>\n","protected":false},"author":1,"featured_media":477,"comment_status":"open","ping_status":"open","sticky":false,"template":"","format":"standard","meta":{"footnotes":""},"categories":[2],"tags":[],"class_list":["post-476","post","type-post","status-publish","format-standard","has-post-thumbnail","hentry","category-bailao"],"yoast_head":"<!-- This site is optimized with the Yoast SEO plugin v26.9 - https:\/\/yoast.com\/product\/yoast-seo-wordpress\/ -->\n<title>Banda Sagytaryus: Energia e Alegria Levando o Melhor do Bail\u00e3o Raiz por Onde Passa -<\/title>\n<meta name=\"robots\" content=\"index, follow, max-snippet:-1, max-image-preview:large, max-video-preview:-1\" \/>\n<link rel=\"canonical\" href=\"https:\/\/bailaodosuloficial.com.br\/index.php\/2025\/12\/31\/banda-sagytaryus-energia-e-alegria-levando-o-melhor-do-bailao-raiz-por-onde-passa\/\" \/>\n<meta property=\"og:locale\" content=\"pt_BR\" \/>\n<meta property=\"og:type\" content=\"article\" \/>\n<meta property=\"og:title\" content=\"Banda Sagytaryus: Energia e Alegria Levando o Melhor do Bail\u00e3o Raiz por Onde Passa -\" \/>\n<meta property=\"og:description\" content=\"A Banda Sagytaryus tem ganhado destaque nas redes sociais e nos palcos, conquistando f\u00e3s apaixonados por sua energia contagiante e repert\u00f3rio que celebra o esp\u00edrito do bail\u00e3o raiz. A presen\u00e7a da banda \u00e9 marcada por shows animados, cheios de m\u00fasica, dan\u00e7a e momentos memor\u00e1veis para quem gosta de m\u00fasica ao vivo e festas animadas. Pelo\" \/>\n<meta property=\"og:url\" content=\"https:\/\/bailaodosuloficial.com.br\/index.php\/2025\/12\/31\/banda-sagytaryus-energia-e-alegria-levando-o-melhor-do-bailao-raiz-por-onde-passa\/\" \/>\n<meta property=\"article:published_time\" content=\"2025-12-31T17:23:53+00:00\" \/>\n<meta property=\"article:modified_time\" content=\"2025-12-31T17:32:58+00:00\" \/>\n<meta property=\"og:image\" content=\"https:\/\/bailaodosuloficial.com.br\/wp-content\/uploads\/2025\/12\/image.png\" \/>\n\t<meta property=\"og:image:width\" content=\"394\" \/>\n\t<meta property=\"og:image:height\" content=\"401\" \/>\n\t<meta property=\"og:image:type\" content=\"image\/png\" \/>\n<meta name=\"author\" content=\"admin\" \/>\n<meta name=\"twitter:card\" content=\"summary_large_image\" \/>\n<meta name=\"twitter:label1\" content=\"Escrito por\" \/>\n\t<meta name=\"twitter:data1\" content=\"admin\" \/>\n\t<meta name=\"twitter:label2\" content=\"Est. tempo de leitura\" \/>\n\t<meta name=\"twitter:data2\" content=\"1 minuto\" \/>\n<script type=\"application\/ld+json\" class=\"yoast-schema-graph\">{\"@context\":\"https:\/\/schema.org\",\"@graph\":[{\"@type\":\"Article\",\"@id\":\"https:\/\/bailaodosuloficial.com.br\/index.php\/2025\/12\/31\/banda-sagytaryus-energia-e-alegria-levando-o-melhor-do-bailao-raiz-por-onde-passa\/#article\",\"isPartOf\":{\"@id\":\"https:\/\/bailaodosuloficial.com.br\/index.php\/2025\/12\/31\/banda-sagytaryus-energia-e-alegria-levando-o-melhor-do-bailao-raiz-por-onde-passa\/\"},\"author\":{\"name\":\"admin\",\"@id\":\"https:\/\/bailaodosuloficial.com.br\/#\/schema\/person\/b3bb1c43b091cd5c62100dd962ddda38\"},\"headline\":\"Banda Sagytaryus: Energia e Alegria Levando o Melhor do Bail\u00e3o Raiz por Onde Passa\",\"datePublished\":\"2025-12-31T17:23:53+00:00\",\"dateModified\":\"2025-12-31T17:32:58+00:00\",\"mainEntityOfPage\":{\"@id\":\"https:\/\/bailaodosuloficial.com.br\/index.php\/2025\/12\/31\/banda-sagytaryus-energia-e-alegria-levando-o-melhor-do-bailao-raiz-por-onde-passa\/\"},\"wordCount\":305,\"commentCount\":0,\"publisher\":{\"@id\":\"https:\/\/bailaodosuloficial.com.br\/#organization\"},\"image\":{\"@id\":\"https:\/\/bailaodosuloficial.com.br\/index.php\/2025\/12\/31\/banda-sagytaryus-energia-e-alegria-levando-o-melhor-do-bailao-raiz-por-onde-passa\/#primaryimage\"},\"thumbnailUrl\":\"https:\/\/bailaodosuloficial.com.br\/wp-content\/uploads\/2025\/12\/image.png\",\"articleSection\":[\"Bail\u00e3o\"],\"inLanguage\":\"pt-BR\",\"potentialAction\":[{\"@type\":\"CommentAction\",\"name\":\"Comment\",\"target\":[\"https:\/\/bailaodosuloficial.com.br\/index.php\/2025\/12\/31\/banda-sagytaryus-energia-e-alegria-levando-o-melhor-do-bailao-raiz-por-onde-passa\/#respond\"]}]},{\"@type\":\"WebPage\",\"@id\":\"https:\/\/bailaodosuloficial.com.br\/index.php\/2025\/12\/31\/banda-sagytaryus-energia-e-alegria-levando-o-melhor-do-bailao-raiz-por-onde-passa\/\",\"url\":\"https:\/\/bailaodosuloficial.com.br\/index.php\/2025\/12\/31\/banda-sagytaryus-energia-e-alegria-levando-o-melhor-do-bailao-raiz-por-onde-passa\/\",\"name\":\"Banda Sagytaryus: Energia e Alegria Levando o Melhor do Bail\u00e3o Raiz por Onde Passa -\",\"isPartOf\":{\"@id\":\"https:\/\/bailaodosuloficial.com.br\/#website\"},\"primaryImageOfPage\":{\"@id\":\"https:\/\/bailaodosuloficial.com.br\/index.php\/2025\/12\/31\/banda-sagytaryus-energia-e-alegria-levando-o-melhor-do-bailao-raiz-por-onde-passa\/#primaryimage\"},\"image\":{\"@id\":\"https:\/\/bailaodosuloficial.com.br\/index.php\/2025\/12\/31\/banda-sagytaryus-energia-e-alegria-levando-o-melhor-do-bailao-raiz-por-onde-passa\/#primaryimage\"},\"thumbnailUrl\":\"https:\/\/bailaodosuloficial.com.br\/wp-content\/uploads\/2025\/12\/image.png\",\"datePublished\":\"2025-12-31T17:23:53+00:00\",\"dateModified\":\"2025-12-31T17:32:58+00:00\",\"breadcrumb\":{\"@id\":\"https:\/\/bailaodosuloficial.com.br\/index.php\/2025\/12\/31\/banda-sagytaryus-energia-e-alegria-levando-o-melhor-do-bailao-raiz-por-onde-passa\/#breadcrumb\"},\"inLanguage\":\"pt-BR\",\"potentialAction\":[{\"@type\":\"ReadAction\",\"target\":[\"https:\/\/bailaodosuloficial.com.br\/index.php\/2025\/12\/31\/banda-sagytaryus-energia-e-alegria-levando-o-melhor-do-bailao-raiz-por-onde-passa\/\"]}]},{\"@type\":\"ImageObject\",\"inLanguage\":\"pt-BR\",\"@id\":\"https:\/\/bailaodosuloficial.com.br\/index.php\/2025\/12\/31\/banda-sagytaryus-energia-e-alegria-levando-o-melhor-do-bailao-raiz-por-onde-passa\/#primaryimage\",\"url\":\"https:\/\/bailaodosuloficial.com.br\/wp-content\/uploads\/2025\/12\/image.png\",\"contentUrl\":\"https:\/\/bailaodosuloficial.com.br\/wp-content\/uploads\/2025\/12\/image.png\",\"width\":394,\"height\":401},{\"@type\":\"BreadcrumbList\",\"@id\":\"https:\/\/bailaodosuloficial.com.br\/index.php\/2025\/12\/31\/banda-sagytaryus-energia-e-alegria-levando-o-melhor-do-bailao-raiz-por-onde-passa\/#breadcrumb\",\"itemListElement\":[{\"@type\":\"ListItem\",\"position\":1,\"name\":\"In\u00edcio\",\"item\":\"https:\/\/bailaodosuloficial.com.br\/\"},{\"@type\":\"ListItem\",\"position\":2,\"name\":\"Banda Sagytaryus: Energia e Alegria Levando o Melhor do Bail\u00e3o Raiz por Onde Passa\"}]},{\"@type\":\"WebSite\",\"@id\":\"https:\/\/bailaodosuloficial.com.br\/#website\",\"url\":\"https:\/\/bailaodosuloficial.com.br\/\",\"name\":\"Bail\u00e3o do Sul\",\"description\":\"\",\"publisher\":{\"@id\":\"https:\/\/bailaodosuloficial.com.br\/#organization\"},\"alternateName\":\"Bail\u00e3o do Sul Oficial\",\"potentialAction\":[{\"@type\":\"SearchAction\",\"target\":{\"@type\":\"EntryPoint\",\"urlTemplate\":\"https:\/\/bailaodosuloficial.com.br\/?s={search_term_string}\"},\"query-input\":{\"@type\":\"PropertyValueSpecification\",\"valueRequired\":true,\"valueName\":\"search_term_string\"}}],\"inLanguage\":\"pt-BR\"},{\"@type\":\"Organization\",\"@id\":\"https:\/\/bailaodosuloficial.com.br\/#organization\",\"name\":\"Bail\u00e3o do Sul\",\"url\":\"https:\/\/bailaodosuloficial.com.br\/\",\"logo\":{\"@type\":\"ImageObject\",\"inLanguage\":\"pt-BR\",\"@id\":\"https:\/\/bailaodosuloficial.com.br\/#\/schema\/logo\/image\/\",\"url\":\"https:\/\/bailaodosuloficial.com.br\/wp-content\/uploads\/2026\/03\/cropped-fim-de-semana-5-scaled-1.png\",\"contentUrl\":\"https:\/\/bailaodosuloficial.com.br\/wp-content\/uploads\/2026\/03\/cropped-fim-de-semana-5-scaled-1.png\",\"width\":1989,\"height\":1371,\"caption\":\"Bail\u00e3o do Sul\"},\"image\":{\"@id\":\"https:\/\/bailaodosuloficial.com.br\/#\/schema\/logo\/image\/\"},\"sameAs\":[\"http:\/\/instagram.com\/bailaodosul\"]},{\"@type\":\"Person\",\"@id\":\"https:\/\/bailaodosuloficial.com.br\/#\/schema\/person\/b3bb1c43b091cd5c62100dd962ddda38\",\"name\":\"admin\",\"image\":{\"@type\":\"ImageObject\",\"inLanguage\":\"pt-BR\",\"@id\":\"https:\/\/bailaodosuloficial.com.br\/#\/schema\/person\/image\/\",\"url\":\"https:\/\/secure.gravatar.com\/avatar\/8e8beae45c6419737da9ea57a58a1f945a580b701e1def541b4459d4ac234c85?s=96&d=mm&r=g\",\"contentUrl\":\"https:\/\/secure.gravatar.com\/avatar\/8e8beae45c6419737da9ea57a58a1f945a580b701e1def541b4459d4ac234c85?s=96&d=mm&r=g\",\"caption\":\"admin\"},\"sameAs\":[\"https:\/\/bailaodosuloficial.com.br\"],\"url\":\"https:\/\/bailaodosuloficial.com.br\/index.php\/author\/bailao\/\"}]}<\/script>\n<!-- \/ Yoast SEO plugin. -->","yoast_head_json":{"title":"Banda Sagytaryus: Energia e Alegria Levando o Melhor do Bail\u00e3o Raiz por Onde Passa -","robots":{"index":"index","follow":"follow","max-snippet":"max-snippet:-1","max-image-preview":"max-image-preview:large","max-video-preview":"max-video-preview:-1"},"canonical":"https:\/\/bailaodosuloficial.com.br\/index.php\/2025\/12\/31\/banda-sagytaryus-energia-e-alegria-levando-o-melhor-do-bailao-raiz-por-onde-passa\/","og_locale":"pt_BR","og_type":"article","og_title":"Banda Sagytaryus: Energia e Alegria Levando o Melhor do Bail\u00e3o Raiz por Onde Passa -","og_description":"A Banda Sagytaryus tem ganhado destaque nas redes sociais e nos palcos, conquistando f\u00e3s apaixonados por sua energia contagiante e repert\u00f3rio que celebra o esp\u00edrito do bail\u00e3o raiz. A presen\u00e7a da banda \u00e9 marcada por shows animados, cheios de m\u00fasica, dan\u00e7a e momentos memor\u00e1veis para quem gosta de m\u00fasica ao vivo e festas animadas. Pelo","og_url":"https:\/\/bailaodosuloficial.com.br\/index.php\/2025\/12\/31\/banda-sagytaryus-energia-e-alegria-levando-o-melhor-do-bailao-raiz-por-onde-passa\/","article_published_time":"2025-12-31T17:23:53+00:00","article_modified_time":"2025-12-31T17:32:58+00:00","og_image":[{"width":394,"height":401,"url":"https:\/\/bailaodosuloficial.com.br\/wp-content\/uploads\/2025\/12\/image.png","type":"image\/png"}],"author":"admin","twitter_card":"summary_large_image","twitter_misc":{"Escrito por":"admin","Est. tempo de leitura":"1 minuto"},"schema":{"@context":"https:\/\/schema.org","@graph":[{"@type":"Article","@id":"https:\/\/bailaodosuloficial.com.br\/index.php\/2025\/12\/31\/banda-sagytaryus-energia-e-alegria-levando-o-melhor-do-bailao-raiz-por-onde-passa\/#article","isPartOf":{"@id":"https:\/\/bailaodosuloficial.com.br\/index.php\/2025\/12\/31\/banda-sagytaryus-energia-e-alegria-levando-o-melhor-do-bailao-raiz-por-onde-passa\/"},"author":{"name":"admin","@id":"https:\/\/bailaodosuloficial.com.br\/#\/schema\/person\/b3bb1c43b091cd5c62100dd962ddda38"},"headline":"Banda Sagytaryus: Energia e Alegria Levando o Melhor do Bail\u00e3o Raiz por Onde Passa","datePublished":"2025-12-31T17:23:53+00:00","dateModified":"2025-12-31T17:32:58+00:00","mainEntityOfPage":{"@id":"https:\/\/bailaodosuloficial.com.br\/index.php\/2025\/12\/31\/banda-sagytaryus-energia-e-alegria-levando-o-melhor-do-bailao-raiz-por-onde-passa\/"},"wordCount":305,"commentCount":0,"publisher":{"@id":"https:\/\/bailaodosuloficial.com.br\/#organization"},"image":{"@id":"https:\/\/bailaodosuloficial.com.br\/index.php\/2025\/12\/31\/banda-sagytaryus-energia-e-alegria-levando-o-melhor-do-bailao-raiz-por-onde-passa\/#primaryimage"},"thumbnailUrl":"https:\/\/bailaodosuloficial.com.br\/wp-content\/uploads\/2025\/12\/image.png","articleSection":["Bail\u00e3o"],"inLanguage":"pt-BR","potentialAction":[{"@type":"CommentAction","name":"Comment","target":["https:\/\/bailaodosuloficial.com.br\/index.php\/2025\/12\/31\/banda-sagytaryus-energia-e-alegria-levando-o-melhor-do-bailao-raiz-por-onde-passa\/#respond"]}]},{"@type":"WebPage","@id":"https:\/\/bailaodosuloficial.com.br\/index.php\/2025\/12\/31\/banda-sagytaryus-energia-e-alegria-levando-o-melhor-do-bailao-raiz-por-onde-passa\/","url":"https:\/\/bailaodosuloficial.com.br\/index.php\/2025\/12\/31\/banda-sagytaryus-energia-e-alegria-levando-o-melhor-do-bailao-raiz-por-onde-passa\/","name":"Banda Sagytaryus: Energia e Alegria Levando o Melhor do Bail\u00e3o Raiz por Onde Passa -","isPartOf":{"@id":"https:\/\/bailaodosuloficial.com.br\/#website"},"primaryImageOfPage":{"@id":"https:\/\/bailaodosuloficial.com.br\/index.php\/2025\/12\/31\/banda-sagytaryus-energia-e-alegria-levando-o-melhor-do-bailao-raiz-por-onde-passa\/#primaryimage"},"image":{"@id":"https:\/\/bailaodosuloficial.com.br\/index.php\/2025\/12\/31\/banda-sagytaryus-energia-e-alegria-levando-o-melhor-do-bailao-raiz-por-onde-passa\/#primaryimage"},"thumbnailUrl":"https:\/\/bailaodosuloficial.com.br\/wp-content\/uploads\/2025\/12\/image.png","datePublished":"2025-12-31T17:23:53+00:00","dateModified":"2025-12-31T17:32:58+00:00","breadcrumb":{"@id":"https:\/\/bailaodosuloficial.com.br\/index.php\/2025\/12\/31\/banda-sagytaryus-energia-e-alegria-levando-o-melhor-do-bailao-raiz-por-onde-passa\/#breadcrumb"},"inLanguage":"pt-BR","potentialAction":[{"@type":"ReadAction","target":["https:\/\/bailaodosuloficial.com.br\/index.php\/2025\/12\/31\/banda-sagytaryus-energia-e-alegria-levando-o-melhor-do-bailao-raiz-por-onde-passa\/"]}]},{"@type":"ImageObject","inLanguage":"pt-BR","@id":"https:\/\/bailaodosuloficial.com.br\/index.php\/2025\/12\/31\/banda-sagytaryus-energia-e-alegria-levando-o-melhor-do-bailao-raiz-por-onde-passa\/#primaryimage","url":"https:\/\/bailaodosuloficial.com.br\/wp-content\/uploads\/2025\/12\/image.png","contentUrl":"https:\/\/bailaodosuloficial.com.br\/wp-content\/uploads\/2025\/12\/image.png","width":394,"height":401},{"@type":"BreadcrumbList","@id":"https:\/\/bailaodosuloficial.com.br\/index.php\/2025\/12\/31\/banda-sagytaryus-energia-e-alegria-levando-o-melhor-do-bailao-raiz-por-onde-passa\/#breadcrumb","itemListElement":[{"@type":"ListItem","position":1,"name":"In\u00edcio","item":"https:\/\/bailaodosuloficial.com.br\/"},{"@type":"ListItem","position":2,"name":"Banda Sagytaryus: Energia e Alegria Levando o Melhor do Bail\u00e3o Raiz por Onde Passa"}]},{"@type":"WebSite","@id":"https:\/\/bailaodosuloficial.com.br\/#website","url":"https:\/\/bailaodosuloficial.com.br\/","name":"Bail\u00e3o do Sul","description":"","publisher":{"@id":"https:\/\/bailaodosuloficial.com.br\/#organization"},"alternateName":"Bail\u00e3o do Sul Oficial","potentialAction":[{"@type":"SearchAction","target":{"@type":"EntryPoint","urlTemplate":"https:\/\/bailaodosuloficial.com.br\/?s={search_term_string}"},"query-input":{"@type":"PropertyValueSpecification","valueRequired":true,"valueName":"search_term_string"}}],"inLanguage":"pt-BR"},{"@type":"Organization","@id":"https:\/\/bailaodosuloficial.com.br\/#organization","name":"Bail\u00e3o do Sul","url":"https:\/\/bailaodosuloficial.com.br\/","logo":{"@type":"ImageObject","inLanguage":"pt-BR","@id":"https:\/\/bailaodosuloficial.com.br\/#\/schema\/logo\/image\/","url":"https:\/\/bailaodosuloficial.com.br\/wp-content\/uploads\/2026\/03\/cropped-fim-de-semana-5-scaled-1.png","contentUrl":"https:\/\/bailaodosuloficial.com.br\/wp-content\/uploads\/2026\/03\/cropped-fim-de-semana-5-scaled-1.png","width":1989,"height":1371,"caption":"Bail\u00e3o do Sul"},"image":{"@id":"https:\/\/bailaodosuloficial.com.br\/#\/schema\/logo\/image\/"},"sameAs":["http:\/\/instagram.com\/bailaodosul"]},{"@type":"Person","@id":"https:\/\/bailaodosuloficial.com.br\/#\/schema\/person\/b3bb1c43b091cd5c62100dd962ddda38","name":"admin","image":{"@type":"ImageObject","inLanguage":"pt-BR","@id":"https:\/\/bailaodosuloficial.com.br\/#\/schema\/person\/image\/","url":"https:\/\/secure.gravatar.com\/avatar\/8e8beae45c6419737da9ea57a58a1f945a580b701e1def541b4459d4ac234c85?s=96&d=mm&r=g","contentUrl":"https:\/\/secure.gravatar.com\/avatar\/8e8beae45c6419737da9ea57a58a1f945a580b701e1def541b4459d4ac234c85?s=96&d=mm&r=g","caption":"admin"},"sameAs":["https:\/\/bailaodosuloficial.com.br"],"url":"https:\/\/bailaodosuloficial.com.br\/index.php\/author\/bailao\/"}]}},"_links":{"self":[{"href":"https:\/\/bailaodosuloficial.com.br\/index.php\/wp-json\/wp\/v2\/posts\/476","targetHints":{"allow":["GET"]}}],"collection":[{"href":"https:\/\/bailaodosuloficial.com.br\/index.php\/wp-json\/wp\/v2\/posts"}],"about":[{"href":"https:\/\/bailaodosuloficial.com.br\/index.php\/wp-json\/wp\/v2\/types\/post"}],"author":[{"embeddable":true,"href":"https:\/\/bailaodosuloficial.com.br\/index.php\/wp-json\/wp\/v2\/users\/1"}],"replies":[{"embeddable":true,"href":"https:\/\/bailaodosuloficial.com.br\/index.php\/wp-json\/wp\/v2\/comments?post=476"}],"version-history":[{"count":2,"href":"https:\/\/bailaodosuloficial.com.br\/index.php\/wp-json\/wp\/v2\/posts\/476\/revisions"}],"predecessor-version":[{"id":483,"href":"https:\/\/bailaodosuloficial.com.br\/index.php\/wp-json\/wp\/v2\/posts\/476\/revisions\/483"}],"wp:featuredmedia":[{"embeddable":true,"href":"https:\/\/bailaodosuloficial.com.br\/index.php\/wp-json\/wp\/v2\/media\/477"}],"wp:attachment":[{"href":"https:\/\/bailaodosuloficial.com.br\/index.php\/wp-json\/wp\/v2\/media?parent=476"}],"wp:term":[{"taxonomy":"category","embeddable":true,"href":"https:\/\/bailaodosuloficial.com.br\/index.php\/wp-json\/wp\/v2\/categories?post=476"},{"taxonomy":"post_tag","embeddable":true,"href":"https:\/\/bailaodosuloficial.com.br\/index.php\/wp-json\/wp\/v2\/tags?post=476"}],"curies":[{"name":"wp","href":"https:\/\/api.w.org\/{rel}","templated":true}]}}