{"id":489,"date":"2025-12-31T18:06:13","date_gmt":"2025-12-31T18:06:13","guid":{"rendered":"https:\/\/bailaodosuloficial.com.br\/?p=489"},"modified":"2025-12-31T18:06:13","modified_gmt":"2025-12-31T18:06:13","slug":"banda-san-marino-e-manha-de-verao-um-hino-que-embala-o-bailao-sulista","status":"publish","type":"post","link":"https:\/\/bailaodosuloficial.com.br\/index.php\/2025\/12\/31\/banda-san-marino-e-manha-de-verao-um-hino-que-embala-o-bailao-sulista\/","title":{"rendered":"Banda San Marino e \u201cManh\u00e3 de Ver\u00e3o\u201d: Um Hino que Embala o Bail\u00e3o Sulista"},"content":{"rendered":"\n<p><\/p>\n\n\n\n<p>A <strong>Banda San Marino<\/strong> \u00e9 um grupo tradicional e muito querido pelos f\u00e3s de m\u00fasica ao vivo no Sul do Brasil, conhecido especialmente por sua energia contagiante e repert\u00f3rio que celebra o melhor das festas e bail\u00f5es. Entre seus sucessos mais marcantes est\u00e1 <strong>\u201cManh\u00e3 de Ver\u00e3o\u201d<\/strong>, faixa que rapidamente se tornou um verdadeiro hino para o p\u00fablico que ama clima de festa, sol, alegria e m\u00fasica que celebra a vida.<\/p>\n\n\n\n<p>Lan\u00e7ada como parte do novo trabalho do grupo, a m\u00fasica <strong>\u201cManh\u00e3 de Ver\u00e3o\u201d<\/strong> traz uma mistura de sentimento, ritmo vibrante e aquela vibe que lembra dias ensolarados e encontros entre amigos e fam\u00edlias nos bailes de ver\u00e3o. A can\u00e7\u00e3o tem sido muito comentada nas redes sociais, com f\u00e3s compartilhando v\u00eddeos, trechos e memes ligando a m\u00fasica \u00e0 sensa\u00e7\u00e3o de come\u00e7ar o dia com boa energia e alto astral.<\/p>\n\n\n\n<p>Nas postagens do perfil oficial da banda, \u00e9 poss\u00edvel ver o entusiasmo dos f\u00e3s com a faixa, que combina letras leves e cativantes, convidando todos a abrir as janelas, deixar o sol entrar e aproveitar cada momento. Essa resposta positiva do p\u00fablico mostra que <strong>\u201cManh\u00e3 de Ver\u00e3o\u201d<\/strong> n\u00e3o \u00e9 apenas mais uma m\u00fasica no repert\u00f3rio \u2014 ela j\u00e1 est\u00e1 conquistando espa\u00e7o como trilha sonora das festas e bailes que movimentam toda a regi\u00e3o sulista.<\/p>\n\n\n\n<p>Com d\u00e9cadas de carreira e uma legi\u00e3o de admiradores, a <strong>Banda San Marino<\/strong> segue firme, atualizando seu repert\u00f3rio e mantendo viva a tradi\u00e7\u00e3o dos bail\u00f5es que fazem parte da cultura musical do Rio Grande do Sul e estados vizinhos. A faixa <strong>\u201cManh\u00e3 de Ver\u00e3o\u201d<\/strong> \u00e9 mais um exemplo do compromisso da banda em entregar m\u00fasica de qualidade, conex\u00e3o com o p\u00fablico e muita anima\u00e7\u00e3o.<\/p>\n\n\n\n<figure class=\"wp-block-embed is-type-video is-provider-youtube wp-block-embed-youtube wp-embed-aspect-16-9 wp-has-aspect-ratio\"><div class=\"wp-block-embed__wrapper\">\n<iframe loading=\"lazy\" title=\"Manh\u00e3 de Ver\u00e3o - Banda San Marino  | DVD 40 Anos\" width=\"960\" height=\"540\" src=\"https:\/\/www.youtube.com\/embed\/cIITHulo6uI?feature=oembed\" frameborder=\"0\" allow=\"accelerometer; autoplay; clipboard-write; encrypted-media; gyroscope; picture-in-picture; web-share\" referrerpolicy=\"strict-origin-when-cross-origin\" allowfullscreen><\/iframe>\n<\/div><\/figure>\n","protected":false},"excerpt":{"rendered":"<p>A Banda San Marino \u00e9 um grupo tradicional e muito querido pelos f\u00e3s de m\u00fasica ao vivo no Sul do Brasil, conhecido especialmente por sua energia contagiante e repert\u00f3rio que celebra o melhor das festas e bail\u00f5es. Entre seus sucessos mais marcantes est\u00e1 \u201cManh\u00e3 de Ver\u00e3o\u201d, faixa que rapidamente se tornou um verdadeiro hino para<\/p>\n","protected":false},"author":1,"featured_media":490,"comment_status":"open","ping_status":"open","sticky":false,"template":"","format":"standard","meta":{"footnotes":""},"categories":[2],"tags":[],"class_list":["post-489","post","type-post","status-publish","format-standard","has-post-thumbnail","hentry","category-bailao"],"yoast_head":"<!-- This site is optimized with the Yoast SEO plugin v26.9 - https:\/\/yoast.com\/product\/yoast-seo-wordpress\/ -->\n<title>Banda San Marino e \u201cManh\u00e3 de Ver\u00e3o\u201d: Um Hino que Embala o Bail\u00e3o Sulista -<\/title>\n<meta name=\"robots\" content=\"index, follow, max-snippet:-1, max-image-preview:large, max-video-preview:-1\" \/>\n<link rel=\"canonical\" href=\"https:\/\/bailaodosuloficial.com.br\/index.php\/2025\/12\/31\/banda-san-marino-e-manha-de-verao-um-hino-que-embala-o-bailao-sulista\/\" \/>\n<meta property=\"og:locale\" content=\"pt_BR\" \/>\n<meta property=\"og:type\" content=\"article\" \/>\n<meta property=\"og:title\" content=\"Banda San Marino e \u201cManh\u00e3 de Ver\u00e3o\u201d: Um Hino que Embala o Bail\u00e3o Sulista -\" \/>\n<meta property=\"og:description\" content=\"A Banda San Marino \u00e9 um grupo tradicional e muito querido pelos f\u00e3s de m\u00fasica ao vivo no Sul do Brasil, conhecido especialmente por sua energia contagiante e repert\u00f3rio que celebra o melhor das festas e bail\u00f5es. Entre seus sucessos mais marcantes est\u00e1 \u201cManh\u00e3 de Ver\u00e3o\u201d, faixa que rapidamente se tornou um verdadeiro hino para\" \/>\n<meta property=\"og:url\" content=\"https:\/\/bailaodosuloficial.com.br\/index.php\/2025\/12\/31\/banda-san-marino-e-manha-de-verao-um-hino-que-embala-o-bailao-sulista\/\" \/>\n<meta property=\"article:published_time\" content=\"2025-12-31T18:06:13+00:00\" \/>\n<meta property=\"og:image\" content=\"https:\/\/bailaodosuloficial.com.br\/wp-content\/uploads\/2025\/12\/SaveClip.App_590425380_669027142842520_5081070414507167064_n-e1767204355375.jpg\" \/>\n\t<meta property=\"og:image:width\" content=\"625\" \/>\n\t<meta property=\"og:image:height\" content=\"574\" \/>\n\t<meta property=\"og:image:type\" content=\"image\/jpeg\" \/>\n<meta name=\"author\" content=\"admin\" \/>\n<meta name=\"twitter:card\" content=\"summary_large_image\" \/>\n<meta name=\"twitter:label1\" content=\"Escrito por\" \/>\n\t<meta name=\"twitter:data1\" content=\"admin\" \/>\n\t<meta name=\"twitter:label2\" content=\"Est. tempo de leitura\" \/>\n\t<meta name=\"twitter:data2\" content=\"2 minutos\" \/>\n<script type=\"application\/ld+json\" class=\"yoast-schema-graph\">{\"@context\":\"https:\/\/schema.org\",\"@graph\":[{\"@type\":\"Article\",\"@id\":\"https:\/\/bailaodosuloficial.com.br\/index.php\/2025\/12\/31\/banda-san-marino-e-manha-de-verao-um-hino-que-embala-o-bailao-sulista\/#article\",\"isPartOf\":{\"@id\":\"https:\/\/bailaodosuloficial.com.br\/index.php\/2025\/12\/31\/banda-san-marino-e-manha-de-verao-um-hino-que-embala-o-bailao-sulista\/\"},\"author\":{\"name\":\"admin\",\"@id\":\"https:\/\/bailaodosuloficial.com.br\/#\/schema\/person\/b3bb1c43b091cd5c62100dd962ddda38\"},\"headline\":\"Banda San Marino e \u201cManh\u00e3 de Ver\u00e3o\u201d: Um Hino que Embala o Bail\u00e3o Sulista\",\"datePublished\":\"2025-12-31T18:06:13+00:00\",\"mainEntityOfPage\":{\"@id\":\"https:\/\/bailaodosuloficial.com.br\/index.php\/2025\/12\/31\/banda-san-marino-e-manha-de-verao-um-hino-que-embala-o-bailao-sulista\/\"},\"wordCount\":331,\"commentCount\":0,\"publisher\":{\"@id\":\"https:\/\/bailaodosuloficial.com.br\/#organization\"},\"image\":{\"@id\":\"https:\/\/bailaodosuloficial.com.br\/index.php\/2025\/12\/31\/banda-san-marino-e-manha-de-verao-um-hino-que-embala-o-bailao-sulista\/#primaryimage\"},\"thumbnailUrl\":\"https:\/\/bailaodosuloficial.com.br\/wp-content\/uploads\/2025\/12\/SaveClip.App_590425380_669027142842520_5081070414507167064_n-e1767204355375.jpg\",\"articleSection\":[\"Bail\u00e3o\"],\"inLanguage\":\"pt-BR\",\"potentialAction\":[{\"@type\":\"CommentAction\",\"name\":\"Comment\",\"target\":[\"https:\/\/bailaodosuloficial.com.br\/index.php\/2025\/12\/31\/banda-san-marino-e-manha-de-verao-um-hino-que-embala-o-bailao-sulista\/#respond\"]}]},{\"@type\":\"WebPage\",\"@id\":\"https:\/\/bailaodosuloficial.com.br\/index.php\/2025\/12\/31\/banda-san-marino-e-manha-de-verao-um-hino-que-embala-o-bailao-sulista\/\",\"url\":\"https:\/\/bailaodosuloficial.com.br\/index.php\/2025\/12\/31\/banda-san-marino-e-manha-de-verao-um-hino-que-embala-o-bailao-sulista\/\",\"name\":\"Banda San Marino e \u201cManh\u00e3 de Ver\u00e3o\u201d: Um Hino que Embala o Bail\u00e3o Sulista -\",\"isPartOf\":{\"@id\":\"https:\/\/bailaodosuloficial.com.br\/#website\"},\"primaryImageOfPage\":{\"@id\":\"https:\/\/bailaodosuloficial.com.br\/index.php\/2025\/12\/31\/banda-san-marino-e-manha-de-verao-um-hino-que-embala-o-bailao-sulista\/#primaryimage\"},\"image\":{\"@id\":\"https:\/\/bailaodosuloficial.com.br\/index.php\/2025\/12\/31\/banda-san-marino-e-manha-de-verao-um-hino-que-embala-o-bailao-sulista\/#primaryimage\"},\"thumbnailUrl\":\"https:\/\/bailaodosuloficial.com.br\/wp-content\/uploads\/2025\/12\/SaveClip.App_590425380_669027142842520_5081070414507167064_n-e1767204355375.jpg\",\"datePublished\":\"2025-12-31T18:06:13+00:00\",\"breadcrumb\":{\"@id\":\"https:\/\/bailaodosuloficial.com.br\/index.php\/2025\/12\/31\/banda-san-marino-e-manha-de-verao-um-hino-que-embala-o-bailao-sulista\/#breadcrumb\"},\"inLanguage\":\"pt-BR\",\"potentialAction\":[{\"@type\":\"ReadAction\",\"target\":[\"https:\/\/bailaodosuloficial.com.br\/index.php\/2025\/12\/31\/banda-san-marino-e-manha-de-verao-um-hino-que-embala-o-bailao-sulista\/\"]}]},{\"@type\":\"ImageObject\",\"inLanguage\":\"pt-BR\",\"@id\":\"https:\/\/bailaodosuloficial.com.br\/index.php\/2025\/12\/31\/banda-san-marino-e-manha-de-verao-um-hino-que-embala-o-bailao-sulista\/#primaryimage\",\"url\":\"https:\/\/bailaodosuloficial.com.br\/wp-content\/uploads\/2025\/12\/SaveClip.App_590425380_669027142842520_5081070414507167064_n-e1767204355375.jpg\",\"contentUrl\":\"https:\/\/bailaodosuloficial.com.br\/wp-content\/uploads\/2025\/12\/SaveClip.App_590425380_669027142842520_5081070414507167064_n-e1767204355375.jpg\",\"width\":625,\"height\":574},{\"@type\":\"BreadcrumbList\",\"@id\":\"https:\/\/bailaodosuloficial.com.br\/index.php\/2025\/12\/31\/banda-san-marino-e-manha-de-verao-um-hino-que-embala-o-bailao-sulista\/#breadcrumb\",\"itemListElement\":[{\"@type\":\"ListItem\",\"position\":1,\"name\":\"In\u00edcio\",\"item\":\"https:\/\/bailaodosuloficial.com.br\/\"},{\"@type\":\"ListItem\",\"position\":2,\"name\":\"Banda San Marino e \u201cManh\u00e3 de Ver\u00e3o\u201d: Um Hino que Embala o Bail\u00e3o Sulista\"}]},{\"@type\":\"WebSite\",\"@id\":\"https:\/\/bailaodosuloficial.com.br\/#website\",\"url\":\"https:\/\/bailaodosuloficial.com.br\/\",\"name\":\"Bail\u00e3o do Sul\",\"description\":\"\",\"publisher\":{\"@id\":\"https:\/\/bailaodosuloficial.com.br\/#organization\"},\"alternateName\":\"Bail\u00e3o do Sul Oficial\",\"potentialAction\":[{\"@type\":\"SearchAction\",\"target\":{\"@type\":\"EntryPoint\",\"urlTemplate\":\"https:\/\/bailaodosuloficial.com.br\/?s={search_term_string}\"},\"query-input\":{\"@type\":\"PropertyValueSpecification\",\"valueRequired\":true,\"valueName\":\"search_term_string\"}}],\"inLanguage\":\"pt-BR\"},{\"@type\":\"Organization\",\"@id\":\"https:\/\/bailaodosuloficial.com.br\/#organization\",\"name\":\"Bail\u00e3o do Sul\",\"url\":\"https:\/\/bailaodosuloficial.com.br\/\",\"logo\":{\"@type\":\"ImageObject\",\"inLanguage\":\"pt-BR\",\"@id\":\"https:\/\/bailaodosuloficial.com.br\/#\/schema\/logo\/image\/\",\"url\":\"https:\/\/bailaodosuloficial.com.br\/wp-content\/uploads\/2026\/03\/cropped-fim-de-semana-5-scaled-1.png\",\"contentUrl\":\"https:\/\/bailaodosuloficial.com.br\/wp-content\/uploads\/2026\/03\/cropped-fim-de-semana-5-scaled-1.png\",\"width\":1989,\"height\":1371,\"caption\":\"Bail\u00e3o do Sul\"},\"image\":{\"@id\":\"https:\/\/bailaodosuloficial.com.br\/#\/schema\/logo\/image\/\"},\"sameAs\":[\"http:\/\/instagram.com\/bailaodosul\"]},{\"@type\":\"Person\",\"@id\":\"https:\/\/bailaodosuloficial.com.br\/#\/schema\/person\/b3bb1c43b091cd5c62100dd962ddda38\",\"name\":\"admin\",\"image\":{\"@type\":\"ImageObject\",\"inLanguage\":\"pt-BR\",\"@id\":\"https:\/\/bailaodosuloficial.com.br\/#\/schema\/person\/image\/\",\"url\":\"https:\/\/secure.gravatar.com\/avatar\/8e8beae45c6419737da9ea57a58a1f945a580b701e1def541b4459d4ac234c85?s=96&d=mm&r=g\",\"contentUrl\":\"https:\/\/secure.gravatar.com\/avatar\/8e8beae45c6419737da9ea57a58a1f945a580b701e1def541b4459d4ac234c85?s=96&d=mm&r=g\",\"caption\":\"admin\"},\"sameAs\":[\"https:\/\/bailaodosuloficial.com.br\"],\"url\":\"https:\/\/bailaodosuloficial.com.br\/index.php\/author\/bailao\/\"}]}<\/script>\n<!-- \/ Yoast SEO plugin. -->","yoast_head_json":{"title":"Banda San Marino e \u201cManh\u00e3 de Ver\u00e3o\u201d: Um Hino que Embala o Bail\u00e3o Sulista -","robots":{"index":"index","follow":"follow","max-snippet":"max-snippet:-1","max-image-preview":"max-image-preview:large","max-video-preview":"max-video-preview:-1"},"canonical":"https:\/\/bailaodosuloficial.com.br\/index.php\/2025\/12\/31\/banda-san-marino-e-manha-de-verao-um-hino-que-embala-o-bailao-sulista\/","og_locale":"pt_BR","og_type":"article","og_title":"Banda San Marino e \u201cManh\u00e3 de Ver\u00e3o\u201d: Um Hino que Embala o Bail\u00e3o Sulista -","og_description":"A Banda San Marino \u00e9 um grupo tradicional e muito querido pelos f\u00e3s de m\u00fasica ao vivo no Sul do Brasil, conhecido especialmente por sua energia contagiante e repert\u00f3rio que celebra o melhor das festas e bail\u00f5es. Entre seus sucessos mais marcantes est\u00e1 \u201cManh\u00e3 de Ver\u00e3o\u201d, faixa que rapidamente se tornou um verdadeiro hino para","og_url":"https:\/\/bailaodosuloficial.com.br\/index.php\/2025\/12\/31\/banda-san-marino-e-manha-de-verao-um-hino-que-embala-o-bailao-sulista\/","article_published_time":"2025-12-31T18:06:13+00:00","og_image":[{"width":625,"height":574,"url":"https:\/\/bailaodosuloficial.com.br\/wp-content\/uploads\/2025\/12\/SaveClip.App_590425380_669027142842520_5081070414507167064_n-e1767204355375.jpg","type":"image\/jpeg"}],"author":"admin","twitter_card":"summary_large_image","twitter_misc":{"Escrito por":"admin","Est. tempo de leitura":"2 minutos"},"schema":{"@context":"https:\/\/schema.org","@graph":[{"@type":"Article","@id":"https:\/\/bailaodosuloficial.com.br\/index.php\/2025\/12\/31\/banda-san-marino-e-manha-de-verao-um-hino-que-embala-o-bailao-sulista\/#article","isPartOf":{"@id":"https:\/\/bailaodosuloficial.com.br\/index.php\/2025\/12\/31\/banda-san-marino-e-manha-de-verao-um-hino-que-embala-o-bailao-sulista\/"},"author":{"name":"admin","@id":"https:\/\/bailaodosuloficial.com.br\/#\/schema\/person\/b3bb1c43b091cd5c62100dd962ddda38"},"headline":"Banda San Marino e \u201cManh\u00e3 de Ver\u00e3o\u201d: Um Hino que Embala o Bail\u00e3o Sulista","datePublished":"2025-12-31T18:06:13+00:00","mainEntityOfPage":{"@id":"https:\/\/bailaodosuloficial.com.br\/index.php\/2025\/12\/31\/banda-san-marino-e-manha-de-verao-um-hino-que-embala-o-bailao-sulista\/"},"wordCount":331,"commentCount":0,"publisher":{"@id":"https:\/\/bailaodosuloficial.com.br\/#organization"},"image":{"@id":"https:\/\/bailaodosuloficial.com.br\/index.php\/2025\/12\/31\/banda-san-marino-e-manha-de-verao-um-hino-que-embala-o-bailao-sulista\/#primaryimage"},"thumbnailUrl":"https:\/\/bailaodosuloficial.com.br\/wp-content\/uploads\/2025\/12\/SaveClip.App_590425380_669027142842520_5081070414507167064_n-e1767204355375.jpg","articleSection":["Bail\u00e3o"],"inLanguage":"pt-BR","potentialAction":[{"@type":"CommentAction","name":"Comment","target":["https:\/\/bailaodosuloficial.com.br\/index.php\/2025\/12\/31\/banda-san-marino-e-manha-de-verao-um-hino-que-embala-o-bailao-sulista\/#respond"]}]},{"@type":"WebPage","@id":"https:\/\/bailaodosuloficial.com.br\/index.php\/2025\/12\/31\/banda-san-marino-e-manha-de-verao-um-hino-que-embala-o-bailao-sulista\/","url":"https:\/\/bailaodosuloficial.com.br\/index.php\/2025\/12\/31\/banda-san-marino-e-manha-de-verao-um-hino-que-embala-o-bailao-sulista\/","name":"Banda San Marino e \u201cManh\u00e3 de Ver\u00e3o\u201d: Um Hino que Embala o Bail\u00e3o Sulista -","isPartOf":{"@id":"https:\/\/bailaodosuloficial.com.br\/#website"},"primaryImageOfPage":{"@id":"https:\/\/bailaodosuloficial.com.br\/index.php\/2025\/12\/31\/banda-san-marino-e-manha-de-verao-um-hino-que-embala-o-bailao-sulista\/#primaryimage"},"image":{"@id":"https:\/\/bailaodosuloficial.com.br\/index.php\/2025\/12\/31\/banda-san-marino-e-manha-de-verao-um-hino-que-embala-o-bailao-sulista\/#primaryimage"},"thumbnailUrl":"https:\/\/bailaodosuloficial.com.br\/wp-content\/uploads\/2025\/12\/SaveClip.App_590425380_669027142842520_5081070414507167064_n-e1767204355375.jpg","datePublished":"2025-12-31T18:06:13+00:00","breadcrumb":{"@id":"https:\/\/bailaodosuloficial.com.br\/index.php\/2025\/12\/31\/banda-san-marino-e-manha-de-verao-um-hino-que-embala-o-bailao-sulista\/#breadcrumb"},"inLanguage":"pt-BR","potentialAction":[{"@type":"ReadAction","target":["https:\/\/bailaodosuloficial.com.br\/index.php\/2025\/12\/31\/banda-san-marino-e-manha-de-verao-um-hino-que-embala-o-bailao-sulista\/"]}]},{"@type":"ImageObject","inLanguage":"pt-BR","@id":"https:\/\/bailaodosuloficial.com.br\/index.php\/2025\/12\/31\/banda-san-marino-e-manha-de-verao-um-hino-que-embala-o-bailao-sulista\/#primaryimage","url":"https:\/\/bailaodosuloficial.com.br\/wp-content\/uploads\/2025\/12\/SaveClip.App_590425380_669027142842520_5081070414507167064_n-e1767204355375.jpg","contentUrl":"https:\/\/bailaodosuloficial.com.br\/wp-content\/uploads\/2025\/12\/SaveClip.App_590425380_669027142842520_5081070414507167064_n-e1767204355375.jpg","width":625,"height":574},{"@type":"BreadcrumbList","@id":"https:\/\/bailaodosuloficial.com.br\/index.php\/2025\/12\/31\/banda-san-marino-e-manha-de-verao-um-hino-que-embala-o-bailao-sulista\/#breadcrumb","itemListElement":[{"@type":"ListItem","position":1,"name":"In\u00edcio","item":"https:\/\/bailaodosuloficial.com.br\/"},{"@type":"ListItem","position":2,"name":"Banda San Marino e \u201cManh\u00e3 de Ver\u00e3o\u201d: Um Hino que Embala o Bail\u00e3o Sulista"}]},{"@type":"WebSite","@id":"https:\/\/bailaodosuloficial.com.br\/#website","url":"https:\/\/bailaodosuloficial.com.br\/","name":"Bail\u00e3o do Sul","description":"","publisher":{"@id":"https:\/\/bailaodosuloficial.com.br\/#organization"},"alternateName":"Bail\u00e3o do Sul Oficial","potentialAction":[{"@type":"SearchAction","target":{"@type":"EntryPoint","urlTemplate":"https:\/\/bailaodosuloficial.com.br\/?s={search_term_string}"},"query-input":{"@type":"PropertyValueSpecification","valueRequired":true,"valueName":"search_term_string"}}],"inLanguage":"pt-BR"},{"@type":"Organization","@id":"https:\/\/bailaodosuloficial.com.br\/#organization","name":"Bail\u00e3o do Sul","url":"https:\/\/bailaodosuloficial.com.br\/","logo":{"@type":"ImageObject","inLanguage":"pt-BR","@id":"https:\/\/bailaodosuloficial.com.br\/#\/schema\/logo\/image\/","url":"https:\/\/bailaodosuloficial.com.br\/wp-content\/uploads\/2026\/03\/cropped-fim-de-semana-5-scaled-1.png","contentUrl":"https:\/\/bailaodosuloficial.com.br\/wp-content\/uploads\/2026\/03\/cropped-fim-de-semana-5-scaled-1.png","width":1989,"height":1371,"caption":"Bail\u00e3o do Sul"},"image":{"@id":"https:\/\/bailaodosuloficial.com.br\/#\/schema\/logo\/image\/"},"sameAs":["http:\/\/instagram.com\/bailaodosul"]},{"@type":"Person","@id":"https:\/\/bailaodosuloficial.com.br\/#\/schema\/person\/b3bb1c43b091cd5c62100dd962ddda38","name":"admin","image":{"@type":"ImageObject","inLanguage":"pt-BR","@id":"https:\/\/bailaodosuloficial.com.br\/#\/schema\/person\/image\/","url":"https:\/\/secure.gravatar.com\/avatar\/8e8beae45c6419737da9ea57a58a1f945a580b701e1def541b4459d4ac234c85?s=96&d=mm&r=g","contentUrl":"https:\/\/secure.gravatar.com\/avatar\/8e8beae45c6419737da9ea57a58a1f945a580b701e1def541b4459d4ac234c85?s=96&d=mm&r=g","caption":"admin"},"sameAs":["https:\/\/bailaodosuloficial.com.br"],"url":"https:\/\/bailaodosuloficial.com.br\/index.php\/author\/bailao\/"}]}},"_links":{"self":[{"href":"https:\/\/bailaodosuloficial.com.br\/index.php\/wp-json\/wp\/v2\/posts\/489","targetHints":{"allow":["GET"]}}],"collection":[{"href":"https:\/\/bailaodosuloficial.com.br\/index.php\/wp-json\/wp\/v2\/posts"}],"about":[{"href":"https:\/\/bailaodosuloficial.com.br\/index.php\/wp-json\/wp\/v2\/types\/post"}],"author":[{"embeddable":true,"href":"https:\/\/bailaodosuloficial.com.br\/index.php\/wp-json\/wp\/v2\/users\/1"}],"replies":[{"embeddable":true,"href":"https:\/\/bailaodosuloficial.com.br\/index.php\/wp-json\/wp\/v2\/comments?post=489"}],"version-history":[{"count":1,"href":"https:\/\/bailaodosuloficial.com.br\/index.php\/wp-json\/wp\/v2\/posts\/489\/revisions"}],"predecessor-version":[{"id":491,"href":"https:\/\/bailaodosuloficial.com.br\/index.php\/wp-json\/wp\/v2\/posts\/489\/revisions\/491"}],"wp:featuredmedia":[{"embeddable":true,"href":"https:\/\/bailaodosuloficial.com.br\/index.php\/wp-json\/wp\/v2\/media\/490"}],"wp:attachment":[{"href":"https:\/\/bailaodosuloficial.com.br\/index.php\/wp-json\/wp\/v2\/media?parent=489"}],"wp:term":[{"taxonomy":"category","embeddable":true,"href":"https:\/\/bailaodosuloficial.com.br\/index.php\/wp-json\/wp\/v2\/categories?post=489"},{"taxonomy":"post_tag","embeddable":true,"href":"https:\/\/bailaodosuloficial.com.br\/index.php\/wp-json\/wp\/v2\/tags?post=489"}],"curies":[{"name":"wp","href":"https:\/\/api.w.org\/{rel}","templated":true}]}}