{"id":493,"date":"2025-12-31T18:34:16","date_gmt":"2025-12-31T18:34:16","guid":{"rendered":"https:\/\/bailaodosuloficial.com.br\/?p=493"},"modified":"2025-12-31T18:35:55","modified_gmt":"2025-12-31T18:35:55","slug":"vitor-henrique-gabriel-ascensao-e-o-sucesso-de-beira-rio-lotado","status":"publish","type":"post","link":"https:\/\/bailaodosuloficial.com.br\/index.php\/2025\/12\/31\/vitor-henrique-gabriel-ascensao-e-o-sucesso-de-beira-rio-lotado\/","title":{"rendered":"Vitor Henrique &amp; Gabriel: ascens\u00e3o e o sucesso de \u201cBeira Rio Lotado\u201d"},"content":{"rendered":"\n<h3 class=\"wp-block-heading\"><strong>Quem s\u00e3o Vitor Henrique &amp; Gabriel<\/strong><\/h3>\n\n\n\n<p>Foto: Instagram\/Divulga\u00e7\u00e3o <\/p>\n\n\n\n<p>Vitor Henrique &amp; Gabriel s\u00e3o uma <strong>dupla musical brasileira de m\u00fasica sertaneja<\/strong> origin\u00e1ria de <em>Farroupilha<\/em>, na Serra Ga\u00facha (Rio Grande do Sul). Eles t\u00eam presen\u00e7a ativa nas plataformas de m\u00eddia social, especialmente no Instagram, onde divulgam lan\u00e7amentos, bastidores e intera\u00e7\u00f5es com os f\u00e3s.<\/p>\n\n\n\n<p>Ao longo de sua carreira, a dupla tem investido em singles e repert\u00f3rio que dialoga com temas populares da cultura sertaneja contempor\u00e2nea, conquistando espa\u00e7o nas plataformas de \u00e1udio e v\u00eddeo.<\/p>\n\n\n\n<h3 class=\"wp-block-heading\"><strong>O lan\u00e7amento de \u201cBeira Rio Lotado\u201d<\/strong><\/h3>\n\n\n\n<p>\u201c<strong>Beira Rio Lotado<\/strong>\u201d \u00e9 um single lan\u00e7ado em <strong>2025<\/strong> por Vitor Henrique &amp; Gabriel. A faixa est\u00e1 dispon\u00edvel em todas as principais plataformas de streaming, incluindo <strong>Spotify<\/strong>, <strong>Apple Music<\/strong> e <strong>YouTube<\/strong>, e foi promovida ativamente nas redes sociais da dupla antes de seu lan\u00e7amento oficial.<\/p>\n\n\n\n<p>Este lan\u00e7amento faz parte de uma s\u00e9rie de trabalhos divulgados pela dupla no mesmo ano, que inclui singles como <em>Mil KM de Saudade (Ao Vivo)<\/em> e <em>Na Violada dos Guris<\/em>.<\/p>\n\n\n\n<p>A m\u00fasica foi anunciada nas redes sociais com contagem regressiva para sua estreia, gerando expectativa entre os seguidores antes de sua chegada \u00e0s plataformas digitais.<\/p>\n\n\n\n<h3 class=\"wp-block-heading\"><strong>Caracter\u00edsticas da m\u00fasica<\/strong><\/h3>\n\n\n\n<p>\u201cBeira Rio Lotado\u201d combina uma <strong>letra cativante com ritmo sertanejo moderno<\/strong>, investindo em pegadas que misturam a tem\u00e1tica de festa com elementos tradicionais do g\u00eanero. O t\u00edtulo da m\u00fasica e trechos da letra sugerem uma atmosfera de celebra\u00e7\u00e3o e encontro coletivo \u2014 algo presente na cultura de vida noturna e festas populares do sul do Brasil.<\/p>\n\n\n\n<p>O nome \u201cBeira Rio\u201d faz refer\u00eancia direta a ambientes associados a grandes encontros e eventos ao ar livre, sugerindo uma conex\u00e3o com hist\u00f3rias ou experi\u00eancias partilhadas em espa\u00e7os p\u00fablicos pr\u00f3ximos a cursos de \u00e1gua. Ainda que n\u00e3o haja uma explica\u00e7\u00e3o oficial liter\u00e1ria da letra divulgada, a constru\u00e7\u00e3o narrativa da m\u00fasica enfatiza o clima de energia e intera\u00e7\u00e3o entre o p\u00fablico.<\/p>\n\n\n\n<h3 class=\"wp-block-heading\"><strong>Recep\u00e7\u00e3o e impacto<\/strong><\/h3>\n\n\n\n<p>Desde o lan\u00e7amento, \u201cBeira Rio Lotado\u201d tem sido compartilhado em reels e v\u00eddeos curtos nas redes sociais, refor\u00e7ando o engajamento dos f\u00e3s e exibindo cenas de interpreta\u00e7\u00e3o da m\u00fasica.<\/p>\n\n\n\n<p>A presen\u00e7a da m\u00fasica em plataformas digitais e sociais ajuda a dupla a ampliar seu alcance, tanto para o p\u00fablico regional quanto para ouvintes de outras regi\u00f5es do Brasil que apreciam o sertanejo.<\/p>\n\n\n\n<h3 class=\"wp-block-heading\"><\/h3>\n\n\n\n<p><em>Vitor Henrique &amp; Gabriel<\/em> v\u00eam consolidando sua trajet\u00f3ria no cen\u00e1rio sertanejo com lan\u00e7amentos consistentes e presen\u00e7a ativa nas m\u00eddias digitais. <strong>\u201cBeira Rio Lotado\u201d<\/strong> representa mais um passo da dupla em dire\u00e7\u00e3o \u00e0 constru\u00e7\u00e3o de uma identidade musical que mistura tradi\u00e7\u00e3o e contemporaneidade, conectando narrativa popular e ritmo envolvente.<\/p>\n\n\n\n<p>Foto: Instagram\/Divulga\u00e7\u00e3o <\/p>\n\n\n\n<figure class=\"wp-block-embed is-type-video is-provider-youtube wp-block-embed-youtube wp-embed-aspect-16-9 wp-has-aspect-ratio\"><div class=\"wp-block-embed__wrapper\">\n<iframe loading=\"lazy\" title=\"Vitor Henrique &amp; Gabriel - Beira Rio Lotado\" width=\"960\" height=\"540\" src=\"https:\/\/www.youtube.com\/embed\/VbokFSEJGMo?feature=oembed\" frameborder=\"0\" allow=\"accelerometer; autoplay; clipboard-write; encrypted-media; gyroscope; picture-in-picture; web-share\" referrerpolicy=\"strict-origin-when-cross-origin\" allowfullscreen><\/iframe>\n<\/div><\/figure>\n","protected":false},"excerpt":{"rendered":"<p>Quem s\u00e3o Vitor Henrique &amp; Gabriel Foto: Instagram\/Divulga\u00e7\u00e3o Vitor Henrique &amp; Gabriel s\u00e3o uma dupla musical brasileira de m\u00fasica sertaneja origin\u00e1ria de Farroupilha, na Serra Ga\u00facha (Rio Grande do Sul). Eles t\u00eam presen\u00e7a ativa nas plataformas de m\u00eddia social, especialmente no Instagram, onde divulgam lan\u00e7amentos, bastidores e intera\u00e7\u00f5es com os f\u00e3s. Ao longo de sua<\/p>\n","protected":false},"author":1,"featured_media":494,"comment_status":"open","ping_status":"open","sticky":false,"template":"","format":"standard","meta":{"footnotes":""},"categories":[4],"tags":[],"class_list":["post-493","post","type-post","status-publish","format-standard","has-post-thumbnail","hentry","category-sertanejo"],"yoast_head":"<!-- This site is optimized with the Yoast SEO plugin v26.9 - https:\/\/yoast.com\/product\/yoast-seo-wordpress\/ -->\n<title>Vitor Henrique &amp; Gabriel: ascens\u00e3o e o sucesso de \u201cBeira Rio Lotado\u201d -<\/title>\n<meta name=\"robots\" content=\"index, follow, max-snippet:-1, max-image-preview:large, max-video-preview:-1\" \/>\n<link rel=\"canonical\" href=\"https:\/\/bailaodosuloficial.com.br\/index.php\/2025\/12\/31\/vitor-henrique-gabriel-ascensao-e-o-sucesso-de-beira-rio-lotado\/\" \/>\n<meta property=\"og:locale\" content=\"pt_BR\" \/>\n<meta property=\"og:type\" content=\"article\" \/>\n<meta property=\"og:title\" content=\"Vitor Henrique &amp; Gabriel: ascens\u00e3o e o sucesso de \u201cBeira Rio Lotado\u201d -\" \/>\n<meta property=\"og:description\" content=\"Quem s\u00e3o Vitor Henrique &amp; Gabriel Foto: Instagram\/Divulga\u00e7\u00e3o Vitor Henrique &amp; Gabriel s\u00e3o uma dupla musical brasileira de m\u00fasica sertaneja origin\u00e1ria de Farroupilha, na Serra Ga\u00facha (Rio Grande do Sul). Eles t\u00eam presen\u00e7a ativa nas plataformas de m\u00eddia social, especialmente no Instagram, onde divulgam lan\u00e7amentos, bastidores e intera\u00e7\u00f5es com os f\u00e3s. Ao longo de sua\" \/>\n<meta property=\"og:url\" content=\"https:\/\/bailaodosuloficial.com.br\/index.php\/2025\/12\/31\/vitor-henrique-gabriel-ascensao-e-o-sucesso-de-beira-rio-lotado\/\" \/>\n<meta property=\"article:published_time\" content=\"2025-12-31T18:34:16+00:00\" \/>\n<meta property=\"article:modified_time\" content=\"2025-12-31T18:35:55+00:00\" \/>\n<meta property=\"og:image\" content=\"https:\/\/bailaodosuloficial.com.br\/wp-content\/uploads\/2025\/12\/image-1.png\" \/>\n\t<meta property=\"og:image:width\" content=\"407\" \/>\n\t<meta property=\"og:image:height\" content=\"395\" \/>\n\t<meta property=\"og:image:type\" content=\"image\/png\" \/>\n<meta name=\"author\" content=\"admin\" \/>\n<meta name=\"twitter:card\" content=\"summary_large_image\" \/>\n<meta name=\"twitter:label1\" content=\"Escrito por\" \/>\n\t<meta name=\"twitter:data1\" content=\"admin\" \/>\n\t<meta name=\"twitter:label2\" content=\"Est. tempo de leitura\" \/>\n\t<meta name=\"twitter:data2\" content=\"2 minutos\" \/>\n<script type=\"application\/ld+json\" class=\"yoast-schema-graph\">{\"@context\":\"https:\/\/schema.org\",\"@graph\":[{\"@type\":\"Article\",\"@id\":\"https:\/\/bailaodosuloficial.com.br\/index.php\/2025\/12\/31\/vitor-henrique-gabriel-ascensao-e-o-sucesso-de-beira-rio-lotado\/#article\",\"isPartOf\":{\"@id\":\"https:\/\/bailaodosuloficial.com.br\/index.php\/2025\/12\/31\/vitor-henrique-gabriel-ascensao-e-o-sucesso-de-beira-rio-lotado\/\"},\"author\":{\"name\":\"admin\",\"@id\":\"https:\/\/bailaodosuloficial.com.br\/#\/schema\/person\/b3bb1c43b091cd5c62100dd962ddda38\"},\"headline\":\"Vitor Henrique &amp; Gabriel: ascens\u00e3o e o sucesso de \u201cBeira Rio Lotado\u201d\",\"datePublished\":\"2025-12-31T18:34:16+00:00\",\"dateModified\":\"2025-12-31T18:35:55+00:00\",\"mainEntityOfPage\":{\"@id\":\"https:\/\/bailaodosuloficial.com.br\/index.php\/2025\/12\/31\/vitor-henrique-gabriel-ascensao-e-o-sucesso-de-beira-rio-lotado\/\"},\"wordCount\":504,\"commentCount\":0,\"publisher\":{\"@id\":\"https:\/\/bailaodosuloficial.com.br\/#organization\"},\"image\":{\"@id\":\"https:\/\/bailaodosuloficial.com.br\/index.php\/2025\/12\/31\/vitor-henrique-gabriel-ascensao-e-o-sucesso-de-beira-rio-lotado\/#primaryimage\"},\"thumbnailUrl\":\"https:\/\/bailaodosuloficial.com.br\/wp-content\/uploads\/2025\/12\/image-1.png\",\"articleSection\":[\"Sertanejo\"],\"inLanguage\":\"pt-BR\",\"potentialAction\":[{\"@type\":\"CommentAction\",\"name\":\"Comment\",\"target\":[\"https:\/\/bailaodosuloficial.com.br\/index.php\/2025\/12\/31\/vitor-henrique-gabriel-ascensao-e-o-sucesso-de-beira-rio-lotado\/#respond\"]}]},{\"@type\":\"WebPage\",\"@id\":\"https:\/\/bailaodosuloficial.com.br\/index.php\/2025\/12\/31\/vitor-henrique-gabriel-ascensao-e-o-sucesso-de-beira-rio-lotado\/\",\"url\":\"https:\/\/bailaodosuloficial.com.br\/index.php\/2025\/12\/31\/vitor-henrique-gabriel-ascensao-e-o-sucesso-de-beira-rio-lotado\/\",\"name\":\"Vitor Henrique &amp; Gabriel: ascens\u00e3o e o sucesso de \u201cBeira Rio Lotado\u201d -\",\"isPartOf\":{\"@id\":\"https:\/\/bailaodosuloficial.com.br\/#website\"},\"primaryImageOfPage\":{\"@id\":\"https:\/\/bailaodosuloficial.com.br\/index.php\/2025\/12\/31\/vitor-henrique-gabriel-ascensao-e-o-sucesso-de-beira-rio-lotado\/#primaryimage\"},\"image\":{\"@id\":\"https:\/\/bailaodosuloficial.com.br\/index.php\/2025\/12\/31\/vitor-henrique-gabriel-ascensao-e-o-sucesso-de-beira-rio-lotado\/#primaryimage\"},\"thumbnailUrl\":\"https:\/\/bailaodosuloficial.com.br\/wp-content\/uploads\/2025\/12\/image-1.png\",\"datePublished\":\"2025-12-31T18:34:16+00:00\",\"dateModified\":\"2025-12-31T18:35:55+00:00\",\"breadcrumb\":{\"@id\":\"https:\/\/bailaodosuloficial.com.br\/index.php\/2025\/12\/31\/vitor-henrique-gabriel-ascensao-e-o-sucesso-de-beira-rio-lotado\/#breadcrumb\"},\"inLanguage\":\"pt-BR\",\"potentialAction\":[{\"@type\":\"ReadAction\",\"target\":[\"https:\/\/bailaodosuloficial.com.br\/index.php\/2025\/12\/31\/vitor-henrique-gabriel-ascensao-e-o-sucesso-de-beira-rio-lotado\/\"]}]},{\"@type\":\"ImageObject\",\"inLanguage\":\"pt-BR\",\"@id\":\"https:\/\/bailaodosuloficial.com.br\/index.php\/2025\/12\/31\/vitor-henrique-gabriel-ascensao-e-o-sucesso-de-beira-rio-lotado\/#primaryimage\",\"url\":\"https:\/\/bailaodosuloficial.com.br\/wp-content\/uploads\/2025\/12\/image-1.png\",\"contentUrl\":\"https:\/\/bailaodosuloficial.com.br\/wp-content\/uploads\/2025\/12\/image-1.png\",\"width\":407,\"height\":395},{\"@type\":\"BreadcrumbList\",\"@id\":\"https:\/\/bailaodosuloficial.com.br\/index.php\/2025\/12\/31\/vitor-henrique-gabriel-ascensao-e-o-sucesso-de-beira-rio-lotado\/#breadcrumb\",\"itemListElement\":[{\"@type\":\"ListItem\",\"position\":1,\"name\":\"In\u00edcio\",\"item\":\"https:\/\/bailaodosuloficial.com.br\/\"},{\"@type\":\"ListItem\",\"position\":2,\"name\":\"Vitor Henrique &amp; Gabriel: ascens\u00e3o e o sucesso de \u201cBeira Rio Lotado\u201d\"}]},{\"@type\":\"WebSite\",\"@id\":\"https:\/\/bailaodosuloficial.com.br\/#website\",\"url\":\"https:\/\/bailaodosuloficial.com.br\/\",\"name\":\"Bail\u00e3o do Sul\",\"description\":\"\",\"publisher\":{\"@id\":\"https:\/\/bailaodosuloficial.com.br\/#organization\"},\"alternateName\":\"Bail\u00e3o do Sul Oficial\",\"potentialAction\":[{\"@type\":\"SearchAction\",\"target\":{\"@type\":\"EntryPoint\",\"urlTemplate\":\"https:\/\/bailaodosuloficial.com.br\/?s={search_term_string}\"},\"query-input\":{\"@type\":\"PropertyValueSpecification\",\"valueRequired\":true,\"valueName\":\"search_term_string\"}}],\"inLanguage\":\"pt-BR\"},{\"@type\":\"Organization\",\"@id\":\"https:\/\/bailaodosuloficial.com.br\/#organization\",\"name\":\"Bail\u00e3o do Sul\",\"url\":\"https:\/\/bailaodosuloficial.com.br\/\",\"logo\":{\"@type\":\"ImageObject\",\"inLanguage\":\"pt-BR\",\"@id\":\"https:\/\/bailaodosuloficial.com.br\/#\/schema\/logo\/image\/\",\"url\":\"https:\/\/bailaodosuloficial.com.br\/wp-content\/uploads\/2026\/03\/cropped-fim-de-semana-5-scaled-1.png\",\"contentUrl\":\"https:\/\/bailaodosuloficial.com.br\/wp-content\/uploads\/2026\/03\/cropped-fim-de-semana-5-scaled-1.png\",\"width\":1989,\"height\":1371,\"caption\":\"Bail\u00e3o do Sul\"},\"image\":{\"@id\":\"https:\/\/bailaodosuloficial.com.br\/#\/schema\/logo\/image\/\"},\"sameAs\":[\"http:\/\/instagram.com\/bailaodosul\"]},{\"@type\":\"Person\",\"@id\":\"https:\/\/bailaodosuloficial.com.br\/#\/schema\/person\/b3bb1c43b091cd5c62100dd962ddda38\",\"name\":\"admin\",\"image\":{\"@type\":\"ImageObject\",\"inLanguage\":\"pt-BR\",\"@id\":\"https:\/\/bailaodosuloficial.com.br\/#\/schema\/person\/image\/\",\"url\":\"https:\/\/secure.gravatar.com\/avatar\/8e8beae45c6419737da9ea57a58a1f945a580b701e1def541b4459d4ac234c85?s=96&d=mm&r=g\",\"contentUrl\":\"https:\/\/secure.gravatar.com\/avatar\/8e8beae45c6419737da9ea57a58a1f945a580b701e1def541b4459d4ac234c85?s=96&d=mm&r=g\",\"caption\":\"admin\"},\"sameAs\":[\"https:\/\/bailaodosuloficial.com.br\"],\"url\":\"https:\/\/bailaodosuloficial.com.br\/index.php\/author\/bailao\/\"}]}<\/script>\n<!-- \/ Yoast SEO plugin. -->","yoast_head_json":{"title":"Vitor Henrique &amp; Gabriel: ascens\u00e3o e o sucesso de \u201cBeira Rio Lotado\u201d -","robots":{"index":"index","follow":"follow","max-snippet":"max-snippet:-1","max-image-preview":"max-image-preview:large","max-video-preview":"max-video-preview:-1"},"canonical":"https:\/\/bailaodosuloficial.com.br\/index.php\/2025\/12\/31\/vitor-henrique-gabriel-ascensao-e-o-sucesso-de-beira-rio-lotado\/","og_locale":"pt_BR","og_type":"article","og_title":"Vitor Henrique &amp; Gabriel: ascens\u00e3o e o sucesso de \u201cBeira Rio Lotado\u201d -","og_description":"Quem s\u00e3o Vitor Henrique &amp; Gabriel Foto: Instagram\/Divulga\u00e7\u00e3o Vitor Henrique &amp; Gabriel s\u00e3o uma dupla musical brasileira de m\u00fasica sertaneja origin\u00e1ria de Farroupilha, na Serra Ga\u00facha (Rio Grande do Sul). Eles t\u00eam presen\u00e7a ativa nas plataformas de m\u00eddia social, especialmente no Instagram, onde divulgam lan\u00e7amentos, bastidores e intera\u00e7\u00f5es com os f\u00e3s. Ao longo de sua","og_url":"https:\/\/bailaodosuloficial.com.br\/index.php\/2025\/12\/31\/vitor-henrique-gabriel-ascensao-e-o-sucesso-de-beira-rio-lotado\/","article_published_time":"2025-12-31T18:34:16+00:00","article_modified_time":"2025-12-31T18:35:55+00:00","og_image":[{"width":407,"height":395,"url":"https:\/\/bailaodosuloficial.com.br\/wp-content\/uploads\/2025\/12\/image-1.png","type":"image\/png"}],"author":"admin","twitter_card":"summary_large_image","twitter_misc":{"Escrito por":"admin","Est. tempo de leitura":"2 minutos"},"schema":{"@context":"https:\/\/schema.org","@graph":[{"@type":"Article","@id":"https:\/\/bailaodosuloficial.com.br\/index.php\/2025\/12\/31\/vitor-henrique-gabriel-ascensao-e-o-sucesso-de-beira-rio-lotado\/#article","isPartOf":{"@id":"https:\/\/bailaodosuloficial.com.br\/index.php\/2025\/12\/31\/vitor-henrique-gabriel-ascensao-e-o-sucesso-de-beira-rio-lotado\/"},"author":{"name":"admin","@id":"https:\/\/bailaodosuloficial.com.br\/#\/schema\/person\/b3bb1c43b091cd5c62100dd962ddda38"},"headline":"Vitor Henrique &amp; Gabriel: ascens\u00e3o e o sucesso de \u201cBeira Rio Lotado\u201d","datePublished":"2025-12-31T18:34:16+00:00","dateModified":"2025-12-31T18:35:55+00:00","mainEntityOfPage":{"@id":"https:\/\/bailaodosuloficial.com.br\/index.php\/2025\/12\/31\/vitor-henrique-gabriel-ascensao-e-o-sucesso-de-beira-rio-lotado\/"},"wordCount":504,"commentCount":0,"publisher":{"@id":"https:\/\/bailaodosuloficial.com.br\/#organization"},"image":{"@id":"https:\/\/bailaodosuloficial.com.br\/index.php\/2025\/12\/31\/vitor-henrique-gabriel-ascensao-e-o-sucesso-de-beira-rio-lotado\/#primaryimage"},"thumbnailUrl":"https:\/\/bailaodosuloficial.com.br\/wp-content\/uploads\/2025\/12\/image-1.png","articleSection":["Sertanejo"],"inLanguage":"pt-BR","potentialAction":[{"@type":"CommentAction","name":"Comment","target":["https:\/\/bailaodosuloficial.com.br\/index.php\/2025\/12\/31\/vitor-henrique-gabriel-ascensao-e-o-sucesso-de-beira-rio-lotado\/#respond"]}]},{"@type":"WebPage","@id":"https:\/\/bailaodosuloficial.com.br\/index.php\/2025\/12\/31\/vitor-henrique-gabriel-ascensao-e-o-sucesso-de-beira-rio-lotado\/","url":"https:\/\/bailaodosuloficial.com.br\/index.php\/2025\/12\/31\/vitor-henrique-gabriel-ascensao-e-o-sucesso-de-beira-rio-lotado\/","name":"Vitor Henrique &amp; Gabriel: ascens\u00e3o e o sucesso de \u201cBeira Rio Lotado\u201d -","isPartOf":{"@id":"https:\/\/bailaodosuloficial.com.br\/#website"},"primaryImageOfPage":{"@id":"https:\/\/bailaodosuloficial.com.br\/index.php\/2025\/12\/31\/vitor-henrique-gabriel-ascensao-e-o-sucesso-de-beira-rio-lotado\/#primaryimage"},"image":{"@id":"https:\/\/bailaodosuloficial.com.br\/index.php\/2025\/12\/31\/vitor-henrique-gabriel-ascensao-e-o-sucesso-de-beira-rio-lotado\/#primaryimage"},"thumbnailUrl":"https:\/\/bailaodosuloficial.com.br\/wp-content\/uploads\/2025\/12\/image-1.png","datePublished":"2025-12-31T18:34:16+00:00","dateModified":"2025-12-31T18:35:55+00:00","breadcrumb":{"@id":"https:\/\/bailaodosuloficial.com.br\/index.php\/2025\/12\/31\/vitor-henrique-gabriel-ascensao-e-o-sucesso-de-beira-rio-lotado\/#breadcrumb"},"inLanguage":"pt-BR","potentialAction":[{"@type":"ReadAction","target":["https:\/\/bailaodosuloficial.com.br\/index.php\/2025\/12\/31\/vitor-henrique-gabriel-ascensao-e-o-sucesso-de-beira-rio-lotado\/"]}]},{"@type":"ImageObject","inLanguage":"pt-BR","@id":"https:\/\/bailaodosuloficial.com.br\/index.php\/2025\/12\/31\/vitor-henrique-gabriel-ascensao-e-o-sucesso-de-beira-rio-lotado\/#primaryimage","url":"https:\/\/bailaodosuloficial.com.br\/wp-content\/uploads\/2025\/12\/image-1.png","contentUrl":"https:\/\/bailaodosuloficial.com.br\/wp-content\/uploads\/2025\/12\/image-1.png","width":407,"height":395},{"@type":"BreadcrumbList","@id":"https:\/\/bailaodosuloficial.com.br\/index.php\/2025\/12\/31\/vitor-henrique-gabriel-ascensao-e-o-sucesso-de-beira-rio-lotado\/#breadcrumb","itemListElement":[{"@type":"ListItem","position":1,"name":"In\u00edcio","item":"https:\/\/bailaodosuloficial.com.br\/"},{"@type":"ListItem","position":2,"name":"Vitor Henrique &amp; Gabriel: ascens\u00e3o e o sucesso de \u201cBeira Rio Lotado\u201d"}]},{"@type":"WebSite","@id":"https:\/\/bailaodosuloficial.com.br\/#website","url":"https:\/\/bailaodosuloficial.com.br\/","name":"Bail\u00e3o do Sul","description":"","publisher":{"@id":"https:\/\/bailaodosuloficial.com.br\/#organization"},"alternateName":"Bail\u00e3o do Sul Oficial","potentialAction":[{"@type":"SearchAction","target":{"@type":"EntryPoint","urlTemplate":"https:\/\/bailaodosuloficial.com.br\/?s={search_term_string}"},"query-input":{"@type":"PropertyValueSpecification","valueRequired":true,"valueName":"search_term_string"}}],"inLanguage":"pt-BR"},{"@type":"Organization","@id":"https:\/\/bailaodosuloficial.com.br\/#organization","name":"Bail\u00e3o do Sul","url":"https:\/\/bailaodosuloficial.com.br\/","logo":{"@type":"ImageObject","inLanguage":"pt-BR","@id":"https:\/\/bailaodosuloficial.com.br\/#\/schema\/logo\/image\/","url":"https:\/\/bailaodosuloficial.com.br\/wp-content\/uploads\/2026\/03\/cropped-fim-de-semana-5-scaled-1.png","contentUrl":"https:\/\/bailaodosuloficial.com.br\/wp-content\/uploads\/2026\/03\/cropped-fim-de-semana-5-scaled-1.png","width":1989,"height":1371,"caption":"Bail\u00e3o do Sul"},"image":{"@id":"https:\/\/bailaodosuloficial.com.br\/#\/schema\/logo\/image\/"},"sameAs":["http:\/\/instagram.com\/bailaodosul"]},{"@type":"Person","@id":"https:\/\/bailaodosuloficial.com.br\/#\/schema\/person\/b3bb1c43b091cd5c62100dd962ddda38","name":"admin","image":{"@type":"ImageObject","inLanguage":"pt-BR","@id":"https:\/\/bailaodosuloficial.com.br\/#\/schema\/person\/image\/","url":"https:\/\/secure.gravatar.com\/avatar\/8e8beae45c6419737da9ea57a58a1f945a580b701e1def541b4459d4ac234c85?s=96&d=mm&r=g","contentUrl":"https:\/\/secure.gravatar.com\/avatar\/8e8beae45c6419737da9ea57a58a1f945a580b701e1def541b4459d4ac234c85?s=96&d=mm&r=g","caption":"admin"},"sameAs":["https:\/\/bailaodosuloficial.com.br"],"url":"https:\/\/bailaodosuloficial.com.br\/index.php\/author\/bailao\/"}]}},"_links":{"self":[{"href":"https:\/\/bailaodosuloficial.com.br\/index.php\/wp-json\/wp\/v2\/posts\/493","targetHints":{"allow":["GET"]}}],"collection":[{"href":"https:\/\/bailaodosuloficial.com.br\/index.php\/wp-json\/wp\/v2\/posts"}],"about":[{"href":"https:\/\/bailaodosuloficial.com.br\/index.php\/wp-json\/wp\/v2\/types\/post"}],"author":[{"embeddable":true,"href":"https:\/\/bailaodosuloficial.com.br\/index.php\/wp-json\/wp\/v2\/users\/1"}],"replies":[{"embeddable":true,"href":"https:\/\/bailaodosuloficial.com.br\/index.php\/wp-json\/wp\/v2\/comments?post=493"}],"version-history":[{"count":2,"href":"https:\/\/bailaodosuloficial.com.br\/index.php\/wp-json\/wp\/v2\/posts\/493\/revisions"}],"predecessor-version":[{"id":496,"href":"https:\/\/bailaodosuloficial.com.br\/index.php\/wp-json\/wp\/v2\/posts\/493\/revisions\/496"}],"wp:featuredmedia":[{"embeddable":true,"href":"https:\/\/bailaodosuloficial.com.br\/index.php\/wp-json\/wp\/v2\/media\/494"}],"wp:attachment":[{"href":"https:\/\/bailaodosuloficial.com.br\/index.php\/wp-json\/wp\/v2\/media?parent=493"}],"wp:term":[{"taxonomy":"category","embeddable":true,"href":"https:\/\/bailaodosuloficial.com.br\/index.php\/wp-json\/wp\/v2\/categories?post=493"},{"taxonomy":"post_tag","embeddable":true,"href":"https:\/\/bailaodosuloficial.com.br\/index.php\/wp-json\/wp\/v2\/tags?post=493"}],"curies":[{"name":"wp","href":"https:\/\/api.w.org\/{rel}","templated":true}]}}