{"id":497,"date":"2025-12-31T19:14:26","date_gmt":"2025-12-31T19:14:26","guid":{"rendered":"https:\/\/bailaodosuloficial.com.br\/?p=497"},"modified":"2025-12-31T19:14:26","modified_gmt":"2025-12-31T19:14:26","slug":"banda-cosmo-express-a-ascensao-de-um-novo-fenomeno-do-baile-e-o-sucesso-de-to-nem-ai","status":"publish","type":"post","link":"https:\/\/bailaodosuloficial.com.br\/index.php\/2025\/12\/31\/banda-cosmo-express-a-ascensao-de-um-novo-fenomeno-do-baile-e-o-sucesso-de-to-nem-ai\/","title":{"rendered":"Banda Cosmo Express: A ascens\u00e3o de um novo fen\u00f4meno do baile e o sucesso de \u201cT\u00f4 Nem A\u00ed\u201d"},"content":{"rendered":"\n<h3 class=\"wp-block-heading\"><strong>Quem \u00e9 a Banda Cosmo Express?<\/strong><\/h3>\n\n\n\n<p>A <strong>Banda Cosmo Express<\/strong> \u00e9 um grupo musical que tem ganhado cada vez mais notoriedade no cen\u00e1rio musical brasileiro, especialmente no segmento de <strong>sertanejo e bail\u00e3o<\/strong>. Com um estilo \u00fanico que mistura as batidas t\u00edpicas do sertanejo com a energia envolvente do baile, a banda tem conquistado uma base de f\u00e3s fiel, n\u00e3o s\u00f3 no sul do Brasil, mas tamb\u00e9m em diversas outras regi\u00f5es do pa\u00eds.<\/p>\n\n\n\n<p>Origin\u00e1ria de uma fus\u00e3o de influ\u00eancias musicais de diferentes g\u00eaneros, a banda tem se destacado pela sua sonoridade dan\u00e7ante e pelo carisma de seus integrantes. Al\u00e9m disso, a <strong>Banda Cosmo Express<\/strong> sabe muito bem como usar a <strong>m\u00eddia digital<\/strong> a seu favor, mantendo uma presen\u00e7a constante e interativa nas redes sociais, o que tem ajudado a solidificar ainda mais sua carreira. No Instagram, a banda compartilha os bastidores dos seus shows, lan\u00e7amentos, ensaios e at\u00e9 a intera\u00e7\u00e3o com seus f\u00e3s, criando uma conex\u00e3o aut\u00eantica e pr\u00f3xima com o p\u00fablico.<\/p>\n\n\n\n<h3 class=\"wp-block-heading\"><strong>O Lan\u00e7amento de \u201cT\u00f4 Nem A\u00ed\u201d<\/strong><\/h3>\n\n\n\n<p>No come\u00e7o de 2025, a <strong>Banda Cosmo Express<\/strong> trouxe uma novidade que tem dado o que falar: o lan\u00e7amento de seu mais novo hit, <strong>&#8220;T\u00f4 Nem A\u00ed&#8221;<\/strong>. A m\u00fasica, que mistura influ\u00eancias do <strong>sertanejo com o ritmo de baile<\/strong>, tem se tornado rapidamente um <strong>sucesso nas plataformas digitais<\/strong> e nas festas de todo o Brasil. A letra da can\u00e7\u00e3o traz uma mensagem de <strong>liberdade e despreocupa\u00e7\u00e3o<\/strong>, refletindo o sentimento de quem vive sua vida sem se importar com o que os outros pensam \u2014 algo com que muitos jovens se identificam profundamente.<\/p>\n\n\n\n<p>\u201cT\u00f4 Nem A\u00ed\u201d n\u00e3o \u00e9 apenas uma m\u00fasica animada, mas tamb\u00e9m um grito de liberdade, uma mensagem de seguir em frente sem olhar para tr\u00e1s, e de aproveitar cada momento ao m\u00e1ximo. Com uma pegada contagiante e ritmo envolvente, a can\u00e7\u00e3o foi muito bem recebida pelo p\u00fablico, que a adota como trilha sonora de suas festas, viagens e encontros com os amigos. O sucesso do single tem sido promovido nas redes sociais da banda, que compartilham trechos da m\u00fasica e v\u00eddeos de seus f\u00e3s dan\u00e7ando e curtindo a faixa.<\/p>\n\n\n\n<h3 class=\"wp-block-heading\"><strong>Caracter\u00edsticas da m\u00fasica &#8220;T\u00f4 Nem A\u00ed&#8221;<\/strong><\/h3>\n\n\n\n<p><strong>&#8220;T\u00f4 Nem A\u00ed&#8221;<\/strong> \u00e9 uma m\u00fasica que combina o <strong>ritmo acelerado do baile<\/strong> com a melodia e a letra t\u00edpicas do <strong>sertanejo<\/strong>, criando uma fus\u00e3o perfeita para dan\u00e7ar e cantar junto. O t\u00edtulo da m\u00fasica j\u00e1 deixa claro a proposta: <strong>despreocupa\u00e7\u00e3o<\/strong> e <strong>liberdade<\/strong>. A letra fala sobre viver a vida sem se importar com as opini\u00f5es alheias e seguir o seu caminho, sendo fiel a si mesmo. Esse tema de empoderamento e individualidade ressoou com o p\u00fablico jovem, e rapidamente a m\u00fasica se tornou uma das preferidas nas playlists de festa.<\/p>\n\n\n\n<p>O refr\u00e3o da m\u00fasica \u00e9 de f\u00e1cil memoriza\u00e7\u00e3o e tem uma energia t\u00e3o contagiante que \u00e9 imposs\u00edvel n\u00e3o cantar junto assim que come\u00e7a a tocar. Al\u00e9m disso, a batida da m\u00fasica \u00e9 animada, perfeita para aquele clima de balada ou roda de amigos, tornando-a ideal para ser tocada em qualquer festa ou evento social.<\/p>\n\n\n\n<figure class=\"wp-block-embed is-type-video is-provider-youtube wp-block-embed-youtube wp-embed-aspect-16-9 wp-has-aspect-ratio\"><div class=\"wp-block-embed__wrapper\">\n<iframe loading=\"lazy\" title=\"BANDA COSMO EXPRESS - To Nem A\u00ed [Clipe Oficial]\" width=\"960\" height=\"540\" src=\"https:\/\/www.youtube.com\/embed\/9nPlDttnV-E?feature=oembed\" frameborder=\"0\" allow=\"accelerometer; autoplay; clipboard-write; encrypted-media; gyroscope; picture-in-picture; web-share\" referrerpolicy=\"strict-origin-when-cross-origin\" allowfullscreen><\/iframe>\n<\/div><\/figure>\n\n\n\n<h3 class=\"wp-block-heading\"><strong>A presen\u00e7a nas redes sociais e o impacto no p\u00fablico<\/strong><\/h3>\n\n\n\n<p>A banda <strong>Banda Cosmo Express<\/strong> tem mostrado grande habilidade em se conectar com seus f\u00e3s nas redes sociais, principalmente no Instagram. Eles usam a plataforma n\u00e3o apenas para divulgar suas m\u00fasicas, mas tamb\u00e9m para mostrar os bastidores de sua rotina como banda \u2014 desde os ensaios at\u00e9 os momentos mais descontra\u00eddos, como as intera\u00e7\u00f5es com os seguidores. Isso cria um senso de comunidade entre os f\u00e3s, que se sentem parte da jornada da banda.<\/p>\n\n\n\n<p>Com o sucesso de &#8220;T\u00f4 Nem A\u00ed&#8221;, a banda se viu rodeada por um crescente n\u00famero de intera\u00e7\u00f5es de f\u00e3s que compartilhavam suas vers\u00f5es dan\u00e7ando a m\u00fasica nos seus pr\u00f3prios stories e reels, o que ajudou a promover ainda mais o single. Essa <strong>interatividade constante<\/strong> nas redes sociais tem sido um dos fatores chave para o aumento do n\u00famero de seguidores e o engajamento nas plataformas da banda.<\/p>\n\n\n\n<p>A popularidade da m\u00fasica n\u00e3o para por a\u00ed. Muitos v\u00eddeos de f\u00e3s cantando e dan\u00e7ando \u201cT\u00f4 Nem A\u00ed\u201d t\u00eam sido compartilhados nas redes sociais, dando ainda mais visibilidade \u00e0 can\u00e7\u00e3o e \u00e0 banda. Al\u00e9m disso, os shows da <strong>Banda Cosmo Express<\/strong> se tornaram verdadeiros <strong>eventos<\/strong> de celebra\u00e7\u00e3o, com o p\u00fablico cantando em coro e dan\u00e7ando juntos ao som de suas m\u00fasicas mais conhecidas, incluindo o sucesso de \u201cT\u00f4 Nem A\u00ed\u201d.<\/p>\n\n\n\n<h3 class=\"wp-block-heading\"><strong>O futuro da Banda Cosmo Express<\/strong><\/h3>\n\n\n\n<p>Com o sucesso crescente de <strong>&#8220;T\u00f4 Nem A\u00ed&#8221;<\/strong>, a <strong>Banda Cosmo Express<\/strong> est\u00e1 pronta para al\u00e7ar novos voos no cen\u00e1rio musical. Eles j\u00e1 t\u00eam uma agenda cheia de <strong>shows em v\u00e1rias cidades<\/strong>, e prometem trazer mais novidades ao longo de 2025. Al\u00e9m disso, a banda continua focada na produ\u00e7\u00e3o de novos singles, que ir\u00e3o manter sua sonoridade \u00fanica e sua conex\u00e3o com o p\u00fablico.<\/p>\n\n\n\n<p>A banda tamb\u00e9m tem se mostrado disposta a explorar novos formatos e projetos, como parcerias com outros artistas do sertanejo e de outros g\u00eaneros musicais, o que s\u00f3 tende a ampliar ainda mais sua base de f\u00e3s e consolidar seu lugar no mercado musical.<\/p>\n\n\n\n<p><\/p>\n","protected":false},"excerpt":{"rendered":"<p>Quem \u00e9 a Banda Cosmo Express? A Banda Cosmo Express \u00e9 um grupo musical que tem ganhado cada vez mais notoriedade no cen\u00e1rio musical brasileiro, especialmente no segmento de sertanejo e bail\u00e3o. Com um estilo \u00fanico que mistura as batidas t\u00edpicas do sertanejo com a energia envolvente do baile, a banda tem conquistado uma base<\/p>\n","protected":false},"author":1,"featured_media":499,"comment_status":"open","ping_status":"open","sticky":false,"template":"","format":"standard","meta":{"footnotes":""},"categories":[2],"tags":[],"class_list":["post-497","post","type-post","status-publish","format-standard","has-post-thumbnail","hentry","category-bailao"],"yoast_head":"<!-- This site is optimized with the Yoast SEO plugin v26.9 - https:\/\/yoast.com\/product\/yoast-seo-wordpress\/ -->\n<title>Banda Cosmo Express: A ascens\u00e3o de um novo fen\u00f4meno do baile e o sucesso de \u201cT\u00f4 Nem A\u00ed\u201d -<\/title>\n<meta name=\"robots\" content=\"index, follow, max-snippet:-1, max-image-preview:large, max-video-preview:-1\" \/>\n<link rel=\"canonical\" href=\"https:\/\/bailaodosuloficial.com.br\/index.php\/2025\/12\/31\/banda-cosmo-express-a-ascensao-de-um-novo-fenomeno-do-baile-e-o-sucesso-de-to-nem-ai\/\" \/>\n<meta property=\"og:locale\" content=\"pt_BR\" \/>\n<meta property=\"og:type\" content=\"article\" \/>\n<meta property=\"og:title\" content=\"Banda Cosmo Express: A ascens\u00e3o de um novo fen\u00f4meno do baile e o sucesso de \u201cT\u00f4 Nem A\u00ed\u201d -\" \/>\n<meta property=\"og:description\" content=\"Quem \u00e9 a Banda Cosmo Express? A Banda Cosmo Express \u00e9 um grupo musical que tem ganhado cada vez mais notoriedade no cen\u00e1rio musical brasileiro, especialmente no segmento de sertanejo e bail\u00e3o. Com um estilo \u00fanico que mistura as batidas t\u00edpicas do sertanejo com a energia envolvente do baile, a banda tem conquistado uma base\" \/>\n<meta property=\"og:url\" content=\"https:\/\/bailaodosuloficial.com.br\/index.php\/2025\/12\/31\/banda-cosmo-express-a-ascensao-de-um-novo-fenomeno-do-baile-e-o-sucesso-de-to-nem-ai\/\" \/>\n<meta property=\"article:published_time\" content=\"2025-12-31T19:14:26+00:00\" \/>\n<meta property=\"og:image\" content=\"https:\/\/bailaodosuloficial.com.br\/wp-content\/uploads\/2025\/12\/image-2.png\" \/>\n\t<meta property=\"og:image:width\" content=\"1084\" \/>\n\t<meta property=\"og:image:height\" content=\"658\" \/>\n\t<meta property=\"og:image:type\" content=\"image\/png\" \/>\n<meta name=\"author\" content=\"admin\" \/>\n<meta name=\"twitter:card\" content=\"summary_large_image\" \/>\n<meta name=\"twitter:label1\" content=\"Escrito por\" \/>\n\t<meta name=\"twitter:data1\" content=\"admin\" \/>\n\t<meta name=\"twitter:label2\" content=\"Est. tempo de leitura\" \/>\n\t<meta name=\"twitter:data2\" content=\"5 minutos\" \/>\n<script type=\"application\/ld+json\" class=\"yoast-schema-graph\">{\"@context\":\"https:\/\/schema.org\",\"@graph\":[{\"@type\":\"Article\",\"@id\":\"https:\/\/bailaodosuloficial.com.br\/index.php\/2025\/12\/31\/banda-cosmo-express-a-ascensao-de-um-novo-fenomeno-do-baile-e-o-sucesso-de-to-nem-ai\/#article\",\"isPartOf\":{\"@id\":\"https:\/\/bailaodosuloficial.com.br\/index.php\/2025\/12\/31\/banda-cosmo-express-a-ascensao-de-um-novo-fenomeno-do-baile-e-o-sucesso-de-to-nem-ai\/\"},\"author\":{\"name\":\"admin\",\"@id\":\"https:\/\/bailaodosuloficial.com.br\/#\/schema\/person\/b3bb1c43b091cd5c62100dd962ddda38\"},\"headline\":\"Banda Cosmo Express: A ascens\u00e3o de um novo fen\u00f4meno do baile e o sucesso de \u201cT\u00f4 Nem A\u00ed\u201d\",\"datePublished\":\"2025-12-31T19:14:26+00:00\",\"mainEntityOfPage\":{\"@id\":\"https:\/\/bailaodosuloficial.com.br\/index.php\/2025\/12\/31\/banda-cosmo-express-a-ascensao-de-um-novo-fenomeno-do-baile-e-o-sucesso-de-to-nem-ai\/\"},\"wordCount\":954,\"commentCount\":0,\"publisher\":{\"@id\":\"https:\/\/bailaodosuloficial.com.br\/#organization\"},\"image\":{\"@id\":\"https:\/\/bailaodosuloficial.com.br\/index.php\/2025\/12\/31\/banda-cosmo-express-a-ascensao-de-um-novo-fenomeno-do-baile-e-o-sucesso-de-to-nem-ai\/#primaryimage\"},\"thumbnailUrl\":\"https:\/\/bailaodosuloficial.com.br\/wp-content\/uploads\/2025\/12\/image-2.png\",\"articleSection\":[\"Bail\u00e3o\"],\"inLanguage\":\"pt-BR\",\"potentialAction\":[{\"@type\":\"CommentAction\",\"name\":\"Comment\",\"target\":[\"https:\/\/bailaodosuloficial.com.br\/index.php\/2025\/12\/31\/banda-cosmo-express-a-ascensao-de-um-novo-fenomeno-do-baile-e-o-sucesso-de-to-nem-ai\/#respond\"]}]},{\"@type\":\"WebPage\",\"@id\":\"https:\/\/bailaodosuloficial.com.br\/index.php\/2025\/12\/31\/banda-cosmo-express-a-ascensao-de-um-novo-fenomeno-do-baile-e-o-sucesso-de-to-nem-ai\/\",\"url\":\"https:\/\/bailaodosuloficial.com.br\/index.php\/2025\/12\/31\/banda-cosmo-express-a-ascensao-de-um-novo-fenomeno-do-baile-e-o-sucesso-de-to-nem-ai\/\",\"name\":\"Banda Cosmo Express: A ascens\u00e3o de um novo fen\u00f4meno do baile e o sucesso de \u201cT\u00f4 Nem A\u00ed\u201d -\",\"isPartOf\":{\"@id\":\"https:\/\/bailaodosuloficial.com.br\/#website\"},\"primaryImageOfPage\":{\"@id\":\"https:\/\/bailaodosuloficial.com.br\/index.php\/2025\/12\/31\/banda-cosmo-express-a-ascensao-de-um-novo-fenomeno-do-baile-e-o-sucesso-de-to-nem-ai\/#primaryimage\"},\"image\":{\"@id\":\"https:\/\/bailaodosuloficial.com.br\/index.php\/2025\/12\/31\/banda-cosmo-express-a-ascensao-de-um-novo-fenomeno-do-baile-e-o-sucesso-de-to-nem-ai\/#primaryimage\"},\"thumbnailUrl\":\"https:\/\/bailaodosuloficial.com.br\/wp-content\/uploads\/2025\/12\/image-2.png\",\"datePublished\":\"2025-12-31T19:14:26+00:00\",\"breadcrumb\":{\"@id\":\"https:\/\/bailaodosuloficial.com.br\/index.php\/2025\/12\/31\/banda-cosmo-express-a-ascensao-de-um-novo-fenomeno-do-baile-e-o-sucesso-de-to-nem-ai\/#breadcrumb\"},\"inLanguage\":\"pt-BR\",\"potentialAction\":[{\"@type\":\"ReadAction\",\"target\":[\"https:\/\/bailaodosuloficial.com.br\/index.php\/2025\/12\/31\/banda-cosmo-express-a-ascensao-de-um-novo-fenomeno-do-baile-e-o-sucesso-de-to-nem-ai\/\"]}]},{\"@type\":\"ImageObject\",\"inLanguage\":\"pt-BR\",\"@id\":\"https:\/\/bailaodosuloficial.com.br\/index.php\/2025\/12\/31\/banda-cosmo-express-a-ascensao-de-um-novo-fenomeno-do-baile-e-o-sucesso-de-to-nem-ai\/#primaryimage\",\"url\":\"https:\/\/bailaodosuloficial.com.br\/wp-content\/uploads\/2025\/12\/image-2.png\",\"contentUrl\":\"https:\/\/bailaodosuloficial.com.br\/wp-content\/uploads\/2025\/12\/image-2.png\",\"width\":1084,\"height\":658},{\"@type\":\"BreadcrumbList\",\"@id\":\"https:\/\/bailaodosuloficial.com.br\/index.php\/2025\/12\/31\/banda-cosmo-express-a-ascensao-de-um-novo-fenomeno-do-baile-e-o-sucesso-de-to-nem-ai\/#breadcrumb\",\"itemListElement\":[{\"@type\":\"ListItem\",\"position\":1,\"name\":\"In\u00edcio\",\"item\":\"https:\/\/bailaodosuloficial.com.br\/\"},{\"@type\":\"ListItem\",\"position\":2,\"name\":\"Banda Cosmo Express: A ascens\u00e3o de um novo fen\u00f4meno do baile e o sucesso de \u201cT\u00f4 Nem A\u00ed\u201d\"}]},{\"@type\":\"WebSite\",\"@id\":\"https:\/\/bailaodosuloficial.com.br\/#website\",\"url\":\"https:\/\/bailaodosuloficial.com.br\/\",\"name\":\"Bail\u00e3o do Sul\",\"description\":\"\",\"publisher\":{\"@id\":\"https:\/\/bailaodosuloficial.com.br\/#organization\"},\"alternateName\":\"Bail\u00e3o do Sul Oficial\",\"potentialAction\":[{\"@type\":\"SearchAction\",\"target\":{\"@type\":\"EntryPoint\",\"urlTemplate\":\"https:\/\/bailaodosuloficial.com.br\/?s={search_term_string}\"},\"query-input\":{\"@type\":\"PropertyValueSpecification\",\"valueRequired\":true,\"valueName\":\"search_term_string\"}}],\"inLanguage\":\"pt-BR\"},{\"@type\":\"Organization\",\"@id\":\"https:\/\/bailaodosuloficial.com.br\/#organization\",\"name\":\"Bail\u00e3o do Sul\",\"url\":\"https:\/\/bailaodosuloficial.com.br\/\",\"logo\":{\"@type\":\"ImageObject\",\"inLanguage\":\"pt-BR\",\"@id\":\"https:\/\/bailaodosuloficial.com.br\/#\/schema\/logo\/image\/\",\"url\":\"https:\/\/bailaodosuloficial.com.br\/wp-content\/uploads\/2026\/03\/cropped-fim-de-semana-5-scaled-1.png\",\"contentUrl\":\"https:\/\/bailaodosuloficial.com.br\/wp-content\/uploads\/2026\/03\/cropped-fim-de-semana-5-scaled-1.png\",\"width\":1989,\"height\":1371,\"caption\":\"Bail\u00e3o do Sul\"},\"image\":{\"@id\":\"https:\/\/bailaodosuloficial.com.br\/#\/schema\/logo\/image\/\"},\"sameAs\":[\"http:\/\/instagram.com\/bailaodosul\"]},{\"@type\":\"Person\",\"@id\":\"https:\/\/bailaodosuloficial.com.br\/#\/schema\/person\/b3bb1c43b091cd5c62100dd962ddda38\",\"name\":\"admin\",\"image\":{\"@type\":\"ImageObject\",\"inLanguage\":\"pt-BR\",\"@id\":\"https:\/\/bailaodosuloficial.com.br\/#\/schema\/person\/image\/\",\"url\":\"https:\/\/secure.gravatar.com\/avatar\/8e8beae45c6419737da9ea57a58a1f945a580b701e1def541b4459d4ac234c85?s=96&d=mm&r=g\",\"contentUrl\":\"https:\/\/secure.gravatar.com\/avatar\/8e8beae45c6419737da9ea57a58a1f945a580b701e1def541b4459d4ac234c85?s=96&d=mm&r=g\",\"caption\":\"admin\"},\"sameAs\":[\"https:\/\/bailaodosuloficial.com.br\"],\"url\":\"https:\/\/bailaodosuloficial.com.br\/index.php\/author\/bailao\/\"}]}<\/script>\n<!-- \/ Yoast SEO plugin. -->","yoast_head_json":{"title":"Banda Cosmo Express: A ascens\u00e3o de um novo fen\u00f4meno do baile e o sucesso de \u201cT\u00f4 Nem A\u00ed\u201d -","robots":{"index":"index","follow":"follow","max-snippet":"max-snippet:-1","max-image-preview":"max-image-preview:large","max-video-preview":"max-video-preview:-1"},"canonical":"https:\/\/bailaodosuloficial.com.br\/index.php\/2025\/12\/31\/banda-cosmo-express-a-ascensao-de-um-novo-fenomeno-do-baile-e-o-sucesso-de-to-nem-ai\/","og_locale":"pt_BR","og_type":"article","og_title":"Banda Cosmo Express: A ascens\u00e3o de um novo fen\u00f4meno do baile e o sucesso de \u201cT\u00f4 Nem A\u00ed\u201d -","og_description":"Quem \u00e9 a Banda Cosmo Express? A Banda Cosmo Express \u00e9 um grupo musical que tem ganhado cada vez mais notoriedade no cen\u00e1rio musical brasileiro, especialmente no segmento de sertanejo e bail\u00e3o. Com um estilo \u00fanico que mistura as batidas t\u00edpicas do sertanejo com a energia envolvente do baile, a banda tem conquistado uma base","og_url":"https:\/\/bailaodosuloficial.com.br\/index.php\/2025\/12\/31\/banda-cosmo-express-a-ascensao-de-um-novo-fenomeno-do-baile-e-o-sucesso-de-to-nem-ai\/","article_published_time":"2025-12-31T19:14:26+00:00","og_image":[{"width":1084,"height":658,"url":"https:\/\/bailaodosuloficial.com.br\/wp-content\/uploads\/2025\/12\/image-2.png","type":"image\/png"}],"author":"admin","twitter_card":"summary_large_image","twitter_misc":{"Escrito por":"admin","Est. tempo de leitura":"5 minutos"},"schema":{"@context":"https:\/\/schema.org","@graph":[{"@type":"Article","@id":"https:\/\/bailaodosuloficial.com.br\/index.php\/2025\/12\/31\/banda-cosmo-express-a-ascensao-de-um-novo-fenomeno-do-baile-e-o-sucesso-de-to-nem-ai\/#article","isPartOf":{"@id":"https:\/\/bailaodosuloficial.com.br\/index.php\/2025\/12\/31\/banda-cosmo-express-a-ascensao-de-um-novo-fenomeno-do-baile-e-o-sucesso-de-to-nem-ai\/"},"author":{"name":"admin","@id":"https:\/\/bailaodosuloficial.com.br\/#\/schema\/person\/b3bb1c43b091cd5c62100dd962ddda38"},"headline":"Banda Cosmo Express: A ascens\u00e3o de um novo fen\u00f4meno do baile e o sucesso de \u201cT\u00f4 Nem A\u00ed\u201d","datePublished":"2025-12-31T19:14:26+00:00","mainEntityOfPage":{"@id":"https:\/\/bailaodosuloficial.com.br\/index.php\/2025\/12\/31\/banda-cosmo-express-a-ascensao-de-um-novo-fenomeno-do-baile-e-o-sucesso-de-to-nem-ai\/"},"wordCount":954,"commentCount":0,"publisher":{"@id":"https:\/\/bailaodosuloficial.com.br\/#organization"},"image":{"@id":"https:\/\/bailaodosuloficial.com.br\/index.php\/2025\/12\/31\/banda-cosmo-express-a-ascensao-de-um-novo-fenomeno-do-baile-e-o-sucesso-de-to-nem-ai\/#primaryimage"},"thumbnailUrl":"https:\/\/bailaodosuloficial.com.br\/wp-content\/uploads\/2025\/12\/image-2.png","articleSection":["Bail\u00e3o"],"inLanguage":"pt-BR","potentialAction":[{"@type":"CommentAction","name":"Comment","target":["https:\/\/bailaodosuloficial.com.br\/index.php\/2025\/12\/31\/banda-cosmo-express-a-ascensao-de-um-novo-fenomeno-do-baile-e-o-sucesso-de-to-nem-ai\/#respond"]}]},{"@type":"WebPage","@id":"https:\/\/bailaodosuloficial.com.br\/index.php\/2025\/12\/31\/banda-cosmo-express-a-ascensao-de-um-novo-fenomeno-do-baile-e-o-sucesso-de-to-nem-ai\/","url":"https:\/\/bailaodosuloficial.com.br\/index.php\/2025\/12\/31\/banda-cosmo-express-a-ascensao-de-um-novo-fenomeno-do-baile-e-o-sucesso-de-to-nem-ai\/","name":"Banda Cosmo Express: A ascens\u00e3o de um novo fen\u00f4meno do baile e o sucesso de \u201cT\u00f4 Nem A\u00ed\u201d -","isPartOf":{"@id":"https:\/\/bailaodosuloficial.com.br\/#website"},"primaryImageOfPage":{"@id":"https:\/\/bailaodosuloficial.com.br\/index.php\/2025\/12\/31\/banda-cosmo-express-a-ascensao-de-um-novo-fenomeno-do-baile-e-o-sucesso-de-to-nem-ai\/#primaryimage"},"image":{"@id":"https:\/\/bailaodosuloficial.com.br\/index.php\/2025\/12\/31\/banda-cosmo-express-a-ascensao-de-um-novo-fenomeno-do-baile-e-o-sucesso-de-to-nem-ai\/#primaryimage"},"thumbnailUrl":"https:\/\/bailaodosuloficial.com.br\/wp-content\/uploads\/2025\/12\/image-2.png","datePublished":"2025-12-31T19:14:26+00:00","breadcrumb":{"@id":"https:\/\/bailaodosuloficial.com.br\/index.php\/2025\/12\/31\/banda-cosmo-express-a-ascensao-de-um-novo-fenomeno-do-baile-e-o-sucesso-de-to-nem-ai\/#breadcrumb"},"inLanguage":"pt-BR","potentialAction":[{"@type":"ReadAction","target":["https:\/\/bailaodosuloficial.com.br\/index.php\/2025\/12\/31\/banda-cosmo-express-a-ascensao-de-um-novo-fenomeno-do-baile-e-o-sucesso-de-to-nem-ai\/"]}]},{"@type":"ImageObject","inLanguage":"pt-BR","@id":"https:\/\/bailaodosuloficial.com.br\/index.php\/2025\/12\/31\/banda-cosmo-express-a-ascensao-de-um-novo-fenomeno-do-baile-e-o-sucesso-de-to-nem-ai\/#primaryimage","url":"https:\/\/bailaodosuloficial.com.br\/wp-content\/uploads\/2025\/12\/image-2.png","contentUrl":"https:\/\/bailaodosuloficial.com.br\/wp-content\/uploads\/2025\/12\/image-2.png","width":1084,"height":658},{"@type":"BreadcrumbList","@id":"https:\/\/bailaodosuloficial.com.br\/index.php\/2025\/12\/31\/banda-cosmo-express-a-ascensao-de-um-novo-fenomeno-do-baile-e-o-sucesso-de-to-nem-ai\/#breadcrumb","itemListElement":[{"@type":"ListItem","position":1,"name":"In\u00edcio","item":"https:\/\/bailaodosuloficial.com.br\/"},{"@type":"ListItem","position":2,"name":"Banda Cosmo Express: A ascens\u00e3o de um novo fen\u00f4meno do baile e o sucesso de \u201cT\u00f4 Nem A\u00ed\u201d"}]},{"@type":"WebSite","@id":"https:\/\/bailaodosuloficial.com.br\/#website","url":"https:\/\/bailaodosuloficial.com.br\/","name":"Bail\u00e3o do Sul","description":"","publisher":{"@id":"https:\/\/bailaodosuloficial.com.br\/#organization"},"alternateName":"Bail\u00e3o do Sul Oficial","potentialAction":[{"@type":"SearchAction","target":{"@type":"EntryPoint","urlTemplate":"https:\/\/bailaodosuloficial.com.br\/?s={search_term_string}"},"query-input":{"@type":"PropertyValueSpecification","valueRequired":true,"valueName":"search_term_string"}}],"inLanguage":"pt-BR"},{"@type":"Organization","@id":"https:\/\/bailaodosuloficial.com.br\/#organization","name":"Bail\u00e3o do Sul","url":"https:\/\/bailaodosuloficial.com.br\/","logo":{"@type":"ImageObject","inLanguage":"pt-BR","@id":"https:\/\/bailaodosuloficial.com.br\/#\/schema\/logo\/image\/","url":"https:\/\/bailaodosuloficial.com.br\/wp-content\/uploads\/2026\/03\/cropped-fim-de-semana-5-scaled-1.png","contentUrl":"https:\/\/bailaodosuloficial.com.br\/wp-content\/uploads\/2026\/03\/cropped-fim-de-semana-5-scaled-1.png","width":1989,"height":1371,"caption":"Bail\u00e3o do Sul"},"image":{"@id":"https:\/\/bailaodosuloficial.com.br\/#\/schema\/logo\/image\/"},"sameAs":["http:\/\/instagram.com\/bailaodosul"]},{"@type":"Person","@id":"https:\/\/bailaodosuloficial.com.br\/#\/schema\/person\/b3bb1c43b091cd5c62100dd962ddda38","name":"admin","image":{"@type":"ImageObject","inLanguage":"pt-BR","@id":"https:\/\/bailaodosuloficial.com.br\/#\/schema\/person\/image\/","url":"https:\/\/secure.gravatar.com\/avatar\/8e8beae45c6419737da9ea57a58a1f945a580b701e1def541b4459d4ac234c85?s=96&d=mm&r=g","contentUrl":"https:\/\/secure.gravatar.com\/avatar\/8e8beae45c6419737da9ea57a58a1f945a580b701e1def541b4459d4ac234c85?s=96&d=mm&r=g","caption":"admin"},"sameAs":["https:\/\/bailaodosuloficial.com.br"],"url":"https:\/\/bailaodosuloficial.com.br\/index.php\/author\/bailao\/"}]}},"_links":{"self":[{"href":"https:\/\/bailaodosuloficial.com.br\/index.php\/wp-json\/wp\/v2\/posts\/497","targetHints":{"allow":["GET"]}}],"collection":[{"href":"https:\/\/bailaodosuloficial.com.br\/index.php\/wp-json\/wp\/v2\/posts"}],"about":[{"href":"https:\/\/bailaodosuloficial.com.br\/index.php\/wp-json\/wp\/v2\/types\/post"}],"author":[{"embeddable":true,"href":"https:\/\/bailaodosuloficial.com.br\/index.php\/wp-json\/wp\/v2\/users\/1"}],"replies":[{"embeddable":true,"href":"https:\/\/bailaodosuloficial.com.br\/index.php\/wp-json\/wp\/v2\/comments?post=497"}],"version-history":[{"count":1,"href":"https:\/\/bailaodosuloficial.com.br\/index.php\/wp-json\/wp\/v2\/posts\/497\/revisions"}],"predecessor-version":[{"id":500,"href":"https:\/\/bailaodosuloficial.com.br\/index.php\/wp-json\/wp\/v2\/posts\/497\/revisions\/500"}],"wp:featuredmedia":[{"embeddable":true,"href":"https:\/\/bailaodosuloficial.com.br\/index.php\/wp-json\/wp\/v2\/media\/499"}],"wp:attachment":[{"href":"https:\/\/bailaodosuloficial.com.br\/index.php\/wp-json\/wp\/v2\/media?parent=497"}],"wp:term":[{"taxonomy":"category","embeddable":true,"href":"https:\/\/bailaodosuloficial.com.br\/index.php\/wp-json\/wp\/v2\/categories?post=497"},{"taxonomy":"post_tag","embeddable":true,"href":"https:\/\/bailaodosuloficial.com.br\/index.php\/wp-json\/wp\/v2\/tags?post=497"}],"curies":[{"name":"wp","href":"https:\/\/api.w.org\/{rel}","templated":true}]}}