{"id":501,"date":"2025-12-31T19:30:48","date_gmt":"2025-12-31T19:30:48","guid":{"rendered":"https:\/\/bailaodosuloficial.com.br\/?p=501"},"modified":"2025-12-31T19:30:48","modified_gmt":"2025-12-31T19:30:48","slug":"lua-de-mel-em-gramado-o-novo-hino-romantico-do-sul-do-brasil","status":"publish","type":"post","link":"https:\/\/bailaodosuloficial.com.br\/index.php\/2025\/12\/31\/lua-de-mel-em-gramado-o-novo-hino-romantico-do-sul-do-brasil\/","title":{"rendered":"\u201cLua de Mel em Gramado\u201d: o novo hino rom\u00e2ntico do sul do Brasil"},"content":{"rendered":"\n<p>\u201cLua de Mel em Gramado\u201d, interpretada por <strong>Chiquito &amp; Bordoneio<\/strong> com participa\u00e7\u00e3o especial do <strong>Grupo Sorriso Lindo<\/strong>, \u00e9 uma das novidades que vem conquistando p\u00fablico e r\u00e1dios em 2025. A can\u00e7\u00e3o foi oficialmente lan\u00e7ada como single em agosto e j\u00e1 se tornou um dos destaques no repert\u00f3rio da m\u00fasica regional ga\u00facha contempor\u00e2nea.<\/p>\n\n\n\n<p>Foto: Sitedogrupo\/divulga\u00e7\u00e3o<\/p>\n\n\n\n<h3 class=\"wp-block-heading\"><strong>A ess\u00eancia da m\u00fasica<\/strong><\/h3>\n\n\n\n<p>A faixa traz um tema que se conectou rapidamente com ouvintes de todas as idades: o sonho de um amor verdadeiro e a realiza\u00e7\u00e3o de um romance que culmina em uma lua de mel na charmosa cidade de <strong>Gramado<\/strong>, no Rio Grande do Sul \u2014 destino tradicional que simboliza romance e celebra\u00e7\u00e3o para muitos casais no Brasil.<\/p>\n\n\n\n<p>Com uma mensagem <strong>rom\u00e2ntica e otimista<\/strong>, a letra celebra a decis\u00e3o de apostar no amor mesmo diante de d\u00favidas e desafios, destacando cumplicidade, supera\u00e7\u00e3o e planos de vida a dois. Essa narrativa ganhou repercuss\u00e3o nas redes sociais e em esta\u00e7\u00f5es locais, sendo tema de v\u00eddeos e publica\u00e7\u00f5es que fazem refer\u00eancia \u00e0 sensa\u00e7\u00e3o de \u201cviver um sonho\u201d ao som da can\u00e7\u00e3o.<\/p>\n\n\n\n<figure class=\"wp-block-embed is-type-video is-provider-youtube wp-block-embed-youtube wp-embed-aspect-16-9 wp-has-aspect-ratio\"><div class=\"wp-block-embed__wrapper\">\n<iframe loading=\"lazy\" title=\"Chiquito &amp; Bordoneio - Lua de Mel em Gramado - Feat @SorrisoLindoOficial\" width=\"960\" height=\"540\" src=\"https:\/\/www.youtube.com\/embed\/gttTpoy0YN4?feature=oembed\" frameborder=\"0\" allow=\"accelerometer; autoplay; clipboard-write; encrypted-media; gyroscope; picture-in-picture; web-share\" referrerpolicy=\"strict-origin-when-cross-origin\" allowfullscreen><\/iframe>\n<\/div><\/figure>\n\n\n\n<h3 class=\"wp-block-heading\"><strong>Parceria musical e campeira<\/strong><\/h3>\n\n\n\n<p>Chiquito &amp; Bordoneio s\u00e3o nomes consolidados no cen\u00e1rio da m\u00fasica regionalista ga\u00facha, com d\u00e9cadas de carreira representando tradi\u00e7\u00f5es e sentimentos do sul do Brasil. A participa\u00e7\u00e3o do Grupo Sorriso Lindo na can\u00e7\u00e3o acrescenta uma camada extra de emo\u00e7\u00e3o \u00e0 interpreta\u00e7\u00e3o, refor\u00e7ando a conex\u00e3o com o estilo ga\u00facho e as influ\u00eancias da m\u00fasica nativista que misturam elementos rom\u00e2nticos com ritmo e cultura local.<\/p>\n\n\n\n<p>Essa faixa tamb\u00e9m tem sido compartilhada amplamente no Instagram, com postagens que mostram o engajamento dos seguidores \u2014 muitos comentando sobre o desejo de vivenciar a experi\u00eancia descrita na letra, mesmo entre ouvintes solteiros ou f\u00e3s de m\u00fasica boa em geral.<\/p>\n\n\n\n<h3 class=\"wp-block-heading\"><strong>Recep\u00e7\u00e3o e impacto cultural<\/strong><\/h3>\n\n\n\n<p>Desde o seu lan\u00e7amento, \u201cLua de Mel em Gramado\u201d tem sido destaque em playlists de r\u00e1dios regionais e plataformas de streaming, evocando imagens da cidade serrana e refor\u00e7ando sua associa\u00e7\u00e3o com momentos especiais de celebra\u00e7\u00e3o amorosa. Muitos ouvintes apontam a can\u00e7\u00e3o como trilha sonora inspiradora para casamentos, comemora\u00e7\u00f5es rom\u00e2nticas e at\u00e9 viagens a dois.<\/p>\n\n\n\n<p>Mais do que uma simples m\u00fasica, a can\u00e7\u00e3o representa <strong>uma ponte entre tradi\u00e7\u00e3o e sentimento<\/strong>, unindo a cultura musical ga\u00facha \u00e0 experi\u00eancia universal do amor e da vida a dois. Isso tem feito de \u201cLua de Mel em Gramado\u201d um t\u00edtulo importante no repert\u00f3rio recente de Chiquito &amp; Bordoneio \u2014 e uma das can\u00e7\u00f5es que mais gera conversas e compartilhamentos nas redes sociais dentro do cen\u00e1rio regional.<\/p>\n\n\n\n<p><\/p>\n","protected":false},"excerpt":{"rendered":"<p>\u201cLua de Mel em Gramado\u201d, interpretada por Chiquito &amp; Bordoneio com participa\u00e7\u00e3o especial do Grupo Sorriso Lindo, \u00e9 uma das novidades que vem conquistando p\u00fablico e r\u00e1dios em 2025. A can\u00e7\u00e3o foi oficialmente lan\u00e7ada como single em agosto e j\u00e1 se tornou um dos destaques no repert\u00f3rio da m\u00fasica regional ga\u00facha contempor\u00e2nea. Foto: Sitedogrupo\/divulga\u00e7\u00e3o A<\/p>\n","protected":false},"author":1,"featured_media":502,"comment_status":"open","ping_status":"open","sticky":false,"template":"","format":"standard","meta":{"footnotes":""},"categories":[3],"tags":[],"class_list":["post-501","post","type-post","status-publish","format-standard","has-post-thumbnail","hentry","category-gaucho"],"yoast_head":"<!-- This site is optimized with the Yoast SEO plugin v26.9 - https:\/\/yoast.com\/product\/yoast-seo-wordpress\/ -->\n<title>\u201cLua de Mel em Gramado\u201d: o novo hino rom\u00e2ntico do sul do Brasil -<\/title>\n<meta name=\"robots\" content=\"index, follow, max-snippet:-1, max-image-preview:large, max-video-preview:-1\" \/>\n<link rel=\"canonical\" href=\"https:\/\/bailaodosuloficial.com.br\/index.php\/2025\/12\/31\/lua-de-mel-em-gramado-o-novo-hino-romantico-do-sul-do-brasil\/\" \/>\n<meta property=\"og:locale\" content=\"pt_BR\" \/>\n<meta property=\"og:type\" content=\"article\" \/>\n<meta property=\"og:title\" content=\"\u201cLua de Mel em Gramado\u201d: o novo hino rom\u00e2ntico do sul do Brasil -\" \/>\n<meta property=\"og:description\" content=\"\u201cLua de Mel em Gramado\u201d, interpretada por Chiquito &amp; Bordoneio com participa\u00e7\u00e3o especial do Grupo Sorriso Lindo, \u00e9 uma das novidades que vem conquistando p\u00fablico e r\u00e1dios em 2025. A can\u00e7\u00e3o foi oficialmente lan\u00e7ada como single em agosto e j\u00e1 se tornou um dos destaques no repert\u00f3rio da m\u00fasica regional ga\u00facha contempor\u00e2nea. Foto: Sitedogrupo\/divulga\u00e7\u00e3o A\" \/>\n<meta property=\"og:url\" content=\"https:\/\/bailaodosuloficial.com.br\/index.php\/2025\/12\/31\/lua-de-mel-em-gramado-o-novo-hino-romantico-do-sul-do-brasil\/\" \/>\n<meta property=\"article:published_time\" content=\"2025-12-31T19:30:48+00:00\" \/>\n<meta property=\"og:image\" content=\"https:\/\/bailaodosuloficial.com.br\/wp-content\/uploads\/2025\/12\/ELSA-0351-1.png\" \/>\n\t<meta property=\"og:image:width\" content=\"1200\" \/>\n\t<meta property=\"og:image:height\" content=\"838\" \/>\n\t<meta property=\"og:image:type\" content=\"image\/png\" \/>\n<meta name=\"author\" content=\"admin\" \/>\n<meta name=\"twitter:card\" content=\"summary_large_image\" \/>\n<meta name=\"twitter:label1\" content=\"Escrito por\" \/>\n\t<meta name=\"twitter:data1\" content=\"admin\" \/>\n\t<meta name=\"twitter:label2\" content=\"Est. tempo de leitura\" \/>\n\t<meta name=\"twitter:data2\" content=\"2 minutos\" \/>\n<script type=\"application\/ld+json\" class=\"yoast-schema-graph\">{\"@context\":\"https:\/\/schema.org\",\"@graph\":[{\"@type\":\"Article\",\"@id\":\"https:\/\/bailaodosuloficial.com.br\/index.php\/2025\/12\/31\/lua-de-mel-em-gramado-o-novo-hino-romantico-do-sul-do-brasil\/#article\",\"isPartOf\":{\"@id\":\"https:\/\/bailaodosuloficial.com.br\/index.php\/2025\/12\/31\/lua-de-mel-em-gramado-o-novo-hino-romantico-do-sul-do-brasil\/\"},\"author\":{\"name\":\"admin\",\"@id\":\"https:\/\/bailaodosuloficial.com.br\/#\/schema\/person\/b3bb1c43b091cd5c62100dd962ddda38\"},\"headline\":\"\u201cLua de Mel em Gramado\u201d: o novo hino rom\u00e2ntico do sul do Brasil\",\"datePublished\":\"2025-12-31T19:30:48+00:00\",\"mainEntityOfPage\":{\"@id\":\"https:\/\/bailaodosuloficial.com.br\/index.php\/2025\/12\/31\/lua-de-mel-em-gramado-o-novo-hino-romantico-do-sul-do-brasil\/\"},\"wordCount\":486,\"commentCount\":0,\"publisher\":{\"@id\":\"https:\/\/bailaodosuloficial.com.br\/#organization\"},\"image\":{\"@id\":\"https:\/\/bailaodosuloficial.com.br\/index.php\/2025\/12\/31\/lua-de-mel-em-gramado-o-novo-hino-romantico-do-sul-do-brasil\/#primaryimage\"},\"thumbnailUrl\":\"https:\/\/bailaodosuloficial.com.br\/wp-content\/uploads\/2025\/12\/ELSA-0351-1.png\",\"articleSection\":[\"Ga\u00fachas\"],\"inLanguage\":\"pt-BR\",\"potentialAction\":[{\"@type\":\"CommentAction\",\"name\":\"Comment\",\"target\":[\"https:\/\/bailaodosuloficial.com.br\/index.php\/2025\/12\/31\/lua-de-mel-em-gramado-o-novo-hino-romantico-do-sul-do-brasil\/#respond\"]}]},{\"@type\":\"WebPage\",\"@id\":\"https:\/\/bailaodosuloficial.com.br\/index.php\/2025\/12\/31\/lua-de-mel-em-gramado-o-novo-hino-romantico-do-sul-do-brasil\/\",\"url\":\"https:\/\/bailaodosuloficial.com.br\/index.php\/2025\/12\/31\/lua-de-mel-em-gramado-o-novo-hino-romantico-do-sul-do-brasil\/\",\"name\":\"\u201cLua de Mel em Gramado\u201d: o novo hino rom\u00e2ntico do sul do Brasil -\",\"isPartOf\":{\"@id\":\"https:\/\/bailaodosuloficial.com.br\/#website\"},\"primaryImageOfPage\":{\"@id\":\"https:\/\/bailaodosuloficial.com.br\/index.php\/2025\/12\/31\/lua-de-mel-em-gramado-o-novo-hino-romantico-do-sul-do-brasil\/#primaryimage\"},\"image\":{\"@id\":\"https:\/\/bailaodosuloficial.com.br\/index.php\/2025\/12\/31\/lua-de-mel-em-gramado-o-novo-hino-romantico-do-sul-do-brasil\/#primaryimage\"},\"thumbnailUrl\":\"https:\/\/bailaodosuloficial.com.br\/wp-content\/uploads\/2025\/12\/ELSA-0351-1.png\",\"datePublished\":\"2025-12-31T19:30:48+00:00\",\"breadcrumb\":{\"@id\":\"https:\/\/bailaodosuloficial.com.br\/index.php\/2025\/12\/31\/lua-de-mel-em-gramado-o-novo-hino-romantico-do-sul-do-brasil\/#breadcrumb\"},\"inLanguage\":\"pt-BR\",\"potentialAction\":[{\"@type\":\"ReadAction\",\"target\":[\"https:\/\/bailaodosuloficial.com.br\/index.php\/2025\/12\/31\/lua-de-mel-em-gramado-o-novo-hino-romantico-do-sul-do-brasil\/\"]}]},{\"@type\":\"ImageObject\",\"inLanguage\":\"pt-BR\",\"@id\":\"https:\/\/bailaodosuloficial.com.br\/index.php\/2025\/12\/31\/lua-de-mel-em-gramado-o-novo-hino-romantico-do-sul-do-brasil\/#primaryimage\",\"url\":\"https:\/\/bailaodosuloficial.com.br\/wp-content\/uploads\/2025\/12\/ELSA-0351-1.png\",\"contentUrl\":\"https:\/\/bailaodosuloficial.com.br\/wp-content\/uploads\/2025\/12\/ELSA-0351-1.png\",\"width\":1200,\"height\":838},{\"@type\":\"BreadcrumbList\",\"@id\":\"https:\/\/bailaodosuloficial.com.br\/index.php\/2025\/12\/31\/lua-de-mel-em-gramado-o-novo-hino-romantico-do-sul-do-brasil\/#breadcrumb\",\"itemListElement\":[{\"@type\":\"ListItem\",\"position\":1,\"name\":\"In\u00edcio\",\"item\":\"https:\/\/bailaodosuloficial.com.br\/\"},{\"@type\":\"ListItem\",\"position\":2,\"name\":\"\u201cLua de Mel em Gramado\u201d: o novo hino rom\u00e2ntico do sul do Brasil\"}]},{\"@type\":\"WebSite\",\"@id\":\"https:\/\/bailaodosuloficial.com.br\/#website\",\"url\":\"https:\/\/bailaodosuloficial.com.br\/\",\"name\":\"Bail\u00e3o do Sul\",\"description\":\"\",\"publisher\":{\"@id\":\"https:\/\/bailaodosuloficial.com.br\/#organization\"},\"alternateName\":\"Bail\u00e3o do Sul Oficial\",\"potentialAction\":[{\"@type\":\"SearchAction\",\"target\":{\"@type\":\"EntryPoint\",\"urlTemplate\":\"https:\/\/bailaodosuloficial.com.br\/?s={search_term_string}\"},\"query-input\":{\"@type\":\"PropertyValueSpecification\",\"valueRequired\":true,\"valueName\":\"search_term_string\"}}],\"inLanguage\":\"pt-BR\"},{\"@type\":\"Organization\",\"@id\":\"https:\/\/bailaodosuloficial.com.br\/#organization\",\"name\":\"Bail\u00e3o do Sul\",\"url\":\"https:\/\/bailaodosuloficial.com.br\/\",\"logo\":{\"@type\":\"ImageObject\",\"inLanguage\":\"pt-BR\",\"@id\":\"https:\/\/bailaodosuloficial.com.br\/#\/schema\/logo\/image\/\",\"url\":\"https:\/\/bailaodosuloficial.com.br\/wp-content\/uploads\/2026\/03\/cropped-fim-de-semana-5-scaled-1.png\",\"contentUrl\":\"https:\/\/bailaodosuloficial.com.br\/wp-content\/uploads\/2026\/03\/cropped-fim-de-semana-5-scaled-1.png\",\"width\":1989,\"height\":1371,\"caption\":\"Bail\u00e3o do Sul\"},\"image\":{\"@id\":\"https:\/\/bailaodosuloficial.com.br\/#\/schema\/logo\/image\/\"},\"sameAs\":[\"http:\/\/instagram.com\/bailaodosul\"]},{\"@type\":\"Person\",\"@id\":\"https:\/\/bailaodosuloficial.com.br\/#\/schema\/person\/b3bb1c43b091cd5c62100dd962ddda38\",\"name\":\"admin\",\"image\":{\"@type\":\"ImageObject\",\"inLanguage\":\"pt-BR\",\"@id\":\"https:\/\/bailaodosuloficial.com.br\/#\/schema\/person\/image\/\",\"url\":\"https:\/\/secure.gravatar.com\/avatar\/8e8beae45c6419737da9ea57a58a1f945a580b701e1def541b4459d4ac234c85?s=96&d=mm&r=g\",\"contentUrl\":\"https:\/\/secure.gravatar.com\/avatar\/8e8beae45c6419737da9ea57a58a1f945a580b701e1def541b4459d4ac234c85?s=96&d=mm&r=g\",\"caption\":\"admin\"},\"sameAs\":[\"https:\/\/bailaodosuloficial.com.br\"],\"url\":\"https:\/\/bailaodosuloficial.com.br\/index.php\/author\/bailao\/\"}]}<\/script>\n<!-- \/ Yoast SEO plugin. -->","yoast_head_json":{"title":"\u201cLua de Mel em Gramado\u201d: o novo hino rom\u00e2ntico do sul do Brasil -","robots":{"index":"index","follow":"follow","max-snippet":"max-snippet:-1","max-image-preview":"max-image-preview:large","max-video-preview":"max-video-preview:-1"},"canonical":"https:\/\/bailaodosuloficial.com.br\/index.php\/2025\/12\/31\/lua-de-mel-em-gramado-o-novo-hino-romantico-do-sul-do-brasil\/","og_locale":"pt_BR","og_type":"article","og_title":"\u201cLua de Mel em Gramado\u201d: o novo hino rom\u00e2ntico do sul do Brasil -","og_description":"\u201cLua de Mel em Gramado\u201d, interpretada por Chiquito &amp; Bordoneio com participa\u00e7\u00e3o especial do Grupo Sorriso Lindo, \u00e9 uma das novidades que vem conquistando p\u00fablico e r\u00e1dios em 2025. A can\u00e7\u00e3o foi oficialmente lan\u00e7ada como single em agosto e j\u00e1 se tornou um dos destaques no repert\u00f3rio da m\u00fasica regional ga\u00facha contempor\u00e2nea. Foto: Sitedogrupo\/divulga\u00e7\u00e3o A","og_url":"https:\/\/bailaodosuloficial.com.br\/index.php\/2025\/12\/31\/lua-de-mel-em-gramado-o-novo-hino-romantico-do-sul-do-brasil\/","article_published_time":"2025-12-31T19:30:48+00:00","og_image":[{"width":1200,"height":838,"url":"https:\/\/bailaodosuloficial.com.br\/wp-content\/uploads\/2025\/12\/ELSA-0351-1.png","type":"image\/png"}],"author":"admin","twitter_card":"summary_large_image","twitter_misc":{"Escrito por":"admin","Est. tempo de leitura":"2 minutos"},"schema":{"@context":"https:\/\/schema.org","@graph":[{"@type":"Article","@id":"https:\/\/bailaodosuloficial.com.br\/index.php\/2025\/12\/31\/lua-de-mel-em-gramado-o-novo-hino-romantico-do-sul-do-brasil\/#article","isPartOf":{"@id":"https:\/\/bailaodosuloficial.com.br\/index.php\/2025\/12\/31\/lua-de-mel-em-gramado-o-novo-hino-romantico-do-sul-do-brasil\/"},"author":{"name":"admin","@id":"https:\/\/bailaodosuloficial.com.br\/#\/schema\/person\/b3bb1c43b091cd5c62100dd962ddda38"},"headline":"\u201cLua de Mel em Gramado\u201d: o novo hino rom\u00e2ntico do sul do Brasil","datePublished":"2025-12-31T19:30:48+00:00","mainEntityOfPage":{"@id":"https:\/\/bailaodosuloficial.com.br\/index.php\/2025\/12\/31\/lua-de-mel-em-gramado-o-novo-hino-romantico-do-sul-do-brasil\/"},"wordCount":486,"commentCount":0,"publisher":{"@id":"https:\/\/bailaodosuloficial.com.br\/#organization"},"image":{"@id":"https:\/\/bailaodosuloficial.com.br\/index.php\/2025\/12\/31\/lua-de-mel-em-gramado-o-novo-hino-romantico-do-sul-do-brasil\/#primaryimage"},"thumbnailUrl":"https:\/\/bailaodosuloficial.com.br\/wp-content\/uploads\/2025\/12\/ELSA-0351-1.png","articleSection":["Ga\u00fachas"],"inLanguage":"pt-BR","potentialAction":[{"@type":"CommentAction","name":"Comment","target":["https:\/\/bailaodosuloficial.com.br\/index.php\/2025\/12\/31\/lua-de-mel-em-gramado-o-novo-hino-romantico-do-sul-do-brasil\/#respond"]}]},{"@type":"WebPage","@id":"https:\/\/bailaodosuloficial.com.br\/index.php\/2025\/12\/31\/lua-de-mel-em-gramado-o-novo-hino-romantico-do-sul-do-brasil\/","url":"https:\/\/bailaodosuloficial.com.br\/index.php\/2025\/12\/31\/lua-de-mel-em-gramado-o-novo-hino-romantico-do-sul-do-brasil\/","name":"\u201cLua de Mel em Gramado\u201d: o novo hino rom\u00e2ntico do sul do Brasil -","isPartOf":{"@id":"https:\/\/bailaodosuloficial.com.br\/#website"},"primaryImageOfPage":{"@id":"https:\/\/bailaodosuloficial.com.br\/index.php\/2025\/12\/31\/lua-de-mel-em-gramado-o-novo-hino-romantico-do-sul-do-brasil\/#primaryimage"},"image":{"@id":"https:\/\/bailaodosuloficial.com.br\/index.php\/2025\/12\/31\/lua-de-mel-em-gramado-o-novo-hino-romantico-do-sul-do-brasil\/#primaryimage"},"thumbnailUrl":"https:\/\/bailaodosuloficial.com.br\/wp-content\/uploads\/2025\/12\/ELSA-0351-1.png","datePublished":"2025-12-31T19:30:48+00:00","breadcrumb":{"@id":"https:\/\/bailaodosuloficial.com.br\/index.php\/2025\/12\/31\/lua-de-mel-em-gramado-o-novo-hino-romantico-do-sul-do-brasil\/#breadcrumb"},"inLanguage":"pt-BR","potentialAction":[{"@type":"ReadAction","target":["https:\/\/bailaodosuloficial.com.br\/index.php\/2025\/12\/31\/lua-de-mel-em-gramado-o-novo-hino-romantico-do-sul-do-brasil\/"]}]},{"@type":"ImageObject","inLanguage":"pt-BR","@id":"https:\/\/bailaodosuloficial.com.br\/index.php\/2025\/12\/31\/lua-de-mel-em-gramado-o-novo-hino-romantico-do-sul-do-brasil\/#primaryimage","url":"https:\/\/bailaodosuloficial.com.br\/wp-content\/uploads\/2025\/12\/ELSA-0351-1.png","contentUrl":"https:\/\/bailaodosuloficial.com.br\/wp-content\/uploads\/2025\/12\/ELSA-0351-1.png","width":1200,"height":838},{"@type":"BreadcrumbList","@id":"https:\/\/bailaodosuloficial.com.br\/index.php\/2025\/12\/31\/lua-de-mel-em-gramado-o-novo-hino-romantico-do-sul-do-brasil\/#breadcrumb","itemListElement":[{"@type":"ListItem","position":1,"name":"In\u00edcio","item":"https:\/\/bailaodosuloficial.com.br\/"},{"@type":"ListItem","position":2,"name":"\u201cLua de Mel em Gramado\u201d: o novo hino rom\u00e2ntico do sul do Brasil"}]},{"@type":"WebSite","@id":"https:\/\/bailaodosuloficial.com.br\/#website","url":"https:\/\/bailaodosuloficial.com.br\/","name":"Bail\u00e3o do Sul","description":"","publisher":{"@id":"https:\/\/bailaodosuloficial.com.br\/#organization"},"alternateName":"Bail\u00e3o do Sul Oficial","potentialAction":[{"@type":"SearchAction","target":{"@type":"EntryPoint","urlTemplate":"https:\/\/bailaodosuloficial.com.br\/?s={search_term_string}"},"query-input":{"@type":"PropertyValueSpecification","valueRequired":true,"valueName":"search_term_string"}}],"inLanguage":"pt-BR"},{"@type":"Organization","@id":"https:\/\/bailaodosuloficial.com.br\/#organization","name":"Bail\u00e3o do Sul","url":"https:\/\/bailaodosuloficial.com.br\/","logo":{"@type":"ImageObject","inLanguage":"pt-BR","@id":"https:\/\/bailaodosuloficial.com.br\/#\/schema\/logo\/image\/","url":"https:\/\/bailaodosuloficial.com.br\/wp-content\/uploads\/2026\/03\/cropped-fim-de-semana-5-scaled-1.png","contentUrl":"https:\/\/bailaodosuloficial.com.br\/wp-content\/uploads\/2026\/03\/cropped-fim-de-semana-5-scaled-1.png","width":1989,"height":1371,"caption":"Bail\u00e3o do Sul"},"image":{"@id":"https:\/\/bailaodosuloficial.com.br\/#\/schema\/logo\/image\/"},"sameAs":["http:\/\/instagram.com\/bailaodosul"]},{"@type":"Person","@id":"https:\/\/bailaodosuloficial.com.br\/#\/schema\/person\/b3bb1c43b091cd5c62100dd962ddda38","name":"admin","image":{"@type":"ImageObject","inLanguage":"pt-BR","@id":"https:\/\/bailaodosuloficial.com.br\/#\/schema\/person\/image\/","url":"https:\/\/secure.gravatar.com\/avatar\/8e8beae45c6419737da9ea57a58a1f945a580b701e1def541b4459d4ac234c85?s=96&d=mm&r=g","contentUrl":"https:\/\/secure.gravatar.com\/avatar\/8e8beae45c6419737da9ea57a58a1f945a580b701e1def541b4459d4ac234c85?s=96&d=mm&r=g","caption":"admin"},"sameAs":["https:\/\/bailaodosuloficial.com.br"],"url":"https:\/\/bailaodosuloficial.com.br\/index.php\/author\/bailao\/"}]}},"_links":{"self":[{"href":"https:\/\/bailaodosuloficial.com.br\/index.php\/wp-json\/wp\/v2\/posts\/501","targetHints":{"allow":["GET"]}}],"collection":[{"href":"https:\/\/bailaodosuloficial.com.br\/index.php\/wp-json\/wp\/v2\/posts"}],"about":[{"href":"https:\/\/bailaodosuloficial.com.br\/index.php\/wp-json\/wp\/v2\/types\/post"}],"author":[{"embeddable":true,"href":"https:\/\/bailaodosuloficial.com.br\/index.php\/wp-json\/wp\/v2\/users\/1"}],"replies":[{"embeddable":true,"href":"https:\/\/bailaodosuloficial.com.br\/index.php\/wp-json\/wp\/v2\/comments?post=501"}],"version-history":[{"count":1,"href":"https:\/\/bailaodosuloficial.com.br\/index.php\/wp-json\/wp\/v2\/posts\/501\/revisions"}],"predecessor-version":[{"id":503,"href":"https:\/\/bailaodosuloficial.com.br\/index.php\/wp-json\/wp\/v2\/posts\/501\/revisions\/503"}],"wp:featuredmedia":[{"embeddable":true,"href":"https:\/\/bailaodosuloficial.com.br\/index.php\/wp-json\/wp\/v2\/media\/502"}],"wp:attachment":[{"href":"https:\/\/bailaodosuloficial.com.br\/index.php\/wp-json\/wp\/v2\/media?parent=501"}],"wp:term":[{"taxonomy":"category","embeddable":true,"href":"https:\/\/bailaodosuloficial.com.br\/index.php\/wp-json\/wp\/v2\/categories?post=501"},{"taxonomy":"post_tag","embeddable":true,"href":"https:\/\/bailaodosuloficial.com.br\/index.php\/wp-json\/wp\/v2\/tags?post=501"}],"curies":[{"name":"wp","href":"https:\/\/api.w.org\/{rel}","templated":true}]}}