{"id":508,"date":"2026-01-02T11:54:08","date_gmt":"2026-01-02T11:54:08","guid":{"rendered":"https:\/\/bailaodosuloficial.com.br\/?p=508"},"modified":"2026-01-02T11:54:08","modified_gmt":"2026-01-02T11:54:08","slug":"marcio-correia-e-o-grupo-gauchismo-o-respeito-e-a-tradicao-gaucha-na-musica","status":"publish","type":"post","link":"https:\/\/bailaodosuloficial.com.br\/index.php\/2026\/01\/02\/marcio-correia-e-o-grupo-gauchismo-o-respeito-e-a-tradicao-gaucha-na-musica\/","title":{"rendered":"M\u00e1rcio Correia e o Grupo Gauchismo: O Respeito e a Tradi\u00e7\u00e3o Ga\u00facha na M\u00fasica"},"content":{"rendered":"\n<p>Foto: <a href=\"https:\/\/www.instagram.com\/lucasnunesfotografia\/\">@lucasnunesfotografia<\/a><br>.                   .<\/p>\n\n\n\n<p>M\u00e1rcio Correia \u00e9 um nome consolidado dentro da m\u00fasica tradicional ga\u00facha. O cantor, compositor e produtor musical tem conquistado o p\u00fablico com sua voz marcante e uma proposta art\u00edstica que mistura o nativismo com um toque contempor\u00e2neo, mantendo viva a chama das ra\u00edzes culturais do Rio Grande do Sul.<\/p>\n\n\n\n<p>O projeto <strong>Grupo Gauchismo<\/strong> nasceu da vontade de <strong>M\u00e1rcio Correia<\/strong> em criar uma sonoridade aut\u00eantica, respeitando as origens e as influ\u00eancias do folk ga\u00facho. O grupo \u00e9 conhecido por levar ao p\u00fablico can\u00e7\u00f5es que exaltam o esp\u00edrito do campo, os costumes locais e, claro, a alegria das festas tradicionais do Sul do Brasil.<\/p>\n\n\n\n<h3 class=\"wp-block-heading\"><strong>A Trajet\u00f3ria de M\u00e1rcio Correia<\/strong><\/h3>\n\n\n\n<p>M\u00e1rcio iniciou sua carreira art\u00edstica muito jovem, com o objetivo de manter viva a m\u00fasica ga\u00facha. Ao longo dos anos, ele foi se destacando como compositor, produtor musical e arranjador, construindo uma carreira s\u00f3lida que abra\u00e7a tanto as m\u00fasicas mais tradicionais quanto as novas tend\u00eancias do g\u00eanero. Sua obra \u00e9 marcada pela for\u00e7a da voz, pela energia contagiante e pela habilidade de conectar o p\u00fablico com a ess\u00eancia da cultura gaucha.<\/p>\n\n\n\n<p>Com o <strong>Grupo Gauchismo<\/strong>, M\u00e1rcio Correia tem promovido a m\u00fasica do sul do Brasil atrav\u00e9s de apresenta\u00e7\u00f5es ao vivo, grava\u00e7\u00f5es e, especialmente, por meio de redes sociais, como seu perfil no <strong>Instagram (@marciocorreiaegauchismo)<\/strong>, onde compartilha o processo criativo e os bastidores de seu trabalho.<\/p>\n\n\n\n<h3 class=\"wp-block-heading\"><strong>&#8220;Uma Vaneira de Respeito&#8221;: A M\u00fasica que Exalta a Tradi\u00e7\u00e3o<\/strong><\/h3>\n\n\n\n<p><\/p>\n\n\n\n<p>Uma das m\u00fasicas que marcaram a trajet\u00f3ria de M\u00e1rcio Correia e o Grupo Gauchismo \u00e9 <strong>\u201cUma Vaneira de Respeito\u201d<\/strong>, que celebra a cultura ga\u00facha e a alegria das festas tradicionais. A m\u00fasica traz um ritmo animado, pr\u00f3prio das <strong>vaneiras<\/strong>, dan\u00e7as populares que s\u00e3o essenciais nas festas do Sul do Brasil.<\/p>\n\n\n\n<p>A can\u00e7\u00e3o \u00e9 um verdadeiro hino do respeito pelas tradi\u00e7\u00f5es e pela cultura regional. Seu nome n\u00e3o deixa d\u00favidas: \u00e9 uma &#8220;vaneira de respeito&#8221;, que carrega a honra e a import\u00e2ncia de preservar as ra\u00edzes. A composi\u00e7\u00e3o \u00e9 assinada por <strong>Rodrigo Bauer e S\u00e9rgio Rosa<\/strong>, mas a interpreta\u00e7\u00e3o \u00fanica de <strong>M\u00e1rcio Correia<\/strong>, com sua voz potente e cheia de emo\u00e7\u00e3o, d\u00e1 um novo significado \u00e0 letra e \u00e0 melodia.<\/p>\n\n\n\n<p>\u201cUma Vaneira de Respeito\u201d tornou-se um s\u00edmbolo para muitos admiradores do estilo nativista, trazendo uma mensagem de uni\u00e3o, orgulho e respeito pela m\u00fasica que forma a identidade do povo ga\u00facho. A faixa foi bem recebida pelo p\u00fablico, sendo destaque em festas e eventos regionais.<\/p>\n\n\n\n<figure class=\"wp-block-image size-full\"><img loading=\"lazy\" decoding=\"async\" width=\"500\" height=\"256\" src=\"https:\/\/bailaodosuloficial.com.br\/wp-content\/uploads\/2026\/01\/image-1.png\" alt=\"\" class=\"wp-image-510\" srcset=\"https:\/\/bailaodosuloficial.com.br\/wp-content\/uploads\/2026\/01\/image-1.png 500w, https:\/\/bailaodosuloficial.com.br\/wp-content\/uploads\/2026\/01\/image-1-300x154.png 300w\" sizes=\"auto, (max-width: 500px) 100vw, 500px\" \/><\/figure>\n\n\n\n<p>Foto: <a href=\"https:\/\/www.instagram.com\/lucasnunesfotografia\/\">@lucasnunesfotografia<\/a><\/p>\n\n\n\n<h3 class=\"wp-block-heading\"><strong>A Conex\u00e3o com o P\u00fablico<\/strong><\/h3>\n\n\n\n<p>A intera\u00e7\u00e3o de <strong>M\u00e1rcio Correia<\/strong> com seus f\u00e3s nas redes sociais tem sido fundamental para aumentar sua visibilidade. Atrav\u00e9s de v\u00eddeos e postagens no <strong>Instagram (@marciocorreiaegauchismo)<\/strong>, o artista compartilha momentos de sua carreira, como grava\u00e7\u00f5es, shows e composi\u00e7\u00f5es. Seu engajamento nas redes sociais tem mostrado que a m\u00fasica tradicional n\u00e3o precisa estar restrita ao passado, mas tamb\u00e9m pode dialogar com o presente e o futuro.<\/p>\n\n\n\n<p>Al\u00e9m disso, as apresenta\u00e7\u00f5es ao vivo do grupo s\u00e3o um espet\u00e1culo \u00e0 parte, com um repert\u00f3rio que mistura m\u00fasicas cl\u00e1ssicas do repert\u00f3rio gaucho e novas composi\u00e7\u00f5es, mantendo viva a tradi\u00e7\u00e3o, mas tamb\u00e9m inovando dentro do estilo.<\/p>\n\n\n\n<p>M\u00e1rcio Correia e o Grupo Gauchismo s\u00e3o exemplos claros de como a m\u00fasica tradicional pode ser preservada e, ao mesmo tempo, modernizada, conectando novas gera\u00e7\u00f5es com as ra\u00edzes culturais. Com sua voz \u00fanica e dedica\u00e7\u00e3o, ele continua a escrever uma hist\u00f3ria de sucesso dentro da m\u00fasica nativista, mantendo o respeito pelas tradi\u00e7\u00f5es e, ao mesmo tempo, inovando para os tempos modernos. Quem ouve sua m\u00fasica n\u00e3o apenas se diverte, mas tamb\u00e9m sente o peso da hist\u00f3ria e da cultura ga\u00facha em cada nota.<\/p>\n\n\n\n<figure class=\"wp-block-embed is-type-rich is-provider-spotify wp-block-embed-spotify wp-embed-aspect-21-9 wp-has-aspect-ratio\"><div class=\"wp-block-embed__wrapper\">\n<iframe title=\"Spotify Embed: M\u00e1rcio correia\" style=\"border-radius: 12px\" width=\"100%\" height=\"352\" frameborder=\"0\" allowfullscreen allow=\"autoplay; clipboard-write; encrypted-media; fullscreen; picture-in-picture\" loading=\"lazy\" src=\"https:\/\/open.spotify.com\/embed\/playlist\/0qhkLmcCTujeXiNPSPkj0f?si=2VPZJpacTvSNNsMSnWeNug&amp;utm_source=oembed\"><\/iframe>\n<\/div><\/figure>\n","protected":false},"excerpt":{"rendered":"<p>Foto: @lucasnunesfotografia. . M\u00e1rcio Correia \u00e9 um nome consolidado dentro da m\u00fasica tradicional ga\u00facha. O cantor, compositor e produtor musical tem conquistado o p\u00fablico com sua voz marcante e uma proposta art\u00edstica que mistura o nativismo com um toque contempor\u00e2neo, mantendo viva a chama das ra\u00edzes culturais do Rio Grande do Sul. O projeto Grupo<\/p>\n","protected":false},"author":1,"featured_media":509,"comment_status":"open","ping_status":"open","sticky":false,"template":"","format":"standard","meta":{"footnotes":""},"categories":[3],"tags":[],"class_list":["post-508","post","type-post","status-publish","format-standard","has-post-thumbnail","hentry","category-gaucho"],"yoast_head":"<!-- This site is optimized with the Yoast SEO plugin v26.9 - https:\/\/yoast.com\/product\/yoast-seo-wordpress\/ -->\n<title>M\u00e1rcio Correia e o Grupo Gauchismo: O Respeito e a Tradi\u00e7\u00e3o Ga\u00facha na M\u00fasica -<\/title>\n<meta name=\"robots\" content=\"index, follow, max-snippet:-1, max-image-preview:large, max-video-preview:-1\" \/>\n<link rel=\"canonical\" href=\"https:\/\/bailaodosuloficial.com.br\/index.php\/2026\/01\/02\/marcio-correia-e-o-grupo-gauchismo-o-respeito-e-a-tradicao-gaucha-na-musica\/\" \/>\n<meta property=\"og:locale\" content=\"pt_BR\" \/>\n<meta property=\"og:type\" content=\"article\" \/>\n<meta property=\"og:title\" content=\"M\u00e1rcio Correia e o Grupo Gauchismo: O Respeito e a Tradi\u00e7\u00e3o Ga\u00facha na M\u00fasica -\" \/>\n<meta property=\"og:description\" content=\"Foto: @lucasnunesfotografia. . M\u00e1rcio Correia \u00e9 um nome consolidado dentro da m\u00fasica tradicional ga\u00facha. O cantor, compositor e produtor musical tem conquistado o p\u00fablico com sua voz marcante e uma proposta art\u00edstica que mistura o nativismo com um toque contempor\u00e2neo, mantendo viva a chama das ra\u00edzes culturais do Rio Grande do Sul. O projeto Grupo\" \/>\n<meta property=\"og:url\" content=\"https:\/\/bailaodosuloficial.com.br\/index.php\/2026\/01\/02\/marcio-correia-e-o-grupo-gauchismo-o-respeito-e-a-tradicao-gaucha-na-musica\/\" \/>\n<meta property=\"article:published_time\" content=\"2026-01-02T11:54:08+00:00\" \/>\n<meta property=\"og:image\" content=\"https:\/\/bailaodosuloficial.com.br\/wp-content\/uploads\/2026\/01\/image.png\" \/>\n\t<meta property=\"og:image:width\" content=\"491\" \/>\n\t<meta property=\"og:image:height\" content=\"329\" \/>\n\t<meta property=\"og:image:type\" content=\"image\/png\" \/>\n<meta name=\"author\" content=\"admin\" \/>\n<meta name=\"twitter:card\" content=\"summary_large_image\" \/>\n<meta name=\"twitter:label1\" content=\"Escrito por\" \/>\n\t<meta name=\"twitter:data1\" content=\"admin\" \/>\n\t<meta name=\"twitter:label2\" content=\"Est. tempo de leitura\" \/>\n\t<meta name=\"twitter:data2\" content=\"3 minutos\" \/>\n<script type=\"application\/ld+json\" class=\"yoast-schema-graph\">{\"@context\":\"https:\/\/schema.org\",\"@graph\":[{\"@type\":\"Article\",\"@id\":\"https:\/\/bailaodosuloficial.com.br\/index.php\/2026\/01\/02\/marcio-correia-e-o-grupo-gauchismo-o-respeito-e-a-tradicao-gaucha-na-musica\/#article\",\"isPartOf\":{\"@id\":\"https:\/\/bailaodosuloficial.com.br\/index.php\/2026\/01\/02\/marcio-correia-e-o-grupo-gauchismo-o-respeito-e-a-tradicao-gaucha-na-musica\/\"},\"author\":{\"name\":\"admin\",\"@id\":\"https:\/\/bailaodosuloficial.com.br\/#\/schema\/person\/b3bb1c43b091cd5c62100dd962ddda38\"},\"headline\":\"M\u00e1rcio Correia e o Grupo Gauchismo: O Respeito e a Tradi\u00e7\u00e3o Ga\u00facha na M\u00fasica\",\"datePublished\":\"2026-01-02T11:54:08+00:00\",\"mainEntityOfPage\":{\"@id\":\"https:\/\/bailaodosuloficial.com.br\/index.php\/2026\/01\/02\/marcio-correia-e-o-grupo-gauchismo-o-respeito-e-a-tradicao-gaucha-na-musica\/\"},\"wordCount\":701,\"commentCount\":0,\"publisher\":{\"@id\":\"https:\/\/bailaodosuloficial.com.br\/#organization\"},\"image\":{\"@id\":\"https:\/\/bailaodosuloficial.com.br\/index.php\/2026\/01\/02\/marcio-correia-e-o-grupo-gauchismo-o-respeito-e-a-tradicao-gaucha-na-musica\/#primaryimage\"},\"thumbnailUrl\":\"https:\/\/bailaodosuloficial.com.br\/wp-content\/uploads\/2026\/01\/image.png\",\"articleSection\":[\"Ga\u00fachas\"],\"inLanguage\":\"pt-BR\",\"potentialAction\":[{\"@type\":\"CommentAction\",\"name\":\"Comment\",\"target\":[\"https:\/\/bailaodosuloficial.com.br\/index.php\/2026\/01\/02\/marcio-correia-e-o-grupo-gauchismo-o-respeito-e-a-tradicao-gaucha-na-musica\/#respond\"]}]},{\"@type\":\"WebPage\",\"@id\":\"https:\/\/bailaodosuloficial.com.br\/index.php\/2026\/01\/02\/marcio-correia-e-o-grupo-gauchismo-o-respeito-e-a-tradicao-gaucha-na-musica\/\",\"url\":\"https:\/\/bailaodosuloficial.com.br\/index.php\/2026\/01\/02\/marcio-correia-e-o-grupo-gauchismo-o-respeito-e-a-tradicao-gaucha-na-musica\/\",\"name\":\"M\u00e1rcio Correia e o Grupo Gauchismo: O Respeito e a Tradi\u00e7\u00e3o Ga\u00facha na M\u00fasica -\",\"isPartOf\":{\"@id\":\"https:\/\/bailaodosuloficial.com.br\/#website\"},\"primaryImageOfPage\":{\"@id\":\"https:\/\/bailaodosuloficial.com.br\/index.php\/2026\/01\/02\/marcio-correia-e-o-grupo-gauchismo-o-respeito-e-a-tradicao-gaucha-na-musica\/#primaryimage\"},\"image\":{\"@id\":\"https:\/\/bailaodosuloficial.com.br\/index.php\/2026\/01\/02\/marcio-correia-e-o-grupo-gauchismo-o-respeito-e-a-tradicao-gaucha-na-musica\/#primaryimage\"},\"thumbnailUrl\":\"https:\/\/bailaodosuloficial.com.br\/wp-content\/uploads\/2026\/01\/image.png\",\"datePublished\":\"2026-01-02T11:54:08+00:00\",\"breadcrumb\":{\"@id\":\"https:\/\/bailaodosuloficial.com.br\/index.php\/2026\/01\/02\/marcio-correia-e-o-grupo-gauchismo-o-respeito-e-a-tradicao-gaucha-na-musica\/#breadcrumb\"},\"inLanguage\":\"pt-BR\",\"potentialAction\":[{\"@type\":\"ReadAction\",\"target\":[\"https:\/\/bailaodosuloficial.com.br\/index.php\/2026\/01\/02\/marcio-correia-e-o-grupo-gauchismo-o-respeito-e-a-tradicao-gaucha-na-musica\/\"]}]},{\"@type\":\"ImageObject\",\"inLanguage\":\"pt-BR\",\"@id\":\"https:\/\/bailaodosuloficial.com.br\/index.php\/2026\/01\/02\/marcio-correia-e-o-grupo-gauchismo-o-respeito-e-a-tradicao-gaucha-na-musica\/#primaryimage\",\"url\":\"https:\/\/bailaodosuloficial.com.br\/wp-content\/uploads\/2026\/01\/image.png\",\"contentUrl\":\"https:\/\/bailaodosuloficial.com.br\/wp-content\/uploads\/2026\/01\/image.png\",\"width\":491,\"height\":329},{\"@type\":\"BreadcrumbList\",\"@id\":\"https:\/\/bailaodosuloficial.com.br\/index.php\/2026\/01\/02\/marcio-correia-e-o-grupo-gauchismo-o-respeito-e-a-tradicao-gaucha-na-musica\/#breadcrumb\",\"itemListElement\":[{\"@type\":\"ListItem\",\"position\":1,\"name\":\"In\u00edcio\",\"item\":\"https:\/\/bailaodosuloficial.com.br\/\"},{\"@type\":\"ListItem\",\"position\":2,\"name\":\"M\u00e1rcio Correia e o Grupo Gauchismo: O Respeito e a Tradi\u00e7\u00e3o Ga\u00facha na M\u00fasica\"}]},{\"@type\":\"WebSite\",\"@id\":\"https:\/\/bailaodosuloficial.com.br\/#website\",\"url\":\"https:\/\/bailaodosuloficial.com.br\/\",\"name\":\"Bail\u00e3o do Sul\",\"description\":\"\",\"publisher\":{\"@id\":\"https:\/\/bailaodosuloficial.com.br\/#organization\"},\"alternateName\":\"Bail\u00e3o do Sul Oficial\",\"potentialAction\":[{\"@type\":\"SearchAction\",\"target\":{\"@type\":\"EntryPoint\",\"urlTemplate\":\"https:\/\/bailaodosuloficial.com.br\/?s={search_term_string}\"},\"query-input\":{\"@type\":\"PropertyValueSpecification\",\"valueRequired\":true,\"valueName\":\"search_term_string\"}}],\"inLanguage\":\"pt-BR\"},{\"@type\":\"Organization\",\"@id\":\"https:\/\/bailaodosuloficial.com.br\/#organization\",\"name\":\"Bail\u00e3o do Sul\",\"url\":\"https:\/\/bailaodosuloficial.com.br\/\",\"logo\":{\"@type\":\"ImageObject\",\"inLanguage\":\"pt-BR\",\"@id\":\"https:\/\/bailaodosuloficial.com.br\/#\/schema\/logo\/image\/\",\"url\":\"https:\/\/bailaodosuloficial.com.br\/wp-content\/uploads\/2026\/03\/cropped-fim-de-semana-5-scaled-1.png\",\"contentUrl\":\"https:\/\/bailaodosuloficial.com.br\/wp-content\/uploads\/2026\/03\/cropped-fim-de-semana-5-scaled-1.png\",\"width\":1989,\"height\":1371,\"caption\":\"Bail\u00e3o do Sul\"},\"image\":{\"@id\":\"https:\/\/bailaodosuloficial.com.br\/#\/schema\/logo\/image\/\"},\"sameAs\":[\"http:\/\/instagram.com\/bailaodosul\"]},{\"@type\":\"Person\",\"@id\":\"https:\/\/bailaodosuloficial.com.br\/#\/schema\/person\/b3bb1c43b091cd5c62100dd962ddda38\",\"name\":\"admin\",\"image\":{\"@type\":\"ImageObject\",\"inLanguage\":\"pt-BR\",\"@id\":\"https:\/\/bailaodosuloficial.com.br\/#\/schema\/person\/image\/\",\"url\":\"https:\/\/secure.gravatar.com\/avatar\/8e8beae45c6419737da9ea57a58a1f945a580b701e1def541b4459d4ac234c85?s=96&d=mm&r=g\",\"contentUrl\":\"https:\/\/secure.gravatar.com\/avatar\/8e8beae45c6419737da9ea57a58a1f945a580b701e1def541b4459d4ac234c85?s=96&d=mm&r=g\",\"caption\":\"admin\"},\"sameAs\":[\"https:\/\/bailaodosuloficial.com.br\"],\"url\":\"https:\/\/bailaodosuloficial.com.br\/index.php\/author\/bailao\/\"}]}<\/script>\n<!-- \/ Yoast SEO plugin. -->","yoast_head_json":{"title":"M\u00e1rcio Correia e o Grupo Gauchismo: O Respeito e a Tradi\u00e7\u00e3o Ga\u00facha na M\u00fasica -","robots":{"index":"index","follow":"follow","max-snippet":"max-snippet:-1","max-image-preview":"max-image-preview:large","max-video-preview":"max-video-preview:-1"},"canonical":"https:\/\/bailaodosuloficial.com.br\/index.php\/2026\/01\/02\/marcio-correia-e-o-grupo-gauchismo-o-respeito-e-a-tradicao-gaucha-na-musica\/","og_locale":"pt_BR","og_type":"article","og_title":"M\u00e1rcio Correia e o Grupo Gauchismo: O Respeito e a Tradi\u00e7\u00e3o Ga\u00facha na M\u00fasica -","og_description":"Foto: @lucasnunesfotografia. . M\u00e1rcio Correia \u00e9 um nome consolidado dentro da m\u00fasica tradicional ga\u00facha. O cantor, compositor e produtor musical tem conquistado o p\u00fablico com sua voz marcante e uma proposta art\u00edstica que mistura o nativismo com um toque contempor\u00e2neo, mantendo viva a chama das ra\u00edzes culturais do Rio Grande do Sul. O projeto Grupo","og_url":"https:\/\/bailaodosuloficial.com.br\/index.php\/2026\/01\/02\/marcio-correia-e-o-grupo-gauchismo-o-respeito-e-a-tradicao-gaucha-na-musica\/","article_published_time":"2026-01-02T11:54:08+00:00","og_image":[{"width":491,"height":329,"url":"https:\/\/bailaodosuloficial.com.br\/wp-content\/uploads\/2026\/01\/image.png","type":"image\/png"}],"author":"admin","twitter_card":"summary_large_image","twitter_misc":{"Escrito por":"admin","Est. tempo de leitura":"3 minutos"},"schema":{"@context":"https:\/\/schema.org","@graph":[{"@type":"Article","@id":"https:\/\/bailaodosuloficial.com.br\/index.php\/2026\/01\/02\/marcio-correia-e-o-grupo-gauchismo-o-respeito-e-a-tradicao-gaucha-na-musica\/#article","isPartOf":{"@id":"https:\/\/bailaodosuloficial.com.br\/index.php\/2026\/01\/02\/marcio-correia-e-o-grupo-gauchismo-o-respeito-e-a-tradicao-gaucha-na-musica\/"},"author":{"name":"admin","@id":"https:\/\/bailaodosuloficial.com.br\/#\/schema\/person\/b3bb1c43b091cd5c62100dd962ddda38"},"headline":"M\u00e1rcio Correia e o Grupo Gauchismo: O Respeito e a Tradi\u00e7\u00e3o Ga\u00facha na M\u00fasica","datePublished":"2026-01-02T11:54:08+00:00","mainEntityOfPage":{"@id":"https:\/\/bailaodosuloficial.com.br\/index.php\/2026\/01\/02\/marcio-correia-e-o-grupo-gauchismo-o-respeito-e-a-tradicao-gaucha-na-musica\/"},"wordCount":701,"commentCount":0,"publisher":{"@id":"https:\/\/bailaodosuloficial.com.br\/#organization"},"image":{"@id":"https:\/\/bailaodosuloficial.com.br\/index.php\/2026\/01\/02\/marcio-correia-e-o-grupo-gauchismo-o-respeito-e-a-tradicao-gaucha-na-musica\/#primaryimage"},"thumbnailUrl":"https:\/\/bailaodosuloficial.com.br\/wp-content\/uploads\/2026\/01\/image.png","articleSection":["Ga\u00fachas"],"inLanguage":"pt-BR","potentialAction":[{"@type":"CommentAction","name":"Comment","target":["https:\/\/bailaodosuloficial.com.br\/index.php\/2026\/01\/02\/marcio-correia-e-o-grupo-gauchismo-o-respeito-e-a-tradicao-gaucha-na-musica\/#respond"]}]},{"@type":"WebPage","@id":"https:\/\/bailaodosuloficial.com.br\/index.php\/2026\/01\/02\/marcio-correia-e-o-grupo-gauchismo-o-respeito-e-a-tradicao-gaucha-na-musica\/","url":"https:\/\/bailaodosuloficial.com.br\/index.php\/2026\/01\/02\/marcio-correia-e-o-grupo-gauchismo-o-respeito-e-a-tradicao-gaucha-na-musica\/","name":"M\u00e1rcio Correia e o Grupo Gauchismo: O Respeito e a Tradi\u00e7\u00e3o Ga\u00facha na M\u00fasica -","isPartOf":{"@id":"https:\/\/bailaodosuloficial.com.br\/#website"},"primaryImageOfPage":{"@id":"https:\/\/bailaodosuloficial.com.br\/index.php\/2026\/01\/02\/marcio-correia-e-o-grupo-gauchismo-o-respeito-e-a-tradicao-gaucha-na-musica\/#primaryimage"},"image":{"@id":"https:\/\/bailaodosuloficial.com.br\/index.php\/2026\/01\/02\/marcio-correia-e-o-grupo-gauchismo-o-respeito-e-a-tradicao-gaucha-na-musica\/#primaryimage"},"thumbnailUrl":"https:\/\/bailaodosuloficial.com.br\/wp-content\/uploads\/2026\/01\/image.png","datePublished":"2026-01-02T11:54:08+00:00","breadcrumb":{"@id":"https:\/\/bailaodosuloficial.com.br\/index.php\/2026\/01\/02\/marcio-correia-e-o-grupo-gauchismo-o-respeito-e-a-tradicao-gaucha-na-musica\/#breadcrumb"},"inLanguage":"pt-BR","potentialAction":[{"@type":"ReadAction","target":["https:\/\/bailaodosuloficial.com.br\/index.php\/2026\/01\/02\/marcio-correia-e-o-grupo-gauchismo-o-respeito-e-a-tradicao-gaucha-na-musica\/"]}]},{"@type":"ImageObject","inLanguage":"pt-BR","@id":"https:\/\/bailaodosuloficial.com.br\/index.php\/2026\/01\/02\/marcio-correia-e-o-grupo-gauchismo-o-respeito-e-a-tradicao-gaucha-na-musica\/#primaryimage","url":"https:\/\/bailaodosuloficial.com.br\/wp-content\/uploads\/2026\/01\/image.png","contentUrl":"https:\/\/bailaodosuloficial.com.br\/wp-content\/uploads\/2026\/01\/image.png","width":491,"height":329},{"@type":"BreadcrumbList","@id":"https:\/\/bailaodosuloficial.com.br\/index.php\/2026\/01\/02\/marcio-correia-e-o-grupo-gauchismo-o-respeito-e-a-tradicao-gaucha-na-musica\/#breadcrumb","itemListElement":[{"@type":"ListItem","position":1,"name":"In\u00edcio","item":"https:\/\/bailaodosuloficial.com.br\/"},{"@type":"ListItem","position":2,"name":"M\u00e1rcio Correia e o Grupo Gauchismo: O Respeito e a Tradi\u00e7\u00e3o Ga\u00facha na M\u00fasica"}]},{"@type":"WebSite","@id":"https:\/\/bailaodosuloficial.com.br\/#website","url":"https:\/\/bailaodosuloficial.com.br\/","name":"Bail\u00e3o do Sul","description":"","publisher":{"@id":"https:\/\/bailaodosuloficial.com.br\/#organization"},"alternateName":"Bail\u00e3o do Sul Oficial","potentialAction":[{"@type":"SearchAction","target":{"@type":"EntryPoint","urlTemplate":"https:\/\/bailaodosuloficial.com.br\/?s={search_term_string}"},"query-input":{"@type":"PropertyValueSpecification","valueRequired":true,"valueName":"search_term_string"}}],"inLanguage":"pt-BR"},{"@type":"Organization","@id":"https:\/\/bailaodosuloficial.com.br\/#organization","name":"Bail\u00e3o do Sul","url":"https:\/\/bailaodosuloficial.com.br\/","logo":{"@type":"ImageObject","inLanguage":"pt-BR","@id":"https:\/\/bailaodosuloficial.com.br\/#\/schema\/logo\/image\/","url":"https:\/\/bailaodosuloficial.com.br\/wp-content\/uploads\/2026\/03\/cropped-fim-de-semana-5-scaled-1.png","contentUrl":"https:\/\/bailaodosuloficial.com.br\/wp-content\/uploads\/2026\/03\/cropped-fim-de-semana-5-scaled-1.png","width":1989,"height":1371,"caption":"Bail\u00e3o do Sul"},"image":{"@id":"https:\/\/bailaodosuloficial.com.br\/#\/schema\/logo\/image\/"},"sameAs":["http:\/\/instagram.com\/bailaodosul"]},{"@type":"Person","@id":"https:\/\/bailaodosuloficial.com.br\/#\/schema\/person\/b3bb1c43b091cd5c62100dd962ddda38","name":"admin","image":{"@type":"ImageObject","inLanguage":"pt-BR","@id":"https:\/\/bailaodosuloficial.com.br\/#\/schema\/person\/image\/","url":"https:\/\/secure.gravatar.com\/avatar\/8e8beae45c6419737da9ea57a58a1f945a580b701e1def541b4459d4ac234c85?s=96&d=mm&r=g","contentUrl":"https:\/\/secure.gravatar.com\/avatar\/8e8beae45c6419737da9ea57a58a1f945a580b701e1def541b4459d4ac234c85?s=96&d=mm&r=g","caption":"admin"},"sameAs":["https:\/\/bailaodosuloficial.com.br"],"url":"https:\/\/bailaodosuloficial.com.br\/index.php\/author\/bailao\/"}]}},"_links":{"self":[{"href":"https:\/\/bailaodosuloficial.com.br\/index.php\/wp-json\/wp\/v2\/posts\/508","targetHints":{"allow":["GET"]}}],"collection":[{"href":"https:\/\/bailaodosuloficial.com.br\/index.php\/wp-json\/wp\/v2\/posts"}],"about":[{"href":"https:\/\/bailaodosuloficial.com.br\/index.php\/wp-json\/wp\/v2\/types\/post"}],"author":[{"embeddable":true,"href":"https:\/\/bailaodosuloficial.com.br\/index.php\/wp-json\/wp\/v2\/users\/1"}],"replies":[{"embeddable":true,"href":"https:\/\/bailaodosuloficial.com.br\/index.php\/wp-json\/wp\/v2\/comments?post=508"}],"version-history":[{"count":1,"href":"https:\/\/bailaodosuloficial.com.br\/index.php\/wp-json\/wp\/v2\/posts\/508\/revisions"}],"predecessor-version":[{"id":511,"href":"https:\/\/bailaodosuloficial.com.br\/index.php\/wp-json\/wp\/v2\/posts\/508\/revisions\/511"}],"wp:featuredmedia":[{"embeddable":true,"href":"https:\/\/bailaodosuloficial.com.br\/index.php\/wp-json\/wp\/v2\/media\/509"}],"wp:attachment":[{"href":"https:\/\/bailaodosuloficial.com.br\/index.php\/wp-json\/wp\/v2\/media?parent=508"}],"wp:term":[{"taxonomy":"category","embeddable":true,"href":"https:\/\/bailaodosuloficial.com.br\/index.php\/wp-json\/wp\/v2\/categories?post=508"},{"taxonomy":"post_tag","embeddable":true,"href":"https:\/\/bailaodosuloficial.com.br\/index.php\/wp-json\/wp\/v2\/tags?post=508"}],"curies":[{"name":"wp","href":"https:\/\/api.w.org\/{rel}","templated":true}]}}