{"id":515,"date":"2026-01-02T17:23:15","date_gmt":"2026-01-02T17:23:15","guid":{"rendered":"https:\/\/bailaodosuloficial.com.br\/?p=515"},"modified":"2026-01-02T17:25:04","modified_gmt":"2026-01-02T17:25:04","slug":"515","status":"publish","type":"post","link":"https:\/\/bailaodosuloficial.com.br\/index.php\/2026\/01\/02\/515\/","title":{"rendered":"Banda Doce Pecado Lan\u00e7a Medley Inesquec\u00edvel com &#8220;Linda Demais&#8221; e &#8220;Coisas Esot\u00e9ricas&#8221;"},"content":{"rendered":"\n<p>Foto: Instagram\/bandadocepecado<\/p>\n\n\n\n<p>A <strong>Banda Doce Pecado<\/strong> acaba de lan\u00e7ar o seu <strong>primeiro medley<\/strong>, uma fus\u00e3o de duas m\u00fasicas que marcaram gera\u00e7\u00f5es e continuam a tocar os cora\u00e7\u00f5es de seus f\u00e3s: <strong>&#8220;Linda Demais&#8221;<\/strong> e <strong>&#8220;Coisas Esot\u00e9ricas&#8221;<\/strong>. Esse lan\u00e7amento, que promete se tornar um marco na carreira da banda, celebra n\u00e3o apenas a qualidade musical do grupo, mas tamb\u00e9m a capacidade de criar experi\u00eancias inesquec\u00edveis para o p\u00fablico. As duas can\u00e7\u00f5es s\u00e3o verdadeiros cl\u00e1ssicos, e ao serem combinadas, formam uma atmosfera \u00fanica que mistura romantismo e mist\u00e9rio, criando uma experi\u00eancia musical poderosa que resgata a beleza das melodias e a for\u00e7a das letras.<\/p>\n\n\n\n<p><strong>&#8220;Linda Demais&#8221;<\/strong> \u00e9 uma can\u00e7\u00e3o de amor que encanta pela sua melodia suave e suas letras emocionantes, exaltando a beleza e a intensidade de um sentimento profundo. Quando inserida no medley, ela prepara o terreno para a segunda m\u00fasica, criando uma transi\u00e7\u00e3o que leva o p\u00fablico a um novo n\u00edvel emocional. <strong>&#8220;Coisas Esot\u00e9ricas&#8221;<\/strong>, por sua vez, \u00e9 uma m\u00fasica mais introspectiva e enigm\u00e1tica, explorando quest\u00f5es filos\u00f3ficas e espirituais de uma forma po\u00e9tica e impactante. O contraste entre essas duas faixas, t\u00e3o distintas em seus temas e sonoridades, traz um equil\u00edbrio perfeito, mostrando a versatilidade da <strong>Banda Doce Pecado<\/strong> em explorar diferentes emo\u00e7\u00f5es e atmosferas dentro de uma mesma produ\u00e7\u00e3o.<\/p>\n\n\n\n<p>Para completar essa experi\u00eancia \u00fanica, a banda tamb\u00e9m lan\u00e7ou um <strong>clipe de tirar o f\u00f4lego<\/strong> que acompanha o medley. O clipe \u00e9 uma produ\u00e7\u00e3o visual de alt\u00edssimo n\u00edvel, com imagens impactantes e uma narrativa que intensifica as emo\u00e7\u00f5es j\u00e1 presentes nas m\u00fasicas. Cada cena foi pensada para criar uma imers\u00e3o completa, permitindo que o p\u00fablico se conecte ainda mais com a mensagem e a energia das faixas. A resposta dos f\u00e3s foi imediata e extremamente positiva, com milhares de visualiza\u00e7\u00f5es e coment\u00e1rios elogiosos nas redes sociais. A banda tem se mostrado cada vez mais envolvida com seus seguidores, oferecendo-lhes uma experi\u00eancia completa, que vai al\u00e9m da m\u00fasica e se estende ao universo visual e emocional que ela cria.<\/p>\n\n\n\n<p>Com o sucesso do medley e da recep\u00e7\u00e3o calorosa do p\u00fablico, a <strong>Banda Doce Pecado<\/strong> continua a reafirmar sua posi\u00e7\u00e3o como uma das principais refer\u00eancias no cen\u00e1rio musical, sempre inovando e mantendo uma conex\u00e3o genu\u00edna com seus f\u00e3s. O lan\u00e7amento de <strong>&#8220;Linda Demais&#8221; e &#8220;Coisas Esot\u00e9ricas&#8221;<\/strong> n\u00e3o \u00e9 apenas uma celebra\u00e7\u00e3o do passado, mas tamb\u00e9m um olhar para o futuro da banda, que promete continuar surpreendendo com sua criatividade e musicalidade. Este medley \u00e9, sem d\u00favida, apenas o come\u00e7o de uma nova fase para a banda, que promete continuar encantando e emocionando seu p\u00fablico com mais lan\u00e7amentos e projetos inovadores. Se voc\u00ea ainda n\u00e3o ouviu, n\u00e3o deixe de conferir esse medley que, com certeza, se tornar\u00e1 um novo cl\u00e1ssico da m\u00fasica brasileira.<\/p>\n\n\n\n<figure class=\"wp-block-embed is-type-video is-provider-youtube wp-block-embed-youtube wp-embed-aspect-16-9 wp-has-aspect-ratio\"><div class=\"wp-block-embed__wrapper\">\n<iframe loading=\"lazy\" title=\"Doce Pecado - Linda Demais - Coisas Esot\u00e9ricas \u201cMEDLEY\u201d\" width=\"960\" height=\"540\" src=\"https:\/\/www.youtube.com\/embed\/AMmY-Efwug0?feature=oembed\" frameborder=\"0\" allow=\"accelerometer; autoplay; clipboard-write; encrypted-media; gyroscope; picture-in-picture; web-share\" referrerpolicy=\"strict-origin-when-cross-origin\" allowfullscreen><\/iframe>\n<\/div><\/figure>\n","protected":false},"excerpt":{"rendered":"<p>Foto: Instagram\/bandadocepecado A Banda Doce Pecado acaba de lan\u00e7ar o seu primeiro medley, uma fus\u00e3o de duas m\u00fasicas que marcaram gera\u00e7\u00f5es e continuam a tocar os cora\u00e7\u00f5es de seus f\u00e3s: &#8220;Linda Demais&#8221; e &#8220;Coisas Esot\u00e9ricas&#8221;. Esse lan\u00e7amento, que promete se tornar um marco na carreira da banda, celebra n\u00e3o apenas a qualidade musical do grupo,<\/p>\n","protected":false},"author":1,"featured_media":516,"comment_status":"open","ping_status":"open","sticky":false,"template":"","format":"standard","meta":{"footnotes":""},"categories":[2],"tags":[],"class_list":["post-515","post","type-post","status-publish","format-standard","has-post-thumbnail","hentry","category-bailao"],"yoast_head":"<!-- This site is optimized with the Yoast SEO plugin v26.9 - https:\/\/yoast.com\/product\/yoast-seo-wordpress\/ -->\n<title>Banda Doce Pecado Lan\u00e7a Medley Inesquec\u00edvel com &quot;Linda Demais&quot; e &quot;Coisas Esot\u00e9ricas&quot; -<\/title>\n<meta name=\"robots\" content=\"index, follow, max-snippet:-1, max-image-preview:large, max-video-preview:-1\" \/>\n<link rel=\"canonical\" href=\"https:\/\/bailaodosuloficial.com.br\/index.php\/2026\/01\/02\/515\/\" \/>\n<meta property=\"og:locale\" content=\"pt_BR\" \/>\n<meta property=\"og:type\" content=\"article\" \/>\n<meta property=\"og:title\" content=\"Banda Doce Pecado Lan\u00e7a Medley Inesquec\u00edvel com &quot;Linda Demais&quot; e &quot;Coisas Esot\u00e9ricas&quot; -\" \/>\n<meta property=\"og:description\" content=\"Foto: Instagram\/bandadocepecado A Banda Doce Pecado acaba de lan\u00e7ar o seu primeiro medley, uma fus\u00e3o de duas m\u00fasicas que marcaram gera\u00e7\u00f5es e continuam a tocar os cora\u00e7\u00f5es de seus f\u00e3s: &#8220;Linda Demais&#8221; e &#8220;Coisas Esot\u00e9ricas&#8221;. Esse lan\u00e7amento, que promete se tornar um marco na carreira da banda, celebra n\u00e3o apenas a qualidade musical do grupo,\" \/>\n<meta property=\"og:url\" content=\"https:\/\/bailaodosuloficial.com.br\/index.php\/2026\/01\/02\/515\/\" \/>\n<meta property=\"article:published_time\" content=\"2026-01-02T17:23:15+00:00\" \/>\n<meta property=\"article:modified_time\" content=\"2026-01-02T17:25:04+00:00\" \/>\n<meta property=\"og:image\" content=\"https:\/\/bailaodosuloficial.com.br\/wp-content\/uploads\/2026\/01\/image-3.png\" \/>\n\t<meta property=\"og:image:width\" content=\"559\" \/>\n\t<meta property=\"og:image:height\" content=\"518\" \/>\n\t<meta property=\"og:image:type\" content=\"image\/png\" \/>\n<meta name=\"author\" content=\"admin\" \/>\n<meta name=\"twitter:card\" content=\"summary_large_image\" \/>\n<meta name=\"twitter:label1\" content=\"Escrito por\" \/>\n\t<meta name=\"twitter:data1\" content=\"admin\" \/>\n\t<meta name=\"twitter:label2\" content=\"Est. tempo de leitura\" \/>\n\t<meta name=\"twitter:data2\" content=\"3 minutos\" \/>\n<script type=\"application\/ld+json\" class=\"yoast-schema-graph\">{\"@context\":\"https:\/\/schema.org\",\"@graph\":[{\"@type\":\"Article\",\"@id\":\"https:\/\/bailaodosuloficial.com.br\/index.php\/2026\/01\/02\/515\/#article\",\"isPartOf\":{\"@id\":\"https:\/\/bailaodosuloficial.com.br\/index.php\/2026\/01\/02\/515\/\"},\"author\":{\"name\":\"admin\",\"@id\":\"https:\/\/bailaodosuloficial.com.br\/#\/schema\/person\/b3bb1c43b091cd5c62100dd962ddda38\"},\"headline\":\"Banda Doce Pecado Lan\u00e7a Medley Inesquec\u00edvel com &#8220;Linda Demais&#8221; e &#8220;Coisas Esot\u00e9ricas&#8221;\",\"datePublished\":\"2026-01-02T17:23:15+00:00\",\"dateModified\":\"2026-01-02T17:25:04+00:00\",\"mainEntityOfPage\":{\"@id\":\"https:\/\/bailaodosuloficial.com.br\/index.php\/2026\/01\/02\/515\/\"},\"wordCount\":540,\"commentCount\":0,\"publisher\":{\"@id\":\"https:\/\/bailaodosuloficial.com.br\/#organization\"},\"image\":{\"@id\":\"https:\/\/bailaodosuloficial.com.br\/index.php\/2026\/01\/02\/515\/#primaryimage\"},\"thumbnailUrl\":\"https:\/\/bailaodosuloficial.com.br\/wp-content\/uploads\/2026\/01\/image-3.png\",\"articleSection\":[\"Bail\u00e3o\"],\"inLanguage\":\"pt-BR\",\"potentialAction\":[{\"@type\":\"CommentAction\",\"name\":\"Comment\",\"target\":[\"https:\/\/bailaodosuloficial.com.br\/index.php\/2026\/01\/02\/515\/#respond\"]}]},{\"@type\":\"WebPage\",\"@id\":\"https:\/\/bailaodosuloficial.com.br\/index.php\/2026\/01\/02\/515\/\",\"url\":\"https:\/\/bailaodosuloficial.com.br\/index.php\/2026\/01\/02\/515\/\",\"name\":\"Banda Doce Pecado Lan\u00e7a Medley Inesquec\u00edvel com \\\"Linda Demais\\\" e \\\"Coisas Esot\u00e9ricas\\\" -\",\"isPartOf\":{\"@id\":\"https:\/\/bailaodosuloficial.com.br\/#website\"},\"primaryImageOfPage\":{\"@id\":\"https:\/\/bailaodosuloficial.com.br\/index.php\/2026\/01\/02\/515\/#primaryimage\"},\"image\":{\"@id\":\"https:\/\/bailaodosuloficial.com.br\/index.php\/2026\/01\/02\/515\/#primaryimage\"},\"thumbnailUrl\":\"https:\/\/bailaodosuloficial.com.br\/wp-content\/uploads\/2026\/01\/image-3.png\",\"datePublished\":\"2026-01-02T17:23:15+00:00\",\"dateModified\":\"2026-01-02T17:25:04+00:00\",\"breadcrumb\":{\"@id\":\"https:\/\/bailaodosuloficial.com.br\/index.php\/2026\/01\/02\/515\/#breadcrumb\"},\"inLanguage\":\"pt-BR\",\"potentialAction\":[{\"@type\":\"ReadAction\",\"target\":[\"https:\/\/bailaodosuloficial.com.br\/index.php\/2026\/01\/02\/515\/\"]}]},{\"@type\":\"ImageObject\",\"inLanguage\":\"pt-BR\",\"@id\":\"https:\/\/bailaodosuloficial.com.br\/index.php\/2026\/01\/02\/515\/#primaryimage\",\"url\":\"https:\/\/bailaodosuloficial.com.br\/wp-content\/uploads\/2026\/01\/image-3.png\",\"contentUrl\":\"https:\/\/bailaodosuloficial.com.br\/wp-content\/uploads\/2026\/01\/image-3.png\",\"width\":559,\"height\":518},{\"@type\":\"BreadcrumbList\",\"@id\":\"https:\/\/bailaodosuloficial.com.br\/index.php\/2026\/01\/02\/515\/#breadcrumb\",\"itemListElement\":[{\"@type\":\"ListItem\",\"position\":1,\"name\":\"In\u00edcio\",\"item\":\"https:\/\/bailaodosuloficial.com.br\/\"},{\"@type\":\"ListItem\",\"position\":2,\"name\":\"Banda Doce Pecado Lan\u00e7a Medley Inesquec\u00edvel com &#8220;Linda Demais&#8221; e &#8220;Coisas Esot\u00e9ricas&#8221;\"}]},{\"@type\":\"WebSite\",\"@id\":\"https:\/\/bailaodosuloficial.com.br\/#website\",\"url\":\"https:\/\/bailaodosuloficial.com.br\/\",\"name\":\"Bail\u00e3o do Sul\",\"description\":\"\",\"publisher\":{\"@id\":\"https:\/\/bailaodosuloficial.com.br\/#organization\"},\"alternateName\":\"Bail\u00e3o do Sul Oficial\",\"potentialAction\":[{\"@type\":\"SearchAction\",\"target\":{\"@type\":\"EntryPoint\",\"urlTemplate\":\"https:\/\/bailaodosuloficial.com.br\/?s={search_term_string}\"},\"query-input\":{\"@type\":\"PropertyValueSpecification\",\"valueRequired\":true,\"valueName\":\"search_term_string\"}}],\"inLanguage\":\"pt-BR\"},{\"@type\":\"Organization\",\"@id\":\"https:\/\/bailaodosuloficial.com.br\/#organization\",\"name\":\"Bail\u00e3o do Sul\",\"url\":\"https:\/\/bailaodosuloficial.com.br\/\",\"logo\":{\"@type\":\"ImageObject\",\"inLanguage\":\"pt-BR\",\"@id\":\"https:\/\/bailaodosuloficial.com.br\/#\/schema\/logo\/image\/\",\"url\":\"https:\/\/bailaodosuloficial.com.br\/wp-content\/uploads\/2026\/03\/cropped-fim-de-semana-5-scaled-1.png\",\"contentUrl\":\"https:\/\/bailaodosuloficial.com.br\/wp-content\/uploads\/2026\/03\/cropped-fim-de-semana-5-scaled-1.png\",\"width\":1989,\"height\":1371,\"caption\":\"Bail\u00e3o do Sul\"},\"image\":{\"@id\":\"https:\/\/bailaodosuloficial.com.br\/#\/schema\/logo\/image\/\"},\"sameAs\":[\"http:\/\/instagram.com\/bailaodosul\"]},{\"@type\":\"Person\",\"@id\":\"https:\/\/bailaodosuloficial.com.br\/#\/schema\/person\/b3bb1c43b091cd5c62100dd962ddda38\",\"name\":\"admin\",\"image\":{\"@type\":\"ImageObject\",\"inLanguage\":\"pt-BR\",\"@id\":\"https:\/\/bailaodosuloficial.com.br\/#\/schema\/person\/image\/\",\"url\":\"https:\/\/secure.gravatar.com\/avatar\/8e8beae45c6419737da9ea57a58a1f945a580b701e1def541b4459d4ac234c85?s=96&d=mm&r=g\",\"contentUrl\":\"https:\/\/secure.gravatar.com\/avatar\/8e8beae45c6419737da9ea57a58a1f945a580b701e1def541b4459d4ac234c85?s=96&d=mm&r=g\",\"caption\":\"admin\"},\"sameAs\":[\"https:\/\/bailaodosuloficial.com.br\"],\"url\":\"https:\/\/bailaodosuloficial.com.br\/index.php\/author\/bailao\/\"}]}<\/script>\n<!-- \/ Yoast SEO plugin. -->","yoast_head_json":{"title":"Banda Doce Pecado Lan\u00e7a Medley Inesquec\u00edvel com \"Linda Demais\" e \"Coisas Esot\u00e9ricas\" -","robots":{"index":"index","follow":"follow","max-snippet":"max-snippet:-1","max-image-preview":"max-image-preview:large","max-video-preview":"max-video-preview:-1"},"canonical":"https:\/\/bailaodosuloficial.com.br\/index.php\/2026\/01\/02\/515\/","og_locale":"pt_BR","og_type":"article","og_title":"Banda Doce Pecado Lan\u00e7a Medley Inesquec\u00edvel com \"Linda Demais\" e \"Coisas Esot\u00e9ricas\" -","og_description":"Foto: Instagram\/bandadocepecado A Banda Doce Pecado acaba de lan\u00e7ar o seu primeiro medley, uma fus\u00e3o de duas m\u00fasicas que marcaram gera\u00e7\u00f5es e continuam a tocar os cora\u00e7\u00f5es de seus f\u00e3s: &#8220;Linda Demais&#8221; e &#8220;Coisas Esot\u00e9ricas&#8221;. Esse lan\u00e7amento, que promete se tornar um marco na carreira da banda, celebra n\u00e3o apenas a qualidade musical do grupo,","og_url":"https:\/\/bailaodosuloficial.com.br\/index.php\/2026\/01\/02\/515\/","article_published_time":"2026-01-02T17:23:15+00:00","article_modified_time":"2026-01-02T17:25:04+00:00","og_image":[{"width":559,"height":518,"url":"https:\/\/bailaodosuloficial.com.br\/wp-content\/uploads\/2026\/01\/image-3.png","type":"image\/png"}],"author":"admin","twitter_card":"summary_large_image","twitter_misc":{"Escrito por":"admin","Est. tempo de leitura":"3 minutos"},"schema":{"@context":"https:\/\/schema.org","@graph":[{"@type":"Article","@id":"https:\/\/bailaodosuloficial.com.br\/index.php\/2026\/01\/02\/515\/#article","isPartOf":{"@id":"https:\/\/bailaodosuloficial.com.br\/index.php\/2026\/01\/02\/515\/"},"author":{"name":"admin","@id":"https:\/\/bailaodosuloficial.com.br\/#\/schema\/person\/b3bb1c43b091cd5c62100dd962ddda38"},"headline":"Banda Doce Pecado Lan\u00e7a Medley Inesquec\u00edvel com &#8220;Linda Demais&#8221; e &#8220;Coisas Esot\u00e9ricas&#8221;","datePublished":"2026-01-02T17:23:15+00:00","dateModified":"2026-01-02T17:25:04+00:00","mainEntityOfPage":{"@id":"https:\/\/bailaodosuloficial.com.br\/index.php\/2026\/01\/02\/515\/"},"wordCount":540,"commentCount":0,"publisher":{"@id":"https:\/\/bailaodosuloficial.com.br\/#organization"},"image":{"@id":"https:\/\/bailaodosuloficial.com.br\/index.php\/2026\/01\/02\/515\/#primaryimage"},"thumbnailUrl":"https:\/\/bailaodosuloficial.com.br\/wp-content\/uploads\/2026\/01\/image-3.png","articleSection":["Bail\u00e3o"],"inLanguage":"pt-BR","potentialAction":[{"@type":"CommentAction","name":"Comment","target":["https:\/\/bailaodosuloficial.com.br\/index.php\/2026\/01\/02\/515\/#respond"]}]},{"@type":"WebPage","@id":"https:\/\/bailaodosuloficial.com.br\/index.php\/2026\/01\/02\/515\/","url":"https:\/\/bailaodosuloficial.com.br\/index.php\/2026\/01\/02\/515\/","name":"Banda Doce Pecado Lan\u00e7a Medley Inesquec\u00edvel com \"Linda Demais\" e \"Coisas Esot\u00e9ricas\" -","isPartOf":{"@id":"https:\/\/bailaodosuloficial.com.br\/#website"},"primaryImageOfPage":{"@id":"https:\/\/bailaodosuloficial.com.br\/index.php\/2026\/01\/02\/515\/#primaryimage"},"image":{"@id":"https:\/\/bailaodosuloficial.com.br\/index.php\/2026\/01\/02\/515\/#primaryimage"},"thumbnailUrl":"https:\/\/bailaodosuloficial.com.br\/wp-content\/uploads\/2026\/01\/image-3.png","datePublished":"2026-01-02T17:23:15+00:00","dateModified":"2026-01-02T17:25:04+00:00","breadcrumb":{"@id":"https:\/\/bailaodosuloficial.com.br\/index.php\/2026\/01\/02\/515\/#breadcrumb"},"inLanguage":"pt-BR","potentialAction":[{"@type":"ReadAction","target":["https:\/\/bailaodosuloficial.com.br\/index.php\/2026\/01\/02\/515\/"]}]},{"@type":"ImageObject","inLanguage":"pt-BR","@id":"https:\/\/bailaodosuloficial.com.br\/index.php\/2026\/01\/02\/515\/#primaryimage","url":"https:\/\/bailaodosuloficial.com.br\/wp-content\/uploads\/2026\/01\/image-3.png","contentUrl":"https:\/\/bailaodosuloficial.com.br\/wp-content\/uploads\/2026\/01\/image-3.png","width":559,"height":518},{"@type":"BreadcrumbList","@id":"https:\/\/bailaodosuloficial.com.br\/index.php\/2026\/01\/02\/515\/#breadcrumb","itemListElement":[{"@type":"ListItem","position":1,"name":"In\u00edcio","item":"https:\/\/bailaodosuloficial.com.br\/"},{"@type":"ListItem","position":2,"name":"Banda Doce Pecado Lan\u00e7a Medley Inesquec\u00edvel com &#8220;Linda Demais&#8221; e &#8220;Coisas Esot\u00e9ricas&#8221;"}]},{"@type":"WebSite","@id":"https:\/\/bailaodosuloficial.com.br\/#website","url":"https:\/\/bailaodosuloficial.com.br\/","name":"Bail\u00e3o do Sul","description":"","publisher":{"@id":"https:\/\/bailaodosuloficial.com.br\/#organization"},"alternateName":"Bail\u00e3o do Sul Oficial","potentialAction":[{"@type":"SearchAction","target":{"@type":"EntryPoint","urlTemplate":"https:\/\/bailaodosuloficial.com.br\/?s={search_term_string}"},"query-input":{"@type":"PropertyValueSpecification","valueRequired":true,"valueName":"search_term_string"}}],"inLanguage":"pt-BR"},{"@type":"Organization","@id":"https:\/\/bailaodosuloficial.com.br\/#organization","name":"Bail\u00e3o do Sul","url":"https:\/\/bailaodosuloficial.com.br\/","logo":{"@type":"ImageObject","inLanguage":"pt-BR","@id":"https:\/\/bailaodosuloficial.com.br\/#\/schema\/logo\/image\/","url":"https:\/\/bailaodosuloficial.com.br\/wp-content\/uploads\/2026\/03\/cropped-fim-de-semana-5-scaled-1.png","contentUrl":"https:\/\/bailaodosuloficial.com.br\/wp-content\/uploads\/2026\/03\/cropped-fim-de-semana-5-scaled-1.png","width":1989,"height":1371,"caption":"Bail\u00e3o do Sul"},"image":{"@id":"https:\/\/bailaodosuloficial.com.br\/#\/schema\/logo\/image\/"},"sameAs":["http:\/\/instagram.com\/bailaodosul"]},{"@type":"Person","@id":"https:\/\/bailaodosuloficial.com.br\/#\/schema\/person\/b3bb1c43b091cd5c62100dd962ddda38","name":"admin","image":{"@type":"ImageObject","inLanguage":"pt-BR","@id":"https:\/\/bailaodosuloficial.com.br\/#\/schema\/person\/image\/","url":"https:\/\/secure.gravatar.com\/avatar\/8e8beae45c6419737da9ea57a58a1f945a580b701e1def541b4459d4ac234c85?s=96&d=mm&r=g","contentUrl":"https:\/\/secure.gravatar.com\/avatar\/8e8beae45c6419737da9ea57a58a1f945a580b701e1def541b4459d4ac234c85?s=96&d=mm&r=g","caption":"admin"},"sameAs":["https:\/\/bailaodosuloficial.com.br"],"url":"https:\/\/bailaodosuloficial.com.br\/index.php\/author\/bailao\/"}]}},"_links":{"self":[{"href":"https:\/\/bailaodosuloficial.com.br\/index.php\/wp-json\/wp\/v2\/posts\/515","targetHints":{"allow":["GET"]}}],"collection":[{"href":"https:\/\/bailaodosuloficial.com.br\/index.php\/wp-json\/wp\/v2\/posts"}],"about":[{"href":"https:\/\/bailaodosuloficial.com.br\/index.php\/wp-json\/wp\/v2\/types\/post"}],"author":[{"embeddable":true,"href":"https:\/\/bailaodosuloficial.com.br\/index.php\/wp-json\/wp\/v2\/users\/1"}],"replies":[{"embeddable":true,"href":"https:\/\/bailaodosuloficial.com.br\/index.php\/wp-json\/wp\/v2\/comments?post=515"}],"version-history":[{"count":3,"href":"https:\/\/bailaodosuloficial.com.br\/index.php\/wp-json\/wp\/v2\/posts\/515\/revisions"}],"predecessor-version":[{"id":521,"href":"https:\/\/bailaodosuloficial.com.br\/index.php\/wp-json\/wp\/v2\/posts\/515\/revisions\/521"}],"wp:featuredmedia":[{"embeddable":true,"href":"https:\/\/bailaodosuloficial.com.br\/index.php\/wp-json\/wp\/v2\/media\/516"}],"wp:attachment":[{"href":"https:\/\/bailaodosuloficial.com.br\/index.php\/wp-json\/wp\/v2\/media?parent=515"}],"wp:term":[{"taxonomy":"category","embeddable":true,"href":"https:\/\/bailaodosuloficial.com.br\/index.php\/wp-json\/wp\/v2\/categories?post=515"},{"taxonomy":"post_tag","embeddable":true,"href":"https:\/\/bailaodosuloficial.com.br\/index.php\/wp-json\/wp\/v2\/tags?post=515"}],"curies":[{"name":"wp","href":"https:\/\/api.w.org\/{rel}","templated":true}]}}