{"id":535,"date":"2026-01-02T18:04:08","date_gmt":"2026-01-02T18:04:08","guid":{"rendered":"https:\/\/bailaodosuloficial.com.br\/?p=535"},"modified":"2026-01-02T18:04:08","modified_gmt":"2026-01-02T18:04:08","slug":"compasso-bailado-chega-com-forca-ouca-a-nova-musica-do-grupo-os-mateadores-e-sinta-o-ritmo-da-tradicao","status":"publish","type":"post","link":"https:\/\/bailaodosuloficial.com.br\/index.php\/2026\/01\/02\/compasso-bailado-chega-com-forca-ouca-a-nova-musica-do-grupo-os-mateadores-e-sinta-o-ritmo-da-tradicao\/","title":{"rendered":"&#8220;Compasso Bailado&#8221; Chega com For\u00e7a: Ou\u00e7a a Nova M\u00fasica do Grupo Os Mateadores e Sinta o Ritmo da Tradi\u00e7\u00e3o!"},"content":{"rendered":"\n<p><\/p>\n\n\n\n<p>O renomado <strong>Grupo Os Mateadores<\/strong>, um dos principais nomes da m\u00fasica tradicional do Sul do Brasil, acaba de apresentar sua mais recente m\u00fasica de trabalho: <strong>\u201cCompasso Bailado\u201d<\/strong>. A faixa foi lan\u00e7ada oficialmente no final de 2025 e j\u00e1 est\u00e1 dispon\u00edvel nas plataformas digitais, marcando o in\u00edcio de uma nova fase na carreira do grupo.<\/p>\n\n\n\n<p>\u201cCompasso Bailado\u201d faz parte do projeto comemorativo dos <strong>40 anos de carreira do grupo<\/strong>, sendo um dos destaques do conte\u00fado musical produzido dentro da s\u00e9rie <strong>M\u00fasica do Sul<\/strong>. A can\u00e7\u00e3o re\u00fane a ess\u00eancia do repert\u00f3rio tradicional com uma pegada mais atual, mantendo a fidelidade aos ritmos que consagraram o grupo ao longo das \u00faltimas d\u00e9cadas.<\/p>\n\n\n\n<p>A nova m\u00fasica destaca o esp\u00edrito do <strong>bail\u00e3o sul-brasileiro<\/strong>, com elementos de vanera, sertanejo e outros ritmos de baile que sempre foram fundamentais para a identidade do grupo. O t\u00edtulo <strong>\u201cCompasso Bailado\u201d<\/strong> faz refer\u00eancia ao ritmo musical e ao movimento da dan\u00e7a, evocando a tradi\u00e7\u00e3o dos fandangos, bailes e festas que ajudaram a fortalecer o repert\u00f3rio do grupo desde sua forma\u00e7\u00e3o. A faixa promete ser uma verdadeira celebra\u00e7\u00e3o da m\u00fasica popular e do folclore regional, convidando o p\u00fablico a dan\u00e7ar e celebrar a cultura do Sul.<\/p>\n\n\n\n<p>Nas redes sociais, o grupo tem compartilhado v\u00eddeos e bastidores que mostram a expectativa do lan\u00e7amento, com os f\u00e3s e seguidores demonstrando grande entusiasmo pelo novo trabalho. Em seus posts, o grupo tamb\u00e9m tem destacado a conex\u00e3o entre a m\u00fasica e a celebra\u00e7\u00e3o de momentos de dan\u00e7a e alegria, convidando todos a fazer parte dessa nova fase. O lan\u00e7amento de <strong>\u201cCompasso Bailado\u201d<\/strong> \u00e9 tamb\u00e9m um convite para o p\u00fablico celebrar as tradi\u00e7\u00f5es da m\u00fasica de baile em festas e encontros, mantendo viva a cultura popular que sempre foi um dos pilares do grupo.<\/p>\n\n\n\n<figure class=\"wp-block-embed is-type-video is-provider-youtube wp-block-embed-youtube wp-embed-aspect-16-9 wp-has-aspect-ratio\"><div class=\"wp-block-embed__wrapper\">\n<iframe loading=\"lazy\" title=\"01 - Compasso Bailado | Os Mateadores - Musica do Sul\" width=\"960\" height=\"540\" src=\"https:\/\/www.youtube.com\/embed\/RM4YI2t8ABg?feature=oembed\" frameborder=\"0\" allow=\"accelerometer; autoplay; clipboard-write; encrypted-media; gyroscope; picture-in-picture; web-share\" referrerpolicy=\"strict-origin-when-cross-origin\" allowfullscreen><\/iframe>\n<\/div><\/figure>\n\n\n\n<p>Com mais de quatro d\u00e9cadas de carreira, o <strong>Grupo Os Mateadores<\/strong> continua a ser uma das maiores refer\u00eancias da m\u00fasica tradicional brasileira, misturando elementos da cultura sulista com influ\u00eancias modernas, sempre com o objetivo de proporcionar uma experi\u00eancia musical aut\u00eantica e emocionante aos seus f\u00e3s. Com \u201cCompasso Bailado\u201d, o grupo reafirma seu compromisso com a preserva\u00e7\u00e3o e a evolu\u00e7\u00e3o das tradi\u00e7\u00f5es musicais, ao mesmo tempo em que se mant\u00e9m relevante para as novas gera\u00e7\u00f5es de ouvintes.<\/p>\n\n\n\n<p>Este lan\u00e7amento n\u00e3o apenas marca uma nova etapa para o grupo, mas tamb\u00e9m convida todos a se unir na celebra\u00e7\u00e3o de sua m\u00fasica e de sua trajet\u00f3ria, que, ao longo de 40 anos, tem sido marcada por sucessos, parcerias e uma conex\u00e3o \u00fanica com o p\u00fablico.<\/p>\n","protected":false},"excerpt":{"rendered":"<p>O renomado Grupo Os Mateadores, um dos principais nomes da m\u00fasica tradicional do Sul do Brasil, acaba de apresentar sua mais recente m\u00fasica de trabalho: \u201cCompasso Bailado\u201d. A faixa foi lan\u00e7ada oficialmente no final de 2025 e j\u00e1 est\u00e1 dispon\u00edvel nas plataformas digitais, marcando o in\u00edcio de uma nova fase na carreira do grupo. \u201cCompasso<\/p>\n","protected":false},"author":1,"featured_media":536,"comment_status":"open","ping_status":"open","sticky":false,"template":"","format":"standard","meta":{"footnotes":""},"categories":[3],"tags":[],"class_list":["post-535","post","type-post","status-publish","format-standard","has-post-thumbnail","hentry","category-gaucho"],"yoast_head":"<!-- This site is optimized with the Yoast SEO plugin v26.9 - https:\/\/yoast.com\/product\/yoast-seo-wordpress\/ -->\n<title>&quot;Compasso Bailado&quot; Chega com For\u00e7a: Ou\u00e7a a Nova M\u00fasica do Grupo Os Mateadores e Sinta o Ritmo da Tradi\u00e7\u00e3o! -<\/title>\n<meta name=\"robots\" content=\"index, follow, max-snippet:-1, max-image-preview:large, max-video-preview:-1\" \/>\n<link rel=\"canonical\" href=\"https:\/\/bailaodosuloficial.com.br\/index.php\/2026\/01\/02\/compasso-bailado-chega-com-forca-ouca-a-nova-musica-do-grupo-os-mateadores-e-sinta-o-ritmo-da-tradicao\/\" \/>\n<meta property=\"og:locale\" content=\"pt_BR\" \/>\n<meta property=\"og:type\" content=\"article\" \/>\n<meta property=\"og:title\" content=\"&quot;Compasso Bailado&quot; Chega com For\u00e7a: Ou\u00e7a a Nova M\u00fasica do Grupo Os Mateadores e Sinta o Ritmo da Tradi\u00e7\u00e3o! -\" \/>\n<meta property=\"og:description\" content=\"O renomado Grupo Os Mateadores, um dos principais nomes da m\u00fasica tradicional do Sul do Brasil, acaba de apresentar sua mais recente m\u00fasica de trabalho: \u201cCompasso Bailado\u201d. A faixa foi lan\u00e7ada oficialmente no final de 2025 e j\u00e1 est\u00e1 dispon\u00edvel nas plataformas digitais, marcando o in\u00edcio de uma nova fase na carreira do grupo. \u201cCompasso\" \/>\n<meta property=\"og:url\" content=\"https:\/\/bailaodosuloficial.com.br\/index.php\/2026\/01\/02\/compasso-bailado-chega-com-forca-ouca-a-nova-musica-do-grupo-os-mateadores-e-sinta-o-ritmo-da-tradicao\/\" \/>\n<meta property=\"article:published_time\" content=\"2026-01-02T18:04:08+00:00\" \/>\n<meta property=\"og:image\" content=\"https:\/\/bailaodosuloficial.com.br\/wp-content\/uploads\/2026\/01\/image-4.png\" \/>\n\t<meta property=\"og:image:width\" content=\"574\" \/>\n\t<meta property=\"og:image:height\" content=\"359\" \/>\n\t<meta property=\"og:image:type\" content=\"image\/png\" \/>\n<meta name=\"author\" content=\"admin\" \/>\n<meta name=\"twitter:card\" content=\"summary_large_image\" \/>\n<meta name=\"twitter:label1\" content=\"Escrito por\" \/>\n\t<meta name=\"twitter:data1\" content=\"admin\" \/>\n\t<meta name=\"twitter:label2\" content=\"Est. tempo de leitura\" \/>\n\t<meta name=\"twitter:data2\" content=\"2 minutos\" \/>\n<script type=\"application\/ld+json\" class=\"yoast-schema-graph\">{\"@context\":\"https:\/\/schema.org\",\"@graph\":[{\"@type\":\"Article\",\"@id\":\"https:\/\/bailaodosuloficial.com.br\/index.php\/2026\/01\/02\/compasso-bailado-chega-com-forca-ouca-a-nova-musica-do-grupo-os-mateadores-e-sinta-o-ritmo-da-tradicao\/#article\",\"isPartOf\":{\"@id\":\"https:\/\/bailaodosuloficial.com.br\/index.php\/2026\/01\/02\/compasso-bailado-chega-com-forca-ouca-a-nova-musica-do-grupo-os-mateadores-e-sinta-o-ritmo-da-tradicao\/\"},\"author\":{\"name\":\"admin\",\"@id\":\"https:\/\/bailaodosuloficial.com.br\/#\/schema\/person\/b3bb1c43b091cd5c62100dd962ddda38\"},\"headline\":\"&#8220;Compasso Bailado&#8221; Chega com For\u00e7a: Ou\u00e7a a Nova M\u00fasica do Grupo Os Mateadores e Sinta o Ritmo da Tradi\u00e7\u00e3o!\",\"datePublished\":\"2026-01-02T18:04:08+00:00\",\"mainEntityOfPage\":{\"@id\":\"https:\/\/bailaodosuloficial.com.br\/index.php\/2026\/01\/02\/compasso-bailado-chega-com-forca-ouca-a-nova-musica-do-grupo-os-mateadores-e-sinta-o-ritmo-da-tradicao\/\"},\"wordCount\":501,\"commentCount\":0,\"publisher\":{\"@id\":\"https:\/\/bailaodosuloficial.com.br\/#organization\"},\"image\":{\"@id\":\"https:\/\/bailaodosuloficial.com.br\/index.php\/2026\/01\/02\/compasso-bailado-chega-com-forca-ouca-a-nova-musica-do-grupo-os-mateadores-e-sinta-o-ritmo-da-tradicao\/#primaryimage\"},\"thumbnailUrl\":\"https:\/\/bailaodosuloficial.com.br\/wp-content\/uploads\/2026\/01\/image-4.png\",\"articleSection\":[\"Ga\u00fachas\"],\"inLanguage\":\"pt-BR\",\"potentialAction\":[{\"@type\":\"CommentAction\",\"name\":\"Comment\",\"target\":[\"https:\/\/bailaodosuloficial.com.br\/index.php\/2026\/01\/02\/compasso-bailado-chega-com-forca-ouca-a-nova-musica-do-grupo-os-mateadores-e-sinta-o-ritmo-da-tradicao\/#respond\"]}]},{\"@type\":\"WebPage\",\"@id\":\"https:\/\/bailaodosuloficial.com.br\/index.php\/2026\/01\/02\/compasso-bailado-chega-com-forca-ouca-a-nova-musica-do-grupo-os-mateadores-e-sinta-o-ritmo-da-tradicao\/\",\"url\":\"https:\/\/bailaodosuloficial.com.br\/index.php\/2026\/01\/02\/compasso-bailado-chega-com-forca-ouca-a-nova-musica-do-grupo-os-mateadores-e-sinta-o-ritmo-da-tradicao\/\",\"name\":\"\\\"Compasso Bailado\\\" Chega com For\u00e7a: Ou\u00e7a a Nova M\u00fasica do Grupo Os Mateadores e Sinta o Ritmo da Tradi\u00e7\u00e3o! -\",\"isPartOf\":{\"@id\":\"https:\/\/bailaodosuloficial.com.br\/#website\"},\"primaryImageOfPage\":{\"@id\":\"https:\/\/bailaodosuloficial.com.br\/index.php\/2026\/01\/02\/compasso-bailado-chega-com-forca-ouca-a-nova-musica-do-grupo-os-mateadores-e-sinta-o-ritmo-da-tradicao\/#primaryimage\"},\"image\":{\"@id\":\"https:\/\/bailaodosuloficial.com.br\/index.php\/2026\/01\/02\/compasso-bailado-chega-com-forca-ouca-a-nova-musica-do-grupo-os-mateadores-e-sinta-o-ritmo-da-tradicao\/#primaryimage\"},\"thumbnailUrl\":\"https:\/\/bailaodosuloficial.com.br\/wp-content\/uploads\/2026\/01\/image-4.png\",\"datePublished\":\"2026-01-02T18:04:08+00:00\",\"breadcrumb\":{\"@id\":\"https:\/\/bailaodosuloficial.com.br\/index.php\/2026\/01\/02\/compasso-bailado-chega-com-forca-ouca-a-nova-musica-do-grupo-os-mateadores-e-sinta-o-ritmo-da-tradicao\/#breadcrumb\"},\"inLanguage\":\"pt-BR\",\"potentialAction\":[{\"@type\":\"ReadAction\",\"target\":[\"https:\/\/bailaodosuloficial.com.br\/index.php\/2026\/01\/02\/compasso-bailado-chega-com-forca-ouca-a-nova-musica-do-grupo-os-mateadores-e-sinta-o-ritmo-da-tradicao\/\"]}]},{\"@type\":\"ImageObject\",\"inLanguage\":\"pt-BR\",\"@id\":\"https:\/\/bailaodosuloficial.com.br\/index.php\/2026\/01\/02\/compasso-bailado-chega-com-forca-ouca-a-nova-musica-do-grupo-os-mateadores-e-sinta-o-ritmo-da-tradicao\/#primaryimage\",\"url\":\"https:\/\/bailaodosuloficial.com.br\/wp-content\/uploads\/2026\/01\/image-4.png\",\"contentUrl\":\"https:\/\/bailaodosuloficial.com.br\/wp-content\/uploads\/2026\/01\/image-4.png\",\"width\":574,\"height\":359},{\"@type\":\"BreadcrumbList\",\"@id\":\"https:\/\/bailaodosuloficial.com.br\/index.php\/2026\/01\/02\/compasso-bailado-chega-com-forca-ouca-a-nova-musica-do-grupo-os-mateadores-e-sinta-o-ritmo-da-tradicao\/#breadcrumb\",\"itemListElement\":[{\"@type\":\"ListItem\",\"position\":1,\"name\":\"In\u00edcio\",\"item\":\"https:\/\/bailaodosuloficial.com.br\/\"},{\"@type\":\"ListItem\",\"position\":2,\"name\":\"&#8220;Compasso Bailado&#8221; Chega com For\u00e7a: Ou\u00e7a a Nova M\u00fasica do Grupo Os Mateadores e Sinta o Ritmo da Tradi\u00e7\u00e3o!\"}]},{\"@type\":\"WebSite\",\"@id\":\"https:\/\/bailaodosuloficial.com.br\/#website\",\"url\":\"https:\/\/bailaodosuloficial.com.br\/\",\"name\":\"Bail\u00e3o do Sul\",\"description\":\"\",\"publisher\":{\"@id\":\"https:\/\/bailaodosuloficial.com.br\/#organization\"},\"alternateName\":\"Bail\u00e3o do Sul Oficial\",\"potentialAction\":[{\"@type\":\"SearchAction\",\"target\":{\"@type\":\"EntryPoint\",\"urlTemplate\":\"https:\/\/bailaodosuloficial.com.br\/?s={search_term_string}\"},\"query-input\":{\"@type\":\"PropertyValueSpecification\",\"valueRequired\":true,\"valueName\":\"search_term_string\"}}],\"inLanguage\":\"pt-BR\"},{\"@type\":\"Organization\",\"@id\":\"https:\/\/bailaodosuloficial.com.br\/#organization\",\"name\":\"Bail\u00e3o do Sul\",\"url\":\"https:\/\/bailaodosuloficial.com.br\/\",\"logo\":{\"@type\":\"ImageObject\",\"inLanguage\":\"pt-BR\",\"@id\":\"https:\/\/bailaodosuloficial.com.br\/#\/schema\/logo\/image\/\",\"url\":\"https:\/\/bailaodosuloficial.com.br\/wp-content\/uploads\/2026\/03\/cropped-fim-de-semana-5-scaled-1.png\",\"contentUrl\":\"https:\/\/bailaodosuloficial.com.br\/wp-content\/uploads\/2026\/03\/cropped-fim-de-semana-5-scaled-1.png\",\"width\":1989,\"height\":1371,\"caption\":\"Bail\u00e3o do Sul\"},\"image\":{\"@id\":\"https:\/\/bailaodosuloficial.com.br\/#\/schema\/logo\/image\/\"},\"sameAs\":[\"http:\/\/instagram.com\/bailaodosul\"]},{\"@type\":\"Person\",\"@id\":\"https:\/\/bailaodosuloficial.com.br\/#\/schema\/person\/b3bb1c43b091cd5c62100dd962ddda38\",\"name\":\"admin\",\"image\":{\"@type\":\"ImageObject\",\"inLanguage\":\"pt-BR\",\"@id\":\"https:\/\/bailaodosuloficial.com.br\/#\/schema\/person\/image\/\",\"url\":\"https:\/\/secure.gravatar.com\/avatar\/8e8beae45c6419737da9ea57a58a1f945a580b701e1def541b4459d4ac234c85?s=96&d=mm&r=g\",\"contentUrl\":\"https:\/\/secure.gravatar.com\/avatar\/8e8beae45c6419737da9ea57a58a1f945a580b701e1def541b4459d4ac234c85?s=96&d=mm&r=g\",\"caption\":\"admin\"},\"sameAs\":[\"https:\/\/bailaodosuloficial.com.br\"],\"url\":\"https:\/\/bailaodosuloficial.com.br\/index.php\/author\/bailao\/\"}]}<\/script>\n<!-- \/ Yoast SEO plugin. -->","yoast_head_json":{"title":"\"Compasso Bailado\" Chega com For\u00e7a: Ou\u00e7a a Nova M\u00fasica do Grupo Os Mateadores e Sinta o Ritmo da Tradi\u00e7\u00e3o! -","robots":{"index":"index","follow":"follow","max-snippet":"max-snippet:-1","max-image-preview":"max-image-preview:large","max-video-preview":"max-video-preview:-1"},"canonical":"https:\/\/bailaodosuloficial.com.br\/index.php\/2026\/01\/02\/compasso-bailado-chega-com-forca-ouca-a-nova-musica-do-grupo-os-mateadores-e-sinta-o-ritmo-da-tradicao\/","og_locale":"pt_BR","og_type":"article","og_title":"\"Compasso Bailado\" Chega com For\u00e7a: Ou\u00e7a a Nova M\u00fasica do Grupo Os Mateadores e Sinta o Ritmo da Tradi\u00e7\u00e3o! -","og_description":"O renomado Grupo Os Mateadores, um dos principais nomes da m\u00fasica tradicional do Sul do Brasil, acaba de apresentar sua mais recente m\u00fasica de trabalho: \u201cCompasso Bailado\u201d. A faixa foi lan\u00e7ada oficialmente no final de 2025 e j\u00e1 est\u00e1 dispon\u00edvel nas plataformas digitais, marcando o in\u00edcio de uma nova fase na carreira do grupo. \u201cCompasso","og_url":"https:\/\/bailaodosuloficial.com.br\/index.php\/2026\/01\/02\/compasso-bailado-chega-com-forca-ouca-a-nova-musica-do-grupo-os-mateadores-e-sinta-o-ritmo-da-tradicao\/","article_published_time":"2026-01-02T18:04:08+00:00","og_image":[{"width":574,"height":359,"url":"https:\/\/bailaodosuloficial.com.br\/wp-content\/uploads\/2026\/01\/image-4.png","type":"image\/png"}],"author":"admin","twitter_card":"summary_large_image","twitter_misc":{"Escrito por":"admin","Est. tempo de leitura":"2 minutos"},"schema":{"@context":"https:\/\/schema.org","@graph":[{"@type":"Article","@id":"https:\/\/bailaodosuloficial.com.br\/index.php\/2026\/01\/02\/compasso-bailado-chega-com-forca-ouca-a-nova-musica-do-grupo-os-mateadores-e-sinta-o-ritmo-da-tradicao\/#article","isPartOf":{"@id":"https:\/\/bailaodosuloficial.com.br\/index.php\/2026\/01\/02\/compasso-bailado-chega-com-forca-ouca-a-nova-musica-do-grupo-os-mateadores-e-sinta-o-ritmo-da-tradicao\/"},"author":{"name":"admin","@id":"https:\/\/bailaodosuloficial.com.br\/#\/schema\/person\/b3bb1c43b091cd5c62100dd962ddda38"},"headline":"&#8220;Compasso Bailado&#8221; Chega com For\u00e7a: Ou\u00e7a a Nova M\u00fasica do Grupo Os Mateadores e Sinta o Ritmo da Tradi\u00e7\u00e3o!","datePublished":"2026-01-02T18:04:08+00:00","mainEntityOfPage":{"@id":"https:\/\/bailaodosuloficial.com.br\/index.php\/2026\/01\/02\/compasso-bailado-chega-com-forca-ouca-a-nova-musica-do-grupo-os-mateadores-e-sinta-o-ritmo-da-tradicao\/"},"wordCount":501,"commentCount":0,"publisher":{"@id":"https:\/\/bailaodosuloficial.com.br\/#organization"},"image":{"@id":"https:\/\/bailaodosuloficial.com.br\/index.php\/2026\/01\/02\/compasso-bailado-chega-com-forca-ouca-a-nova-musica-do-grupo-os-mateadores-e-sinta-o-ritmo-da-tradicao\/#primaryimage"},"thumbnailUrl":"https:\/\/bailaodosuloficial.com.br\/wp-content\/uploads\/2026\/01\/image-4.png","articleSection":["Ga\u00fachas"],"inLanguage":"pt-BR","potentialAction":[{"@type":"CommentAction","name":"Comment","target":["https:\/\/bailaodosuloficial.com.br\/index.php\/2026\/01\/02\/compasso-bailado-chega-com-forca-ouca-a-nova-musica-do-grupo-os-mateadores-e-sinta-o-ritmo-da-tradicao\/#respond"]}]},{"@type":"WebPage","@id":"https:\/\/bailaodosuloficial.com.br\/index.php\/2026\/01\/02\/compasso-bailado-chega-com-forca-ouca-a-nova-musica-do-grupo-os-mateadores-e-sinta-o-ritmo-da-tradicao\/","url":"https:\/\/bailaodosuloficial.com.br\/index.php\/2026\/01\/02\/compasso-bailado-chega-com-forca-ouca-a-nova-musica-do-grupo-os-mateadores-e-sinta-o-ritmo-da-tradicao\/","name":"\"Compasso Bailado\" Chega com For\u00e7a: Ou\u00e7a a Nova M\u00fasica do Grupo Os Mateadores e Sinta o Ritmo da Tradi\u00e7\u00e3o! -","isPartOf":{"@id":"https:\/\/bailaodosuloficial.com.br\/#website"},"primaryImageOfPage":{"@id":"https:\/\/bailaodosuloficial.com.br\/index.php\/2026\/01\/02\/compasso-bailado-chega-com-forca-ouca-a-nova-musica-do-grupo-os-mateadores-e-sinta-o-ritmo-da-tradicao\/#primaryimage"},"image":{"@id":"https:\/\/bailaodosuloficial.com.br\/index.php\/2026\/01\/02\/compasso-bailado-chega-com-forca-ouca-a-nova-musica-do-grupo-os-mateadores-e-sinta-o-ritmo-da-tradicao\/#primaryimage"},"thumbnailUrl":"https:\/\/bailaodosuloficial.com.br\/wp-content\/uploads\/2026\/01\/image-4.png","datePublished":"2026-01-02T18:04:08+00:00","breadcrumb":{"@id":"https:\/\/bailaodosuloficial.com.br\/index.php\/2026\/01\/02\/compasso-bailado-chega-com-forca-ouca-a-nova-musica-do-grupo-os-mateadores-e-sinta-o-ritmo-da-tradicao\/#breadcrumb"},"inLanguage":"pt-BR","potentialAction":[{"@type":"ReadAction","target":["https:\/\/bailaodosuloficial.com.br\/index.php\/2026\/01\/02\/compasso-bailado-chega-com-forca-ouca-a-nova-musica-do-grupo-os-mateadores-e-sinta-o-ritmo-da-tradicao\/"]}]},{"@type":"ImageObject","inLanguage":"pt-BR","@id":"https:\/\/bailaodosuloficial.com.br\/index.php\/2026\/01\/02\/compasso-bailado-chega-com-forca-ouca-a-nova-musica-do-grupo-os-mateadores-e-sinta-o-ritmo-da-tradicao\/#primaryimage","url":"https:\/\/bailaodosuloficial.com.br\/wp-content\/uploads\/2026\/01\/image-4.png","contentUrl":"https:\/\/bailaodosuloficial.com.br\/wp-content\/uploads\/2026\/01\/image-4.png","width":574,"height":359},{"@type":"BreadcrumbList","@id":"https:\/\/bailaodosuloficial.com.br\/index.php\/2026\/01\/02\/compasso-bailado-chega-com-forca-ouca-a-nova-musica-do-grupo-os-mateadores-e-sinta-o-ritmo-da-tradicao\/#breadcrumb","itemListElement":[{"@type":"ListItem","position":1,"name":"In\u00edcio","item":"https:\/\/bailaodosuloficial.com.br\/"},{"@type":"ListItem","position":2,"name":"&#8220;Compasso Bailado&#8221; Chega com For\u00e7a: Ou\u00e7a a Nova M\u00fasica do Grupo Os Mateadores e Sinta o Ritmo da Tradi\u00e7\u00e3o!"}]},{"@type":"WebSite","@id":"https:\/\/bailaodosuloficial.com.br\/#website","url":"https:\/\/bailaodosuloficial.com.br\/","name":"Bail\u00e3o do Sul","description":"","publisher":{"@id":"https:\/\/bailaodosuloficial.com.br\/#organization"},"alternateName":"Bail\u00e3o do Sul Oficial","potentialAction":[{"@type":"SearchAction","target":{"@type":"EntryPoint","urlTemplate":"https:\/\/bailaodosuloficial.com.br\/?s={search_term_string}"},"query-input":{"@type":"PropertyValueSpecification","valueRequired":true,"valueName":"search_term_string"}}],"inLanguage":"pt-BR"},{"@type":"Organization","@id":"https:\/\/bailaodosuloficial.com.br\/#organization","name":"Bail\u00e3o do Sul","url":"https:\/\/bailaodosuloficial.com.br\/","logo":{"@type":"ImageObject","inLanguage":"pt-BR","@id":"https:\/\/bailaodosuloficial.com.br\/#\/schema\/logo\/image\/","url":"https:\/\/bailaodosuloficial.com.br\/wp-content\/uploads\/2026\/03\/cropped-fim-de-semana-5-scaled-1.png","contentUrl":"https:\/\/bailaodosuloficial.com.br\/wp-content\/uploads\/2026\/03\/cropped-fim-de-semana-5-scaled-1.png","width":1989,"height":1371,"caption":"Bail\u00e3o do Sul"},"image":{"@id":"https:\/\/bailaodosuloficial.com.br\/#\/schema\/logo\/image\/"},"sameAs":["http:\/\/instagram.com\/bailaodosul"]},{"@type":"Person","@id":"https:\/\/bailaodosuloficial.com.br\/#\/schema\/person\/b3bb1c43b091cd5c62100dd962ddda38","name":"admin","image":{"@type":"ImageObject","inLanguage":"pt-BR","@id":"https:\/\/bailaodosuloficial.com.br\/#\/schema\/person\/image\/","url":"https:\/\/secure.gravatar.com\/avatar\/8e8beae45c6419737da9ea57a58a1f945a580b701e1def541b4459d4ac234c85?s=96&d=mm&r=g","contentUrl":"https:\/\/secure.gravatar.com\/avatar\/8e8beae45c6419737da9ea57a58a1f945a580b701e1def541b4459d4ac234c85?s=96&d=mm&r=g","caption":"admin"},"sameAs":["https:\/\/bailaodosuloficial.com.br"],"url":"https:\/\/bailaodosuloficial.com.br\/index.php\/author\/bailao\/"}]}},"_links":{"self":[{"href":"https:\/\/bailaodosuloficial.com.br\/index.php\/wp-json\/wp\/v2\/posts\/535","targetHints":{"allow":["GET"]}}],"collection":[{"href":"https:\/\/bailaodosuloficial.com.br\/index.php\/wp-json\/wp\/v2\/posts"}],"about":[{"href":"https:\/\/bailaodosuloficial.com.br\/index.php\/wp-json\/wp\/v2\/types\/post"}],"author":[{"embeddable":true,"href":"https:\/\/bailaodosuloficial.com.br\/index.php\/wp-json\/wp\/v2\/users\/1"}],"replies":[{"embeddable":true,"href":"https:\/\/bailaodosuloficial.com.br\/index.php\/wp-json\/wp\/v2\/comments?post=535"}],"version-history":[{"count":1,"href":"https:\/\/bailaodosuloficial.com.br\/index.php\/wp-json\/wp\/v2\/posts\/535\/revisions"}],"predecessor-version":[{"id":537,"href":"https:\/\/bailaodosuloficial.com.br\/index.php\/wp-json\/wp\/v2\/posts\/535\/revisions\/537"}],"wp:featuredmedia":[{"embeddable":true,"href":"https:\/\/bailaodosuloficial.com.br\/index.php\/wp-json\/wp\/v2\/media\/536"}],"wp:attachment":[{"href":"https:\/\/bailaodosuloficial.com.br\/index.php\/wp-json\/wp\/v2\/media?parent=535"}],"wp:term":[{"taxonomy":"category","embeddable":true,"href":"https:\/\/bailaodosuloficial.com.br\/index.php\/wp-json\/wp\/v2\/categories?post=535"},{"taxonomy":"post_tag","embeddable":true,"href":"https:\/\/bailaodosuloficial.com.br\/index.php\/wp-json\/wp\/v2\/tags?post=535"}],"curies":[{"name":"wp","href":"https:\/\/api.w.org\/{rel}","templated":true}]}}