{"id":541,"date":"2026-01-02T23:21:02","date_gmt":"2026-01-02T23:21:02","guid":{"rendered":"https:\/\/bailaodosuloficial.com.br\/?p=541"},"modified":"2026-01-02T23:21:02","modified_gmt":"2026-01-02T23:21:02","slug":"direto-do-fundo-da-grota-pra-alma-de-quem-ama-o-rio-grande","status":"publish","type":"post","link":"https:\/\/bailaodosuloficial.com.br\/index.php\/2026\/01\/02\/direto-do-fundo-da-grota-pra-alma-de-quem-ama-o-rio-grande\/","title":{"rendered":"Direto do fundo da grota pra alma de quem ama o Rio Grande"},"content":{"rendered":"\n<p>Baitaca revelou como nasceu essa can\u00e7\u00e3o que virou hino: inspirada na vida simples do campo, na honestidade do trabalho campeiro e nos sons e hist\u00f3rias da campanha ga\u00facha. \u00c9 mem\u00f3ria, \u00e9 raiz e \u00e9 cora\u00e7\u00e3o que bate forte no som dessa m\u00fasica que marcou gera\u00e7\u00f5es aquela letra que fala de rancho de barro, fogo de ch\u00e3o, m\u00e3os calejadas e alma livre foi escrita l\u00e1, sentida no peito e eternizada na voz de quem viveu tudo isso de verdade.<strong> <\/strong><\/p>\n\n\n\n<p>Essa chamada traz emo\u00e7\u00e3o e contexto, perfeita pra engajar quem ama tradi\u00e7\u00e3o, m\u00fasica ga\u00facha e hist\u00f3rias <strong>que tocam fundo<\/strong>.<\/p>\n\n\n\n<figure class=\"wp-block-embed is-type-video is-provider-youtube wp-block-embed-youtube wp-embed-aspect-16-9 wp-has-aspect-ratio\"><div class=\"wp-block-embed__wrapper\">\n<iframe loading=\"lazy\" title=\"BAITACA CONTA COMO COMP\u00d4S O FUNDO DA GROTA | MATECAST\" width=\"960\" height=\"540\" src=\"https:\/\/www.youtube.com\/embed\/XfK-KFmSveY?feature=oembed\" frameborder=\"0\" allow=\"accelerometer; autoplay; clipboard-write; encrypted-media; gyroscope; picture-in-picture; web-share\" referrerpolicy=\"strict-origin-when-cross-origin\" allowfullscreen><\/iframe>\n<\/div><\/figure>\n","protected":false},"excerpt":{"rendered":"<p>Baitaca revelou como nasceu essa can\u00e7\u00e3o que virou hino: inspirada na vida simples do campo, na honestidade do trabalho campeiro e nos sons e hist\u00f3rias da campanha ga\u00facha. \u00c9 mem\u00f3ria, \u00e9 raiz e \u00e9 cora\u00e7\u00e3o que bate forte no som dessa m\u00fasica que marcou gera\u00e7\u00f5es aquela letra que fala de rancho de barro, fogo de<\/p>\n","protected":false},"author":1,"featured_media":542,"comment_status":"open","ping_status":"open","sticky":false,"template":"","format":"standard","meta":{"footnotes":""},"categories":[3,6],"tags":[],"class_list":["post-541","post","type-post","status-publish","format-standard","has-post-thumbnail","hentry","category-gaucho","category-nativista"],"yoast_head":"<!-- This site is optimized with the Yoast SEO plugin v26.9 - https:\/\/yoast.com\/product\/yoast-seo-wordpress\/ -->\n<title>Direto do fundo da grota pra alma de quem ama o Rio Grande -<\/title>\n<meta name=\"robots\" content=\"index, follow, max-snippet:-1, max-image-preview:large, max-video-preview:-1\" \/>\n<link rel=\"canonical\" href=\"https:\/\/bailaodosuloficial.com.br\/index.php\/2026\/01\/02\/direto-do-fundo-da-grota-pra-alma-de-quem-ama-o-rio-grande\/\" \/>\n<meta property=\"og:locale\" content=\"pt_BR\" \/>\n<meta property=\"og:type\" content=\"article\" \/>\n<meta property=\"og:title\" content=\"Direto do fundo da grota pra alma de quem ama o Rio Grande -\" \/>\n<meta property=\"og:description\" content=\"Baitaca revelou como nasceu essa can\u00e7\u00e3o que virou hino: inspirada na vida simples do campo, na honestidade do trabalho campeiro e nos sons e hist\u00f3rias da campanha ga\u00facha. \u00c9 mem\u00f3ria, \u00e9 raiz e \u00e9 cora\u00e7\u00e3o que bate forte no som dessa m\u00fasica que marcou gera\u00e7\u00f5es aquela letra que fala de rancho de barro, fogo de\" \/>\n<meta property=\"og:url\" content=\"https:\/\/bailaodosuloficial.com.br\/index.php\/2026\/01\/02\/direto-do-fundo-da-grota-pra-alma-de-quem-ama-o-rio-grande\/\" \/>\n<meta property=\"article:published_time\" content=\"2026-01-02T23:21:02+00:00\" \/>\n<meta property=\"og:image\" content=\"https:\/\/bailaodosuloficial.com.br\/wp-content\/uploads\/2026\/01\/image-5.png\" \/>\n\t<meta property=\"og:image:width\" content=\"960\" \/>\n\t<meta property=\"og:image:height\" content=\"960\" \/>\n\t<meta property=\"og:image:type\" content=\"image\/png\" \/>\n<meta name=\"author\" content=\"admin\" \/>\n<meta name=\"twitter:card\" content=\"summary_large_image\" \/>\n<meta name=\"twitter:label1\" content=\"Escrito por\" \/>\n\t<meta name=\"twitter:data1\" content=\"admin\" \/>\n\t<meta name=\"twitter:label2\" content=\"Est. tempo de leitura\" \/>\n\t<meta name=\"twitter:data2\" content=\"1 minuto\" \/>\n<script type=\"application\/ld+json\" class=\"yoast-schema-graph\">{\"@context\":\"https:\/\/schema.org\",\"@graph\":[{\"@type\":\"Article\",\"@id\":\"https:\/\/bailaodosuloficial.com.br\/index.php\/2026\/01\/02\/direto-do-fundo-da-grota-pra-alma-de-quem-ama-o-rio-grande\/#article\",\"isPartOf\":{\"@id\":\"https:\/\/bailaodosuloficial.com.br\/index.php\/2026\/01\/02\/direto-do-fundo-da-grota-pra-alma-de-quem-ama-o-rio-grande\/\"},\"author\":{\"name\":\"admin\",\"@id\":\"https:\/\/bailaodosuloficial.com.br\/#\/schema\/person\/b3bb1c43b091cd5c62100dd962ddda38\"},\"headline\":\"Direto do fundo da grota pra alma de quem ama o Rio Grande\",\"datePublished\":\"2026-01-02T23:21:02+00:00\",\"mainEntityOfPage\":{\"@id\":\"https:\/\/bailaodosuloficial.com.br\/index.php\/2026\/01\/02\/direto-do-fundo-da-grota-pra-alma-de-quem-ama-o-rio-grande\/\"},\"wordCount\":127,\"commentCount\":0,\"publisher\":{\"@id\":\"https:\/\/bailaodosuloficial.com.br\/#organization\"},\"image\":{\"@id\":\"https:\/\/bailaodosuloficial.com.br\/index.php\/2026\/01\/02\/direto-do-fundo-da-grota-pra-alma-de-quem-ama-o-rio-grande\/#primaryimage\"},\"thumbnailUrl\":\"https:\/\/bailaodosuloficial.com.br\/wp-content\/uploads\/2026\/01\/image-5.png\",\"articleSection\":[\"Ga\u00fachas\",\"Nativista\"],\"inLanguage\":\"pt-BR\",\"potentialAction\":[{\"@type\":\"CommentAction\",\"name\":\"Comment\",\"target\":[\"https:\/\/bailaodosuloficial.com.br\/index.php\/2026\/01\/02\/direto-do-fundo-da-grota-pra-alma-de-quem-ama-o-rio-grande\/#respond\"]}]},{\"@type\":\"WebPage\",\"@id\":\"https:\/\/bailaodosuloficial.com.br\/index.php\/2026\/01\/02\/direto-do-fundo-da-grota-pra-alma-de-quem-ama-o-rio-grande\/\",\"url\":\"https:\/\/bailaodosuloficial.com.br\/index.php\/2026\/01\/02\/direto-do-fundo-da-grota-pra-alma-de-quem-ama-o-rio-grande\/\",\"name\":\"Direto do fundo da grota pra alma de quem ama o Rio Grande -\",\"isPartOf\":{\"@id\":\"https:\/\/bailaodosuloficial.com.br\/#website\"},\"primaryImageOfPage\":{\"@id\":\"https:\/\/bailaodosuloficial.com.br\/index.php\/2026\/01\/02\/direto-do-fundo-da-grota-pra-alma-de-quem-ama-o-rio-grande\/#primaryimage\"},\"image\":{\"@id\":\"https:\/\/bailaodosuloficial.com.br\/index.php\/2026\/01\/02\/direto-do-fundo-da-grota-pra-alma-de-quem-ama-o-rio-grande\/#primaryimage\"},\"thumbnailUrl\":\"https:\/\/bailaodosuloficial.com.br\/wp-content\/uploads\/2026\/01\/image-5.png\",\"datePublished\":\"2026-01-02T23:21:02+00:00\",\"breadcrumb\":{\"@id\":\"https:\/\/bailaodosuloficial.com.br\/index.php\/2026\/01\/02\/direto-do-fundo-da-grota-pra-alma-de-quem-ama-o-rio-grande\/#breadcrumb\"},\"inLanguage\":\"pt-BR\",\"potentialAction\":[{\"@type\":\"ReadAction\",\"target\":[\"https:\/\/bailaodosuloficial.com.br\/index.php\/2026\/01\/02\/direto-do-fundo-da-grota-pra-alma-de-quem-ama-o-rio-grande\/\"]}]},{\"@type\":\"ImageObject\",\"inLanguage\":\"pt-BR\",\"@id\":\"https:\/\/bailaodosuloficial.com.br\/index.php\/2026\/01\/02\/direto-do-fundo-da-grota-pra-alma-de-quem-ama-o-rio-grande\/#primaryimage\",\"url\":\"https:\/\/bailaodosuloficial.com.br\/wp-content\/uploads\/2026\/01\/image-5.png\",\"contentUrl\":\"https:\/\/bailaodosuloficial.com.br\/wp-content\/uploads\/2026\/01\/image-5.png\",\"width\":984,\"height\":984},{\"@type\":\"BreadcrumbList\",\"@id\":\"https:\/\/bailaodosuloficial.com.br\/index.php\/2026\/01\/02\/direto-do-fundo-da-grota-pra-alma-de-quem-ama-o-rio-grande\/#breadcrumb\",\"itemListElement\":[{\"@type\":\"ListItem\",\"position\":1,\"name\":\"In\u00edcio\",\"item\":\"https:\/\/bailaodosuloficial.com.br\/\"},{\"@type\":\"ListItem\",\"position\":2,\"name\":\"Direto do fundo da grota pra alma de quem ama o Rio Grande\"}]},{\"@type\":\"WebSite\",\"@id\":\"https:\/\/bailaodosuloficial.com.br\/#website\",\"url\":\"https:\/\/bailaodosuloficial.com.br\/\",\"name\":\"Bail\u00e3o do Sul\",\"description\":\"\",\"publisher\":{\"@id\":\"https:\/\/bailaodosuloficial.com.br\/#organization\"},\"alternateName\":\"Bail\u00e3o do Sul Oficial\",\"potentialAction\":[{\"@type\":\"SearchAction\",\"target\":{\"@type\":\"EntryPoint\",\"urlTemplate\":\"https:\/\/bailaodosuloficial.com.br\/?s={search_term_string}\"},\"query-input\":{\"@type\":\"PropertyValueSpecification\",\"valueRequired\":true,\"valueName\":\"search_term_string\"}}],\"inLanguage\":\"pt-BR\"},{\"@type\":\"Organization\",\"@id\":\"https:\/\/bailaodosuloficial.com.br\/#organization\",\"name\":\"Bail\u00e3o do Sul\",\"url\":\"https:\/\/bailaodosuloficial.com.br\/\",\"logo\":{\"@type\":\"ImageObject\",\"inLanguage\":\"pt-BR\",\"@id\":\"https:\/\/bailaodosuloficial.com.br\/#\/schema\/logo\/image\/\",\"url\":\"https:\/\/bailaodosuloficial.com.br\/wp-content\/uploads\/2026\/03\/cropped-fim-de-semana-5-scaled-1.png\",\"contentUrl\":\"https:\/\/bailaodosuloficial.com.br\/wp-content\/uploads\/2026\/03\/cropped-fim-de-semana-5-scaled-1.png\",\"width\":1989,\"height\":1371,\"caption\":\"Bail\u00e3o do Sul\"},\"image\":{\"@id\":\"https:\/\/bailaodosuloficial.com.br\/#\/schema\/logo\/image\/\"},\"sameAs\":[\"http:\/\/instagram.com\/bailaodosul\"]},{\"@type\":\"Person\",\"@id\":\"https:\/\/bailaodosuloficial.com.br\/#\/schema\/person\/b3bb1c43b091cd5c62100dd962ddda38\",\"name\":\"admin\",\"image\":{\"@type\":\"ImageObject\",\"inLanguage\":\"pt-BR\",\"@id\":\"https:\/\/bailaodosuloficial.com.br\/#\/schema\/person\/image\/\",\"url\":\"https:\/\/secure.gravatar.com\/avatar\/8e8beae45c6419737da9ea57a58a1f945a580b701e1def541b4459d4ac234c85?s=96&d=mm&r=g\",\"contentUrl\":\"https:\/\/secure.gravatar.com\/avatar\/8e8beae45c6419737da9ea57a58a1f945a580b701e1def541b4459d4ac234c85?s=96&d=mm&r=g\",\"caption\":\"admin\"},\"sameAs\":[\"https:\/\/bailaodosuloficial.com.br\"],\"url\":\"https:\/\/bailaodosuloficial.com.br\/index.php\/author\/bailao\/\"}]}<\/script>\n<!-- \/ Yoast SEO plugin. -->","yoast_head_json":{"title":"Direto do fundo da grota pra alma de quem ama o Rio Grande -","robots":{"index":"index","follow":"follow","max-snippet":"max-snippet:-1","max-image-preview":"max-image-preview:large","max-video-preview":"max-video-preview:-1"},"canonical":"https:\/\/bailaodosuloficial.com.br\/index.php\/2026\/01\/02\/direto-do-fundo-da-grota-pra-alma-de-quem-ama-o-rio-grande\/","og_locale":"pt_BR","og_type":"article","og_title":"Direto do fundo da grota pra alma de quem ama o Rio Grande -","og_description":"Baitaca revelou como nasceu essa can\u00e7\u00e3o que virou hino: inspirada na vida simples do campo, na honestidade do trabalho campeiro e nos sons e hist\u00f3rias da campanha ga\u00facha. \u00c9 mem\u00f3ria, \u00e9 raiz e \u00e9 cora\u00e7\u00e3o que bate forte no som dessa m\u00fasica que marcou gera\u00e7\u00f5es aquela letra que fala de rancho de barro, fogo de","og_url":"https:\/\/bailaodosuloficial.com.br\/index.php\/2026\/01\/02\/direto-do-fundo-da-grota-pra-alma-de-quem-ama-o-rio-grande\/","article_published_time":"2026-01-02T23:21:02+00:00","og_image":[{"url":"https:\/\/bailaodosuloficial.com.br\/wp-content\/uploads\/2026\/01\/image-5.png","width":960,"height":960,"type":"image\/png"}],"author":"admin","twitter_card":"summary_large_image","twitter_misc":{"Escrito por":"admin","Est. tempo de leitura":"1 minuto"},"schema":{"@context":"https:\/\/schema.org","@graph":[{"@type":"Article","@id":"https:\/\/bailaodosuloficial.com.br\/index.php\/2026\/01\/02\/direto-do-fundo-da-grota-pra-alma-de-quem-ama-o-rio-grande\/#article","isPartOf":{"@id":"https:\/\/bailaodosuloficial.com.br\/index.php\/2026\/01\/02\/direto-do-fundo-da-grota-pra-alma-de-quem-ama-o-rio-grande\/"},"author":{"name":"admin","@id":"https:\/\/bailaodosuloficial.com.br\/#\/schema\/person\/b3bb1c43b091cd5c62100dd962ddda38"},"headline":"Direto do fundo da grota pra alma de quem ama o Rio Grande","datePublished":"2026-01-02T23:21:02+00:00","mainEntityOfPage":{"@id":"https:\/\/bailaodosuloficial.com.br\/index.php\/2026\/01\/02\/direto-do-fundo-da-grota-pra-alma-de-quem-ama-o-rio-grande\/"},"wordCount":127,"commentCount":0,"publisher":{"@id":"https:\/\/bailaodosuloficial.com.br\/#organization"},"image":{"@id":"https:\/\/bailaodosuloficial.com.br\/index.php\/2026\/01\/02\/direto-do-fundo-da-grota-pra-alma-de-quem-ama-o-rio-grande\/#primaryimage"},"thumbnailUrl":"https:\/\/bailaodosuloficial.com.br\/wp-content\/uploads\/2026\/01\/image-5.png","articleSection":["Ga\u00fachas","Nativista"],"inLanguage":"pt-BR","potentialAction":[{"@type":"CommentAction","name":"Comment","target":["https:\/\/bailaodosuloficial.com.br\/index.php\/2026\/01\/02\/direto-do-fundo-da-grota-pra-alma-de-quem-ama-o-rio-grande\/#respond"]}]},{"@type":"WebPage","@id":"https:\/\/bailaodosuloficial.com.br\/index.php\/2026\/01\/02\/direto-do-fundo-da-grota-pra-alma-de-quem-ama-o-rio-grande\/","url":"https:\/\/bailaodosuloficial.com.br\/index.php\/2026\/01\/02\/direto-do-fundo-da-grota-pra-alma-de-quem-ama-o-rio-grande\/","name":"Direto do fundo da grota pra alma de quem ama o Rio Grande -","isPartOf":{"@id":"https:\/\/bailaodosuloficial.com.br\/#website"},"primaryImageOfPage":{"@id":"https:\/\/bailaodosuloficial.com.br\/index.php\/2026\/01\/02\/direto-do-fundo-da-grota-pra-alma-de-quem-ama-o-rio-grande\/#primaryimage"},"image":{"@id":"https:\/\/bailaodosuloficial.com.br\/index.php\/2026\/01\/02\/direto-do-fundo-da-grota-pra-alma-de-quem-ama-o-rio-grande\/#primaryimage"},"thumbnailUrl":"https:\/\/bailaodosuloficial.com.br\/wp-content\/uploads\/2026\/01\/image-5.png","datePublished":"2026-01-02T23:21:02+00:00","breadcrumb":{"@id":"https:\/\/bailaodosuloficial.com.br\/index.php\/2026\/01\/02\/direto-do-fundo-da-grota-pra-alma-de-quem-ama-o-rio-grande\/#breadcrumb"},"inLanguage":"pt-BR","potentialAction":[{"@type":"ReadAction","target":["https:\/\/bailaodosuloficial.com.br\/index.php\/2026\/01\/02\/direto-do-fundo-da-grota-pra-alma-de-quem-ama-o-rio-grande\/"]}]},{"@type":"ImageObject","inLanguage":"pt-BR","@id":"https:\/\/bailaodosuloficial.com.br\/index.php\/2026\/01\/02\/direto-do-fundo-da-grota-pra-alma-de-quem-ama-o-rio-grande\/#primaryimage","url":"https:\/\/bailaodosuloficial.com.br\/wp-content\/uploads\/2026\/01\/image-5.png","contentUrl":"https:\/\/bailaodosuloficial.com.br\/wp-content\/uploads\/2026\/01\/image-5.png","width":984,"height":984},{"@type":"BreadcrumbList","@id":"https:\/\/bailaodosuloficial.com.br\/index.php\/2026\/01\/02\/direto-do-fundo-da-grota-pra-alma-de-quem-ama-o-rio-grande\/#breadcrumb","itemListElement":[{"@type":"ListItem","position":1,"name":"In\u00edcio","item":"https:\/\/bailaodosuloficial.com.br\/"},{"@type":"ListItem","position":2,"name":"Direto do fundo da grota pra alma de quem ama o Rio Grande"}]},{"@type":"WebSite","@id":"https:\/\/bailaodosuloficial.com.br\/#website","url":"https:\/\/bailaodosuloficial.com.br\/","name":"Bail\u00e3o do Sul","description":"","publisher":{"@id":"https:\/\/bailaodosuloficial.com.br\/#organization"},"alternateName":"Bail\u00e3o do Sul Oficial","potentialAction":[{"@type":"SearchAction","target":{"@type":"EntryPoint","urlTemplate":"https:\/\/bailaodosuloficial.com.br\/?s={search_term_string}"},"query-input":{"@type":"PropertyValueSpecification","valueRequired":true,"valueName":"search_term_string"}}],"inLanguage":"pt-BR"},{"@type":"Organization","@id":"https:\/\/bailaodosuloficial.com.br\/#organization","name":"Bail\u00e3o do Sul","url":"https:\/\/bailaodosuloficial.com.br\/","logo":{"@type":"ImageObject","inLanguage":"pt-BR","@id":"https:\/\/bailaodosuloficial.com.br\/#\/schema\/logo\/image\/","url":"https:\/\/bailaodosuloficial.com.br\/wp-content\/uploads\/2026\/03\/cropped-fim-de-semana-5-scaled-1.png","contentUrl":"https:\/\/bailaodosuloficial.com.br\/wp-content\/uploads\/2026\/03\/cropped-fim-de-semana-5-scaled-1.png","width":1989,"height":1371,"caption":"Bail\u00e3o do Sul"},"image":{"@id":"https:\/\/bailaodosuloficial.com.br\/#\/schema\/logo\/image\/"},"sameAs":["http:\/\/instagram.com\/bailaodosul"]},{"@type":"Person","@id":"https:\/\/bailaodosuloficial.com.br\/#\/schema\/person\/b3bb1c43b091cd5c62100dd962ddda38","name":"admin","image":{"@type":"ImageObject","inLanguage":"pt-BR","@id":"https:\/\/bailaodosuloficial.com.br\/#\/schema\/person\/image\/","url":"https:\/\/secure.gravatar.com\/avatar\/8e8beae45c6419737da9ea57a58a1f945a580b701e1def541b4459d4ac234c85?s=96&d=mm&r=g","contentUrl":"https:\/\/secure.gravatar.com\/avatar\/8e8beae45c6419737da9ea57a58a1f945a580b701e1def541b4459d4ac234c85?s=96&d=mm&r=g","caption":"admin"},"sameAs":["https:\/\/bailaodosuloficial.com.br"],"url":"https:\/\/bailaodosuloficial.com.br\/index.php\/author\/bailao\/"}]}},"_links":{"self":[{"href":"https:\/\/bailaodosuloficial.com.br\/index.php\/wp-json\/wp\/v2\/posts\/541","targetHints":{"allow":["GET"]}}],"collection":[{"href":"https:\/\/bailaodosuloficial.com.br\/index.php\/wp-json\/wp\/v2\/posts"}],"about":[{"href":"https:\/\/bailaodosuloficial.com.br\/index.php\/wp-json\/wp\/v2\/types\/post"}],"author":[{"embeddable":true,"href":"https:\/\/bailaodosuloficial.com.br\/index.php\/wp-json\/wp\/v2\/users\/1"}],"replies":[{"embeddable":true,"href":"https:\/\/bailaodosuloficial.com.br\/index.php\/wp-json\/wp\/v2\/comments?post=541"}],"version-history":[{"count":1,"href":"https:\/\/bailaodosuloficial.com.br\/index.php\/wp-json\/wp\/v2\/posts\/541\/revisions"}],"predecessor-version":[{"id":544,"href":"https:\/\/bailaodosuloficial.com.br\/index.php\/wp-json\/wp\/v2\/posts\/541\/revisions\/544"}],"wp:featuredmedia":[{"embeddable":true,"href":"https:\/\/bailaodosuloficial.com.br\/index.php\/wp-json\/wp\/v2\/media\/542"}],"wp:attachment":[{"href":"https:\/\/bailaodosuloficial.com.br\/index.php\/wp-json\/wp\/v2\/media?parent=541"}],"wp:term":[{"taxonomy":"category","embeddable":true,"href":"https:\/\/bailaodosuloficial.com.br\/index.php\/wp-json\/wp\/v2\/categories?post=541"},{"taxonomy":"post_tag","embeddable":true,"href":"https:\/\/bailaodosuloficial.com.br\/index.php\/wp-json\/wp\/v2\/tags?post=541"}],"curies":[{"name":"wp","href":"https:\/\/api.w.org\/{rel}","templated":true}]}}