{"id":545,"date":"2026-01-03T10:19:42","date_gmt":"2026-01-03T10:19:42","guid":{"rendered":"https:\/\/bailaodosuloficial.com.br\/?p=545"},"modified":"2026-01-03T10:19:42","modified_gmt":"2026-01-03T10:19:42","slug":"final-decente-e-o-novo-single-de-anelise-varela-e-reforca-sua-trajetoria-no-sertanejo","status":"publish","type":"post","link":"https:\/\/bailaodosuloficial.com.br\/index.php\/2026\/01\/03\/final-decente-e-o-novo-single-de-anelise-varela-e-reforca-sua-trajetoria-no-sertanejo\/","title":{"rendered":"Final Decente\u201d \u00e9 o novo single de Anelise Varela e refor\u00e7a sua trajet\u00f3ria no sertanejo"},"content":{"rendered":"\n<p><\/p>\n\n\n\n<p><\/p>\n\n\n\n<p>Anelise Varela vem consolidando seu nome na m\u00fasica brasileira com autenticidade, emo\u00e7\u00e3o e uma conex\u00e3o direta com o p\u00fablico, e isso fica ainda mais evidente em seu lan\u00e7amento <strong>\u201cFinal Decente\u201d<\/strong>. A can\u00e7\u00e3o representa um momento especial da carreira da artista, marcando uma fase mais madura, segura e alinhada com sua identidade musical. Com uma interpreta\u00e7\u00e3o intensa e verdadeira, Anelise entrega uma m\u00fasica que fala sobre sentimentos reais, rela\u00e7\u00f5es que chegam ao limite e a necessidade de encerrar ciclos com dignidade, tema que conversa facilmente com a viv\u00eancia de quem escuta.<\/p>\n\n\n\n<figure class=\"wp-block-embed is-type-video is-provider-youtube wp-block-embed-youtube wp-embed-aspect-16-9 wp-has-aspect-ratio\"><div class=\"wp-block-embed__wrapper\">\n<iframe loading=\"lazy\" title=\"Anelise Varela - Final Decente ( Clipe \u00a0Oficial)\" width=\"960\" height=\"540\" src=\"https:\/\/www.youtube.com\/embed\/6CU0fdf-EbY?feature=oembed\" frameborder=\"0\" allow=\"accelerometer; autoplay; clipboard-write; encrypted-media; gyroscope; picture-in-picture; web-share\" referrerpolicy=\"strict-origin-when-cross-origin\" allowfullscreen><\/iframe>\n<\/div><\/figure>\n\n\n\n<p>\u201cFinal Decente\u201d se destaca n\u00e3o apenas pela letra envolvente, mas tamb\u00e9m pela forma como Anelise conduz a narrativa musical. Sua voz carrega emo\u00e7\u00e3o, for\u00e7a e sensibilidade na medida certa, criando uma atmosfera que prende a aten\u00e7\u00e3o do in\u00edcio ao fim. A can\u00e7\u00e3o transita pelo universo do sertanejo contempor\u00e2neo, sem perder a ess\u00eancia rom\u00e2ntica e popular que j\u00e1 \u00e9 caracter\u00edstica da artista, mostrando sua versatilidade e capacidade de interpretar hist\u00f3rias que tocam o cora\u00e7\u00e3o.<\/p>\n\n\n\n<p>A m\u00fasica tamb\u00e9m simboliza o compromisso de Anelise Varela com um trabalho autoral e bem constru\u00eddo, refor\u00e7ando sua presen\u00e7a no cen\u00e1rio musical e ampliando seu alcance nas plataformas digitais. \u201cFinal Decente\u201d \u00e9 daquelas faixas que se conectam rapidamente com o p\u00fablico, seja pela identifica\u00e7\u00e3o com a letra, seja pela melodia envolvente que permanece na mem\u00f3ria. \u00c9 uma m\u00fasica feita para ouvir, sentir e cantar junto, refletindo a entrega art\u00edstica de quem vive a m\u00fasica de forma intensa.<\/p>\n\n\n\n<p>Com esse lan\u00e7amento, Anelise reafirma seu talento e mostra que est\u00e1 preparada para novos desafios e voos mais altos na carreira. \u201cFinal Decente\u201d n\u00e3o \u00e9 apenas mais uma m\u00fasica em seu repert\u00f3rio, mas um passo importante na constru\u00e7\u00e3o de sua trajet\u00f3ria art\u00edstica, fortalecendo seu nome e sua voz como representantes de uma nova gera\u00e7\u00e3o de cantoras que unem verdade, emo\u00e7\u00e3o e personalidade em cada can\u00e7\u00e3o.<\/p>\n","protected":false},"excerpt":{"rendered":"<p>Anelise Varela vem consolidando seu nome na m\u00fasica brasileira com autenticidade, emo\u00e7\u00e3o e uma conex\u00e3o direta com o p\u00fablico, e isso fica ainda mais evidente em seu lan\u00e7amento \u201cFinal Decente\u201d. A can\u00e7\u00e3o representa um momento especial da carreira da artista, marcando uma fase mais madura, segura e alinhada com sua identidade musical. Com uma interpreta\u00e7\u00e3o<\/p>\n","protected":false},"author":1,"featured_media":546,"comment_status":"open","ping_status":"open","sticky":false,"template":"","format":"standard","meta":{"footnotes":""},"categories":[4],"tags":[],"class_list":["post-545","post","type-post","status-publish","format-standard","has-post-thumbnail","hentry","category-sertanejo"],"yoast_head":"<!-- This site is optimized with the Yoast SEO plugin v26.9 - https:\/\/yoast.com\/product\/yoast-seo-wordpress\/ -->\n<title>Final Decente\u201d \u00e9 o novo single de Anelise Varela e refor\u00e7a sua trajet\u00f3ria no sertanejo -<\/title>\n<meta name=\"robots\" content=\"index, follow, max-snippet:-1, max-image-preview:large, max-video-preview:-1\" \/>\n<link rel=\"canonical\" href=\"https:\/\/bailaodosuloficial.com.br\/index.php\/2026\/01\/03\/final-decente-e-o-novo-single-de-anelise-varela-e-reforca-sua-trajetoria-no-sertanejo\/\" \/>\n<meta property=\"og:locale\" content=\"pt_BR\" \/>\n<meta property=\"og:type\" content=\"article\" \/>\n<meta property=\"og:title\" content=\"Final Decente\u201d \u00e9 o novo single de Anelise Varela e refor\u00e7a sua trajet\u00f3ria no sertanejo -\" \/>\n<meta property=\"og:description\" content=\"Anelise Varela vem consolidando seu nome na m\u00fasica brasileira com autenticidade, emo\u00e7\u00e3o e uma conex\u00e3o direta com o p\u00fablico, e isso fica ainda mais evidente em seu lan\u00e7amento \u201cFinal Decente\u201d. A can\u00e7\u00e3o representa um momento especial da carreira da artista, marcando uma fase mais madura, segura e alinhada com sua identidade musical. Com uma interpreta\u00e7\u00e3o\" \/>\n<meta property=\"og:url\" content=\"https:\/\/bailaodosuloficial.com.br\/index.php\/2026\/01\/03\/final-decente-e-o-novo-single-de-anelise-varela-e-reforca-sua-trajetoria-no-sertanejo\/\" \/>\n<meta property=\"article:published_time\" content=\"2026-01-03T10:19:42+00:00\" \/>\n<meta property=\"og:image\" content=\"https:\/\/bailaodosuloficial.com.br\/wp-content\/uploads\/2026\/01\/20260102170309412.pdf-e1767435573210.jpg\" \/>\n\t<meta property=\"og:image:width\" content=\"1340\" \/>\n\t<meta property=\"og:image:height\" content=\"1540\" \/>\n\t<meta property=\"og:image:type\" content=\"image\/jpeg\" \/>\n<meta name=\"author\" content=\"admin\" \/>\n<meta name=\"twitter:card\" content=\"summary_large_image\" \/>\n<meta name=\"twitter:label1\" content=\"Escrito por\" \/>\n\t<meta name=\"twitter:data1\" content=\"admin\" \/>\n\t<meta name=\"twitter:label2\" content=\"Est. tempo de leitura\" \/>\n\t<meta name=\"twitter:data2\" content=\"2 minutos\" \/>\n<script type=\"application\/ld+json\" class=\"yoast-schema-graph\">{\"@context\":\"https:\/\/schema.org\",\"@graph\":[{\"@type\":\"Article\",\"@id\":\"https:\/\/bailaodosuloficial.com.br\/index.php\/2026\/01\/03\/final-decente-e-o-novo-single-de-anelise-varela-e-reforca-sua-trajetoria-no-sertanejo\/#article\",\"isPartOf\":{\"@id\":\"https:\/\/bailaodosuloficial.com.br\/index.php\/2026\/01\/03\/final-decente-e-o-novo-single-de-anelise-varela-e-reforca-sua-trajetoria-no-sertanejo\/\"},\"author\":{\"name\":\"admin\",\"@id\":\"https:\/\/bailaodosuloficial.com.br\/#\/schema\/person\/b3bb1c43b091cd5c62100dd962ddda38\"},\"headline\":\"Final Decente\u201d \u00e9 o novo single de Anelise Varela e refor\u00e7a sua trajet\u00f3ria no sertanejo\",\"datePublished\":\"2026-01-03T10:19:42+00:00\",\"mainEntityOfPage\":{\"@id\":\"https:\/\/bailaodosuloficial.com.br\/index.php\/2026\/01\/03\/final-decente-e-o-novo-single-de-anelise-varela-e-reforca-sua-trajetoria-no-sertanejo\/\"},\"wordCount\":371,\"commentCount\":0,\"publisher\":{\"@id\":\"https:\/\/bailaodosuloficial.com.br\/#organization\"},\"image\":{\"@id\":\"https:\/\/bailaodosuloficial.com.br\/index.php\/2026\/01\/03\/final-decente-e-o-novo-single-de-anelise-varela-e-reforca-sua-trajetoria-no-sertanejo\/#primaryimage\"},\"thumbnailUrl\":\"https:\/\/bailaodosuloficial.com.br\/wp-content\/uploads\/2026\/01\/20260102170309412.pdf-e1767435573210.jpg\",\"articleSection\":[\"Sertanejo\"],\"inLanguage\":\"pt-BR\",\"potentialAction\":[{\"@type\":\"CommentAction\",\"name\":\"Comment\",\"target\":[\"https:\/\/bailaodosuloficial.com.br\/index.php\/2026\/01\/03\/final-decente-e-o-novo-single-de-anelise-varela-e-reforca-sua-trajetoria-no-sertanejo\/#respond\"]}]},{\"@type\":\"WebPage\",\"@id\":\"https:\/\/bailaodosuloficial.com.br\/index.php\/2026\/01\/03\/final-decente-e-o-novo-single-de-anelise-varela-e-reforca-sua-trajetoria-no-sertanejo\/\",\"url\":\"https:\/\/bailaodosuloficial.com.br\/index.php\/2026\/01\/03\/final-decente-e-o-novo-single-de-anelise-varela-e-reforca-sua-trajetoria-no-sertanejo\/\",\"name\":\"Final Decente\u201d \u00e9 o novo single de Anelise Varela e refor\u00e7a sua trajet\u00f3ria no sertanejo -\",\"isPartOf\":{\"@id\":\"https:\/\/bailaodosuloficial.com.br\/#website\"},\"primaryImageOfPage\":{\"@id\":\"https:\/\/bailaodosuloficial.com.br\/index.php\/2026\/01\/03\/final-decente-e-o-novo-single-de-anelise-varela-e-reforca-sua-trajetoria-no-sertanejo\/#primaryimage\"},\"image\":{\"@id\":\"https:\/\/bailaodosuloficial.com.br\/index.php\/2026\/01\/03\/final-decente-e-o-novo-single-de-anelise-varela-e-reforca-sua-trajetoria-no-sertanejo\/#primaryimage\"},\"thumbnailUrl\":\"https:\/\/bailaodosuloficial.com.br\/wp-content\/uploads\/2026\/01\/20260102170309412.pdf-e1767435573210.jpg\",\"datePublished\":\"2026-01-03T10:19:42+00:00\",\"breadcrumb\":{\"@id\":\"https:\/\/bailaodosuloficial.com.br\/index.php\/2026\/01\/03\/final-decente-e-o-novo-single-de-anelise-varela-e-reforca-sua-trajetoria-no-sertanejo\/#breadcrumb\"},\"inLanguage\":\"pt-BR\",\"potentialAction\":[{\"@type\":\"ReadAction\",\"target\":[\"https:\/\/bailaodosuloficial.com.br\/index.php\/2026\/01\/03\/final-decente-e-o-novo-single-de-anelise-varela-e-reforca-sua-trajetoria-no-sertanejo\/\"]}]},{\"@type\":\"ImageObject\",\"inLanguage\":\"pt-BR\",\"@id\":\"https:\/\/bailaodosuloficial.com.br\/index.php\/2026\/01\/03\/final-decente-e-o-novo-single-de-anelise-varela-e-reforca-sua-trajetoria-no-sertanejo\/#primaryimage\",\"url\":\"https:\/\/bailaodosuloficial.com.br\/wp-content\/uploads\/2026\/01\/20260102170309412.pdf-e1767435573210.jpg\",\"contentUrl\":\"https:\/\/bailaodosuloficial.com.br\/wp-content\/uploads\/2026\/01\/20260102170309412.pdf-e1767435573210.jpg\",\"width\":1340,\"height\":1540},{\"@type\":\"BreadcrumbList\",\"@id\":\"https:\/\/bailaodosuloficial.com.br\/index.php\/2026\/01\/03\/final-decente-e-o-novo-single-de-anelise-varela-e-reforca-sua-trajetoria-no-sertanejo\/#breadcrumb\",\"itemListElement\":[{\"@type\":\"ListItem\",\"position\":1,\"name\":\"In\u00edcio\",\"item\":\"https:\/\/bailaodosuloficial.com.br\/\"},{\"@type\":\"ListItem\",\"position\":2,\"name\":\"Final Decente\u201d \u00e9 o novo single de Anelise Varela e refor\u00e7a sua trajet\u00f3ria no sertanejo\"}]},{\"@type\":\"WebSite\",\"@id\":\"https:\/\/bailaodosuloficial.com.br\/#website\",\"url\":\"https:\/\/bailaodosuloficial.com.br\/\",\"name\":\"Bail\u00e3o do Sul\",\"description\":\"\",\"publisher\":{\"@id\":\"https:\/\/bailaodosuloficial.com.br\/#organization\"},\"alternateName\":\"Bail\u00e3o do Sul Oficial\",\"potentialAction\":[{\"@type\":\"SearchAction\",\"target\":{\"@type\":\"EntryPoint\",\"urlTemplate\":\"https:\/\/bailaodosuloficial.com.br\/?s={search_term_string}\"},\"query-input\":{\"@type\":\"PropertyValueSpecification\",\"valueRequired\":true,\"valueName\":\"search_term_string\"}}],\"inLanguage\":\"pt-BR\"},{\"@type\":\"Organization\",\"@id\":\"https:\/\/bailaodosuloficial.com.br\/#organization\",\"name\":\"Bail\u00e3o do Sul\",\"url\":\"https:\/\/bailaodosuloficial.com.br\/\",\"logo\":{\"@type\":\"ImageObject\",\"inLanguage\":\"pt-BR\",\"@id\":\"https:\/\/bailaodosuloficial.com.br\/#\/schema\/logo\/image\/\",\"url\":\"https:\/\/bailaodosuloficial.com.br\/wp-content\/uploads\/2026\/03\/cropped-fim-de-semana-5-scaled-1.png\",\"contentUrl\":\"https:\/\/bailaodosuloficial.com.br\/wp-content\/uploads\/2026\/03\/cropped-fim-de-semana-5-scaled-1.png\",\"width\":1989,\"height\":1371,\"caption\":\"Bail\u00e3o do Sul\"},\"image\":{\"@id\":\"https:\/\/bailaodosuloficial.com.br\/#\/schema\/logo\/image\/\"},\"sameAs\":[\"http:\/\/instagram.com\/bailaodosul\"]},{\"@type\":\"Person\",\"@id\":\"https:\/\/bailaodosuloficial.com.br\/#\/schema\/person\/b3bb1c43b091cd5c62100dd962ddda38\",\"name\":\"admin\",\"image\":{\"@type\":\"ImageObject\",\"inLanguage\":\"pt-BR\",\"@id\":\"https:\/\/bailaodosuloficial.com.br\/#\/schema\/person\/image\/\",\"url\":\"https:\/\/secure.gravatar.com\/avatar\/8e8beae45c6419737da9ea57a58a1f945a580b701e1def541b4459d4ac234c85?s=96&d=mm&r=g\",\"contentUrl\":\"https:\/\/secure.gravatar.com\/avatar\/8e8beae45c6419737da9ea57a58a1f945a580b701e1def541b4459d4ac234c85?s=96&d=mm&r=g\",\"caption\":\"admin\"},\"sameAs\":[\"https:\/\/bailaodosuloficial.com.br\"],\"url\":\"https:\/\/bailaodosuloficial.com.br\/index.php\/author\/bailao\/\"}]}<\/script>\n<!-- \/ Yoast SEO plugin. -->","yoast_head_json":{"title":"Final Decente\u201d \u00e9 o novo single de Anelise Varela e refor\u00e7a sua trajet\u00f3ria no sertanejo -","robots":{"index":"index","follow":"follow","max-snippet":"max-snippet:-1","max-image-preview":"max-image-preview:large","max-video-preview":"max-video-preview:-1"},"canonical":"https:\/\/bailaodosuloficial.com.br\/index.php\/2026\/01\/03\/final-decente-e-o-novo-single-de-anelise-varela-e-reforca-sua-trajetoria-no-sertanejo\/","og_locale":"pt_BR","og_type":"article","og_title":"Final Decente\u201d \u00e9 o novo single de Anelise Varela e refor\u00e7a sua trajet\u00f3ria no sertanejo -","og_description":"Anelise Varela vem consolidando seu nome na m\u00fasica brasileira com autenticidade, emo\u00e7\u00e3o e uma conex\u00e3o direta com o p\u00fablico, e isso fica ainda mais evidente em seu lan\u00e7amento \u201cFinal Decente\u201d. A can\u00e7\u00e3o representa um momento especial da carreira da artista, marcando uma fase mais madura, segura e alinhada com sua identidade musical. Com uma interpreta\u00e7\u00e3o","og_url":"https:\/\/bailaodosuloficial.com.br\/index.php\/2026\/01\/03\/final-decente-e-o-novo-single-de-anelise-varela-e-reforca-sua-trajetoria-no-sertanejo\/","article_published_time":"2026-01-03T10:19:42+00:00","og_image":[{"width":1340,"height":1540,"url":"https:\/\/bailaodosuloficial.com.br\/wp-content\/uploads\/2026\/01\/20260102170309412.pdf-e1767435573210.jpg","type":"image\/jpeg"}],"author":"admin","twitter_card":"summary_large_image","twitter_misc":{"Escrito por":"admin","Est. tempo de leitura":"2 minutos"},"schema":{"@context":"https:\/\/schema.org","@graph":[{"@type":"Article","@id":"https:\/\/bailaodosuloficial.com.br\/index.php\/2026\/01\/03\/final-decente-e-o-novo-single-de-anelise-varela-e-reforca-sua-trajetoria-no-sertanejo\/#article","isPartOf":{"@id":"https:\/\/bailaodosuloficial.com.br\/index.php\/2026\/01\/03\/final-decente-e-o-novo-single-de-anelise-varela-e-reforca-sua-trajetoria-no-sertanejo\/"},"author":{"name":"admin","@id":"https:\/\/bailaodosuloficial.com.br\/#\/schema\/person\/b3bb1c43b091cd5c62100dd962ddda38"},"headline":"Final Decente\u201d \u00e9 o novo single de Anelise Varela e refor\u00e7a sua trajet\u00f3ria no sertanejo","datePublished":"2026-01-03T10:19:42+00:00","mainEntityOfPage":{"@id":"https:\/\/bailaodosuloficial.com.br\/index.php\/2026\/01\/03\/final-decente-e-o-novo-single-de-anelise-varela-e-reforca-sua-trajetoria-no-sertanejo\/"},"wordCount":371,"commentCount":0,"publisher":{"@id":"https:\/\/bailaodosuloficial.com.br\/#organization"},"image":{"@id":"https:\/\/bailaodosuloficial.com.br\/index.php\/2026\/01\/03\/final-decente-e-o-novo-single-de-anelise-varela-e-reforca-sua-trajetoria-no-sertanejo\/#primaryimage"},"thumbnailUrl":"https:\/\/bailaodosuloficial.com.br\/wp-content\/uploads\/2026\/01\/20260102170309412.pdf-e1767435573210.jpg","articleSection":["Sertanejo"],"inLanguage":"pt-BR","potentialAction":[{"@type":"CommentAction","name":"Comment","target":["https:\/\/bailaodosuloficial.com.br\/index.php\/2026\/01\/03\/final-decente-e-o-novo-single-de-anelise-varela-e-reforca-sua-trajetoria-no-sertanejo\/#respond"]}]},{"@type":"WebPage","@id":"https:\/\/bailaodosuloficial.com.br\/index.php\/2026\/01\/03\/final-decente-e-o-novo-single-de-anelise-varela-e-reforca-sua-trajetoria-no-sertanejo\/","url":"https:\/\/bailaodosuloficial.com.br\/index.php\/2026\/01\/03\/final-decente-e-o-novo-single-de-anelise-varela-e-reforca-sua-trajetoria-no-sertanejo\/","name":"Final Decente\u201d \u00e9 o novo single de Anelise Varela e refor\u00e7a sua trajet\u00f3ria no sertanejo -","isPartOf":{"@id":"https:\/\/bailaodosuloficial.com.br\/#website"},"primaryImageOfPage":{"@id":"https:\/\/bailaodosuloficial.com.br\/index.php\/2026\/01\/03\/final-decente-e-o-novo-single-de-anelise-varela-e-reforca-sua-trajetoria-no-sertanejo\/#primaryimage"},"image":{"@id":"https:\/\/bailaodosuloficial.com.br\/index.php\/2026\/01\/03\/final-decente-e-o-novo-single-de-anelise-varela-e-reforca-sua-trajetoria-no-sertanejo\/#primaryimage"},"thumbnailUrl":"https:\/\/bailaodosuloficial.com.br\/wp-content\/uploads\/2026\/01\/20260102170309412.pdf-e1767435573210.jpg","datePublished":"2026-01-03T10:19:42+00:00","breadcrumb":{"@id":"https:\/\/bailaodosuloficial.com.br\/index.php\/2026\/01\/03\/final-decente-e-o-novo-single-de-anelise-varela-e-reforca-sua-trajetoria-no-sertanejo\/#breadcrumb"},"inLanguage":"pt-BR","potentialAction":[{"@type":"ReadAction","target":["https:\/\/bailaodosuloficial.com.br\/index.php\/2026\/01\/03\/final-decente-e-o-novo-single-de-anelise-varela-e-reforca-sua-trajetoria-no-sertanejo\/"]}]},{"@type":"ImageObject","inLanguage":"pt-BR","@id":"https:\/\/bailaodosuloficial.com.br\/index.php\/2026\/01\/03\/final-decente-e-o-novo-single-de-anelise-varela-e-reforca-sua-trajetoria-no-sertanejo\/#primaryimage","url":"https:\/\/bailaodosuloficial.com.br\/wp-content\/uploads\/2026\/01\/20260102170309412.pdf-e1767435573210.jpg","contentUrl":"https:\/\/bailaodosuloficial.com.br\/wp-content\/uploads\/2026\/01\/20260102170309412.pdf-e1767435573210.jpg","width":1340,"height":1540},{"@type":"BreadcrumbList","@id":"https:\/\/bailaodosuloficial.com.br\/index.php\/2026\/01\/03\/final-decente-e-o-novo-single-de-anelise-varela-e-reforca-sua-trajetoria-no-sertanejo\/#breadcrumb","itemListElement":[{"@type":"ListItem","position":1,"name":"In\u00edcio","item":"https:\/\/bailaodosuloficial.com.br\/"},{"@type":"ListItem","position":2,"name":"Final Decente\u201d \u00e9 o novo single de Anelise Varela e refor\u00e7a sua trajet\u00f3ria no sertanejo"}]},{"@type":"WebSite","@id":"https:\/\/bailaodosuloficial.com.br\/#website","url":"https:\/\/bailaodosuloficial.com.br\/","name":"Bail\u00e3o do Sul","description":"","publisher":{"@id":"https:\/\/bailaodosuloficial.com.br\/#organization"},"alternateName":"Bail\u00e3o do Sul Oficial","potentialAction":[{"@type":"SearchAction","target":{"@type":"EntryPoint","urlTemplate":"https:\/\/bailaodosuloficial.com.br\/?s={search_term_string}"},"query-input":{"@type":"PropertyValueSpecification","valueRequired":true,"valueName":"search_term_string"}}],"inLanguage":"pt-BR"},{"@type":"Organization","@id":"https:\/\/bailaodosuloficial.com.br\/#organization","name":"Bail\u00e3o do Sul","url":"https:\/\/bailaodosuloficial.com.br\/","logo":{"@type":"ImageObject","inLanguage":"pt-BR","@id":"https:\/\/bailaodosuloficial.com.br\/#\/schema\/logo\/image\/","url":"https:\/\/bailaodosuloficial.com.br\/wp-content\/uploads\/2026\/03\/cropped-fim-de-semana-5-scaled-1.png","contentUrl":"https:\/\/bailaodosuloficial.com.br\/wp-content\/uploads\/2026\/03\/cropped-fim-de-semana-5-scaled-1.png","width":1989,"height":1371,"caption":"Bail\u00e3o do Sul"},"image":{"@id":"https:\/\/bailaodosuloficial.com.br\/#\/schema\/logo\/image\/"},"sameAs":["http:\/\/instagram.com\/bailaodosul"]},{"@type":"Person","@id":"https:\/\/bailaodosuloficial.com.br\/#\/schema\/person\/b3bb1c43b091cd5c62100dd962ddda38","name":"admin","image":{"@type":"ImageObject","inLanguage":"pt-BR","@id":"https:\/\/bailaodosuloficial.com.br\/#\/schema\/person\/image\/","url":"https:\/\/secure.gravatar.com\/avatar\/8e8beae45c6419737da9ea57a58a1f945a580b701e1def541b4459d4ac234c85?s=96&d=mm&r=g","contentUrl":"https:\/\/secure.gravatar.com\/avatar\/8e8beae45c6419737da9ea57a58a1f945a580b701e1def541b4459d4ac234c85?s=96&d=mm&r=g","caption":"admin"},"sameAs":["https:\/\/bailaodosuloficial.com.br"],"url":"https:\/\/bailaodosuloficial.com.br\/index.php\/author\/bailao\/"}]}},"_links":{"self":[{"href":"https:\/\/bailaodosuloficial.com.br\/index.php\/wp-json\/wp\/v2\/posts\/545","targetHints":{"allow":["GET"]}}],"collection":[{"href":"https:\/\/bailaodosuloficial.com.br\/index.php\/wp-json\/wp\/v2\/posts"}],"about":[{"href":"https:\/\/bailaodosuloficial.com.br\/index.php\/wp-json\/wp\/v2\/types\/post"}],"author":[{"embeddable":true,"href":"https:\/\/bailaodosuloficial.com.br\/index.php\/wp-json\/wp\/v2\/users\/1"}],"replies":[{"embeddable":true,"href":"https:\/\/bailaodosuloficial.com.br\/index.php\/wp-json\/wp\/v2\/comments?post=545"}],"version-history":[{"count":1,"href":"https:\/\/bailaodosuloficial.com.br\/index.php\/wp-json\/wp\/v2\/posts\/545\/revisions"}],"predecessor-version":[{"id":547,"href":"https:\/\/bailaodosuloficial.com.br\/index.php\/wp-json\/wp\/v2\/posts\/545\/revisions\/547"}],"wp:featuredmedia":[{"embeddable":true,"href":"https:\/\/bailaodosuloficial.com.br\/index.php\/wp-json\/wp\/v2\/media\/546"}],"wp:attachment":[{"href":"https:\/\/bailaodosuloficial.com.br\/index.php\/wp-json\/wp\/v2\/media?parent=545"}],"wp:term":[{"taxonomy":"category","embeddable":true,"href":"https:\/\/bailaodosuloficial.com.br\/index.php\/wp-json\/wp\/v2\/categories?post=545"},{"taxonomy":"post_tag","embeddable":true,"href":"https:\/\/bailaodosuloficial.com.br\/index.php\/wp-json\/wp\/v2\/tags?post=545"}],"curies":[{"name":"wp","href":"https:\/\/api.w.org\/{rel}","templated":true}]}}