{"id":548,"date":"2026-01-03T10:46:13","date_gmt":"2026-01-03T10:46:13","guid":{"rendered":"https:\/\/bailaodosuloficial.com.br\/?p=548"},"modified":"2026-01-03T10:46:13","modified_gmt":"2026-01-03T10:46:13","slug":"voz-e-violao-fabio-pedroso-e-luan-gabriel-apresentam-releitura-sensivel-de-o-nosso-santo-bateu","status":"publish","type":"post","link":"https:\/\/bailaodosuloficial.com.br\/index.php\/2026\/01\/03\/voz-e-violao-fabio-pedroso-e-luan-gabriel-apresentam-releitura-sensivel-de-o-nosso-santo-bateu\/","title":{"rendered":"Voz e viol\u00e3o: F\u00e1bio Pedroso e Luan Gabriel apresentam releitura sens\u00edvel de \u201cO Nosso Santo Bateu\u201d"},"content":{"rendered":"\n<p>foto: Instagram <\/p>\n\n\n\n<p><br>A interpreta\u00e7\u00e3o de <strong>\u201cO Nosso Santo Bateu\u201d<\/strong> feita por <strong>F\u00e1bio Pedroso<\/strong> e<strong> Luan Gabriel <\/strong>dentro da cabine de um \u00f4nibus ganhou destaque pela simplicidade e pela for\u00e7a da entrega musical. Em um cen\u00e1rio completamente fora dos palcos tradicionais, os artistas transformaram um espa\u00e7o cotidiano em um ambiente intimista, onde a m\u00fasica falou mais alto do que qualquer produ\u00e7\u00e3o elaborada. Apenas com voz e viol\u00e3o, a can\u00e7\u00e3o ganhou uma nova leitura, mais pr\u00f3xima, humana e carregada de sentimento.<\/p>\n\n\n\n<p>A escolha por uma vers\u00e3o ac\u00fastica evidenciou a sintonia entre os int\u00e9rpretes e valorizou cada detalhe da interpreta\u00e7\u00e3o. As vozes se complementam de forma natural, conduzindo a melodia com suavidade e emo\u00e7\u00e3o, enquanto o viol\u00e3o sustenta a can\u00e7\u00e3o de maneira delicada, sem excessos. O resultado \u00e9 uma performance que prende a aten\u00e7\u00e3o justamente por sua verdade, destacando a ess\u00eancia da m\u00fasica e a conex\u00e3o entre os artistas.<\/p>\n\n\n\n<p>Gravar dentro da cabine de um \u00f4nibus acrescentou ainda mais autenticidade ao momento. O espa\u00e7o limitado, longe de atrapalhar, contribuiu para criar um clima de proximidade e espontaneidade, como se o p\u00fablico estivesse ali, acompanhando a interpreta\u00e7\u00e3o de perto. Esse contraste entre o ambiente simples e a intensidade emocional da m\u00fasica refor\u00e7a a ideia de que a arte n\u00e3o depende de grandes estruturas para acontecer.<\/p>\n\n\n\n<p>A releitura de \u201cO Nosso Santo Bateu\u201d mostra como uma can\u00e7\u00e3o pode ganhar novos significados quando interpretada de forma sincera. F\u00e1bio Pedroso e Luan entregam uma performance sens\u00edvel, que valoriza a m\u00fasica em seu estado mais puro e refor\u00e7a o poder do sertanejo quando apresentado de maneira despojada e verdadeira. \u00c9 um registro que emociona justamente por mostrar que, \u00e0s vezes, tudo o que a m\u00fasica precisa \u00e9 voz, viol\u00e3o e sentimento.<\/p>\n\n\n\n<p><a href=\"https:\/\/www.instagram.com\/reel\/DTBX1STgaH8\/?utm_source=ig_web_copy_link&amp;igsh=MzRlODBiNWFlZA==\">https:\/\/www.instagram.com\/reel\/DTBX1STgaH8\/?utm_source=ig_web_copy_link&amp;igsh=MzRlODBiNWFlZA==<\/a><\/p>\n\n\n\n<p><\/p>\n","protected":false},"excerpt":{"rendered":"<p>foto: Instagram A interpreta\u00e7\u00e3o de \u201cO Nosso Santo Bateu\u201d feita por F\u00e1bio Pedroso e Luan Gabriel dentro da cabine de um \u00f4nibus ganhou destaque pela simplicidade e pela for\u00e7a da entrega musical. Em um cen\u00e1rio completamente fora dos palcos tradicionais, os artistas transformaram um espa\u00e7o cotidiano em um ambiente intimista, onde a m\u00fasica falou mais<\/p>\n","protected":false},"author":1,"featured_media":549,"comment_status":"open","ping_status":"open","sticky":false,"template":"","format":"standard","meta":{"footnotes":""},"categories":[4],"tags":[],"class_list":["post-548","post","type-post","status-publish","format-standard","has-post-thumbnail","hentry","category-sertanejo"],"yoast_head":"<!-- This site is optimized with the Yoast SEO plugin v26.9 - https:\/\/yoast.com\/product\/yoast-seo-wordpress\/ -->\n<title>Voz e viol\u00e3o: F\u00e1bio Pedroso e Luan Gabriel apresentam releitura sens\u00edvel de \u201cO Nosso Santo Bateu\u201d -<\/title>\n<meta name=\"robots\" content=\"index, follow, max-snippet:-1, max-image-preview:large, max-video-preview:-1\" \/>\n<link rel=\"canonical\" href=\"https:\/\/bailaodosuloficial.com.br\/index.php\/2026\/01\/03\/voz-e-violao-fabio-pedroso-e-luan-gabriel-apresentam-releitura-sensivel-de-o-nosso-santo-bateu\/\" \/>\n<meta property=\"og:locale\" content=\"pt_BR\" \/>\n<meta property=\"og:type\" content=\"article\" \/>\n<meta property=\"og:title\" content=\"Voz e viol\u00e3o: F\u00e1bio Pedroso e Luan Gabriel apresentam releitura sens\u00edvel de \u201cO Nosso Santo Bateu\u201d -\" \/>\n<meta property=\"og:description\" content=\"foto: Instagram A interpreta\u00e7\u00e3o de \u201cO Nosso Santo Bateu\u201d feita por F\u00e1bio Pedroso e Luan Gabriel dentro da cabine de um \u00f4nibus ganhou destaque pela simplicidade e pela for\u00e7a da entrega musical. Em um cen\u00e1rio completamente fora dos palcos tradicionais, os artistas transformaram um espa\u00e7o cotidiano em um ambiente intimista, onde a m\u00fasica falou mais\" \/>\n<meta property=\"og:url\" content=\"https:\/\/bailaodosuloficial.com.br\/index.php\/2026\/01\/03\/voz-e-violao-fabio-pedroso-e-luan-gabriel-apresentam-releitura-sensivel-de-o-nosso-santo-bateu\/\" \/>\n<meta property=\"article:published_time\" content=\"2026-01-03T10:46:13+00:00\" \/>\n<meta property=\"og:image\" content=\"https:\/\/bailaodosuloficial.com.br\/wp-content\/uploads\/2026\/01\/Minimalista-Amor-Foto-Cartao.jpg\" \/>\n\t<meta property=\"og:image:width\" content=\"1311\" \/>\n\t<meta property=\"og:image:height\" content=\"930\" \/>\n\t<meta property=\"og:image:type\" content=\"image\/jpeg\" \/>\n<meta name=\"author\" content=\"admin\" \/>\n<meta name=\"twitter:card\" content=\"summary_large_image\" \/>\n<meta name=\"twitter:label1\" content=\"Escrito por\" \/>\n\t<meta name=\"twitter:data1\" content=\"admin\" \/>\n\t<meta name=\"twitter:label2\" content=\"Est. tempo de leitura\" \/>\n\t<meta name=\"twitter:data2\" content=\"2 minutos\" \/>\n<script type=\"application\/ld+json\" class=\"yoast-schema-graph\">{\"@context\":\"https:\/\/schema.org\",\"@graph\":[{\"@type\":\"Article\",\"@id\":\"https:\/\/bailaodosuloficial.com.br\/index.php\/2026\/01\/03\/voz-e-violao-fabio-pedroso-e-luan-gabriel-apresentam-releitura-sensivel-de-o-nosso-santo-bateu\/#article\",\"isPartOf\":{\"@id\":\"https:\/\/bailaodosuloficial.com.br\/index.php\/2026\/01\/03\/voz-e-violao-fabio-pedroso-e-luan-gabriel-apresentam-releitura-sensivel-de-o-nosso-santo-bateu\/\"},\"author\":{\"name\":\"admin\",\"@id\":\"https:\/\/bailaodosuloficial.com.br\/#\/schema\/person\/b3bb1c43b091cd5c62100dd962ddda38\"},\"headline\":\"Voz e viol\u00e3o: F\u00e1bio Pedroso e Luan Gabriel apresentam releitura sens\u00edvel de \u201cO Nosso Santo Bateu\u201d\",\"datePublished\":\"2026-01-03T10:46:13+00:00\",\"mainEntityOfPage\":{\"@id\":\"https:\/\/bailaodosuloficial.com.br\/index.php\/2026\/01\/03\/voz-e-violao-fabio-pedroso-e-luan-gabriel-apresentam-releitura-sensivel-de-o-nosso-santo-bateu\/\"},\"wordCount\":349,\"commentCount\":0,\"publisher\":{\"@id\":\"https:\/\/bailaodosuloficial.com.br\/#organization\"},\"image\":{\"@id\":\"https:\/\/bailaodosuloficial.com.br\/index.php\/2026\/01\/03\/voz-e-violao-fabio-pedroso-e-luan-gabriel-apresentam-releitura-sensivel-de-o-nosso-santo-bateu\/#primaryimage\"},\"thumbnailUrl\":\"https:\/\/bailaodosuloficial.com.br\/wp-content\/uploads\/2026\/01\/Minimalista-Amor-Foto-Cartao.jpg\",\"articleSection\":[\"Sertanejo\"],\"inLanguage\":\"pt-BR\",\"potentialAction\":[{\"@type\":\"CommentAction\",\"name\":\"Comment\",\"target\":[\"https:\/\/bailaodosuloficial.com.br\/index.php\/2026\/01\/03\/voz-e-violao-fabio-pedroso-e-luan-gabriel-apresentam-releitura-sensivel-de-o-nosso-santo-bateu\/#respond\"]}]},{\"@type\":\"WebPage\",\"@id\":\"https:\/\/bailaodosuloficial.com.br\/index.php\/2026\/01\/03\/voz-e-violao-fabio-pedroso-e-luan-gabriel-apresentam-releitura-sensivel-de-o-nosso-santo-bateu\/\",\"url\":\"https:\/\/bailaodosuloficial.com.br\/index.php\/2026\/01\/03\/voz-e-violao-fabio-pedroso-e-luan-gabriel-apresentam-releitura-sensivel-de-o-nosso-santo-bateu\/\",\"name\":\"Voz e viol\u00e3o: F\u00e1bio Pedroso e Luan Gabriel apresentam releitura sens\u00edvel de \u201cO Nosso Santo Bateu\u201d -\",\"isPartOf\":{\"@id\":\"https:\/\/bailaodosuloficial.com.br\/#website\"},\"primaryImageOfPage\":{\"@id\":\"https:\/\/bailaodosuloficial.com.br\/index.php\/2026\/01\/03\/voz-e-violao-fabio-pedroso-e-luan-gabriel-apresentam-releitura-sensivel-de-o-nosso-santo-bateu\/#primaryimage\"},\"image\":{\"@id\":\"https:\/\/bailaodosuloficial.com.br\/index.php\/2026\/01\/03\/voz-e-violao-fabio-pedroso-e-luan-gabriel-apresentam-releitura-sensivel-de-o-nosso-santo-bateu\/#primaryimage\"},\"thumbnailUrl\":\"https:\/\/bailaodosuloficial.com.br\/wp-content\/uploads\/2026\/01\/Minimalista-Amor-Foto-Cartao.jpg\",\"datePublished\":\"2026-01-03T10:46:13+00:00\",\"breadcrumb\":{\"@id\":\"https:\/\/bailaodosuloficial.com.br\/index.php\/2026\/01\/03\/voz-e-violao-fabio-pedroso-e-luan-gabriel-apresentam-releitura-sensivel-de-o-nosso-santo-bateu\/#breadcrumb\"},\"inLanguage\":\"pt-BR\",\"potentialAction\":[{\"@type\":\"ReadAction\",\"target\":[\"https:\/\/bailaodosuloficial.com.br\/index.php\/2026\/01\/03\/voz-e-violao-fabio-pedroso-e-luan-gabriel-apresentam-releitura-sensivel-de-o-nosso-santo-bateu\/\"]}]},{\"@type\":\"ImageObject\",\"inLanguage\":\"pt-BR\",\"@id\":\"https:\/\/bailaodosuloficial.com.br\/index.php\/2026\/01\/03\/voz-e-violao-fabio-pedroso-e-luan-gabriel-apresentam-releitura-sensivel-de-o-nosso-santo-bateu\/#primaryimage\",\"url\":\"https:\/\/bailaodosuloficial.com.br\/wp-content\/uploads\/2026\/01\/Minimalista-Amor-Foto-Cartao.jpg\",\"contentUrl\":\"https:\/\/bailaodosuloficial.com.br\/wp-content\/uploads\/2026\/01\/Minimalista-Amor-Foto-Cartao.jpg\",\"width\":1311,\"height\":930},{\"@type\":\"BreadcrumbList\",\"@id\":\"https:\/\/bailaodosuloficial.com.br\/index.php\/2026\/01\/03\/voz-e-violao-fabio-pedroso-e-luan-gabriel-apresentam-releitura-sensivel-de-o-nosso-santo-bateu\/#breadcrumb\",\"itemListElement\":[{\"@type\":\"ListItem\",\"position\":1,\"name\":\"In\u00edcio\",\"item\":\"https:\/\/bailaodosuloficial.com.br\/\"},{\"@type\":\"ListItem\",\"position\":2,\"name\":\"Voz e viol\u00e3o: F\u00e1bio Pedroso e Luan Gabriel apresentam releitura sens\u00edvel de \u201cO Nosso Santo Bateu\u201d\"}]},{\"@type\":\"WebSite\",\"@id\":\"https:\/\/bailaodosuloficial.com.br\/#website\",\"url\":\"https:\/\/bailaodosuloficial.com.br\/\",\"name\":\"Bail\u00e3o do Sul\",\"description\":\"\",\"publisher\":{\"@id\":\"https:\/\/bailaodosuloficial.com.br\/#organization\"},\"alternateName\":\"Bail\u00e3o do Sul Oficial\",\"potentialAction\":[{\"@type\":\"SearchAction\",\"target\":{\"@type\":\"EntryPoint\",\"urlTemplate\":\"https:\/\/bailaodosuloficial.com.br\/?s={search_term_string}\"},\"query-input\":{\"@type\":\"PropertyValueSpecification\",\"valueRequired\":true,\"valueName\":\"search_term_string\"}}],\"inLanguage\":\"pt-BR\"},{\"@type\":\"Organization\",\"@id\":\"https:\/\/bailaodosuloficial.com.br\/#organization\",\"name\":\"Bail\u00e3o do Sul\",\"url\":\"https:\/\/bailaodosuloficial.com.br\/\",\"logo\":{\"@type\":\"ImageObject\",\"inLanguage\":\"pt-BR\",\"@id\":\"https:\/\/bailaodosuloficial.com.br\/#\/schema\/logo\/image\/\",\"url\":\"https:\/\/bailaodosuloficial.com.br\/wp-content\/uploads\/2026\/03\/cropped-fim-de-semana-5-scaled-1.png\",\"contentUrl\":\"https:\/\/bailaodosuloficial.com.br\/wp-content\/uploads\/2026\/03\/cropped-fim-de-semana-5-scaled-1.png\",\"width\":1989,\"height\":1371,\"caption\":\"Bail\u00e3o do Sul\"},\"image\":{\"@id\":\"https:\/\/bailaodosuloficial.com.br\/#\/schema\/logo\/image\/\"},\"sameAs\":[\"http:\/\/instagram.com\/bailaodosul\"]},{\"@type\":\"Person\",\"@id\":\"https:\/\/bailaodosuloficial.com.br\/#\/schema\/person\/b3bb1c43b091cd5c62100dd962ddda38\",\"name\":\"admin\",\"image\":{\"@type\":\"ImageObject\",\"inLanguage\":\"pt-BR\",\"@id\":\"https:\/\/bailaodosuloficial.com.br\/#\/schema\/person\/image\/\",\"url\":\"https:\/\/secure.gravatar.com\/avatar\/8e8beae45c6419737da9ea57a58a1f945a580b701e1def541b4459d4ac234c85?s=96&d=mm&r=g\",\"contentUrl\":\"https:\/\/secure.gravatar.com\/avatar\/8e8beae45c6419737da9ea57a58a1f945a580b701e1def541b4459d4ac234c85?s=96&d=mm&r=g\",\"caption\":\"admin\"},\"sameAs\":[\"https:\/\/bailaodosuloficial.com.br\"],\"url\":\"https:\/\/bailaodosuloficial.com.br\/index.php\/author\/bailao\/\"}]}<\/script>\n<!-- \/ Yoast SEO plugin. -->","yoast_head_json":{"title":"Voz e viol\u00e3o: F\u00e1bio Pedroso e Luan Gabriel apresentam releitura sens\u00edvel de \u201cO Nosso Santo Bateu\u201d -","robots":{"index":"index","follow":"follow","max-snippet":"max-snippet:-1","max-image-preview":"max-image-preview:large","max-video-preview":"max-video-preview:-1"},"canonical":"https:\/\/bailaodosuloficial.com.br\/index.php\/2026\/01\/03\/voz-e-violao-fabio-pedroso-e-luan-gabriel-apresentam-releitura-sensivel-de-o-nosso-santo-bateu\/","og_locale":"pt_BR","og_type":"article","og_title":"Voz e viol\u00e3o: F\u00e1bio Pedroso e Luan Gabriel apresentam releitura sens\u00edvel de \u201cO Nosso Santo Bateu\u201d -","og_description":"foto: Instagram A interpreta\u00e7\u00e3o de \u201cO Nosso Santo Bateu\u201d feita por F\u00e1bio Pedroso e Luan Gabriel dentro da cabine de um \u00f4nibus ganhou destaque pela simplicidade e pela for\u00e7a da entrega musical. Em um cen\u00e1rio completamente fora dos palcos tradicionais, os artistas transformaram um espa\u00e7o cotidiano em um ambiente intimista, onde a m\u00fasica falou mais","og_url":"https:\/\/bailaodosuloficial.com.br\/index.php\/2026\/01\/03\/voz-e-violao-fabio-pedroso-e-luan-gabriel-apresentam-releitura-sensivel-de-o-nosso-santo-bateu\/","article_published_time":"2026-01-03T10:46:13+00:00","og_image":[{"width":1311,"height":930,"url":"https:\/\/bailaodosuloficial.com.br\/wp-content\/uploads\/2026\/01\/Minimalista-Amor-Foto-Cartao.jpg","type":"image\/jpeg"}],"author":"admin","twitter_card":"summary_large_image","twitter_misc":{"Escrito por":"admin","Est. tempo de leitura":"2 minutos"},"schema":{"@context":"https:\/\/schema.org","@graph":[{"@type":"Article","@id":"https:\/\/bailaodosuloficial.com.br\/index.php\/2026\/01\/03\/voz-e-violao-fabio-pedroso-e-luan-gabriel-apresentam-releitura-sensivel-de-o-nosso-santo-bateu\/#article","isPartOf":{"@id":"https:\/\/bailaodosuloficial.com.br\/index.php\/2026\/01\/03\/voz-e-violao-fabio-pedroso-e-luan-gabriel-apresentam-releitura-sensivel-de-o-nosso-santo-bateu\/"},"author":{"name":"admin","@id":"https:\/\/bailaodosuloficial.com.br\/#\/schema\/person\/b3bb1c43b091cd5c62100dd962ddda38"},"headline":"Voz e viol\u00e3o: F\u00e1bio Pedroso e Luan Gabriel apresentam releitura sens\u00edvel de \u201cO Nosso Santo Bateu\u201d","datePublished":"2026-01-03T10:46:13+00:00","mainEntityOfPage":{"@id":"https:\/\/bailaodosuloficial.com.br\/index.php\/2026\/01\/03\/voz-e-violao-fabio-pedroso-e-luan-gabriel-apresentam-releitura-sensivel-de-o-nosso-santo-bateu\/"},"wordCount":349,"commentCount":0,"publisher":{"@id":"https:\/\/bailaodosuloficial.com.br\/#organization"},"image":{"@id":"https:\/\/bailaodosuloficial.com.br\/index.php\/2026\/01\/03\/voz-e-violao-fabio-pedroso-e-luan-gabriel-apresentam-releitura-sensivel-de-o-nosso-santo-bateu\/#primaryimage"},"thumbnailUrl":"https:\/\/bailaodosuloficial.com.br\/wp-content\/uploads\/2026\/01\/Minimalista-Amor-Foto-Cartao.jpg","articleSection":["Sertanejo"],"inLanguage":"pt-BR","potentialAction":[{"@type":"CommentAction","name":"Comment","target":["https:\/\/bailaodosuloficial.com.br\/index.php\/2026\/01\/03\/voz-e-violao-fabio-pedroso-e-luan-gabriel-apresentam-releitura-sensivel-de-o-nosso-santo-bateu\/#respond"]}]},{"@type":"WebPage","@id":"https:\/\/bailaodosuloficial.com.br\/index.php\/2026\/01\/03\/voz-e-violao-fabio-pedroso-e-luan-gabriel-apresentam-releitura-sensivel-de-o-nosso-santo-bateu\/","url":"https:\/\/bailaodosuloficial.com.br\/index.php\/2026\/01\/03\/voz-e-violao-fabio-pedroso-e-luan-gabriel-apresentam-releitura-sensivel-de-o-nosso-santo-bateu\/","name":"Voz e viol\u00e3o: F\u00e1bio Pedroso e Luan Gabriel apresentam releitura sens\u00edvel de \u201cO Nosso Santo Bateu\u201d -","isPartOf":{"@id":"https:\/\/bailaodosuloficial.com.br\/#website"},"primaryImageOfPage":{"@id":"https:\/\/bailaodosuloficial.com.br\/index.php\/2026\/01\/03\/voz-e-violao-fabio-pedroso-e-luan-gabriel-apresentam-releitura-sensivel-de-o-nosso-santo-bateu\/#primaryimage"},"image":{"@id":"https:\/\/bailaodosuloficial.com.br\/index.php\/2026\/01\/03\/voz-e-violao-fabio-pedroso-e-luan-gabriel-apresentam-releitura-sensivel-de-o-nosso-santo-bateu\/#primaryimage"},"thumbnailUrl":"https:\/\/bailaodosuloficial.com.br\/wp-content\/uploads\/2026\/01\/Minimalista-Amor-Foto-Cartao.jpg","datePublished":"2026-01-03T10:46:13+00:00","breadcrumb":{"@id":"https:\/\/bailaodosuloficial.com.br\/index.php\/2026\/01\/03\/voz-e-violao-fabio-pedroso-e-luan-gabriel-apresentam-releitura-sensivel-de-o-nosso-santo-bateu\/#breadcrumb"},"inLanguage":"pt-BR","potentialAction":[{"@type":"ReadAction","target":["https:\/\/bailaodosuloficial.com.br\/index.php\/2026\/01\/03\/voz-e-violao-fabio-pedroso-e-luan-gabriel-apresentam-releitura-sensivel-de-o-nosso-santo-bateu\/"]}]},{"@type":"ImageObject","inLanguage":"pt-BR","@id":"https:\/\/bailaodosuloficial.com.br\/index.php\/2026\/01\/03\/voz-e-violao-fabio-pedroso-e-luan-gabriel-apresentam-releitura-sensivel-de-o-nosso-santo-bateu\/#primaryimage","url":"https:\/\/bailaodosuloficial.com.br\/wp-content\/uploads\/2026\/01\/Minimalista-Amor-Foto-Cartao.jpg","contentUrl":"https:\/\/bailaodosuloficial.com.br\/wp-content\/uploads\/2026\/01\/Minimalista-Amor-Foto-Cartao.jpg","width":1311,"height":930},{"@type":"BreadcrumbList","@id":"https:\/\/bailaodosuloficial.com.br\/index.php\/2026\/01\/03\/voz-e-violao-fabio-pedroso-e-luan-gabriel-apresentam-releitura-sensivel-de-o-nosso-santo-bateu\/#breadcrumb","itemListElement":[{"@type":"ListItem","position":1,"name":"In\u00edcio","item":"https:\/\/bailaodosuloficial.com.br\/"},{"@type":"ListItem","position":2,"name":"Voz e viol\u00e3o: F\u00e1bio Pedroso e Luan Gabriel apresentam releitura sens\u00edvel de \u201cO Nosso Santo Bateu\u201d"}]},{"@type":"WebSite","@id":"https:\/\/bailaodosuloficial.com.br\/#website","url":"https:\/\/bailaodosuloficial.com.br\/","name":"Bail\u00e3o do Sul","description":"","publisher":{"@id":"https:\/\/bailaodosuloficial.com.br\/#organization"},"alternateName":"Bail\u00e3o do Sul Oficial","potentialAction":[{"@type":"SearchAction","target":{"@type":"EntryPoint","urlTemplate":"https:\/\/bailaodosuloficial.com.br\/?s={search_term_string}"},"query-input":{"@type":"PropertyValueSpecification","valueRequired":true,"valueName":"search_term_string"}}],"inLanguage":"pt-BR"},{"@type":"Organization","@id":"https:\/\/bailaodosuloficial.com.br\/#organization","name":"Bail\u00e3o do Sul","url":"https:\/\/bailaodosuloficial.com.br\/","logo":{"@type":"ImageObject","inLanguage":"pt-BR","@id":"https:\/\/bailaodosuloficial.com.br\/#\/schema\/logo\/image\/","url":"https:\/\/bailaodosuloficial.com.br\/wp-content\/uploads\/2026\/03\/cropped-fim-de-semana-5-scaled-1.png","contentUrl":"https:\/\/bailaodosuloficial.com.br\/wp-content\/uploads\/2026\/03\/cropped-fim-de-semana-5-scaled-1.png","width":1989,"height":1371,"caption":"Bail\u00e3o do Sul"},"image":{"@id":"https:\/\/bailaodosuloficial.com.br\/#\/schema\/logo\/image\/"},"sameAs":["http:\/\/instagram.com\/bailaodosul"]},{"@type":"Person","@id":"https:\/\/bailaodosuloficial.com.br\/#\/schema\/person\/b3bb1c43b091cd5c62100dd962ddda38","name":"admin","image":{"@type":"ImageObject","inLanguage":"pt-BR","@id":"https:\/\/bailaodosuloficial.com.br\/#\/schema\/person\/image\/","url":"https:\/\/secure.gravatar.com\/avatar\/8e8beae45c6419737da9ea57a58a1f945a580b701e1def541b4459d4ac234c85?s=96&d=mm&r=g","contentUrl":"https:\/\/secure.gravatar.com\/avatar\/8e8beae45c6419737da9ea57a58a1f945a580b701e1def541b4459d4ac234c85?s=96&d=mm&r=g","caption":"admin"},"sameAs":["https:\/\/bailaodosuloficial.com.br"],"url":"https:\/\/bailaodosuloficial.com.br\/index.php\/author\/bailao\/"}]}},"_links":{"self":[{"href":"https:\/\/bailaodosuloficial.com.br\/index.php\/wp-json\/wp\/v2\/posts\/548","targetHints":{"allow":["GET"]}}],"collection":[{"href":"https:\/\/bailaodosuloficial.com.br\/index.php\/wp-json\/wp\/v2\/posts"}],"about":[{"href":"https:\/\/bailaodosuloficial.com.br\/index.php\/wp-json\/wp\/v2\/types\/post"}],"author":[{"embeddable":true,"href":"https:\/\/bailaodosuloficial.com.br\/index.php\/wp-json\/wp\/v2\/users\/1"}],"replies":[{"embeddable":true,"href":"https:\/\/bailaodosuloficial.com.br\/index.php\/wp-json\/wp\/v2\/comments?post=548"}],"version-history":[{"count":1,"href":"https:\/\/bailaodosuloficial.com.br\/index.php\/wp-json\/wp\/v2\/posts\/548\/revisions"}],"predecessor-version":[{"id":550,"href":"https:\/\/bailaodosuloficial.com.br\/index.php\/wp-json\/wp\/v2\/posts\/548\/revisions\/550"}],"wp:featuredmedia":[{"embeddable":true,"href":"https:\/\/bailaodosuloficial.com.br\/index.php\/wp-json\/wp\/v2\/media\/549"}],"wp:attachment":[{"href":"https:\/\/bailaodosuloficial.com.br\/index.php\/wp-json\/wp\/v2\/media?parent=548"}],"wp:term":[{"taxonomy":"category","embeddable":true,"href":"https:\/\/bailaodosuloficial.com.br\/index.php\/wp-json\/wp\/v2\/categories?post=548"},{"taxonomy":"post_tag","embeddable":true,"href":"https:\/\/bailaodosuloficial.com.br\/index.php\/wp-json\/wp\/v2\/tags?post=548"}],"curies":[{"name":"wp","href":"https:\/\/api.w.org\/{rel}","templated":true}]}}