{"id":560,"date":"2026-01-03T16:25:49","date_gmt":"2026-01-03T16:25:49","guid":{"rendered":"https:\/\/bailaodosuloficial.com.br\/?p=560"},"modified":"2026-01-03T16:25:49","modified_gmt":"2026-01-03T16:25:49","slug":"sem-ele-no-palco-mas-com-bom-humor-de-sobra","status":"publish","type":"post","link":"https:\/\/bailaodosuloficial.com.br\/index.php\/2026\/01\/03\/sem-ele-no-palco-mas-com-bom-humor-de-sobra\/","title":{"rendered":"Sem ele no palco, mas com bom humor de sobra"},"content":{"rendered":"\n<p>Ana Castela voltou a chamar a aten\u00e7\u00e3o do p\u00fablico e das redes sociais ao transformar um momento delicado de sua vida pessoal em uma cena leve e bem-humorada no palco. Durante uma apresenta\u00e7\u00e3o recente, a cantora interpretou a m\u00fasica <strong>\u201cS\u00f3 Me Fez Chorar\u201d<\/strong>, can\u00e7\u00e3o associada ao seu relacionamento com <strong>Z\u00e9 Felipe<\/strong>, mas desta vez de uma forma diferente e simb\u00f3lica, logo ap\u00f3s o an\u00fancio da separa\u00e7\u00e3o entre os dois.<\/p>\n\n\n\n<p>Sem a presen\u00e7a do cantor, Ana encontrou uma maneira criativa de lidar com a situa\u00e7\u00e3o: no lugar de Z\u00e9 Felipe, um <strong>totem com a imagem dele<\/strong> foi utilizado durante a performance. A atitude arrancou risadas do p\u00fablico e rapidamente repercutiu nas redes, onde f\u00e3s elogiaram a postura da artista por unir maturidade, espontaneidade e bom humor em meio a um momento que poderia ser apenas emocionalmente pesado.<\/p>\n\n\n\n<p>A cena ganhou ainda mais significado por conta da escolha da m\u00fasica. \u201cS\u00f3 Me Fez Chorar\u201d j\u00e1 carrega uma carga sentimental forte e, no novo contexto, acabou ganhando novas leituras por parte do p\u00fablico. Mesmo assim, Ana Castela conduziu a apresenta\u00e7\u00e3o com leveza, mostrando seguran\u00e7a no palco e deixando claro que segue focada na carreira e na conex\u00e3o com seus f\u00e3s.<\/p>\n\n\n\n<p>O epis\u00f3dio refor\u00e7a uma caracter\u00edstica marcante da cantora: a capacidade de se comunicar de forma direta e verdadeira com o p\u00fablico, seja por meio da m\u00fasica ou de gestos espont\u00e2neos. Ao optar pelo humor, Ana transformou o que poderia ser apenas um coment\u00e1rio sobre o fim de um relacionamento em um momento de entretenimento e identifica\u00e7\u00e3o, algo que rapidamente se espalhou pela internet.<\/p>\n\n\n\n<p>Mais do que uma simples apresenta\u00e7\u00e3o, o momento simboliza uma nova fase para a artista, que segue em evid\u00eancia no cen\u00e1rio sertanejo e pop, mostrando que \u00e9 poss\u00edvel lidar com mudan\u00e7as pessoais sem perder autenticidade. Ana Castela prova, mais uma vez, que sabe usar o palco n\u00e3o s\u00f3 para cantar, mas tamb\u00e9m para contar hist\u00f3rias \u2014 inclusive as que envolvem recome\u00e7os.<\/p>\n\n\n\n<p><\/p>\n","protected":false},"excerpt":{"rendered":"<p>Ana Castela voltou a chamar a aten\u00e7\u00e3o do p\u00fablico e das redes sociais ao transformar um momento delicado de sua vida pessoal em uma cena leve e bem-humorada no palco. Durante uma apresenta\u00e7\u00e3o recente, a cantora interpretou a m\u00fasica \u201cS\u00f3 Me Fez Chorar\u201d, can\u00e7\u00e3o associada ao seu relacionamento com Z\u00e9 Felipe, mas desta vez de<\/p>\n","protected":false},"author":1,"featured_media":561,"comment_status":"open","ping_status":"open","sticky":false,"template":"","format":"standard","meta":{"footnotes":""},"categories":[4],"tags":[],"class_list":["post-560","post","type-post","status-publish","format-standard","has-post-thumbnail","hentry","category-sertanejo"],"yoast_head":"<!-- This site is optimized with the Yoast SEO plugin v26.9 - https:\/\/yoast.com\/product\/yoast-seo-wordpress\/ -->\n<title>Sem ele no palco, mas com bom humor de sobra -<\/title>\n<meta name=\"robots\" content=\"index, follow, max-snippet:-1, max-image-preview:large, max-video-preview:-1\" \/>\n<link rel=\"canonical\" href=\"https:\/\/bailaodosuloficial.com.br\/index.php\/2026\/01\/03\/sem-ele-no-palco-mas-com-bom-humor-de-sobra\/\" \/>\n<meta property=\"og:locale\" content=\"pt_BR\" \/>\n<meta property=\"og:type\" content=\"article\" \/>\n<meta property=\"og:title\" content=\"Sem ele no palco, mas com bom humor de sobra -\" \/>\n<meta property=\"og:description\" content=\"Ana Castela voltou a chamar a aten\u00e7\u00e3o do p\u00fablico e das redes sociais ao transformar um momento delicado de sua vida pessoal em uma cena leve e bem-humorada no palco. Durante uma apresenta\u00e7\u00e3o recente, a cantora interpretou a m\u00fasica \u201cS\u00f3 Me Fez Chorar\u201d, can\u00e7\u00e3o associada ao seu relacionamento com Z\u00e9 Felipe, mas desta vez de\" \/>\n<meta property=\"og:url\" content=\"https:\/\/bailaodosuloficial.com.br\/index.php\/2026\/01\/03\/sem-ele-no-palco-mas-com-bom-humor-de-sobra\/\" \/>\n<meta property=\"article:published_time\" content=\"2026-01-03T16:25:49+00:00\" \/>\n<meta property=\"og:image\" content=\"https:\/\/bailaodosuloficial.com.br\/wp-content\/uploads\/2026\/01\/image-7.png\" \/>\n\t<meta property=\"og:image:width\" content=\"1200\" \/>\n\t<meta property=\"og:image:height\" content=\"900\" \/>\n\t<meta property=\"og:image:type\" content=\"image\/png\" \/>\n<meta name=\"author\" content=\"admin\" \/>\n<meta name=\"twitter:card\" content=\"summary_large_image\" \/>\n<meta name=\"twitter:label1\" content=\"Escrito por\" \/>\n\t<meta name=\"twitter:data1\" content=\"admin\" \/>\n\t<meta name=\"twitter:label2\" content=\"Est. tempo de leitura\" \/>\n\t<meta name=\"twitter:data2\" content=\"2 minutos\" \/>\n<script type=\"application\/ld+json\" class=\"yoast-schema-graph\">{\"@context\":\"https:\/\/schema.org\",\"@graph\":[{\"@type\":\"Article\",\"@id\":\"https:\/\/bailaodosuloficial.com.br\/index.php\/2026\/01\/03\/sem-ele-no-palco-mas-com-bom-humor-de-sobra\/#article\",\"isPartOf\":{\"@id\":\"https:\/\/bailaodosuloficial.com.br\/index.php\/2026\/01\/03\/sem-ele-no-palco-mas-com-bom-humor-de-sobra\/\"},\"author\":{\"name\":\"admin\",\"@id\":\"https:\/\/bailaodosuloficial.com.br\/#\/schema\/person\/b3bb1c43b091cd5c62100dd962ddda38\"},\"headline\":\"Sem ele no palco, mas com bom humor de sobra\",\"datePublished\":\"2026-01-03T16:25:49+00:00\",\"mainEntityOfPage\":{\"@id\":\"https:\/\/bailaodosuloficial.com.br\/index.php\/2026\/01\/03\/sem-ele-no-palco-mas-com-bom-humor-de-sobra\/\"},\"wordCount\":365,\"commentCount\":0,\"publisher\":{\"@id\":\"https:\/\/bailaodosuloficial.com.br\/#organization\"},\"image\":{\"@id\":\"https:\/\/bailaodosuloficial.com.br\/index.php\/2026\/01\/03\/sem-ele-no-palco-mas-com-bom-humor-de-sobra\/#primaryimage\"},\"thumbnailUrl\":\"https:\/\/bailaodosuloficial.com.br\/wp-content\/uploads\/2026\/01\/image-7.png\",\"articleSection\":[\"Sertanejo\"],\"inLanguage\":\"pt-BR\",\"potentialAction\":[{\"@type\":\"CommentAction\",\"name\":\"Comment\",\"target\":[\"https:\/\/bailaodosuloficial.com.br\/index.php\/2026\/01\/03\/sem-ele-no-palco-mas-com-bom-humor-de-sobra\/#respond\"]}]},{\"@type\":\"WebPage\",\"@id\":\"https:\/\/bailaodosuloficial.com.br\/index.php\/2026\/01\/03\/sem-ele-no-palco-mas-com-bom-humor-de-sobra\/\",\"url\":\"https:\/\/bailaodosuloficial.com.br\/index.php\/2026\/01\/03\/sem-ele-no-palco-mas-com-bom-humor-de-sobra\/\",\"name\":\"Sem ele no palco, mas com bom humor de sobra -\",\"isPartOf\":{\"@id\":\"https:\/\/bailaodosuloficial.com.br\/#website\"},\"primaryImageOfPage\":{\"@id\":\"https:\/\/bailaodosuloficial.com.br\/index.php\/2026\/01\/03\/sem-ele-no-palco-mas-com-bom-humor-de-sobra\/#primaryimage\"},\"image\":{\"@id\":\"https:\/\/bailaodosuloficial.com.br\/index.php\/2026\/01\/03\/sem-ele-no-palco-mas-com-bom-humor-de-sobra\/#primaryimage\"},\"thumbnailUrl\":\"https:\/\/bailaodosuloficial.com.br\/wp-content\/uploads\/2026\/01\/image-7.png\",\"datePublished\":\"2026-01-03T16:25:49+00:00\",\"breadcrumb\":{\"@id\":\"https:\/\/bailaodosuloficial.com.br\/index.php\/2026\/01\/03\/sem-ele-no-palco-mas-com-bom-humor-de-sobra\/#breadcrumb\"},\"inLanguage\":\"pt-BR\",\"potentialAction\":[{\"@type\":\"ReadAction\",\"target\":[\"https:\/\/bailaodosuloficial.com.br\/index.php\/2026\/01\/03\/sem-ele-no-palco-mas-com-bom-humor-de-sobra\/\"]}]},{\"@type\":\"ImageObject\",\"inLanguage\":\"pt-BR\",\"@id\":\"https:\/\/bailaodosuloficial.com.br\/index.php\/2026\/01\/03\/sem-ele-no-palco-mas-com-bom-humor-de-sobra\/#primaryimage\",\"url\":\"https:\/\/bailaodosuloficial.com.br\/wp-content\/uploads\/2026\/01\/image-7.png\",\"contentUrl\":\"https:\/\/bailaodosuloficial.com.br\/wp-content\/uploads\/2026\/01\/image-7.png\",\"width\":1200,\"height\":900},{\"@type\":\"BreadcrumbList\",\"@id\":\"https:\/\/bailaodosuloficial.com.br\/index.php\/2026\/01\/03\/sem-ele-no-palco-mas-com-bom-humor-de-sobra\/#breadcrumb\",\"itemListElement\":[{\"@type\":\"ListItem\",\"position\":1,\"name\":\"In\u00edcio\",\"item\":\"https:\/\/bailaodosuloficial.com.br\/\"},{\"@type\":\"ListItem\",\"position\":2,\"name\":\"Sem ele no palco, mas com bom humor de sobra\"}]},{\"@type\":\"WebSite\",\"@id\":\"https:\/\/bailaodosuloficial.com.br\/#website\",\"url\":\"https:\/\/bailaodosuloficial.com.br\/\",\"name\":\"Bail\u00e3o do Sul\",\"description\":\"\",\"publisher\":{\"@id\":\"https:\/\/bailaodosuloficial.com.br\/#organization\"},\"alternateName\":\"Bail\u00e3o do Sul Oficial\",\"potentialAction\":[{\"@type\":\"SearchAction\",\"target\":{\"@type\":\"EntryPoint\",\"urlTemplate\":\"https:\/\/bailaodosuloficial.com.br\/?s={search_term_string}\"},\"query-input\":{\"@type\":\"PropertyValueSpecification\",\"valueRequired\":true,\"valueName\":\"search_term_string\"}}],\"inLanguage\":\"pt-BR\"},{\"@type\":\"Organization\",\"@id\":\"https:\/\/bailaodosuloficial.com.br\/#organization\",\"name\":\"Bail\u00e3o do Sul\",\"url\":\"https:\/\/bailaodosuloficial.com.br\/\",\"logo\":{\"@type\":\"ImageObject\",\"inLanguage\":\"pt-BR\",\"@id\":\"https:\/\/bailaodosuloficial.com.br\/#\/schema\/logo\/image\/\",\"url\":\"https:\/\/bailaodosuloficial.com.br\/wp-content\/uploads\/2026\/03\/cropped-fim-de-semana-5-scaled-1.png\",\"contentUrl\":\"https:\/\/bailaodosuloficial.com.br\/wp-content\/uploads\/2026\/03\/cropped-fim-de-semana-5-scaled-1.png\",\"width\":1989,\"height\":1371,\"caption\":\"Bail\u00e3o do Sul\"},\"image\":{\"@id\":\"https:\/\/bailaodosuloficial.com.br\/#\/schema\/logo\/image\/\"},\"sameAs\":[\"http:\/\/instagram.com\/bailaodosul\"]},{\"@type\":\"Person\",\"@id\":\"https:\/\/bailaodosuloficial.com.br\/#\/schema\/person\/b3bb1c43b091cd5c62100dd962ddda38\",\"name\":\"admin\",\"image\":{\"@type\":\"ImageObject\",\"inLanguage\":\"pt-BR\",\"@id\":\"https:\/\/bailaodosuloficial.com.br\/#\/schema\/person\/image\/\",\"url\":\"https:\/\/secure.gravatar.com\/avatar\/8e8beae45c6419737da9ea57a58a1f945a580b701e1def541b4459d4ac234c85?s=96&d=mm&r=g\",\"contentUrl\":\"https:\/\/secure.gravatar.com\/avatar\/8e8beae45c6419737da9ea57a58a1f945a580b701e1def541b4459d4ac234c85?s=96&d=mm&r=g\",\"caption\":\"admin\"},\"sameAs\":[\"https:\/\/bailaodosuloficial.com.br\"],\"url\":\"https:\/\/bailaodosuloficial.com.br\/index.php\/author\/bailao\/\"}]}<\/script>\n<!-- \/ Yoast SEO plugin. -->","yoast_head_json":{"title":"Sem ele no palco, mas com bom humor de sobra -","robots":{"index":"index","follow":"follow","max-snippet":"max-snippet:-1","max-image-preview":"max-image-preview:large","max-video-preview":"max-video-preview:-1"},"canonical":"https:\/\/bailaodosuloficial.com.br\/index.php\/2026\/01\/03\/sem-ele-no-palco-mas-com-bom-humor-de-sobra\/","og_locale":"pt_BR","og_type":"article","og_title":"Sem ele no palco, mas com bom humor de sobra -","og_description":"Ana Castela voltou a chamar a aten\u00e7\u00e3o do p\u00fablico e das redes sociais ao transformar um momento delicado de sua vida pessoal em uma cena leve e bem-humorada no palco. Durante uma apresenta\u00e7\u00e3o recente, a cantora interpretou a m\u00fasica \u201cS\u00f3 Me Fez Chorar\u201d, can\u00e7\u00e3o associada ao seu relacionamento com Z\u00e9 Felipe, mas desta vez de","og_url":"https:\/\/bailaodosuloficial.com.br\/index.php\/2026\/01\/03\/sem-ele-no-palco-mas-com-bom-humor-de-sobra\/","article_published_time":"2026-01-03T16:25:49+00:00","og_image":[{"width":1200,"height":900,"url":"https:\/\/bailaodosuloficial.com.br\/wp-content\/uploads\/2026\/01\/image-7.png","type":"image\/png"}],"author":"admin","twitter_card":"summary_large_image","twitter_misc":{"Escrito por":"admin","Est. tempo de leitura":"2 minutos"},"schema":{"@context":"https:\/\/schema.org","@graph":[{"@type":"Article","@id":"https:\/\/bailaodosuloficial.com.br\/index.php\/2026\/01\/03\/sem-ele-no-palco-mas-com-bom-humor-de-sobra\/#article","isPartOf":{"@id":"https:\/\/bailaodosuloficial.com.br\/index.php\/2026\/01\/03\/sem-ele-no-palco-mas-com-bom-humor-de-sobra\/"},"author":{"name":"admin","@id":"https:\/\/bailaodosuloficial.com.br\/#\/schema\/person\/b3bb1c43b091cd5c62100dd962ddda38"},"headline":"Sem ele no palco, mas com bom humor de sobra","datePublished":"2026-01-03T16:25:49+00:00","mainEntityOfPage":{"@id":"https:\/\/bailaodosuloficial.com.br\/index.php\/2026\/01\/03\/sem-ele-no-palco-mas-com-bom-humor-de-sobra\/"},"wordCount":365,"commentCount":0,"publisher":{"@id":"https:\/\/bailaodosuloficial.com.br\/#organization"},"image":{"@id":"https:\/\/bailaodosuloficial.com.br\/index.php\/2026\/01\/03\/sem-ele-no-palco-mas-com-bom-humor-de-sobra\/#primaryimage"},"thumbnailUrl":"https:\/\/bailaodosuloficial.com.br\/wp-content\/uploads\/2026\/01\/image-7.png","articleSection":["Sertanejo"],"inLanguage":"pt-BR","potentialAction":[{"@type":"CommentAction","name":"Comment","target":["https:\/\/bailaodosuloficial.com.br\/index.php\/2026\/01\/03\/sem-ele-no-palco-mas-com-bom-humor-de-sobra\/#respond"]}]},{"@type":"WebPage","@id":"https:\/\/bailaodosuloficial.com.br\/index.php\/2026\/01\/03\/sem-ele-no-palco-mas-com-bom-humor-de-sobra\/","url":"https:\/\/bailaodosuloficial.com.br\/index.php\/2026\/01\/03\/sem-ele-no-palco-mas-com-bom-humor-de-sobra\/","name":"Sem ele no palco, mas com bom humor de sobra -","isPartOf":{"@id":"https:\/\/bailaodosuloficial.com.br\/#website"},"primaryImageOfPage":{"@id":"https:\/\/bailaodosuloficial.com.br\/index.php\/2026\/01\/03\/sem-ele-no-palco-mas-com-bom-humor-de-sobra\/#primaryimage"},"image":{"@id":"https:\/\/bailaodosuloficial.com.br\/index.php\/2026\/01\/03\/sem-ele-no-palco-mas-com-bom-humor-de-sobra\/#primaryimage"},"thumbnailUrl":"https:\/\/bailaodosuloficial.com.br\/wp-content\/uploads\/2026\/01\/image-7.png","datePublished":"2026-01-03T16:25:49+00:00","breadcrumb":{"@id":"https:\/\/bailaodosuloficial.com.br\/index.php\/2026\/01\/03\/sem-ele-no-palco-mas-com-bom-humor-de-sobra\/#breadcrumb"},"inLanguage":"pt-BR","potentialAction":[{"@type":"ReadAction","target":["https:\/\/bailaodosuloficial.com.br\/index.php\/2026\/01\/03\/sem-ele-no-palco-mas-com-bom-humor-de-sobra\/"]}]},{"@type":"ImageObject","inLanguage":"pt-BR","@id":"https:\/\/bailaodosuloficial.com.br\/index.php\/2026\/01\/03\/sem-ele-no-palco-mas-com-bom-humor-de-sobra\/#primaryimage","url":"https:\/\/bailaodosuloficial.com.br\/wp-content\/uploads\/2026\/01\/image-7.png","contentUrl":"https:\/\/bailaodosuloficial.com.br\/wp-content\/uploads\/2026\/01\/image-7.png","width":1200,"height":900},{"@type":"BreadcrumbList","@id":"https:\/\/bailaodosuloficial.com.br\/index.php\/2026\/01\/03\/sem-ele-no-palco-mas-com-bom-humor-de-sobra\/#breadcrumb","itemListElement":[{"@type":"ListItem","position":1,"name":"In\u00edcio","item":"https:\/\/bailaodosuloficial.com.br\/"},{"@type":"ListItem","position":2,"name":"Sem ele no palco, mas com bom humor de sobra"}]},{"@type":"WebSite","@id":"https:\/\/bailaodosuloficial.com.br\/#website","url":"https:\/\/bailaodosuloficial.com.br\/","name":"Bail\u00e3o do Sul","description":"","publisher":{"@id":"https:\/\/bailaodosuloficial.com.br\/#organization"},"alternateName":"Bail\u00e3o do Sul Oficial","potentialAction":[{"@type":"SearchAction","target":{"@type":"EntryPoint","urlTemplate":"https:\/\/bailaodosuloficial.com.br\/?s={search_term_string}"},"query-input":{"@type":"PropertyValueSpecification","valueRequired":true,"valueName":"search_term_string"}}],"inLanguage":"pt-BR"},{"@type":"Organization","@id":"https:\/\/bailaodosuloficial.com.br\/#organization","name":"Bail\u00e3o do Sul","url":"https:\/\/bailaodosuloficial.com.br\/","logo":{"@type":"ImageObject","inLanguage":"pt-BR","@id":"https:\/\/bailaodosuloficial.com.br\/#\/schema\/logo\/image\/","url":"https:\/\/bailaodosuloficial.com.br\/wp-content\/uploads\/2026\/03\/cropped-fim-de-semana-5-scaled-1.png","contentUrl":"https:\/\/bailaodosuloficial.com.br\/wp-content\/uploads\/2026\/03\/cropped-fim-de-semana-5-scaled-1.png","width":1989,"height":1371,"caption":"Bail\u00e3o do Sul"},"image":{"@id":"https:\/\/bailaodosuloficial.com.br\/#\/schema\/logo\/image\/"},"sameAs":["http:\/\/instagram.com\/bailaodosul"]},{"@type":"Person","@id":"https:\/\/bailaodosuloficial.com.br\/#\/schema\/person\/b3bb1c43b091cd5c62100dd962ddda38","name":"admin","image":{"@type":"ImageObject","inLanguage":"pt-BR","@id":"https:\/\/bailaodosuloficial.com.br\/#\/schema\/person\/image\/","url":"https:\/\/secure.gravatar.com\/avatar\/8e8beae45c6419737da9ea57a58a1f945a580b701e1def541b4459d4ac234c85?s=96&d=mm&r=g","contentUrl":"https:\/\/secure.gravatar.com\/avatar\/8e8beae45c6419737da9ea57a58a1f945a580b701e1def541b4459d4ac234c85?s=96&d=mm&r=g","caption":"admin"},"sameAs":["https:\/\/bailaodosuloficial.com.br"],"url":"https:\/\/bailaodosuloficial.com.br\/index.php\/author\/bailao\/"}]}},"_links":{"self":[{"href":"https:\/\/bailaodosuloficial.com.br\/index.php\/wp-json\/wp\/v2\/posts\/560","targetHints":{"allow":["GET"]}}],"collection":[{"href":"https:\/\/bailaodosuloficial.com.br\/index.php\/wp-json\/wp\/v2\/posts"}],"about":[{"href":"https:\/\/bailaodosuloficial.com.br\/index.php\/wp-json\/wp\/v2\/types\/post"}],"author":[{"embeddable":true,"href":"https:\/\/bailaodosuloficial.com.br\/index.php\/wp-json\/wp\/v2\/users\/1"}],"replies":[{"embeddable":true,"href":"https:\/\/bailaodosuloficial.com.br\/index.php\/wp-json\/wp\/v2\/comments?post=560"}],"version-history":[{"count":1,"href":"https:\/\/bailaodosuloficial.com.br\/index.php\/wp-json\/wp\/v2\/posts\/560\/revisions"}],"predecessor-version":[{"id":562,"href":"https:\/\/bailaodosuloficial.com.br\/index.php\/wp-json\/wp\/v2\/posts\/560\/revisions\/562"}],"wp:featuredmedia":[{"embeddable":true,"href":"https:\/\/bailaodosuloficial.com.br\/index.php\/wp-json\/wp\/v2\/media\/561"}],"wp:attachment":[{"href":"https:\/\/bailaodosuloficial.com.br\/index.php\/wp-json\/wp\/v2\/media?parent=560"}],"wp:term":[{"taxonomy":"category","embeddable":true,"href":"https:\/\/bailaodosuloficial.com.br\/index.php\/wp-json\/wp\/v2\/categories?post=560"},{"taxonomy":"post_tag","embeddable":true,"href":"https:\/\/bailaodosuloficial.com.br\/index.php\/wp-json\/wp\/v2\/tags?post=560"}],"curies":[{"name":"wp","href":"https:\/\/api.w.org\/{rel}","templated":true}]}}