{"id":563,"date":"2026-01-03T19:38:50","date_gmt":"2026-01-03T19:38:50","guid":{"rendered":"https:\/\/bailaodosuloficial.com.br\/?p=563"},"modified":"2026-01-04T10:01:37","modified_gmt":"2026-01-04T10:01:37","slug":"na-carla-a-gauchinha-conquista-espaco-e-se-firma-como-nova-voz-da-musica-gaucha","status":"publish","type":"post","link":"https:\/\/bailaodosuloficial.com.br\/index.php\/2026\/01\/03\/na-carla-a-gauchinha-conquista-espaco-e-se-firma-como-nova-voz-da-musica-gaucha\/","title":{"rendered":"Ana Carla, a Gauchinha, conquista espa\u00e7o e se firma como nova voz da m\u00fasica ga\u00facha"},"content":{"rendered":"\n<p>Ana Carla Trindade, conhecida artisticamente como <strong>Ana Carla, a Gauchinha da Campanha<\/strong>, vem ganhando destaque no cen\u00e1rio da m\u00fasica regional do Rio Grande do Sul por sua autenticidade, talento e forte liga\u00e7\u00e3o com as tradi\u00e7\u00f5es ga\u00fachas. Natural da regi\u00e3o da Campanha, a artista carrega em sua trajet\u00f3ria a ess\u00eancia do campo, da cultura nativista e da m\u00fasica que valoriza as ra\u00edzes do Sul do Brasil.<\/p>\n\n\n\n<p>Desde cedo, Ana Carla demonstrou afinidade com a m\u00fasica tradicional, encontrando no acorde\u00e3o um dos principais s\u00edmbolos de sua identidade art\u00edstica. Cantora e instrumentista, ela utiliza a m\u00fasica como forma de express\u00e3o cultural, levando ao p\u00fablico can\u00e7\u00f5es que exaltam o cotidiano do interior, os costumes ga\u00fachos e o sentimento de pertencimento \u00e0 terra. Sua interpreta\u00e7\u00e3o une sensibilidade e for\u00e7a, caracter\u00edsticas que marcam sua presen\u00e7a nos palcos e nas redes sociais.<\/p>\n\n\n\n<p>Al\u00e9m da atua\u00e7\u00e3o art\u00edstica, Ana Carla tamb\u00e9m concilia a carreira musical com a vida acad\u00eamica, mostrando versatilidade e dedica\u00e7\u00e3o em diferentes \u00e1reas. Essa combina\u00e7\u00e3o contribui para aproxim\u00e1-la ainda mais do p\u00fablico, que acompanha n\u00e3o apenas suas apresenta\u00e7\u00f5es e v\u00eddeos musicais, mas tamb\u00e9m momentos do seu dia a dia, criando uma rela\u00e7\u00e3o de identifica\u00e7\u00e3o e proximidade.<\/p>\n\n\n\n<p>Nas redes sociais, a Gauchinha compartilha conte\u00fados que refor\u00e7am seu compromisso com a cultura regional, valorizando o acorde\u00e3o, a indument\u00e1ria t\u00edpica e a m\u00fasica nativista, sempre com uma linguagem acess\u00edvel e contempor\u00e2nea. Essa presen\u00e7a constante tem ampliado seu alcance e fortalecido sua imagem como uma jovem representante da tradi\u00e7\u00e3o ga\u00facha, que respeita o passado sem deixar de dialogar com o presente.<\/p>\n\n\n\n<p>Com uma trajet\u00f3ria constru\u00edda com simplicidade, talento e amor pela m\u00fasica, Ana Carla segue conquistando espa\u00e7o e consolidando seu nome no cen\u00e1rio regional. Seu trabalho reflete o orgulho de ser ga\u00facha e o desejo de manter vivas as tradi\u00e7\u00f5es por meio da m\u00fasica, tornando-se uma voz promissora dentro do universo nativista e cultural do Rio Grande do Sul.<\/p>\n\n\n\n<figure class=\"wp-block-embed is-type-rich is-provider-spotify wp-block-embed-spotify wp-embed-aspect-21-9 wp-has-aspect-ratio\"><div class=\"wp-block-embed__wrapper\">\n<iframe title=\"Spotify Embed: Gauchinha da Campanha\" style=\"border-radius: 12px\" width=\"100%\" height=\"352\" frameborder=\"0\" allowfullscreen allow=\"autoplay; clipboard-write; encrypted-media; fullscreen; picture-in-picture\" loading=\"lazy\" src=\"https:\/\/open.spotify.com\/embed\/artist\/3rrD0uG4sltbmnbDBbTMy7?si=wVhI5h1MSlaC7AlMs6ScLQ&amp;utm_source=oembed&amp;utm_medium=social&amp;utm_content=link_in_bio&amp;fbclid=PAZXh0bgNhZW0CMTEAc3J0YwZhcHBfaWQMMjU2MjgxMDQwNTU4AAGnBHMz4A-RP6a3zgGt_5vCxKi8teSTGT8z5np__bx-m-CbL6CVbGJjRGvrsVE_aem_mEQhhrlEEFZLXJLH9egmow&amp;nd=1&amp;dlsi=e5fcc2b6b8f14a06\"><\/iframe>\n<\/div><\/figure>\n","protected":false},"excerpt":{"rendered":"<p>Ana Carla Trindade, conhecida artisticamente como Ana Carla, a Gauchinha da Campanha, vem ganhando destaque no cen\u00e1rio da m\u00fasica regional do Rio Grande do Sul por sua autenticidade, talento e forte liga\u00e7\u00e3o com as tradi\u00e7\u00f5es ga\u00fachas. Natural da regi\u00e3o da Campanha, a artista carrega em sua trajet\u00f3ria a ess\u00eancia do campo, da cultura nativista e<\/p>\n","protected":false},"author":1,"featured_media":564,"comment_status":"open","ping_status":"open","sticky":false,"template":"","format":"standard","meta":{"footnotes":""},"categories":[3],"tags":[39],"class_list":["post-563","post","type-post","status-publish","format-standard","has-post-thumbnail","hentry","category-gaucho","tag-gaucho"],"yoast_head":"<!-- This site is optimized with the Yoast SEO plugin v26.9 - https:\/\/yoast.com\/product\/yoast-seo-wordpress\/ -->\n<title>Ana Carla, a Gauchinha, conquista espa\u00e7o e se firma como nova voz da m\u00fasica ga\u00facha -<\/title>\n<meta name=\"robots\" content=\"index, follow, max-snippet:-1, max-image-preview:large, max-video-preview:-1\" \/>\n<link rel=\"canonical\" href=\"https:\/\/bailaodosuloficial.com.br\/index.php\/2026\/01\/03\/na-carla-a-gauchinha-conquista-espaco-e-se-firma-como-nova-voz-da-musica-gaucha\/\" \/>\n<meta property=\"og:locale\" content=\"pt_BR\" \/>\n<meta property=\"og:type\" content=\"article\" \/>\n<meta property=\"og:title\" content=\"Ana Carla, a Gauchinha, conquista espa\u00e7o e se firma como nova voz da m\u00fasica ga\u00facha -\" \/>\n<meta property=\"og:description\" content=\"Ana Carla Trindade, conhecida artisticamente como Ana Carla, a Gauchinha da Campanha, vem ganhando destaque no cen\u00e1rio da m\u00fasica regional do Rio Grande do Sul por sua autenticidade, talento e forte liga\u00e7\u00e3o com as tradi\u00e7\u00f5es ga\u00fachas. Natural da regi\u00e3o da Campanha, a artista carrega em sua trajet\u00f3ria a ess\u00eancia do campo, da cultura nativista e\" \/>\n<meta property=\"og:url\" content=\"https:\/\/bailaodosuloficial.com.br\/index.php\/2026\/01\/03\/na-carla-a-gauchinha-conquista-espaco-e-se-firma-como-nova-voz-da-musica-gaucha\/\" \/>\n<meta property=\"article:published_time\" content=\"2026-01-03T19:38:50+00:00\" \/>\n<meta property=\"article:modified_time\" content=\"2026-01-04T10:01:37+00:00\" \/>\n<meta property=\"og:image\" content=\"https:\/\/bailaodosuloficial.com.br\/wp-content\/uploads\/2026\/01\/image-8-e1767469626550.png\" \/>\n\t<meta property=\"og:image:width\" content=\"676\" \/>\n\t<meta property=\"og:image:height\" content=\"606\" \/>\n\t<meta property=\"og:image:type\" content=\"image\/png\" \/>\n<meta name=\"author\" content=\"admin\" \/>\n<meta name=\"twitter:card\" content=\"summary_large_image\" \/>\n<meta name=\"twitter:label1\" content=\"Escrito por\" \/>\n\t<meta name=\"twitter:data1\" content=\"admin\" \/>\n\t<meta name=\"twitter:label2\" content=\"Est. tempo de leitura\" \/>\n\t<meta name=\"twitter:data2\" content=\"2 minutos\" \/>\n<script type=\"application\/ld+json\" class=\"yoast-schema-graph\">{\"@context\":\"https:\/\/schema.org\",\"@graph\":[{\"@type\":\"Article\",\"@id\":\"https:\/\/bailaodosuloficial.com.br\/index.php\/2026\/01\/03\/na-carla-a-gauchinha-conquista-espaco-e-se-firma-como-nova-voz-da-musica-gaucha\/#article\",\"isPartOf\":{\"@id\":\"https:\/\/bailaodosuloficial.com.br\/index.php\/2026\/01\/03\/na-carla-a-gauchinha-conquista-espaco-e-se-firma-como-nova-voz-da-musica-gaucha\/\"},\"author\":{\"name\":\"admin\",\"@id\":\"https:\/\/bailaodosuloficial.com.br\/#\/schema\/person\/b3bb1c43b091cd5c62100dd962ddda38\"},\"headline\":\"Ana Carla, a Gauchinha, conquista espa\u00e7o e se firma como nova voz da m\u00fasica ga\u00facha\",\"datePublished\":\"2026-01-03T19:38:50+00:00\",\"dateModified\":\"2026-01-04T10:01:37+00:00\",\"mainEntityOfPage\":{\"@id\":\"https:\/\/bailaodosuloficial.com.br\/index.php\/2026\/01\/03\/na-carla-a-gauchinha-conquista-espaco-e-se-firma-como-nova-voz-da-musica-gaucha\/\"},\"wordCount\":443,\"commentCount\":0,\"publisher\":{\"@id\":\"https:\/\/bailaodosuloficial.com.br\/#organization\"},\"image\":{\"@id\":\"https:\/\/bailaodosuloficial.com.br\/index.php\/2026\/01\/03\/na-carla-a-gauchinha-conquista-espaco-e-se-firma-como-nova-voz-da-musica-gaucha\/#primaryimage\"},\"thumbnailUrl\":\"https:\/\/bailaodosuloficial.com.br\/wp-content\/uploads\/2026\/01\/image-8-e1767469626550.png\",\"keywords\":[\"ga\u00facho\"],\"articleSection\":[\"Ga\u00fachas\"],\"inLanguage\":\"pt-BR\",\"potentialAction\":[{\"@type\":\"CommentAction\",\"name\":\"Comment\",\"target\":[\"https:\/\/bailaodosuloficial.com.br\/index.php\/2026\/01\/03\/na-carla-a-gauchinha-conquista-espaco-e-se-firma-como-nova-voz-da-musica-gaucha\/#respond\"]}]},{\"@type\":\"WebPage\",\"@id\":\"https:\/\/bailaodosuloficial.com.br\/index.php\/2026\/01\/03\/na-carla-a-gauchinha-conquista-espaco-e-se-firma-como-nova-voz-da-musica-gaucha\/\",\"url\":\"https:\/\/bailaodosuloficial.com.br\/index.php\/2026\/01\/03\/na-carla-a-gauchinha-conquista-espaco-e-se-firma-como-nova-voz-da-musica-gaucha\/\",\"name\":\"Ana Carla, a Gauchinha, conquista espa\u00e7o e se firma como nova voz da m\u00fasica ga\u00facha -\",\"isPartOf\":{\"@id\":\"https:\/\/bailaodosuloficial.com.br\/#website\"},\"primaryImageOfPage\":{\"@id\":\"https:\/\/bailaodosuloficial.com.br\/index.php\/2026\/01\/03\/na-carla-a-gauchinha-conquista-espaco-e-se-firma-como-nova-voz-da-musica-gaucha\/#primaryimage\"},\"image\":{\"@id\":\"https:\/\/bailaodosuloficial.com.br\/index.php\/2026\/01\/03\/na-carla-a-gauchinha-conquista-espaco-e-se-firma-como-nova-voz-da-musica-gaucha\/#primaryimage\"},\"thumbnailUrl\":\"https:\/\/bailaodosuloficial.com.br\/wp-content\/uploads\/2026\/01\/image-8-e1767469626550.png\",\"datePublished\":\"2026-01-03T19:38:50+00:00\",\"dateModified\":\"2026-01-04T10:01:37+00:00\",\"breadcrumb\":{\"@id\":\"https:\/\/bailaodosuloficial.com.br\/index.php\/2026\/01\/03\/na-carla-a-gauchinha-conquista-espaco-e-se-firma-como-nova-voz-da-musica-gaucha\/#breadcrumb\"},\"inLanguage\":\"pt-BR\",\"potentialAction\":[{\"@type\":\"ReadAction\",\"target\":[\"https:\/\/bailaodosuloficial.com.br\/index.php\/2026\/01\/03\/na-carla-a-gauchinha-conquista-espaco-e-se-firma-como-nova-voz-da-musica-gaucha\/\"]}]},{\"@type\":\"ImageObject\",\"inLanguage\":\"pt-BR\",\"@id\":\"https:\/\/bailaodosuloficial.com.br\/index.php\/2026\/01\/03\/na-carla-a-gauchinha-conquista-espaco-e-se-firma-como-nova-voz-da-musica-gaucha\/#primaryimage\",\"url\":\"https:\/\/bailaodosuloficial.com.br\/wp-content\/uploads\/2026\/01\/image-8-e1767469626550.png\",\"contentUrl\":\"https:\/\/bailaodosuloficial.com.br\/wp-content\/uploads\/2026\/01\/image-8-e1767469626550.png\",\"width\":676,\"height\":606},{\"@type\":\"BreadcrumbList\",\"@id\":\"https:\/\/bailaodosuloficial.com.br\/index.php\/2026\/01\/03\/na-carla-a-gauchinha-conquista-espaco-e-se-firma-como-nova-voz-da-musica-gaucha\/#breadcrumb\",\"itemListElement\":[{\"@type\":\"ListItem\",\"position\":1,\"name\":\"In\u00edcio\",\"item\":\"https:\/\/bailaodosuloficial.com.br\/\"},{\"@type\":\"ListItem\",\"position\":2,\"name\":\"Ana Carla, a Gauchinha, conquista espa\u00e7o e se firma como nova voz da m\u00fasica ga\u00facha\"}]},{\"@type\":\"WebSite\",\"@id\":\"https:\/\/bailaodosuloficial.com.br\/#website\",\"url\":\"https:\/\/bailaodosuloficial.com.br\/\",\"name\":\"Bail\u00e3o do Sul\",\"description\":\"\",\"publisher\":{\"@id\":\"https:\/\/bailaodosuloficial.com.br\/#organization\"},\"alternateName\":\"Bail\u00e3o do Sul Oficial\",\"potentialAction\":[{\"@type\":\"SearchAction\",\"target\":{\"@type\":\"EntryPoint\",\"urlTemplate\":\"https:\/\/bailaodosuloficial.com.br\/?s={search_term_string}\"},\"query-input\":{\"@type\":\"PropertyValueSpecification\",\"valueRequired\":true,\"valueName\":\"search_term_string\"}}],\"inLanguage\":\"pt-BR\"},{\"@type\":\"Organization\",\"@id\":\"https:\/\/bailaodosuloficial.com.br\/#organization\",\"name\":\"Bail\u00e3o do Sul\",\"url\":\"https:\/\/bailaodosuloficial.com.br\/\",\"logo\":{\"@type\":\"ImageObject\",\"inLanguage\":\"pt-BR\",\"@id\":\"https:\/\/bailaodosuloficial.com.br\/#\/schema\/logo\/image\/\",\"url\":\"https:\/\/bailaodosuloficial.com.br\/wp-content\/uploads\/2026\/03\/cropped-fim-de-semana-5-scaled-1.png\",\"contentUrl\":\"https:\/\/bailaodosuloficial.com.br\/wp-content\/uploads\/2026\/03\/cropped-fim-de-semana-5-scaled-1.png\",\"width\":1989,\"height\":1371,\"caption\":\"Bail\u00e3o do Sul\"},\"image\":{\"@id\":\"https:\/\/bailaodosuloficial.com.br\/#\/schema\/logo\/image\/\"},\"sameAs\":[\"http:\/\/instagram.com\/bailaodosul\"]},{\"@type\":\"Person\",\"@id\":\"https:\/\/bailaodosuloficial.com.br\/#\/schema\/person\/b3bb1c43b091cd5c62100dd962ddda38\",\"name\":\"admin\",\"image\":{\"@type\":\"ImageObject\",\"inLanguage\":\"pt-BR\",\"@id\":\"https:\/\/bailaodosuloficial.com.br\/#\/schema\/person\/image\/\",\"url\":\"https:\/\/secure.gravatar.com\/avatar\/8e8beae45c6419737da9ea57a58a1f945a580b701e1def541b4459d4ac234c85?s=96&d=mm&r=g\",\"contentUrl\":\"https:\/\/secure.gravatar.com\/avatar\/8e8beae45c6419737da9ea57a58a1f945a580b701e1def541b4459d4ac234c85?s=96&d=mm&r=g\",\"caption\":\"admin\"},\"sameAs\":[\"https:\/\/bailaodosuloficial.com.br\"],\"url\":\"https:\/\/bailaodosuloficial.com.br\/index.php\/author\/bailao\/\"}]}<\/script>\n<!-- \/ Yoast SEO plugin. -->","yoast_head_json":{"title":"Ana Carla, a Gauchinha, conquista espa\u00e7o e se firma como nova voz da m\u00fasica ga\u00facha -","robots":{"index":"index","follow":"follow","max-snippet":"max-snippet:-1","max-image-preview":"max-image-preview:large","max-video-preview":"max-video-preview:-1"},"canonical":"https:\/\/bailaodosuloficial.com.br\/index.php\/2026\/01\/03\/na-carla-a-gauchinha-conquista-espaco-e-se-firma-como-nova-voz-da-musica-gaucha\/","og_locale":"pt_BR","og_type":"article","og_title":"Ana Carla, a Gauchinha, conquista espa\u00e7o e se firma como nova voz da m\u00fasica ga\u00facha -","og_description":"Ana Carla Trindade, conhecida artisticamente como Ana Carla, a Gauchinha da Campanha, vem ganhando destaque no cen\u00e1rio da m\u00fasica regional do Rio Grande do Sul por sua autenticidade, talento e forte liga\u00e7\u00e3o com as tradi\u00e7\u00f5es ga\u00fachas. Natural da regi\u00e3o da Campanha, a artista carrega em sua trajet\u00f3ria a ess\u00eancia do campo, da cultura nativista e","og_url":"https:\/\/bailaodosuloficial.com.br\/index.php\/2026\/01\/03\/na-carla-a-gauchinha-conquista-espaco-e-se-firma-como-nova-voz-da-musica-gaucha\/","article_published_time":"2026-01-03T19:38:50+00:00","article_modified_time":"2026-01-04T10:01:37+00:00","og_image":[{"width":676,"height":606,"url":"https:\/\/bailaodosuloficial.com.br\/wp-content\/uploads\/2026\/01\/image-8-e1767469626550.png","type":"image\/png"}],"author":"admin","twitter_card":"summary_large_image","twitter_misc":{"Escrito por":"admin","Est. tempo de leitura":"2 minutos"},"schema":{"@context":"https:\/\/schema.org","@graph":[{"@type":"Article","@id":"https:\/\/bailaodosuloficial.com.br\/index.php\/2026\/01\/03\/na-carla-a-gauchinha-conquista-espaco-e-se-firma-como-nova-voz-da-musica-gaucha\/#article","isPartOf":{"@id":"https:\/\/bailaodosuloficial.com.br\/index.php\/2026\/01\/03\/na-carla-a-gauchinha-conquista-espaco-e-se-firma-como-nova-voz-da-musica-gaucha\/"},"author":{"name":"admin","@id":"https:\/\/bailaodosuloficial.com.br\/#\/schema\/person\/b3bb1c43b091cd5c62100dd962ddda38"},"headline":"Ana Carla, a Gauchinha, conquista espa\u00e7o e se firma como nova voz da m\u00fasica ga\u00facha","datePublished":"2026-01-03T19:38:50+00:00","dateModified":"2026-01-04T10:01:37+00:00","mainEntityOfPage":{"@id":"https:\/\/bailaodosuloficial.com.br\/index.php\/2026\/01\/03\/na-carla-a-gauchinha-conquista-espaco-e-se-firma-como-nova-voz-da-musica-gaucha\/"},"wordCount":443,"commentCount":0,"publisher":{"@id":"https:\/\/bailaodosuloficial.com.br\/#organization"},"image":{"@id":"https:\/\/bailaodosuloficial.com.br\/index.php\/2026\/01\/03\/na-carla-a-gauchinha-conquista-espaco-e-se-firma-como-nova-voz-da-musica-gaucha\/#primaryimage"},"thumbnailUrl":"https:\/\/bailaodosuloficial.com.br\/wp-content\/uploads\/2026\/01\/image-8-e1767469626550.png","keywords":["ga\u00facho"],"articleSection":["Ga\u00fachas"],"inLanguage":"pt-BR","potentialAction":[{"@type":"CommentAction","name":"Comment","target":["https:\/\/bailaodosuloficial.com.br\/index.php\/2026\/01\/03\/na-carla-a-gauchinha-conquista-espaco-e-se-firma-como-nova-voz-da-musica-gaucha\/#respond"]}]},{"@type":"WebPage","@id":"https:\/\/bailaodosuloficial.com.br\/index.php\/2026\/01\/03\/na-carla-a-gauchinha-conquista-espaco-e-se-firma-como-nova-voz-da-musica-gaucha\/","url":"https:\/\/bailaodosuloficial.com.br\/index.php\/2026\/01\/03\/na-carla-a-gauchinha-conquista-espaco-e-se-firma-como-nova-voz-da-musica-gaucha\/","name":"Ana Carla, a Gauchinha, conquista espa\u00e7o e se firma como nova voz da m\u00fasica ga\u00facha -","isPartOf":{"@id":"https:\/\/bailaodosuloficial.com.br\/#website"},"primaryImageOfPage":{"@id":"https:\/\/bailaodosuloficial.com.br\/index.php\/2026\/01\/03\/na-carla-a-gauchinha-conquista-espaco-e-se-firma-como-nova-voz-da-musica-gaucha\/#primaryimage"},"image":{"@id":"https:\/\/bailaodosuloficial.com.br\/index.php\/2026\/01\/03\/na-carla-a-gauchinha-conquista-espaco-e-se-firma-como-nova-voz-da-musica-gaucha\/#primaryimage"},"thumbnailUrl":"https:\/\/bailaodosuloficial.com.br\/wp-content\/uploads\/2026\/01\/image-8-e1767469626550.png","datePublished":"2026-01-03T19:38:50+00:00","dateModified":"2026-01-04T10:01:37+00:00","breadcrumb":{"@id":"https:\/\/bailaodosuloficial.com.br\/index.php\/2026\/01\/03\/na-carla-a-gauchinha-conquista-espaco-e-se-firma-como-nova-voz-da-musica-gaucha\/#breadcrumb"},"inLanguage":"pt-BR","potentialAction":[{"@type":"ReadAction","target":["https:\/\/bailaodosuloficial.com.br\/index.php\/2026\/01\/03\/na-carla-a-gauchinha-conquista-espaco-e-se-firma-como-nova-voz-da-musica-gaucha\/"]}]},{"@type":"ImageObject","inLanguage":"pt-BR","@id":"https:\/\/bailaodosuloficial.com.br\/index.php\/2026\/01\/03\/na-carla-a-gauchinha-conquista-espaco-e-se-firma-como-nova-voz-da-musica-gaucha\/#primaryimage","url":"https:\/\/bailaodosuloficial.com.br\/wp-content\/uploads\/2026\/01\/image-8-e1767469626550.png","contentUrl":"https:\/\/bailaodosuloficial.com.br\/wp-content\/uploads\/2026\/01\/image-8-e1767469626550.png","width":676,"height":606},{"@type":"BreadcrumbList","@id":"https:\/\/bailaodosuloficial.com.br\/index.php\/2026\/01\/03\/na-carla-a-gauchinha-conquista-espaco-e-se-firma-como-nova-voz-da-musica-gaucha\/#breadcrumb","itemListElement":[{"@type":"ListItem","position":1,"name":"In\u00edcio","item":"https:\/\/bailaodosuloficial.com.br\/"},{"@type":"ListItem","position":2,"name":"Ana Carla, a Gauchinha, conquista espa\u00e7o e se firma como nova voz da m\u00fasica ga\u00facha"}]},{"@type":"WebSite","@id":"https:\/\/bailaodosuloficial.com.br\/#website","url":"https:\/\/bailaodosuloficial.com.br\/","name":"Bail\u00e3o do Sul","description":"","publisher":{"@id":"https:\/\/bailaodosuloficial.com.br\/#organization"},"alternateName":"Bail\u00e3o do Sul Oficial","potentialAction":[{"@type":"SearchAction","target":{"@type":"EntryPoint","urlTemplate":"https:\/\/bailaodosuloficial.com.br\/?s={search_term_string}"},"query-input":{"@type":"PropertyValueSpecification","valueRequired":true,"valueName":"search_term_string"}}],"inLanguage":"pt-BR"},{"@type":"Organization","@id":"https:\/\/bailaodosuloficial.com.br\/#organization","name":"Bail\u00e3o do Sul","url":"https:\/\/bailaodosuloficial.com.br\/","logo":{"@type":"ImageObject","inLanguage":"pt-BR","@id":"https:\/\/bailaodosuloficial.com.br\/#\/schema\/logo\/image\/","url":"https:\/\/bailaodosuloficial.com.br\/wp-content\/uploads\/2026\/03\/cropped-fim-de-semana-5-scaled-1.png","contentUrl":"https:\/\/bailaodosuloficial.com.br\/wp-content\/uploads\/2026\/03\/cropped-fim-de-semana-5-scaled-1.png","width":1989,"height":1371,"caption":"Bail\u00e3o do Sul"},"image":{"@id":"https:\/\/bailaodosuloficial.com.br\/#\/schema\/logo\/image\/"},"sameAs":["http:\/\/instagram.com\/bailaodosul"]},{"@type":"Person","@id":"https:\/\/bailaodosuloficial.com.br\/#\/schema\/person\/b3bb1c43b091cd5c62100dd962ddda38","name":"admin","image":{"@type":"ImageObject","inLanguage":"pt-BR","@id":"https:\/\/bailaodosuloficial.com.br\/#\/schema\/person\/image\/","url":"https:\/\/secure.gravatar.com\/avatar\/8e8beae45c6419737da9ea57a58a1f945a580b701e1def541b4459d4ac234c85?s=96&d=mm&r=g","contentUrl":"https:\/\/secure.gravatar.com\/avatar\/8e8beae45c6419737da9ea57a58a1f945a580b701e1def541b4459d4ac234c85?s=96&d=mm&r=g","caption":"admin"},"sameAs":["https:\/\/bailaodosuloficial.com.br"],"url":"https:\/\/bailaodosuloficial.com.br\/index.php\/author\/bailao\/"}]}},"_links":{"self":[{"href":"https:\/\/bailaodosuloficial.com.br\/index.php\/wp-json\/wp\/v2\/posts\/563","targetHints":{"allow":["GET"]}}],"collection":[{"href":"https:\/\/bailaodosuloficial.com.br\/index.php\/wp-json\/wp\/v2\/posts"}],"about":[{"href":"https:\/\/bailaodosuloficial.com.br\/index.php\/wp-json\/wp\/v2\/types\/post"}],"author":[{"embeddable":true,"href":"https:\/\/bailaodosuloficial.com.br\/index.php\/wp-json\/wp\/v2\/users\/1"}],"replies":[{"embeddable":true,"href":"https:\/\/bailaodosuloficial.com.br\/index.php\/wp-json\/wp\/v2\/comments?post=563"}],"version-history":[{"count":4,"href":"https:\/\/bailaodosuloficial.com.br\/index.php\/wp-json\/wp\/v2\/posts\/563\/revisions"}],"predecessor-version":[{"id":575,"href":"https:\/\/bailaodosuloficial.com.br\/index.php\/wp-json\/wp\/v2\/posts\/563\/revisions\/575"}],"wp:featuredmedia":[{"embeddable":true,"href":"https:\/\/bailaodosuloficial.com.br\/index.php\/wp-json\/wp\/v2\/media\/564"}],"wp:attachment":[{"href":"https:\/\/bailaodosuloficial.com.br\/index.php\/wp-json\/wp\/v2\/media?parent=563"}],"wp:term":[{"taxonomy":"category","embeddable":true,"href":"https:\/\/bailaodosuloficial.com.br\/index.php\/wp-json\/wp\/v2\/categories?post=563"},{"taxonomy":"post_tag","embeddable":true,"href":"https:\/\/bailaodosuloficial.com.br\/index.php\/wp-json\/wp\/v2\/tags?post=563"}],"curies":[{"name":"wp","href":"https:\/\/api.w.org\/{rel}","templated":true}]}}