{"id":594,"date":"2026-01-05T14:15:28","date_gmt":"2026-01-05T14:15:28","guid":{"rendered":"https:\/\/bailaodosuloficial.com.br\/?p=594"},"modified":"2026-01-05T14:16:11","modified_gmt":"2026-01-05T14:16:11","slug":"joao-lemes-surpreende-ao-reinterpretar-eu-duvido-de-eduardo-costa-e-encanta-seus-seguidores","status":"publish","type":"post","link":"https:\/\/bailaodosuloficial.com.br\/index.php\/2026\/01\/05\/joao-lemes-surpreende-ao-reinterpretar-eu-duvido-de-eduardo-costa-e-encanta-seus-seguidores\/","title":{"rendered":"Jo\u00e3o Lemes Surpreende ao Reinterpretar \u201cEu Duvido\u201d de Eduardo Costa e Encanta Seus Seguidores"},"content":{"rendered":"\n<p>Foto: Instagram\/ Jo\u00e3o Lemes \u00e9 um profissional que tem conquistado espa\u00e7o tanto no mundo da comunica\u00e7\u00e3o quanto na m\u00fasica. Al\u00e9m de ser <strong>jornalista, professor e palestrante<\/strong>, ele tamb\u00e9m tem se destacado como <strong>m\u00fasico<\/strong> e <strong>artista<\/strong> nas redes sociais. Recentemente, Lemes encantou seus seguidores ao compartilhar uma performance emocionante de sua vers\u00e3o da m\u00fasica <strong>\u201cEu Duvido\u201d<\/strong>, sucesso de <strong>Eduardo Costa<\/strong>, que rapidamente viralizou entre seus f\u00e3s e admiradores. Com um viol\u00e3o e uma voz cheia de sentimento, ele reinterpretou o cl\u00e1ssico sertanejo, mostrando seu talento e conex\u00e3o com a m\u00fasica popular brasileira.<\/p>\n\n\n\n<p>link do v\u00eddeo: <a href=\"https:\/\/www.instagram.com\/p\/DTIcA2OAgAz\/\">https:\/\/www.instagram.com\/p\/DTIcA2OAgAz\/<\/a><\/p>\n\n\n\n<p>Ao longo de sua carreira, Jo\u00e3o Lemes construiu uma trajet\u00f3ria s\u00f3lida na \u00e1rea da comunica\u00e7\u00e3o. Ele \u00e9 <strong>diretor e editor do Jornal Expresso Ilustrado<\/strong>, um renomado ve\u00edculo de comunica\u00e7\u00e3o da regi\u00e3o central do Rio Grande do Sul, que tamb\u00e9m est\u00e1 presente em plataformas digitais, expandindo seu alcance e consolidando sua marca como uma refer\u00eancia de jornalismo local. O <strong>Jornal Expresso Ilustrado<\/strong> se tornou uma importante fonte de informa\u00e7\u00e3o para a comunidade, e sob a dire\u00e7\u00e3o de Lemes, o portal <strong>NP Expresso<\/strong> tamb\u00e9m ganhou notoriedade, oferecendo conte\u00fados variados em diferentes m\u00eddias, incluindo r\u00e1dio e material audiovisual.<\/p>\n\n\n\n<p>Al\u00e9m de sua atua\u00e7\u00e3o no jornalismo, Lemes \u00e9 <strong>professor de Educa\u00e7\u00e3o<\/strong>, com especializa\u00e7\u00e3o em <strong>Letras<\/strong> e mestrado na \u00e1rea. Sua forma\u00e7\u00e3o acad\u00eamica e experi\u00eancia pr\u00e1tica o tornam um formador de opini\u00e3o respeitado, e ele \u00e9 constantemente convidado para compartilhar seus conhecimentos em palestras e eventos educativos. Como palestrante, Lemes tem contribu\u00eddo significativamente para debates sobre <strong>comunica\u00e7\u00e3o<\/strong>, <strong>educa\u00e7\u00e3o<\/strong> e <strong>jornalismo<\/strong>, com foco no impacto da m\u00eddia na sociedade contempor\u00e2nea.<\/p>\n\n\n\n<p>Sua presen\u00e7a como <strong>orador<\/strong> tem sido especialmente not\u00e1vel em eventos culturais e educacionais, onde ele compartilha seu conhecimento e paix\u00e3o pela comunica\u00e7\u00e3o, ajudando a formar novas gera\u00e7\u00f5es de jornalistas, educadores e l\u00edderes comunit\u00e1rios. Em diversas ocasi\u00f5es, Lemes foi homenageado por sua atua\u00e7\u00e3o em prol da <strong>educa\u00e7\u00e3o<\/strong> e da <strong>cultura<\/strong>, sendo at\u00e9 mesmo escolhido como patrono da <strong>Feira do Livro de Santiago<\/strong>, um evento de grande import\u00e2ncia na regi\u00e3o.<\/p>\n\n\n\n<p>No entanto, sua atua\u00e7\u00e3o vai al\u00e9m do mundo acad\u00eamico e jornal\u00edstico. Recentemente, Jo\u00e3o Lemes tem se aventurado no universo da m\u00fasica. Sua vers\u00e3o de <strong>\u201cEu Duvido\u201d<\/strong>, de <strong>Eduardo Costa<\/strong>, \u00e9 um exemplo claro de como ele consegue unir sua <strong>express\u00e3o art\u00edstica<\/strong> \u00e0 sua vasta experi\u00eancia em comunica\u00e7\u00e3o. No v\u00eddeo postado em suas redes sociais, Lemes canta e toca viol\u00e3o de forma intimista, trazendo uma interpreta\u00e7\u00e3o \u00fanica e emocional \u00e0 can\u00e7\u00e3o. A performance, que j\u00e1 conquistou muitos de seus seguidores, tamb\u00e9m reflete sua habilidade em se conectar com o p\u00fablico de diferentes formas, seja no jornalismo, na educa\u00e7\u00e3o ou na m\u00fasica.<\/p>\n\n\n\n<p>Al\u00e9m de sua recente incurs\u00e3o na m\u00fasica, Jo\u00e3o Lemes continua a manter sua presen\u00e7a de destaque nos meios de comunica\u00e7\u00e3o. Sua paix\u00e3o por contar hist\u00f3rias e informar \u00e9 evidente em todas as suas atua\u00e7\u00f5es profissionais, seja na sala de aula, no palco ou na reda\u00e7\u00e3o de um jornal. Sua versatilidade o torna um exemplo de como \u00e9 poss\u00edvel transitar entre diferentes \u00e1reas, sempre com comprometimento e dedica\u00e7\u00e3o.<\/p>\n\n\n\n<p>Jo\u00e3o Lemes tem mostrado que, para ele, a comunica\u00e7\u00e3o n\u00e3o tem limites. Seja com palavras, m\u00fasica ou imagens, ele consegue cativar e engajar seu p\u00fablico de maneira \u00fanica. Ao continuar com sua jornada no <strong>Jornal Expresso Ilustrado<\/strong>, ao se dedicar ao ensino e ao palestrar em eventos, ele tamb\u00e9m se consolida como um artista completo, capaz de explorar diferentes formas de express\u00e3o. E com sua recente vers\u00e3o de <strong>\u201cEu Duvido\u201d<\/strong>, Lemes reafirma seu compromisso com a arte, com a educa\u00e7\u00e3o e com a comunica\u00e7\u00e3o.<\/p>\n","protected":false},"excerpt":{"rendered":"<p>Foto: Instagram\/ Jo\u00e3o Lemes \u00e9 um profissional que tem conquistado espa\u00e7o tanto no mundo da comunica\u00e7\u00e3o quanto na m\u00fasica. Al\u00e9m de ser jornalista, professor e palestrante, ele tamb\u00e9m tem se destacado como m\u00fasico e artista nas redes sociais. Recentemente, Lemes encantou seus seguidores ao compartilhar uma performance emocionante de sua vers\u00e3o da m\u00fasica \u201cEu Duvido\u201d,<\/p>\n","protected":false},"author":1,"featured_media":595,"comment_status":"open","ping_status":"open","sticky":false,"template":"","format":"standard","meta":{"footnotes":""},"categories":[4],"tags":[],"class_list":["post-594","post","type-post","status-publish","format-standard","has-post-thumbnail","hentry","category-sertanejo"],"yoast_head":"<!-- This site is optimized with the Yoast SEO plugin v26.9 - https:\/\/yoast.com\/product\/yoast-seo-wordpress\/ -->\n<title>Jo\u00e3o Lemes Surpreende ao Reinterpretar \u201cEu Duvido\u201d de Eduardo Costa e Encanta Seus Seguidores -<\/title>\n<meta name=\"robots\" content=\"index, follow, max-snippet:-1, max-image-preview:large, max-video-preview:-1\" \/>\n<link rel=\"canonical\" href=\"https:\/\/bailaodosuloficial.com.br\/index.php\/2026\/01\/05\/joao-lemes-surpreende-ao-reinterpretar-eu-duvido-de-eduardo-costa-e-encanta-seus-seguidores\/\" \/>\n<meta property=\"og:locale\" content=\"pt_BR\" \/>\n<meta property=\"og:type\" content=\"article\" \/>\n<meta property=\"og:title\" content=\"Jo\u00e3o Lemes Surpreende ao Reinterpretar \u201cEu Duvido\u201d de Eduardo Costa e Encanta Seus Seguidores -\" \/>\n<meta property=\"og:description\" content=\"Foto: Instagram\/ Jo\u00e3o Lemes \u00e9 um profissional que tem conquistado espa\u00e7o tanto no mundo da comunica\u00e7\u00e3o quanto na m\u00fasica. Al\u00e9m de ser jornalista, professor e palestrante, ele tamb\u00e9m tem se destacado como m\u00fasico e artista nas redes sociais. Recentemente, Lemes encantou seus seguidores ao compartilhar uma performance emocionante de sua vers\u00e3o da m\u00fasica \u201cEu Duvido\u201d,\" \/>\n<meta property=\"og:url\" content=\"https:\/\/bailaodosuloficial.com.br\/index.php\/2026\/01\/05\/joao-lemes-surpreende-ao-reinterpretar-eu-duvido-de-eduardo-costa-e-encanta-seus-seguidores\/\" \/>\n<meta property=\"article:published_time\" content=\"2026-01-05T14:15:28+00:00\" \/>\n<meta property=\"article:modified_time\" content=\"2026-01-05T14:16:11+00:00\" \/>\n<meta property=\"og:image\" content=\"https:\/\/bailaodosuloficial.com.br\/wp-content\/uploads\/2026\/01\/image-19.png\" \/>\n\t<meta property=\"og:image:width\" content=\"960\" \/>\n\t<meta property=\"og:image:height\" content=\"956\" \/>\n\t<meta property=\"og:image:type\" content=\"image\/png\" \/>\n<meta name=\"author\" content=\"admin\" \/>\n<meta name=\"twitter:card\" content=\"summary_large_image\" \/>\n<meta name=\"twitter:label1\" content=\"Escrito por\" \/>\n\t<meta name=\"twitter:data1\" content=\"admin\" \/>\n\t<meta name=\"twitter:label2\" content=\"Est. tempo de leitura\" \/>\n\t<meta name=\"twitter:data2\" content=\"3 minutos\" \/>\n<script type=\"application\/ld+json\" class=\"yoast-schema-graph\">{\"@context\":\"https:\/\/schema.org\",\"@graph\":[{\"@type\":\"Article\",\"@id\":\"https:\/\/bailaodosuloficial.com.br\/index.php\/2026\/01\/05\/joao-lemes-surpreende-ao-reinterpretar-eu-duvido-de-eduardo-costa-e-encanta-seus-seguidores\/#article\",\"isPartOf\":{\"@id\":\"https:\/\/bailaodosuloficial.com.br\/index.php\/2026\/01\/05\/joao-lemes-surpreende-ao-reinterpretar-eu-duvido-de-eduardo-costa-e-encanta-seus-seguidores\/\"},\"author\":{\"name\":\"admin\",\"@id\":\"https:\/\/bailaodosuloficial.com.br\/#\/schema\/person\/b3bb1c43b091cd5c62100dd962ddda38\"},\"headline\":\"Jo\u00e3o Lemes Surpreende ao Reinterpretar \u201cEu Duvido\u201d de Eduardo Costa e Encanta Seus Seguidores\",\"datePublished\":\"2026-01-05T14:15:28+00:00\",\"dateModified\":\"2026-01-05T14:16:11+00:00\",\"mainEntityOfPage\":{\"@id\":\"https:\/\/bailaodosuloficial.com.br\/index.php\/2026\/01\/05\/joao-lemes-surpreende-ao-reinterpretar-eu-duvido-de-eduardo-costa-e-encanta-seus-seguidores\/\"},\"wordCount\":686,\"commentCount\":0,\"publisher\":{\"@id\":\"https:\/\/bailaodosuloficial.com.br\/#organization\"},\"image\":{\"@id\":\"https:\/\/bailaodosuloficial.com.br\/index.php\/2026\/01\/05\/joao-lemes-surpreende-ao-reinterpretar-eu-duvido-de-eduardo-costa-e-encanta-seus-seguidores\/#primaryimage\"},\"thumbnailUrl\":\"https:\/\/bailaodosuloficial.com.br\/wp-content\/uploads\/2026\/01\/image-19.png\",\"articleSection\":[\"Sertanejo\"],\"inLanguage\":\"pt-BR\",\"potentialAction\":[{\"@type\":\"CommentAction\",\"name\":\"Comment\",\"target\":[\"https:\/\/bailaodosuloficial.com.br\/index.php\/2026\/01\/05\/joao-lemes-surpreende-ao-reinterpretar-eu-duvido-de-eduardo-costa-e-encanta-seus-seguidores\/#respond\"]}]},{\"@type\":\"WebPage\",\"@id\":\"https:\/\/bailaodosuloficial.com.br\/index.php\/2026\/01\/05\/joao-lemes-surpreende-ao-reinterpretar-eu-duvido-de-eduardo-costa-e-encanta-seus-seguidores\/\",\"url\":\"https:\/\/bailaodosuloficial.com.br\/index.php\/2026\/01\/05\/joao-lemes-surpreende-ao-reinterpretar-eu-duvido-de-eduardo-costa-e-encanta-seus-seguidores\/\",\"name\":\"Jo\u00e3o Lemes Surpreende ao Reinterpretar \u201cEu Duvido\u201d de Eduardo Costa e Encanta Seus Seguidores -\",\"isPartOf\":{\"@id\":\"https:\/\/bailaodosuloficial.com.br\/#website\"},\"primaryImageOfPage\":{\"@id\":\"https:\/\/bailaodosuloficial.com.br\/index.php\/2026\/01\/05\/joao-lemes-surpreende-ao-reinterpretar-eu-duvido-de-eduardo-costa-e-encanta-seus-seguidores\/#primaryimage\"},\"image\":{\"@id\":\"https:\/\/bailaodosuloficial.com.br\/index.php\/2026\/01\/05\/joao-lemes-surpreende-ao-reinterpretar-eu-duvido-de-eduardo-costa-e-encanta-seus-seguidores\/#primaryimage\"},\"thumbnailUrl\":\"https:\/\/bailaodosuloficial.com.br\/wp-content\/uploads\/2026\/01\/image-19.png\",\"datePublished\":\"2026-01-05T14:15:28+00:00\",\"dateModified\":\"2026-01-05T14:16:11+00:00\",\"breadcrumb\":{\"@id\":\"https:\/\/bailaodosuloficial.com.br\/index.php\/2026\/01\/05\/joao-lemes-surpreende-ao-reinterpretar-eu-duvido-de-eduardo-costa-e-encanta-seus-seguidores\/#breadcrumb\"},\"inLanguage\":\"pt-BR\",\"potentialAction\":[{\"@type\":\"ReadAction\",\"target\":[\"https:\/\/bailaodosuloficial.com.br\/index.php\/2026\/01\/05\/joao-lemes-surpreende-ao-reinterpretar-eu-duvido-de-eduardo-costa-e-encanta-seus-seguidores\/\"]}]},{\"@type\":\"ImageObject\",\"inLanguage\":\"pt-BR\",\"@id\":\"https:\/\/bailaodosuloficial.com.br\/index.php\/2026\/01\/05\/joao-lemes-surpreende-ao-reinterpretar-eu-duvido-de-eduardo-costa-e-encanta-seus-seguidores\/#primaryimage\",\"url\":\"https:\/\/bailaodosuloficial.com.br\/wp-content\/uploads\/2026\/01\/image-19.png\",\"contentUrl\":\"https:\/\/bailaodosuloficial.com.br\/wp-content\/uploads\/2026\/01\/image-19.png\",\"width\":960,\"height\":956},{\"@type\":\"BreadcrumbList\",\"@id\":\"https:\/\/bailaodosuloficial.com.br\/index.php\/2026\/01\/05\/joao-lemes-surpreende-ao-reinterpretar-eu-duvido-de-eduardo-costa-e-encanta-seus-seguidores\/#breadcrumb\",\"itemListElement\":[{\"@type\":\"ListItem\",\"position\":1,\"name\":\"In\u00edcio\",\"item\":\"https:\/\/bailaodosuloficial.com.br\/\"},{\"@type\":\"ListItem\",\"position\":2,\"name\":\"Jo\u00e3o Lemes Surpreende ao Reinterpretar \u201cEu Duvido\u201d de Eduardo Costa e Encanta Seus Seguidores\"}]},{\"@type\":\"WebSite\",\"@id\":\"https:\/\/bailaodosuloficial.com.br\/#website\",\"url\":\"https:\/\/bailaodosuloficial.com.br\/\",\"name\":\"Bail\u00e3o do Sul\",\"description\":\"\",\"publisher\":{\"@id\":\"https:\/\/bailaodosuloficial.com.br\/#organization\"},\"alternateName\":\"Bail\u00e3o do Sul Oficial\",\"potentialAction\":[{\"@type\":\"SearchAction\",\"target\":{\"@type\":\"EntryPoint\",\"urlTemplate\":\"https:\/\/bailaodosuloficial.com.br\/?s={search_term_string}\"},\"query-input\":{\"@type\":\"PropertyValueSpecification\",\"valueRequired\":true,\"valueName\":\"search_term_string\"}}],\"inLanguage\":\"pt-BR\"},{\"@type\":\"Organization\",\"@id\":\"https:\/\/bailaodosuloficial.com.br\/#organization\",\"name\":\"Bail\u00e3o do Sul\",\"url\":\"https:\/\/bailaodosuloficial.com.br\/\",\"logo\":{\"@type\":\"ImageObject\",\"inLanguage\":\"pt-BR\",\"@id\":\"https:\/\/bailaodosuloficial.com.br\/#\/schema\/logo\/image\/\",\"url\":\"https:\/\/bailaodosuloficial.com.br\/wp-content\/uploads\/2026\/03\/cropped-fim-de-semana-5-scaled-1.png\",\"contentUrl\":\"https:\/\/bailaodosuloficial.com.br\/wp-content\/uploads\/2026\/03\/cropped-fim-de-semana-5-scaled-1.png\",\"width\":1989,\"height\":1371,\"caption\":\"Bail\u00e3o do Sul\"},\"image\":{\"@id\":\"https:\/\/bailaodosuloficial.com.br\/#\/schema\/logo\/image\/\"},\"sameAs\":[\"http:\/\/instagram.com\/bailaodosul\"]},{\"@type\":\"Person\",\"@id\":\"https:\/\/bailaodosuloficial.com.br\/#\/schema\/person\/b3bb1c43b091cd5c62100dd962ddda38\",\"name\":\"admin\",\"image\":{\"@type\":\"ImageObject\",\"inLanguage\":\"pt-BR\",\"@id\":\"https:\/\/bailaodosuloficial.com.br\/#\/schema\/person\/image\/\",\"url\":\"https:\/\/secure.gravatar.com\/avatar\/8e8beae45c6419737da9ea57a58a1f945a580b701e1def541b4459d4ac234c85?s=96&d=mm&r=g\",\"contentUrl\":\"https:\/\/secure.gravatar.com\/avatar\/8e8beae45c6419737da9ea57a58a1f945a580b701e1def541b4459d4ac234c85?s=96&d=mm&r=g\",\"caption\":\"admin\"},\"sameAs\":[\"https:\/\/bailaodosuloficial.com.br\"],\"url\":\"https:\/\/bailaodosuloficial.com.br\/index.php\/author\/bailao\/\"}]}<\/script>\n<!-- \/ Yoast SEO plugin. -->","yoast_head_json":{"title":"Jo\u00e3o Lemes Surpreende ao Reinterpretar \u201cEu Duvido\u201d de Eduardo Costa e Encanta Seus Seguidores -","robots":{"index":"index","follow":"follow","max-snippet":"max-snippet:-1","max-image-preview":"max-image-preview:large","max-video-preview":"max-video-preview:-1"},"canonical":"https:\/\/bailaodosuloficial.com.br\/index.php\/2026\/01\/05\/joao-lemes-surpreende-ao-reinterpretar-eu-duvido-de-eduardo-costa-e-encanta-seus-seguidores\/","og_locale":"pt_BR","og_type":"article","og_title":"Jo\u00e3o Lemes Surpreende ao Reinterpretar \u201cEu Duvido\u201d de Eduardo Costa e Encanta Seus Seguidores -","og_description":"Foto: Instagram\/ Jo\u00e3o Lemes \u00e9 um profissional que tem conquistado espa\u00e7o tanto no mundo da comunica\u00e7\u00e3o quanto na m\u00fasica. Al\u00e9m de ser jornalista, professor e palestrante, ele tamb\u00e9m tem se destacado como m\u00fasico e artista nas redes sociais. Recentemente, Lemes encantou seus seguidores ao compartilhar uma performance emocionante de sua vers\u00e3o da m\u00fasica \u201cEu Duvido\u201d,","og_url":"https:\/\/bailaodosuloficial.com.br\/index.php\/2026\/01\/05\/joao-lemes-surpreende-ao-reinterpretar-eu-duvido-de-eduardo-costa-e-encanta-seus-seguidores\/","article_published_time":"2026-01-05T14:15:28+00:00","article_modified_time":"2026-01-05T14:16:11+00:00","og_image":[{"width":960,"height":956,"url":"https:\/\/bailaodosuloficial.com.br\/wp-content\/uploads\/2026\/01\/image-19.png","type":"image\/png"}],"author":"admin","twitter_card":"summary_large_image","twitter_misc":{"Escrito por":"admin","Est. tempo de leitura":"3 minutos"},"schema":{"@context":"https:\/\/schema.org","@graph":[{"@type":"Article","@id":"https:\/\/bailaodosuloficial.com.br\/index.php\/2026\/01\/05\/joao-lemes-surpreende-ao-reinterpretar-eu-duvido-de-eduardo-costa-e-encanta-seus-seguidores\/#article","isPartOf":{"@id":"https:\/\/bailaodosuloficial.com.br\/index.php\/2026\/01\/05\/joao-lemes-surpreende-ao-reinterpretar-eu-duvido-de-eduardo-costa-e-encanta-seus-seguidores\/"},"author":{"name":"admin","@id":"https:\/\/bailaodosuloficial.com.br\/#\/schema\/person\/b3bb1c43b091cd5c62100dd962ddda38"},"headline":"Jo\u00e3o Lemes Surpreende ao Reinterpretar \u201cEu Duvido\u201d de Eduardo Costa e Encanta Seus Seguidores","datePublished":"2026-01-05T14:15:28+00:00","dateModified":"2026-01-05T14:16:11+00:00","mainEntityOfPage":{"@id":"https:\/\/bailaodosuloficial.com.br\/index.php\/2026\/01\/05\/joao-lemes-surpreende-ao-reinterpretar-eu-duvido-de-eduardo-costa-e-encanta-seus-seguidores\/"},"wordCount":686,"commentCount":0,"publisher":{"@id":"https:\/\/bailaodosuloficial.com.br\/#organization"},"image":{"@id":"https:\/\/bailaodosuloficial.com.br\/index.php\/2026\/01\/05\/joao-lemes-surpreende-ao-reinterpretar-eu-duvido-de-eduardo-costa-e-encanta-seus-seguidores\/#primaryimage"},"thumbnailUrl":"https:\/\/bailaodosuloficial.com.br\/wp-content\/uploads\/2026\/01\/image-19.png","articleSection":["Sertanejo"],"inLanguage":"pt-BR","potentialAction":[{"@type":"CommentAction","name":"Comment","target":["https:\/\/bailaodosuloficial.com.br\/index.php\/2026\/01\/05\/joao-lemes-surpreende-ao-reinterpretar-eu-duvido-de-eduardo-costa-e-encanta-seus-seguidores\/#respond"]}]},{"@type":"WebPage","@id":"https:\/\/bailaodosuloficial.com.br\/index.php\/2026\/01\/05\/joao-lemes-surpreende-ao-reinterpretar-eu-duvido-de-eduardo-costa-e-encanta-seus-seguidores\/","url":"https:\/\/bailaodosuloficial.com.br\/index.php\/2026\/01\/05\/joao-lemes-surpreende-ao-reinterpretar-eu-duvido-de-eduardo-costa-e-encanta-seus-seguidores\/","name":"Jo\u00e3o Lemes Surpreende ao Reinterpretar \u201cEu Duvido\u201d de Eduardo Costa e Encanta Seus Seguidores -","isPartOf":{"@id":"https:\/\/bailaodosuloficial.com.br\/#website"},"primaryImageOfPage":{"@id":"https:\/\/bailaodosuloficial.com.br\/index.php\/2026\/01\/05\/joao-lemes-surpreende-ao-reinterpretar-eu-duvido-de-eduardo-costa-e-encanta-seus-seguidores\/#primaryimage"},"image":{"@id":"https:\/\/bailaodosuloficial.com.br\/index.php\/2026\/01\/05\/joao-lemes-surpreende-ao-reinterpretar-eu-duvido-de-eduardo-costa-e-encanta-seus-seguidores\/#primaryimage"},"thumbnailUrl":"https:\/\/bailaodosuloficial.com.br\/wp-content\/uploads\/2026\/01\/image-19.png","datePublished":"2026-01-05T14:15:28+00:00","dateModified":"2026-01-05T14:16:11+00:00","breadcrumb":{"@id":"https:\/\/bailaodosuloficial.com.br\/index.php\/2026\/01\/05\/joao-lemes-surpreende-ao-reinterpretar-eu-duvido-de-eduardo-costa-e-encanta-seus-seguidores\/#breadcrumb"},"inLanguage":"pt-BR","potentialAction":[{"@type":"ReadAction","target":["https:\/\/bailaodosuloficial.com.br\/index.php\/2026\/01\/05\/joao-lemes-surpreende-ao-reinterpretar-eu-duvido-de-eduardo-costa-e-encanta-seus-seguidores\/"]}]},{"@type":"ImageObject","inLanguage":"pt-BR","@id":"https:\/\/bailaodosuloficial.com.br\/index.php\/2026\/01\/05\/joao-lemes-surpreende-ao-reinterpretar-eu-duvido-de-eduardo-costa-e-encanta-seus-seguidores\/#primaryimage","url":"https:\/\/bailaodosuloficial.com.br\/wp-content\/uploads\/2026\/01\/image-19.png","contentUrl":"https:\/\/bailaodosuloficial.com.br\/wp-content\/uploads\/2026\/01\/image-19.png","width":960,"height":956},{"@type":"BreadcrumbList","@id":"https:\/\/bailaodosuloficial.com.br\/index.php\/2026\/01\/05\/joao-lemes-surpreende-ao-reinterpretar-eu-duvido-de-eduardo-costa-e-encanta-seus-seguidores\/#breadcrumb","itemListElement":[{"@type":"ListItem","position":1,"name":"In\u00edcio","item":"https:\/\/bailaodosuloficial.com.br\/"},{"@type":"ListItem","position":2,"name":"Jo\u00e3o Lemes Surpreende ao Reinterpretar \u201cEu Duvido\u201d de Eduardo Costa e Encanta Seus Seguidores"}]},{"@type":"WebSite","@id":"https:\/\/bailaodosuloficial.com.br\/#website","url":"https:\/\/bailaodosuloficial.com.br\/","name":"Bail\u00e3o do Sul","description":"","publisher":{"@id":"https:\/\/bailaodosuloficial.com.br\/#organization"},"alternateName":"Bail\u00e3o do Sul Oficial","potentialAction":[{"@type":"SearchAction","target":{"@type":"EntryPoint","urlTemplate":"https:\/\/bailaodosuloficial.com.br\/?s={search_term_string}"},"query-input":{"@type":"PropertyValueSpecification","valueRequired":true,"valueName":"search_term_string"}}],"inLanguage":"pt-BR"},{"@type":"Organization","@id":"https:\/\/bailaodosuloficial.com.br\/#organization","name":"Bail\u00e3o do Sul","url":"https:\/\/bailaodosuloficial.com.br\/","logo":{"@type":"ImageObject","inLanguage":"pt-BR","@id":"https:\/\/bailaodosuloficial.com.br\/#\/schema\/logo\/image\/","url":"https:\/\/bailaodosuloficial.com.br\/wp-content\/uploads\/2026\/03\/cropped-fim-de-semana-5-scaled-1.png","contentUrl":"https:\/\/bailaodosuloficial.com.br\/wp-content\/uploads\/2026\/03\/cropped-fim-de-semana-5-scaled-1.png","width":1989,"height":1371,"caption":"Bail\u00e3o do Sul"},"image":{"@id":"https:\/\/bailaodosuloficial.com.br\/#\/schema\/logo\/image\/"},"sameAs":["http:\/\/instagram.com\/bailaodosul"]},{"@type":"Person","@id":"https:\/\/bailaodosuloficial.com.br\/#\/schema\/person\/b3bb1c43b091cd5c62100dd962ddda38","name":"admin","image":{"@type":"ImageObject","inLanguage":"pt-BR","@id":"https:\/\/bailaodosuloficial.com.br\/#\/schema\/person\/image\/","url":"https:\/\/secure.gravatar.com\/avatar\/8e8beae45c6419737da9ea57a58a1f945a580b701e1def541b4459d4ac234c85?s=96&d=mm&r=g","contentUrl":"https:\/\/secure.gravatar.com\/avatar\/8e8beae45c6419737da9ea57a58a1f945a580b701e1def541b4459d4ac234c85?s=96&d=mm&r=g","caption":"admin"},"sameAs":["https:\/\/bailaodosuloficial.com.br"],"url":"https:\/\/bailaodosuloficial.com.br\/index.php\/author\/bailao\/"}]}},"_links":{"self":[{"href":"https:\/\/bailaodosuloficial.com.br\/index.php\/wp-json\/wp\/v2\/posts\/594","targetHints":{"allow":["GET"]}}],"collection":[{"href":"https:\/\/bailaodosuloficial.com.br\/index.php\/wp-json\/wp\/v2\/posts"}],"about":[{"href":"https:\/\/bailaodosuloficial.com.br\/index.php\/wp-json\/wp\/v2\/types\/post"}],"author":[{"embeddable":true,"href":"https:\/\/bailaodosuloficial.com.br\/index.php\/wp-json\/wp\/v2\/users\/1"}],"replies":[{"embeddable":true,"href":"https:\/\/bailaodosuloficial.com.br\/index.php\/wp-json\/wp\/v2\/comments?post=594"}],"version-history":[{"count":2,"href":"https:\/\/bailaodosuloficial.com.br\/index.php\/wp-json\/wp\/v2\/posts\/594\/revisions"}],"predecessor-version":[{"id":597,"href":"https:\/\/bailaodosuloficial.com.br\/index.php\/wp-json\/wp\/v2\/posts\/594\/revisions\/597"}],"wp:featuredmedia":[{"embeddable":true,"href":"https:\/\/bailaodosuloficial.com.br\/index.php\/wp-json\/wp\/v2\/media\/595"}],"wp:attachment":[{"href":"https:\/\/bailaodosuloficial.com.br\/index.php\/wp-json\/wp\/v2\/media?parent=594"}],"wp:term":[{"taxonomy":"category","embeddable":true,"href":"https:\/\/bailaodosuloficial.com.br\/index.php\/wp-json\/wp\/v2\/categories?post=594"},{"taxonomy":"post_tag","embeddable":true,"href":"https:\/\/bailaodosuloficial.com.br\/index.php\/wp-json\/wp\/v2\/tags?post=594"}],"curies":[{"name":"wp","href":"https:\/\/api.w.org\/{rel}","templated":true}]}}