{"id":599,"date":"2026-01-05T17:43:45","date_gmt":"2026-01-05T17:43:45","guid":{"rendered":"https:\/\/bailaodosuloficial.com.br\/?p=599"},"modified":"2026-01-05T17:43:45","modified_gmt":"2026-01-05T17:43:45","slug":"traia-veia-revela-single-lembranca-boa-e-conquista-fas-da-musica-sertaneja","status":"publish","type":"post","link":"https:\/\/bailaodosuloficial.com.br\/index.php\/2026\/01\/05\/traia-veia-revela-single-lembranca-boa-e-conquista-fas-da-musica-sertaneja\/","title":{"rendered":"Traia Veia Revela Single \u201cLembran\u00e7a Boa\u201d e Conquista F\u00e3s da M\u00fasica Sertaneja"},"content":{"rendered":"\n<p>Foto: Instagram\/ <\/p>\n\n\n\n<p><strong>Traia Veia<\/strong> \u00e9 um projeto musical no cen\u00e1rio da <strong>m\u00fasica sertaneja<\/strong>, construindo uma presen\u00e7a cada vez mais forte nas redes sociais e nas plataformas digitais. No Instagram oficial do grupo, eles se apresentam como uma experi\u00eancia musical aut\u00eantica dentro do g\u00eanero, promovendo can\u00e7\u00f5es que conectam mem\u00f3ria afetiva e sentimento nas letras e nas interpreta\u00e7\u00f5es.<\/p>\n\n\n\n<p>Uma de suas m\u00fasicas que tem chamado aten\u00e7\u00e3o dos seguidores \u00e9 <strong>\u201cLembran\u00e7a Boa\u201d<\/strong>, um single que vem sendo destaque no repert\u00f3rio do grupo. A letra e o clima da can\u00e7\u00e3o exploram a ideia de rememorar momentos marcantes e sensa\u00e7\u00f5es que permanecem vivas no cora\u00e7\u00e3o \u2014 como lembra o trecho que circula nos <strong>reels<\/strong> do Instagram: \u201cVoc\u00ea s\u00f3 vai achar lembran\u00e7a boa\u2026 daquelas que se lembrar demais perdoa\u201d.<\/p>\n\n\n\n<figure class=\"wp-block-embed is-type-video is-provider-youtube wp-block-embed-youtube wp-embed-aspect-16-9 wp-has-aspect-ratio\"><div class=\"wp-block-embed__wrapper\">\n<iframe loading=\"lazy\" title=\"Traia V\u00e9ia - Lembran\u00e7a Boa (Clipe Oficial)\" width=\"960\" height=\"540\" src=\"https:\/\/www.youtube.com\/embed\/atd_YqSsWFM?feature=oembed\" frameborder=\"0\" allow=\"accelerometer; autoplay; clipboard-write; encrypted-media; gyroscope; picture-in-picture; web-share\" referrerpolicy=\"strict-origin-when-cross-origin\" allowfullscreen><\/iframe>\n<\/div><\/figure>\n\n\n\n<p>Nas publica\u00e7\u00f5es da banda, os f\u00e3s s\u00e3o incentivados a compartilhar as suas pr\u00f3prias \u201clembran\u00e7as boas\u201d enquanto ouvem o single, criando engajamento e uma rela\u00e7\u00e3o direta entre a m\u00fasica e as experi\u00eancias afetivas do p\u00fablico. Conte\u00fados com a m\u00fasica t\u00eam sido compartilhados com chamadas como <strong>#tbt lembran\u00e7a boa<\/strong>, refor\u00e7ando o sentimento de nostalgia e conex\u00e3o emocional.<\/p>\n\n\n\n<p>O lan\u00e7amento de <strong>\u201cLembran\u00e7a Boa\u201d<\/strong> tamb\u00e9m \u00e9 divulgado como uma nova \u201cmoda\u201d musical para playlists dos ouvintes, mostrando o direcionamento atual da Traia Veia em dialogar com tend\u00eancias de m\u00fasica sertaneja moderna e mem\u00e9tica nas redes sociais.<\/p>\n\n\n\n<p>Al\u00e9m disso, o grupo Traia V\u00e9ia j\u00e1 teve participa\u00e7\u00e3o em trabalhos de outros artistas sertanejos, como colaborador no projeto <em>Ac\u00fastico de Primeira 3<\/em>, refor\u00e7ando ainda mais sua atua\u00e7\u00e3o no mercado musical.<\/p>\n\n\n\n<p>Em resumo, <strong>Traia Veia<\/strong> \u00e9 um nome que tem ganhado espa\u00e7o no sertanejo atual, apostando em letras que resgatam <strong>boas lembran\u00e7as e emo\u00e7\u00f5es<\/strong>, fortemente apoiadas por estrat\u00e9gias de divulga\u00e7\u00e3o digital e engajamento do p\u00fablico nas redes sociais.<\/p>\n","protected":false},"excerpt":{"rendered":"<p>Foto: Instagram\/ Traia Veia \u00e9 um projeto musical no cen\u00e1rio da m\u00fasica sertaneja, construindo uma presen\u00e7a cada vez mais forte nas redes sociais e nas plataformas digitais. No Instagram oficial do grupo, eles se apresentam como uma experi\u00eancia musical aut\u00eantica dentro do g\u00eanero, promovendo can\u00e7\u00f5es que conectam mem\u00f3ria afetiva e sentimento nas letras e nas<\/p>\n","protected":false},"author":1,"featured_media":600,"comment_status":"open","ping_status":"open","sticky":false,"template":"","format":"standard","meta":{"footnotes":""},"categories":[4],"tags":[],"class_list":["post-599","post","type-post","status-publish","format-standard","has-post-thumbnail","hentry","category-sertanejo"],"yoast_head":"<!-- This site is optimized with the Yoast SEO plugin v26.9 - https:\/\/yoast.com\/product\/yoast-seo-wordpress\/ -->\n<title>Traia Veia Revela Single \u201cLembran\u00e7a Boa\u201d e Conquista F\u00e3s da M\u00fasica Sertaneja -<\/title>\n<meta name=\"robots\" content=\"index, follow, max-snippet:-1, max-image-preview:large, max-video-preview:-1\" \/>\n<link rel=\"canonical\" href=\"https:\/\/bailaodosuloficial.com.br\/index.php\/2026\/01\/05\/traia-veia-revela-single-lembranca-boa-e-conquista-fas-da-musica-sertaneja\/\" \/>\n<meta property=\"og:locale\" content=\"pt_BR\" \/>\n<meta property=\"og:type\" content=\"article\" \/>\n<meta property=\"og:title\" content=\"Traia Veia Revela Single \u201cLembran\u00e7a Boa\u201d e Conquista F\u00e3s da M\u00fasica Sertaneja -\" \/>\n<meta property=\"og:description\" content=\"Foto: Instagram\/ Traia Veia \u00e9 um projeto musical no cen\u00e1rio da m\u00fasica sertaneja, construindo uma presen\u00e7a cada vez mais forte nas redes sociais e nas plataformas digitais. No Instagram oficial do grupo, eles se apresentam como uma experi\u00eancia musical aut\u00eantica dentro do g\u00eanero, promovendo can\u00e7\u00f5es que conectam mem\u00f3ria afetiva e sentimento nas letras e nas\" \/>\n<meta property=\"og:url\" content=\"https:\/\/bailaodosuloficial.com.br\/index.php\/2026\/01\/05\/traia-veia-revela-single-lembranca-boa-e-conquista-fas-da-musica-sertaneja\/\" \/>\n<meta property=\"article:published_time\" content=\"2026-01-05T17:43:45+00:00\" \/>\n<meta property=\"og:image\" content=\"https:\/\/bailaodosuloficial.com.br\/wp-content\/uploads\/2026\/01\/image-20.png\" \/>\n\t<meta property=\"og:image:width\" content=\"490\" \/>\n\t<meta property=\"og:image:height\" content=\"360\" \/>\n\t<meta property=\"og:image:type\" content=\"image\/png\" \/>\n<meta name=\"author\" content=\"admin\" \/>\n<meta name=\"twitter:card\" content=\"summary_large_image\" \/>\n<meta name=\"twitter:label1\" content=\"Escrito por\" \/>\n\t<meta name=\"twitter:data1\" content=\"admin\" \/>\n\t<meta name=\"twitter:label2\" content=\"Est. tempo de leitura\" \/>\n\t<meta name=\"twitter:data2\" content=\"2 minutos\" \/>\n<script type=\"application\/ld+json\" class=\"yoast-schema-graph\">{\"@context\":\"https:\/\/schema.org\",\"@graph\":[{\"@type\":\"Article\",\"@id\":\"https:\/\/bailaodosuloficial.com.br\/index.php\/2026\/01\/05\/traia-veia-revela-single-lembranca-boa-e-conquista-fas-da-musica-sertaneja\/#article\",\"isPartOf\":{\"@id\":\"https:\/\/bailaodosuloficial.com.br\/index.php\/2026\/01\/05\/traia-veia-revela-single-lembranca-boa-e-conquista-fas-da-musica-sertaneja\/\"},\"author\":{\"name\":\"admin\",\"@id\":\"https:\/\/bailaodosuloficial.com.br\/#\/schema\/person\/b3bb1c43b091cd5c62100dd962ddda38\"},\"headline\":\"Traia Veia Revela Single \u201cLembran\u00e7a Boa\u201d e Conquista F\u00e3s da M\u00fasica Sertaneja\",\"datePublished\":\"2026-01-05T17:43:45+00:00\",\"mainEntityOfPage\":{\"@id\":\"https:\/\/bailaodosuloficial.com.br\/index.php\/2026\/01\/05\/traia-veia-revela-single-lembranca-boa-e-conquista-fas-da-musica-sertaneja\/\"},\"wordCount\":352,\"commentCount\":0,\"publisher\":{\"@id\":\"https:\/\/bailaodosuloficial.com.br\/#organization\"},\"image\":{\"@id\":\"https:\/\/bailaodosuloficial.com.br\/index.php\/2026\/01\/05\/traia-veia-revela-single-lembranca-boa-e-conquista-fas-da-musica-sertaneja\/#primaryimage\"},\"thumbnailUrl\":\"https:\/\/bailaodosuloficial.com.br\/wp-content\/uploads\/2026\/01\/image-20.png\",\"articleSection\":[\"Sertanejo\"],\"inLanguage\":\"pt-BR\",\"potentialAction\":[{\"@type\":\"CommentAction\",\"name\":\"Comment\",\"target\":[\"https:\/\/bailaodosuloficial.com.br\/index.php\/2026\/01\/05\/traia-veia-revela-single-lembranca-boa-e-conquista-fas-da-musica-sertaneja\/#respond\"]}]},{\"@type\":\"WebPage\",\"@id\":\"https:\/\/bailaodosuloficial.com.br\/index.php\/2026\/01\/05\/traia-veia-revela-single-lembranca-boa-e-conquista-fas-da-musica-sertaneja\/\",\"url\":\"https:\/\/bailaodosuloficial.com.br\/index.php\/2026\/01\/05\/traia-veia-revela-single-lembranca-boa-e-conquista-fas-da-musica-sertaneja\/\",\"name\":\"Traia Veia Revela Single \u201cLembran\u00e7a Boa\u201d e Conquista F\u00e3s da M\u00fasica Sertaneja -\",\"isPartOf\":{\"@id\":\"https:\/\/bailaodosuloficial.com.br\/#website\"},\"primaryImageOfPage\":{\"@id\":\"https:\/\/bailaodosuloficial.com.br\/index.php\/2026\/01\/05\/traia-veia-revela-single-lembranca-boa-e-conquista-fas-da-musica-sertaneja\/#primaryimage\"},\"image\":{\"@id\":\"https:\/\/bailaodosuloficial.com.br\/index.php\/2026\/01\/05\/traia-veia-revela-single-lembranca-boa-e-conquista-fas-da-musica-sertaneja\/#primaryimage\"},\"thumbnailUrl\":\"https:\/\/bailaodosuloficial.com.br\/wp-content\/uploads\/2026\/01\/image-20.png\",\"datePublished\":\"2026-01-05T17:43:45+00:00\",\"breadcrumb\":{\"@id\":\"https:\/\/bailaodosuloficial.com.br\/index.php\/2026\/01\/05\/traia-veia-revela-single-lembranca-boa-e-conquista-fas-da-musica-sertaneja\/#breadcrumb\"},\"inLanguage\":\"pt-BR\",\"potentialAction\":[{\"@type\":\"ReadAction\",\"target\":[\"https:\/\/bailaodosuloficial.com.br\/index.php\/2026\/01\/05\/traia-veia-revela-single-lembranca-boa-e-conquista-fas-da-musica-sertaneja\/\"]}]},{\"@type\":\"ImageObject\",\"inLanguage\":\"pt-BR\",\"@id\":\"https:\/\/bailaodosuloficial.com.br\/index.php\/2026\/01\/05\/traia-veia-revela-single-lembranca-boa-e-conquista-fas-da-musica-sertaneja\/#primaryimage\",\"url\":\"https:\/\/bailaodosuloficial.com.br\/wp-content\/uploads\/2026\/01\/image-20.png\",\"contentUrl\":\"https:\/\/bailaodosuloficial.com.br\/wp-content\/uploads\/2026\/01\/image-20.png\",\"width\":490,\"height\":360},{\"@type\":\"BreadcrumbList\",\"@id\":\"https:\/\/bailaodosuloficial.com.br\/index.php\/2026\/01\/05\/traia-veia-revela-single-lembranca-boa-e-conquista-fas-da-musica-sertaneja\/#breadcrumb\",\"itemListElement\":[{\"@type\":\"ListItem\",\"position\":1,\"name\":\"In\u00edcio\",\"item\":\"https:\/\/bailaodosuloficial.com.br\/\"},{\"@type\":\"ListItem\",\"position\":2,\"name\":\"Traia Veia Revela Single \u201cLembran\u00e7a Boa\u201d e Conquista F\u00e3s da M\u00fasica Sertaneja\"}]},{\"@type\":\"WebSite\",\"@id\":\"https:\/\/bailaodosuloficial.com.br\/#website\",\"url\":\"https:\/\/bailaodosuloficial.com.br\/\",\"name\":\"Bail\u00e3o do Sul\",\"description\":\"\",\"publisher\":{\"@id\":\"https:\/\/bailaodosuloficial.com.br\/#organization\"},\"alternateName\":\"Bail\u00e3o do Sul Oficial\",\"potentialAction\":[{\"@type\":\"SearchAction\",\"target\":{\"@type\":\"EntryPoint\",\"urlTemplate\":\"https:\/\/bailaodosuloficial.com.br\/?s={search_term_string}\"},\"query-input\":{\"@type\":\"PropertyValueSpecification\",\"valueRequired\":true,\"valueName\":\"search_term_string\"}}],\"inLanguage\":\"pt-BR\"},{\"@type\":\"Organization\",\"@id\":\"https:\/\/bailaodosuloficial.com.br\/#organization\",\"name\":\"Bail\u00e3o do Sul\",\"url\":\"https:\/\/bailaodosuloficial.com.br\/\",\"logo\":{\"@type\":\"ImageObject\",\"inLanguage\":\"pt-BR\",\"@id\":\"https:\/\/bailaodosuloficial.com.br\/#\/schema\/logo\/image\/\",\"url\":\"https:\/\/bailaodosuloficial.com.br\/wp-content\/uploads\/2026\/03\/cropped-fim-de-semana-5-scaled-1.png\",\"contentUrl\":\"https:\/\/bailaodosuloficial.com.br\/wp-content\/uploads\/2026\/03\/cropped-fim-de-semana-5-scaled-1.png\",\"width\":1989,\"height\":1371,\"caption\":\"Bail\u00e3o do Sul\"},\"image\":{\"@id\":\"https:\/\/bailaodosuloficial.com.br\/#\/schema\/logo\/image\/\"},\"sameAs\":[\"http:\/\/instagram.com\/bailaodosul\"]},{\"@type\":\"Person\",\"@id\":\"https:\/\/bailaodosuloficial.com.br\/#\/schema\/person\/b3bb1c43b091cd5c62100dd962ddda38\",\"name\":\"admin\",\"image\":{\"@type\":\"ImageObject\",\"inLanguage\":\"pt-BR\",\"@id\":\"https:\/\/bailaodosuloficial.com.br\/#\/schema\/person\/image\/\",\"url\":\"https:\/\/secure.gravatar.com\/avatar\/8e8beae45c6419737da9ea57a58a1f945a580b701e1def541b4459d4ac234c85?s=96&d=mm&r=g\",\"contentUrl\":\"https:\/\/secure.gravatar.com\/avatar\/8e8beae45c6419737da9ea57a58a1f945a580b701e1def541b4459d4ac234c85?s=96&d=mm&r=g\",\"caption\":\"admin\"},\"sameAs\":[\"https:\/\/bailaodosuloficial.com.br\"],\"url\":\"https:\/\/bailaodosuloficial.com.br\/index.php\/author\/bailao\/\"}]}<\/script>\n<!-- \/ Yoast SEO plugin. -->","yoast_head_json":{"title":"Traia Veia Revela Single \u201cLembran\u00e7a Boa\u201d e Conquista F\u00e3s da M\u00fasica Sertaneja -","robots":{"index":"index","follow":"follow","max-snippet":"max-snippet:-1","max-image-preview":"max-image-preview:large","max-video-preview":"max-video-preview:-1"},"canonical":"https:\/\/bailaodosuloficial.com.br\/index.php\/2026\/01\/05\/traia-veia-revela-single-lembranca-boa-e-conquista-fas-da-musica-sertaneja\/","og_locale":"pt_BR","og_type":"article","og_title":"Traia Veia Revela Single \u201cLembran\u00e7a Boa\u201d e Conquista F\u00e3s da M\u00fasica Sertaneja -","og_description":"Foto: Instagram\/ Traia Veia \u00e9 um projeto musical no cen\u00e1rio da m\u00fasica sertaneja, construindo uma presen\u00e7a cada vez mais forte nas redes sociais e nas plataformas digitais. No Instagram oficial do grupo, eles se apresentam como uma experi\u00eancia musical aut\u00eantica dentro do g\u00eanero, promovendo can\u00e7\u00f5es que conectam mem\u00f3ria afetiva e sentimento nas letras e nas","og_url":"https:\/\/bailaodosuloficial.com.br\/index.php\/2026\/01\/05\/traia-veia-revela-single-lembranca-boa-e-conquista-fas-da-musica-sertaneja\/","article_published_time":"2026-01-05T17:43:45+00:00","og_image":[{"width":490,"height":360,"url":"https:\/\/bailaodosuloficial.com.br\/wp-content\/uploads\/2026\/01\/image-20.png","type":"image\/png"}],"author":"admin","twitter_card":"summary_large_image","twitter_misc":{"Escrito por":"admin","Est. tempo de leitura":"2 minutos"},"schema":{"@context":"https:\/\/schema.org","@graph":[{"@type":"Article","@id":"https:\/\/bailaodosuloficial.com.br\/index.php\/2026\/01\/05\/traia-veia-revela-single-lembranca-boa-e-conquista-fas-da-musica-sertaneja\/#article","isPartOf":{"@id":"https:\/\/bailaodosuloficial.com.br\/index.php\/2026\/01\/05\/traia-veia-revela-single-lembranca-boa-e-conquista-fas-da-musica-sertaneja\/"},"author":{"name":"admin","@id":"https:\/\/bailaodosuloficial.com.br\/#\/schema\/person\/b3bb1c43b091cd5c62100dd962ddda38"},"headline":"Traia Veia Revela Single \u201cLembran\u00e7a Boa\u201d e Conquista F\u00e3s da M\u00fasica Sertaneja","datePublished":"2026-01-05T17:43:45+00:00","mainEntityOfPage":{"@id":"https:\/\/bailaodosuloficial.com.br\/index.php\/2026\/01\/05\/traia-veia-revela-single-lembranca-boa-e-conquista-fas-da-musica-sertaneja\/"},"wordCount":352,"commentCount":0,"publisher":{"@id":"https:\/\/bailaodosuloficial.com.br\/#organization"},"image":{"@id":"https:\/\/bailaodosuloficial.com.br\/index.php\/2026\/01\/05\/traia-veia-revela-single-lembranca-boa-e-conquista-fas-da-musica-sertaneja\/#primaryimage"},"thumbnailUrl":"https:\/\/bailaodosuloficial.com.br\/wp-content\/uploads\/2026\/01\/image-20.png","articleSection":["Sertanejo"],"inLanguage":"pt-BR","potentialAction":[{"@type":"CommentAction","name":"Comment","target":["https:\/\/bailaodosuloficial.com.br\/index.php\/2026\/01\/05\/traia-veia-revela-single-lembranca-boa-e-conquista-fas-da-musica-sertaneja\/#respond"]}]},{"@type":"WebPage","@id":"https:\/\/bailaodosuloficial.com.br\/index.php\/2026\/01\/05\/traia-veia-revela-single-lembranca-boa-e-conquista-fas-da-musica-sertaneja\/","url":"https:\/\/bailaodosuloficial.com.br\/index.php\/2026\/01\/05\/traia-veia-revela-single-lembranca-boa-e-conquista-fas-da-musica-sertaneja\/","name":"Traia Veia Revela Single \u201cLembran\u00e7a Boa\u201d e Conquista F\u00e3s da M\u00fasica Sertaneja -","isPartOf":{"@id":"https:\/\/bailaodosuloficial.com.br\/#website"},"primaryImageOfPage":{"@id":"https:\/\/bailaodosuloficial.com.br\/index.php\/2026\/01\/05\/traia-veia-revela-single-lembranca-boa-e-conquista-fas-da-musica-sertaneja\/#primaryimage"},"image":{"@id":"https:\/\/bailaodosuloficial.com.br\/index.php\/2026\/01\/05\/traia-veia-revela-single-lembranca-boa-e-conquista-fas-da-musica-sertaneja\/#primaryimage"},"thumbnailUrl":"https:\/\/bailaodosuloficial.com.br\/wp-content\/uploads\/2026\/01\/image-20.png","datePublished":"2026-01-05T17:43:45+00:00","breadcrumb":{"@id":"https:\/\/bailaodosuloficial.com.br\/index.php\/2026\/01\/05\/traia-veia-revela-single-lembranca-boa-e-conquista-fas-da-musica-sertaneja\/#breadcrumb"},"inLanguage":"pt-BR","potentialAction":[{"@type":"ReadAction","target":["https:\/\/bailaodosuloficial.com.br\/index.php\/2026\/01\/05\/traia-veia-revela-single-lembranca-boa-e-conquista-fas-da-musica-sertaneja\/"]}]},{"@type":"ImageObject","inLanguage":"pt-BR","@id":"https:\/\/bailaodosuloficial.com.br\/index.php\/2026\/01\/05\/traia-veia-revela-single-lembranca-boa-e-conquista-fas-da-musica-sertaneja\/#primaryimage","url":"https:\/\/bailaodosuloficial.com.br\/wp-content\/uploads\/2026\/01\/image-20.png","contentUrl":"https:\/\/bailaodosuloficial.com.br\/wp-content\/uploads\/2026\/01\/image-20.png","width":490,"height":360},{"@type":"BreadcrumbList","@id":"https:\/\/bailaodosuloficial.com.br\/index.php\/2026\/01\/05\/traia-veia-revela-single-lembranca-boa-e-conquista-fas-da-musica-sertaneja\/#breadcrumb","itemListElement":[{"@type":"ListItem","position":1,"name":"In\u00edcio","item":"https:\/\/bailaodosuloficial.com.br\/"},{"@type":"ListItem","position":2,"name":"Traia Veia Revela Single \u201cLembran\u00e7a Boa\u201d e Conquista F\u00e3s da M\u00fasica Sertaneja"}]},{"@type":"WebSite","@id":"https:\/\/bailaodosuloficial.com.br\/#website","url":"https:\/\/bailaodosuloficial.com.br\/","name":"Bail\u00e3o do Sul","description":"","publisher":{"@id":"https:\/\/bailaodosuloficial.com.br\/#organization"},"alternateName":"Bail\u00e3o do Sul Oficial","potentialAction":[{"@type":"SearchAction","target":{"@type":"EntryPoint","urlTemplate":"https:\/\/bailaodosuloficial.com.br\/?s={search_term_string}"},"query-input":{"@type":"PropertyValueSpecification","valueRequired":true,"valueName":"search_term_string"}}],"inLanguage":"pt-BR"},{"@type":"Organization","@id":"https:\/\/bailaodosuloficial.com.br\/#organization","name":"Bail\u00e3o do Sul","url":"https:\/\/bailaodosuloficial.com.br\/","logo":{"@type":"ImageObject","inLanguage":"pt-BR","@id":"https:\/\/bailaodosuloficial.com.br\/#\/schema\/logo\/image\/","url":"https:\/\/bailaodosuloficial.com.br\/wp-content\/uploads\/2026\/03\/cropped-fim-de-semana-5-scaled-1.png","contentUrl":"https:\/\/bailaodosuloficial.com.br\/wp-content\/uploads\/2026\/03\/cropped-fim-de-semana-5-scaled-1.png","width":1989,"height":1371,"caption":"Bail\u00e3o do Sul"},"image":{"@id":"https:\/\/bailaodosuloficial.com.br\/#\/schema\/logo\/image\/"},"sameAs":["http:\/\/instagram.com\/bailaodosul"]},{"@type":"Person","@id":"https:\/\/bailaodosuloficial.com.br\/#\/schema\/person\/b3bb1c43b091cd5c62100dd962ddda38","name":"admin","image":{"@type":"ImageObject","inLanguage":"pt-BR","@id":"https:\/\/bailaodosuloficial.com.br\/#\/schema\/person\/image\/","url":"https:\/\/secure.gravatar.com\/avatar\/8e8beae45c6419737da9ea57a58a1f945a580b701e1def541b4459d4ac234c85?s=96&d=mm&r=g","contentUrl":"https:\/\/secure.gravatar.com\/avatar\/8e8beae45c6419737da9ea57a58a1f945a580b701e1def541b4459d4ac234c85?s=96&d=mm&r=g","caption":"admin"},"sameAs":["https:\/\/bailaodosuloficial.com.br"],"url":"https:\/\/bailaodosuloficial.com.br\/index.php\/author\/bailao\/"}]}},"_links":{"self":[{"href":"https:\/\/bailaodosuloficial.com.br\/index.php\/wp-json\/wp\/v2\/posts\/599","targetHints":{"allow":["GET"]}}],"collection":[{"href":"https:\/\/bailaodosuloficial.com.br\/index.php\/wp-json\/wp\/v2\/posts"}],"about":[{"href":"https:\/\/bailaodosuloficial.com.br\/index.php\/wp-json\/wp\/v2\/types\/post"}],"author":[{"embeddable":true,"href":"https:\/\/bailaodosuloficial.com.br\/index.php\/wp-json\/wp\/v2\/users\/1"}],"replies":[{"embeddable":true,"href":"https:\/\/bailaodosuloficial.com.br\/index.php\/wp-json\/wp\/v2\/comments?post=599"}],"version-history":[{"count":1,"href":"https:\/\/bailaodosuloficial.com.br\/index.php\/wp-json\/wp\/v2\/posts\/599\/revisions"}],"predecessor-version":[{"id":601,"href":"https:\/\/bailaodosuloficial.com.br\/index.php\/wp-json\/wp\/v2\/posts\/599\/revisions\/601"}],"wp:featuredmedia":[{"embeddable":true,"href":"https:\/\/bailaodosuloficial.com.br\/index.php\/wp-json\/wp\/v2\/media\/600"}],"wp:attachment":[{"href":"https:\/\/bailaodosuloficial.com.br\/index.php\/wp-json\/wp\/v2\/media?parent=599"}],"wp:term":[{"taxonomy":"category","embeddable":true,"href":"https:\/\/bailaodosuloficial.com.br\/index.php\/wp-json\/wp\/v2\/categories?post=599"},{"taxonomy":"post_tag","embeddable":true,"href":"https:\/\/bailaodosuloficial.com.br\/index.php\/wp-json\/wp\/v2\/tags?post=599"}],"curies":[{"name":"wp","href":"https:\/\/api.w.org\/{rel}","templated":true}]}}