{"id":611,"date":"2026-01-06T18:51:16","date_gmt":"2026-01-06T18:51:16","guid":{"rendered":"https:\/\/bailaodosuloficial.com.br\/?p=611"},"modified":"2026-01-06T18:51:16","modified_gmt":"2026-01-06T18:51:16","slug":"grupo-rodeio-lanca-lides-do-velho-avo-uma-cancao-que-transcende-geracoes","status":"publish","type":"post","link":"https:\/\/bailaodosuloficial.com.br\/index.php\/2026\/01\/06\/grupo-rodeio-lanca-lides-do-velho-avo-uma-cancao-que-transcende-geracoes\/","title":{"rendered":"Grupo Rodeio Lan\u00e7a &#8220;Lides do Velho Av\u00f4&#8221;: Uma Can\u00e7\u00e3o Que Transcende Gera\u00e7\u00f5es"},"content":{"rendered":"\n<p>O <strong>Grupo Rodeio<\/strong>, um dos nomes mais tradicionais da m\u00fasica sertaneja, acaba de lan\u00e7ar sua mais nova m\u00fasica: <strong>\u201cLides do Velho Av\u00f4\u201d<\/strong>. A can\u00e7\u00e3o, que j\u00e1 est\u00e1 dispon\u00edvel nas principais plataformas digitais, promete tocar fundo no cora\u00e7\u00e3o dos f\u00e3s com sua letra repleta de emo\u00e7\u00e3o e respeito \u00e0s tradi\u00e7\u00f5es familiares.<\/p>\n\n\n\n<p><strong>&#8220;Lides do Velho Av\u00f4&#8221;<\/strong> \u00e9 uma homenagem \u00e0 sabedoria e aos ensinamentos passados de gera\u00e7\u00e3o em gera\u00e7\u00e3o, aqueles que v\u00eam n\u00e3o apenas das palavras, mas das experi\u00eancias vividas ao lado de pessoas que marcaram a nossa hist\u00f3ria. Neste caso, o grupo evoca a figura do av\u00f4, um personagem central em muitas fam\u00edlias, cuja viv\u00eancia e li\u00e7\u00f5es moldam o car\u00e1ter das futuras gera\u00e7\u00f5es.<\/p>\n\n\n\n<p><\/p>\n\n\n\n<p>A m\u00fasica fala sobre <strong>mem\u00f3rias e valores familiares<\/strong> que s\u00e3o passados ao longo do tempo, com a perspectiva de um jovem que observa e aprende com a viv\u00eancia do mais velho. <strong>Lideran\u00e7a, trabalho \u00e1rduo, sabedoria simples e as hist\u00f3rias contadas ao redor da fogueira<\/strong> s\u00e3o alguns dos temas abordados de forma po\u00e9tica e reflexiva. A can\u00e7\u00e3o nos lembra da import\u00e2ncia de preservar nossas ra\u00edzes, os ensinamentos que nos sustentam e como as tradi\u00e7\u00f5es e hist\u00f3rias dos mais velhos moldam nossa identidade.<\/p>\n\n\n\n<p><strong>Grupo Rodeio<\/strong> \u00e9 conhecido por suas letras profundas e sinceras, que muitas vezes dialogam com o universo sertanejo e rural, resgatando a alma do campo e trazendo \u00e0 tona o valor das rela\u00e7\u00f5es humanas e da simplicidade da vida. <strong>\u201cLides do Velho Av\u00f4\u201d<\/strong> segue essa linha, mas com uma abordagem mais intimista, que busca estreitar la\u00e7os afetivos e destacar a import\u00e2ncia da mem\u00f3ria.<\/p>\n\n\n\n<p>Al\u00e9m da melodia envolvente e dos arranjos caracter\u00edsticos do grupo, a m\u00fasica tamb\u00e9m toca um ponto sens\u00edvel para muitos que cresceram ouvindo as hist\u00f3rias contadas por seus av\u00f3s. S\u00e3o <strong>ensinamentos que, por mais simples que pare\u00e7am, t\u00eam o poder de moldar a forma como encaramos a vida<\/strong>.<\/p>\n\n\n\n<p>O lan\u00e7amento de <strong>\u201cLides do Velho Av\u00f4\u201d<\/strong> j\u00e1 est\u00e1 causando repercuss\u00e3o nas redes sociais do Grupo Rodeio, que compartilhou diversas postagens de f\u00e3s e seguidores emocionados com a nova m\u00fasica. As publica\u00e7\u00f5es trazem relatos de pessoas que se identificaram imediatamente com a letra, trazendo \u00e0 tona suas pr\u00f3prias lembran\u00e7as e experi\u00eancias com figuras t\u00e3o importantes como os av\u00f3s.<\/p>\n\n\n\n<p>A can\u00e7\u00e3o n\u00e3o apenas promete se tornar um novo sucesso nas playlists sertanejas, mas tamb\u00e9m abre uma janela para a reflex\u00e3o sobre a import\u00e2ncia da fam\u00edlia, da mem\u00f3ria afetiva e das li\u00e7\u00f5es passadas pelos mais velhos. Em tempos em que muitas vezes nos esquecemos daquilo que nos foi ensinado pelas gera\u00e7\u00f5es anteriores, <strong>\u201cLides do Velho Av\u00f4\u201d<\/strong> nos convida a resgatar essas hist\u00f3rias e honrar as tradi\u00e7\u00f5es que nos moldaram.<\/p>\n\n\n\n<p>O <strong>Grupo Rodeio<\/strong> continua a sua jornada de sucesso com m\u00fasicas que tocam n\u00e3o apenas os cora\u00e7\u00f5es, mas tamb\u00e9m a alma dos brasileiros, reafirmando seu papel como um dos principais representantes da m\u00fasica sertaneja. <strong>\u201cLides do Velho Av\u00f4\u201d<\/strong> \u00e9 mais um exemplo do legado da banda e sua conex\u00e3o com o p\u00fablico, que encontra nas suas letras uma forma de se reconectar com o que \u00e9 mais aut\u00eantico e verdadeiro.<\/p>\n\n\n\n<p>Se voc\u00ea ainda n\u00e3o ouviu <strong>\u201cLides do Velho Av\u00f4\u201d<\/strong>, n\u00e3o perca tempo. A m\u00fasica j\u00e1 est\u00e1 dispon\u00edvel nas plataformas digitais e promete ser um dos maiores sucessos do grupo em 2023.<\/p>\n\n\n\n<figure class=\"wp-block-embed is-type-rich is-provider-spotify wp-block-embed-spotify wp-embed-aspect-21-9 wp-has-aspect-ratio\"><div class=\"wp-block-embed__wrapper\">\n<iframe title=\"Spotify Embed: Grupo Rodeio\" style=\"border-radius: 12px\" width=\"100%\" height=\"352\" frameborder=\"0\" allowfullscreen allow=\"autoplay; clipboard-write; encrypted-media; fullscreen; picture-in-picture\" loading=\"lazy\" src=\"https:\/\/open.spotify.com\/embed\/artist\/0LHBudamvO65jhSjZN0svo?si=_VhpKecbRTiI0747SpDIGw&amp;utm_source=oembed\"><\/iframe>\n<\/div><\/figure>\n","protected":false},"excerpt":{"rendered":"<p>O Grupo Rodeio, um dos nomes mais tradicionais da m\u00fasica sertaneja, acaba de lan\u00e7ar sua mais nova m\u00fasica: \u201cLides do Velho Av\u00f4\u201d. A can\u00e7\u00e3o, que j\u00e1 est\u00e1 dispon\u00edvel nas principais plataformas digitais, promete tocar fundo no cora\u00e7\u00e3o dos f\u00e3s com sua letra repleta de emo\u00e7\u00e3o e respeito \u00e0s tradi\u00e7\u00f5es familiares. &#8220;Lides do Velho Av\u00f4&#8221; \u00e9<\/p>\n","protected":false},"author":1,"featured_media":612,"comment_status":"open","ping_status":"open","sticky":false,"template":"","format":"standard","meta":{"footnotes":""},"categories":[3],"tags":[],"class_list":["post-611","post","type-post","status-publish","format-standard","has-post-thumbnail","hentry","category-gaucho"],"yoast_head":"<!-- This site is optimized with the Yoast SEO plugin v26.9 - https:\/\/yoast.com\/product\/yoast-seo-wordpress\/ -->\n<title>Grupo Rodeio Lan\u00e7a &quot;Lides do Velho Av\u00f4&quot;: Uma Can\u00e7\u00e3o Que Transcende Gera\u00e7\u00f5es -<\/title>\n<meta name=\"robots\" content=\"index, follow, max-snippet:-1, max-image-preview:large, max-video-preview:-1\" \/>\n<link rel=\"canonical\" href=\"https:\/\/bailaodosuloficial.com.br\/index.php\/2026\/01\/06\/grupo-rodeio-lanca-lides-do-velho-avo-uma-cancao-que-transcende-geracoes\/\" \/>\n<meta property=\"og:locale\" content=\"pt_BR\" \/>\n<meta property=\"og:type\" content=\"article\" \/>\n<meta property=\"og:title\" content=\"Grupo Rodeio Lan\u00e7a &quot;Lides do Velho Av\u00f4&quot;: Uma Can\u00e7\u00e3o Que Transcende Gera\u00e7\u00f5es -\" \/>\n<meta property=\"og:description\" content=\"O Grupo Rodeio, um dos nomes mais tradicionais da m\u00fasica sertaneja, acaba de lan\u00e7ar sua mais nova m\u00fasica: \u201cLides do Velho Av\u00f4\u201d. A can\u00e7\u00e3o, que j\u00e1 est\u00e1 dispon\u00edvel nas principais plataformas digitais, promete tocar fundo no cora\u00e7\u00e3o dos f\u00e3s com sua letra repleta de emo\u00e7\u00e3o e respeito \u00e0s tradi\u00e7\u00f5es familiares. &#8220;Lides do Velho Av\u00f4&#8221; \u00e9\" \/>\n<meta property=\"og:url\" content=\"https:\/\/bailaodosuloficial.com.br\/index.php\/2026\/01\/06\/grupo-rodeio-lanca-lides-do-velho-avo-uma-cancao-que-transcende-geracoes\/\" \/>\n<meta property=\"article:published_time\" content=\"2026-01-06T18:51:16+00:00\" \/>\n<meta property=\"og:image\" content=\"https:\/\/bailaodosuloficial.com.br\/wp-content\/uploads\/2026\/01\/image-23.png\" \/>\n\t<meta property=\"og:image:width\" content=\"426\" \/>\n\t<meta property=\"og:image:height\" content=\"385\" \/>\n\t<meta property=\"og:image:type\" content=\"image\/png\" \/>\n<meta name=\"author\" content=\"admin\" \/>\n<meta name=\"twitter:card\" content=\"summary_large_image\" \/>\n<meta name=\"twitter:label1\" content=\"Escrito por\" \/>\n\t<meta name=\"twitter:data1\" content=\"admin\" \/>\n\t<meta name=\"twitter:label2\" content=\"Est. tempo de leitura\" \/>\n\t<meta name=\"twitter:data2\" content=\"3 minutos\" \/>\n<script type=\"application\/ld+json\" class=\"yoast-schema-graph\">{\"@context\":\"https:\/\/schema.org\",\"@graph\":[{\"@type\":\"Article\",\"@id\":\"https:\/\/bailaodosuloficial.com.br\/index.php\/2026\/01\/06\/grupo-rodeio-lanca-lides-do-velho-avo-uma-cancao-que-transcende-geracoes\/#article\",\"isPartOf\":{\"@id\":\"https:\/\/bailaodosuloficial.com.br\/index.php\/2026\/01\/06\/grupo-rodeio-lanca-lides-do-velho-avo-uma-cancao-que-transcende-geracoes\/\"},\"author\":{\"name\":\"admin\",\"@id\":\"https:\/\/bailaodosuloficial.com.br\/#\/schema\/person\/b3bb1c43b091cd5c62100dd962ddda38\"},\"headline\":\"Grupo Rodeio Lan\u00e7a &#8220;Lides do Velho Av\u00f4&#8221;: Uma Can\u00e7\u00e3o Que Transcende Gera\u00e7\u00f5es\",\"datePublished\":\"2026-01-06T18:51:16+00:00\",\"mainEntityOfPage\":{\"@id\":\"https:\/\/bailaodosuloficial.com.br\/index.php\/2026\/01\/06\/grupo-rodeio-lanca-lides-do-velho-avo-uma-cancao-que-transcende-geracoes\/\"},\"wordCount\":630,\"commentCount\":0,\"publisher\":{\"@id\":\"https:\/\/bailaodosuloficial.com.br\/#organization\"},\"image\":{\"@id\":\"https:\/\/bailaodosuloficial.com.br\/index.php\/2026\/01\/06\/grupo-rodeio-lanca-lides-do-velho-avo-uma-cancao-que-transcende-geracoes\/#primaryimage\"},\"thumbnailUrl\":\"https:\/\/bailaodosuloficial.com.br\/wp-content\/uploads\/2026\/01\/image-23.png\",\"articleSection\":[\"Ga\u00fachas\"],\"inLanguage\":\"pt-BR\",\"potentialAction\":[{\"@type\":\"CommentAction\",\"name\":\"Comment\",\"target\":[\"https:\/\/bailaodosuloficial.com.br\/index.php\/2026\/01\/06\/grupo-rodeio-lanca-lides-do-velho-avo-uma-cancao-que-transcende-geracoes\/#respond\"]}]},{\"@type\":\"WebPage\",\"@id\":\"https:\/\/bailaodosuloficial.com.br\/index.php\/2026\/01\/06\/grupo-rodeio-lanca-lides-do-velho-avo-uma-cancao-que-transcende-geracoes\/\",\"url\":\"https:\/\/bailaodosuloficial.com.br\/index.php\/2026\/01\/06\/grupo-rodeio-lanca-lides-do-velho-avo-uma-cancao-que-transcende-geracoes\/\",\"name\":\"Grupo Rodeio Lan\u00e7a \\\"Lides do Velho Av\u00f4\\\": Uma Can\u00e7\u00e3o Que Transcende Gera\u00e7\u00f5es -\",\"isPartOf\":{\"@id\":\"https:\/\/bailaodosuloficial.com.br\/#website\"},\"primaryImageOfPage\":{\"@id\":\"https:\/\/bailaodosuloficial.com.br\/index.php\/2026\/01\/06\/grupo-rodeio-lanca-lides-do-velho-avo-uma-cancao-que-transcende-geracoes\/#primaryimage\"},\"image\":{\"@id\":\"https:\/\/bailaodosuloficial.com.br\/index.php\/2026\/01\/06\/grupo-rodeio-lanca-lides-do-velho-avo-uma-cancao-que-transcende-geracoes\/#primaryimage\"},\"thumbnailUrl\":\"https:\/\/bailaodosuloficial.com.br\/wp-content\/uploads\/2026\/01\/image-23.png\",\"datePublished\":\"2026-01-06T18:51:16+00:00\",\"breadcrumb\":{\"@id\":\"https:\/\/bailaodosuloficial.com.br\/index.php\/2026\/01\/06\/grupo-rodeio-lanca-lides-do-velho-avo-uma-cancao-que-transcende-geracoes\/#breadcrumb\"},\"inLanguage\":\"pt-BR\",\"potentialAction\":[{\"@type\":\"ReadAction\",\"target\":[\"https:\/\/bailaodosuloficial.com.br\/index.php\/2026\/01\/06\/grupo-rodeio-lanca-lides-do-velho-avo-uma-cancao-que-transcende-geracoes\/\"]}]},{\"@type\":\"ImageObject\",\"inLanguage\":\"pt-BR\",\"@id\":\"https:\/\/bailaodosuloficial.com.br\/index.php\/2026\/01\/06\/grupo-rodeio-lanca-lides-do-velho-avo-uma-cancao-que-transcende-geracoes\/#primaryimage\",\"url\":\"https:\/\/bailaodosuloficial.com.br\/wp-content\/uploads\/2026\/01\/image-23.png\",\"contentUrl\":\"https:\/\/bailaodosuloficial.com.br\/wp-content\/uploads\/2026\/01\/image-23.png\",\"width\":426,\"height\":385},{\"@type\":\"BreadcrumbList\",\"@id\":\"https:\/\/bailaodosuloficial.com.br\/index.php\/2026\/01\/06\/grupo-rodeio-lanca-lides-do-velho-avo-uma-cancao-que-transcende-geracoes\/#breadcrumb\",\"itemListElement\":[{\"@type\":\"ListItem\",\"position\":1,\"name\":\"In\u00edcio\",\"item\":\"https:\/\/bailaodosuloficial.com.br\/\"},{\"@type\":\"ListItem\",\"position\":2,\"name\":\"Grupo Rodeio Lan\u00e7a &#8220;Lides do Velho Av\u00f4&#8221;: Uma Can\u00e7\u00e3o Que Transcende Gera\u00e7\u00f5es\"}]},{\"@type\":\"WebSite\",\"@id\":\"https:\/\/bailaodosuloficial.com.br\/#website\",\"url\":\"https:\/\/bailaodosuloficial.com.br\/\",\"name\":\"Bail\u00e3o do Sul\",\"description\":\"\",\"publisher\":{\"@id\":\"https:\/\/bailaodosuloficial.com.br\/#organization\"},\"alternateName\":\"Bail\u00e3o do Sul Oficial\",\"potentialAction\":[{\"@type\":\"SearchAction\",\"target\":{\"@type\":\"EntryPoint\",\"urlTemplate\":\"https:\/\/bailaodosuloficial.com.br\/?s={search_term_string}\"},\"query-input\":{\"@type\":\"PropertyValueSpecification\",\"valueRequired\":true,\"valueName\":\"search_term_string\"}}],\"inLanguage\":\"pt-BR\"},{\"@type\":\"Organization\",\"@id\":\"https:\/\/bailaodosuloficial.com.br\/#organization\",\"name\":\"Bail\u00e3o do Sul\",\"url\":\"https:\/\/bailaodosuloficial.com.br\/\",\"logo\":{\"@type\":\"ImageObject\",\"inLanguage\":\"pt-BR\",\"@id\":\"https:\/\/bailaodosuloficial.com.br\/#\/schema\/logo\/image\/\",\"url\":\"https:\/\/bailaodosuloficial.com.br\/wp-content\/uploads\/2026\/03\/cropped-fim-de-semana-5-scaled-1.png\",\"contentUrl\":\"https:\/\/bailaodosuloficial.com.br\/wp-content\/uploads\/2026\/03\/cropped-fim-de-semana-5-scaled-1.png\",\"width\":1989,\"height\":1371,\"caption\":\"Bail\u00e3o do Sul\"},\"image\":{\"@id\":\"https:\/\/bailaodosuloficial.com.br\/#\/schema\/logo\/image\/\"},\"sameAs\":[\"http:\/\/instagram.com\/bailaodosul\"]},{\"@type\":\"Person\",\"@id\":\"https:\/\/bailaodosuloficial.com.br\/#\/schema\/person\/b3bb1c43b091cd5c62100dd962ddda38\",\"name\":\"admin\",\"image\":{\"@type\":\"ImageObject\",\"inLanguage\":\"pt-BR\",\"@id\":\"https:\/\/bailaodosuloficial.com.br\/#\/schema\/person\/image\/\",\"url\":\"https:\/\/secure.gravatar.com\/avatar\/8e8beae45c6419737da9ea57a58a1f945a580b701e1def541b4459d4ac234c85?s=96&d=mm&r=g\",\"contentUrl\":\"https:\/\/secure.gravatar.com\/avatar\/8e8beae45c6419737da9ea57a58a1f945a580b701e1def541b4459d4ac234c85?s=96&d=mm&r=g\",\"caption\":\"admin\"},\"sameAs\":[\"https:\/\/bailaodosuloficial.com.br\"],\"url\":\"https:\/\/bailaodosuloficial.com.br\/index.php\/author\/bailao\/\"}]}<\/script>\n<!-- \/ Yoast SEO plugin. -->","yoast_head_json":{"title":"Grupo Rodeio Lan\u00e7a \"Lides do Velho Av\u00f4\": Uma Can\u00e7\u00e3o Que Transcende Gera\u00e7\u00f5es -","robots":{"index":"index","follow":"follow","max-snippet":"max-snippet:-1","max-image-preview":"max-image-preview:large","max-video-preview":"max-video-preview:-1"},"canonical":"https:\/\/bailaodosuloficial.com.br\/index.php\/2026\/01\/06\/grupo-rodeio-lanca-lides-do-velho-avo-uma-cancao-que-transcende-geracoes\/","og_locale":"pt_BR","og_type":"article","og_title":"Grupo Rodeio Lan\u00e7a \"Lides do Velho Av\u00f4\": Uma Can\u00e7\u00e3o Que Transcende Gera\u00e7\u00f5es -","og_description":"O Grupo Rodeio, um dos nomes mais tradicionais da m\u00fasica sertaneja, acaba de lan\u00e7ar sua mais nova m\u00fasica: \u201cLides do Velho Av\u00f4\u201d. A can\u00e7\u00e3o, que j\u00e1 est\u00e1 dispon\u00edvel nas principais plataformas digitais, promete tocar fundo no cora\u00e7\u00e3o dos f\u00e3s com sua letra repleta de emo\u00e7\u00e3o e respeito \u00e0s tradi\u00e7\u00f5es familiares. &#8220;Lides do Velho Av\u00f4&#8221; \u00e9","og_url":"https:\/\/bailaodosuloficial.com.br\/index.php\/2026\/01\/06\/grupo-rodeio-lanca-lides-do-velho-avo-uma-cancao-que-transcende-geracoes\/","article_published_time":"2026-01-06T18:51:16+00:00","og_image":[{"width":426,"height":385,"url":"https:\/\/bailaodosuloficial.com.br\/wp-content\/uploads\/2026\/01\/image-23.png","type":"image\/png"}],"author":"admin","twitter_card":"summary_large_image","twitter_misc":{"Escrito por":"admin","Est. tempo de leitura":"3 minutos"},"schema":{"@context":"https:\/\/schema.org","@graph":[{"@type":"Article","@id":"https:\/\/bailaodosuloficial.com.br\/index.php\/2026\/01\/06\/grupo-rodeio-lanca-lides-do-velho-avo-uma-cancao-que-transcende-geracoes\/#article","isPartOf":{"@id":"https:\/\/bailaodosuloficial.com.br\/index.php\/2026\/01\/06\/grupo-rodeio-lanca-lides-do-velho-avo-uma-cancao-que-transcende-geracoes\/"},"author":{"name":"admin","@id":"https:\/\/bailaodosuloficial.com.br\/#\/schema\/person\/b3bb1c43b091cd5c62100dd962ddda38"},"headline":"Grupo Rodeio Lan\u00e7a &#8220;Lides do Velho Av\u00f4&#8221;: Uma Can\u00e7\u00e3o Que Transcende Gera\u00e7\u00f5es","datePublished":"2026-01-06T18:51:16+00:00","mainEntityOfPage":{"@id":"https:\/\/bailaodosuloficial.com.br\/index.php\/2026\/01\/06\/grupo-rodeio-lanca-lides-do-velho-avo-uma-cancao-que-transcende-geracoes\/"},"wordCount":630,"commentCount":0,"publisher":{"@id":"https:\/\/bailaodosuloficial.com.br\/#organization"},"image":{"@id":"https:\/\/bailaodosuloficial.com.br\/index.php\/2026\/01\/06\/grupo-rodeio-lanca-lides-do-velho-avo-uma-cancao-que-transcende-geracoes\/#primaryimage"},"thumbnailUrl":"https:\/\/bailaodosuloficial.com.br\/wp-content\/uploads\/2026\/01\/image-23.png","articleSection":["Ga\u00fachas"],"inLanguage":"pt-BR","potentialAction":[{"@type":"CommentAction","name":"Comment","target":["https:\/\/bailaodosuloficial.com.br\/index.php\/2026\/01\/06\/grupo-rodeio-lanca-lides-do-velho-avo-uma-cancao-que-transcende-geracoes\/#respond"]}]},{"@type":"WebPage","@id":"https:\/\/bailaodosuloficial.com.br\/index.php\/2026\/01\/06\/grupo-rodeio-lanca-lides-do-velho-avo-uma-cancao-que-transcende-geracoes\/","url":"https:\/\/bailaodosuloficial.com.br\/index.php\/2026\/01\/06\/grupo-rodeio-lanca-lides-do-velho-avo-uma-cancao-que-transcende-geracoes\/","name":"Grupo Rodeio Lan\u00e7a \"Lides do Velho Av\u00f4\": Uma Can\u00e7\u00e3o Que Transcende Gera\u00e7\u00f5es -","isPartOf":{"@id":"https:\/\/bailaodosuloficial.com.br\/#website"},"primaryImageOfPage":{"@id":"https:\/\/bailaodosuloficial.com.br\/index.php\/2026\/01\/06\/grupo-rodeio-lanca-lides-do-velho-avo-uma-cancao-que-transcende-geracoes\/#primaryimage"},"image":{"@id":"https:\/\/bailaodosuloficial.com.br\/index.php\/2026\/01\/06\/grupo-rodeio-lanca-lides-do-velho-avo-uma-cancao-que-transcende-geracoes\/#primaryimage"},"thumbnailUrl":"https:\/\/bailaodosuloficial.com.br\/wp-content\/uploads\/2026\/01\/image-23.png","datePublished":"2026-01-06T18:51:16+00:00","breadcrumb":{"@id":"https:\/\/bailaodosuloficial.com.br\/index.php\/2026\/01\/06\/grupo-rodeio-lanca-lides-do-velho-avo-uma-cancao-que-transcende-geracoes\/#breadcrumb"},"inLanguage":"pt-BR","potentialAction":[{"@type":"ReadAction","target":["https:\/\/bailaodosuloficial.com.br\/index.php\/2026\/01\/06\/grupo-rodeio-lanca-lides-do-velho-avo-uma-cancao-que-transcende-geracoes\/"]}]},{"@type":"ImageObject","inLanguage":"pt-BR","@id":"https:\/\/bailaodosuloficial.com.br\/index.php\/2026\/01\/06\/grupo-rodeio-lanca-lides-do-velho-avo-uma-cancao-que-transcende-geracoes\/#primaryimage","url":"https:\/\/bailaodosuloficial.com.br\/wp-content\/uploads\/2026\/01\/image-23.png","contentUrl":"https:\/\/bailaodosuloficial.com.br\/wp-content\/uploads\/2026\/01\/image-23.png","width":426,"height":385},{"@type":"BreadcrumbList","@id":"https:\/\/bailaodosuloficial.com.br\/index.php\/2026\/01\/06\/grupo-rodeio-lanca-lides-do-velho-avo-uma-cancao-que-transcende-geracoes\/#breadcrumb","itemListElement":[{"@type":"ListItem","position":1,"name":"In\u00edcio","item":"https:\/\/bailaodosuloficial.com.br\/"},{"@type":"ListItem","position":2,"name":"Grupo Rodeio Lan\u00e7a &#8220;Lides do Velho Av\u00f4&#8221;: Uma Can\u00e7\u00e3o Que Transcende Gera\u00e7\u00f5es"}]},{"@type":"WebSite","@id":"https:\/\/bailaodosuloficial.com.br\/#website","url":"https:\/\/bailaodosuloficial.com.br\/","name":"Bail\u00e3o do Sul","description":"","publisher":{"@id":"https:\/\/bailaodosuloficial.com.br\/#organization"},"alternateName":"Bail\u00e3o do Sul Oficial","potentialAction":[{"@type":"SearchAction","target":{"@type":"EntryPoint","urlTemplate":"https:\/\/bailaodosuloficial.com.br\/?s={search_term_string}"},"query-input":{"@type":"PropertyValueSpecification","valueRequired":true,"valueName":"search_term_string"}}],"inLanguage":"pt-BR"},{"@type":"Organization","@id":"https:\/\/bailaodosuloficial.com.br\/#organization","name":"Bail\u00e3o do Sul","url":"https:\/\/bailaodosuloficial.com.br\/","logo":{"@type":"ImageObject","inLanguage":"pt-BR","@id":"https:\/\/bailaodosuloficial.com.br\/#\/schema\/logo\/image\/","url":"https:\/\/bailaodosuloficial.com.br\/wp-content\/uploads\/2026\/03\/cropped-fim-de-semana-5-scaled-1.png","contentUrl":"https:\/\/bailaodosuloficial.com.br\/wp-content\/uploads\/2026\/03\/cropped-fim-de-semana-5-scaled-1.png","width":1989,"height":1371,"caption":"Bail\u00e3o do Sul"},"image":{"@id":"https:\/\/bailaodosuloficial.com.br\/#\/schema\/logo\/image\/"},"sameAs":["http:\/\/instagram.com\/bailaodosul"]},{"@type":"Person","@id":"https:\/\/bailaodosuloficial.com.br\/#\/schema\/person\/b3bb1c43b091cd5c62100dd962ddda38","name":"admin","image":{"@type":"ImageObject","inLanguage":"pt-BR","@id":"https:\/\/bailaodosuloficial.com.br\/#\/schema\/person\/image\/","url":"https:\/\/secure.gravatar.com\/avatar\/8e8beae45c6419737da9ea57a58a1f945a580b701e1def541b4459d4ac234c85?s=96&d=mm&r=g","contentUrl":"https:\/\/secure.gravatar.com\/avatar\/8e8beae45c6419737da9ea57a58a1f945a580b701e1def541b4459d4ac234c85?s=96&d=mm&r=g","caption":"admin"},"sameAs":["https:\/\/bailaodosuloficial.com.br"],"url":"https:\/\/bailaodosuloficial.com.br\/index.php\/author\/bailao\/"}]}},"_links":{"self":[{"href":"https:\/\/bailaodosuloficial.com.br\/index.php\/wp-json\/wp\/v2\/posts\/611","targetHints":{"allow":["GET"]}}],"collection":[{"href":"https:\/\/bailaodosuloficial.com.br\/index.php\/wp-json\/wp\/v2\/posts"}],"about":[{"href":"https:\/\/bailaodosuloficial.com.br\/index.php\/wp-json\/wp\/v2\/types\/post"}],"author":[{"embeddable":true,"href":"https:\/\/bailaodosuloficial.com.br\/index.php\/wp-json\/wp\/v2\/users\/1"}],"replies":[{"embeddable":true,"href":"https:\/\/bailaodosuloficial.com.br\/index.php\/wp-json\/wp\/v2\/comments?post=611"}],"version-history":[{"count":1,"href":"https:\/\/bailaodosuloficial.com.br\/index.php\/wp-json\/wp\/v2\/posts\/611\/revisions"}],"predecessor-version":[{"id":613,"href":"https:\/\/bailaodosuloficial.com.br\/index.php\/wp-json\/wp\/v2\/posts\/611\/revisions\/613"}],"wp:featuredmedia":[{"embeddable":true,"href":"https:\/\/bailaodosuloficial.com.br\/index.php\/wp-json\/wp\/v2\/media\/612"}],"wp:attachment":[{"href":"https:\/\/bailaodosuloficial.com.br\/index.php\/wp-json\/wp\/v2\/media?parent=611"}],"wp:term":[{"taxonomy":"category","embeddable":true,"href":"https:\/\/bailaodosuloficial.com.br\/index.php\/wp-json\/wp\/v2\/categories?post=611"},{"taxonomy":"post_tag","embeddable":true,"href":"https:\/\/bailaodosuloficial.com.br\/index.php\/wp-json\/wp\/v2\/tags?post=611"}],"curies":[{"name":"wp","href":"https:\/\/api.w.org\/{rel}","templated":true}]}}