{"id":615,"date":"2026-01-07T09:02:56","date_gmt":"2026-01-07T09:02:56","guid":{"rendered":"https:\/\/bailaodosuloficial.com.br\/?p=615"},"modified":"2026-01-07T09:02:56","modified_gmt":"2026-01-07T09:02:56","slug":"murilo-huff-emociona-ao-dar-voz-e-sentimento-a-adoro-amar-voce","status":"publish","type":"post","link":"https:\/\/bailaodosuloficial.com.br\/index.php\/2026\/01\/07\/murilo-huff-emociona-ao-dar-voz-e-sentimento-a-adoro-amar-voce\/","title":{"rendered":"Murilo Huff emociona ao dar voz e sentimento a \u201cAdoro Amar Voc\u00ea\u201d"},"content":{"rendered":"\n<p>Murilo Huff sorri durante show na Festa do Pe\u00e3o de Barretos 2025 \u2014 Foto: \u00c9rico Andrade\/g1<\/p>\n\n\n\n<h3 class=\"wp-block-heading\"><strong>Murilo Huff: talento, sensibilidade e for\u00e7a no sertanejo atual<\/strong><\/h3>\n\n\n\n<p>O cantor e compositor <strong>Murilo Huff<\/strong> \u00e9 hoje um dos grandes nomes do sertanejo brasileiro. Com uma carreira constru\u00edda a partir da composi\u00e7\u00e3o, da verdade nas letras e de interpreta\u00e7\u00f5es carregadas de emo\u00e7\u00e3o, o artista conquistou espa\u00e7o, respeito e uma legi\u00e3o de f\u00e3s por todo o pa\u00eds.<\/p>\n\n\n\n<p>Natural de <strong>Goi\u00e2nia (GO)<\/strong>, Murilo teve contato com a m\u00fasica ainda na inf\u00e2ncia, quando aprendeu a tocar viol\u00e3o e come\u00e7ou a compor. Antes mesmo de ganhar os palcos como cantor, j\u00e1 chamava aten\u00e7\u00e3o no meio art\u00edstico como compositor, tendo m\u00fasicas gravadas por grandes nomes do sertanejo. Essa fase foi essencial para moldar seu estilo: letras intensas, hist\u00f3rias reais e uma conex\u00e3o direta com o p\u00fablico.<\/p>\n\n\n\n<p>A virada em sua carreira aconteceu quando decidiu investir de vez como int\u00e9rprete. Seus primeiros lan\u00e7amentos autorais rapidamente ganharam destaque nas plataformas digitais e nas r\u00e1dios, mostrando que Murilo Huff n\u00e3o era apenas um compositor talentoso, mas tamb\u00e9m um cantor com identidade pr\u00f3pria. Can\u00e7\u00f5es marcadas por sofr\u00eancia, amor, supera\u00e7\u00e3o e sentimentos profundos passaram a fazer parte do repert\u00f3rio de quem vive intensamente cada verso.<\/p>\n\n\n\n<p>Ao longo dos anos, Murilo lan\u00e7ou projetos de grande repercuss\u00e3o, especialmente grava\u00e7\u00f5es ao vivo, que refor\u00e7aram sua for\u00e7a nos palcos e sua proximidade com os f\u00e3s. Seus shows s\u00e3o conhecidos pela entrega emocional, pela intera\u00e7\u00e3o com o p\u00fablico e por repert\u00f3rios que misturam sucessos consagrados e novidades que rapidamente viram hits.<\/p>\n\n\n\n<p>Al\u00e9m da carreira musical, Murilo Huff tamb\u00e9m chama aten\u00e7\u00e3o por sua postura fora dos palcos. Pai dedicado, ele frequentemente demonstra em suas redes sociais o amor pela fam\u00edlia, equilibrando a intensa rotina de shows com a vida pessoal. Essa transpar\u00eancia e humanidade fortalecem ainda mais sua imagem junto ao p\u00fablico, que se identifica n\u00e3o s\u00f3 com o artista, mas com a pessoa por tr\u00e1s dele.<\/p>\n\n\n\n<p>Nas redes sociais, especialmente no Instagram, Murilo compartilha bastidores de grava\u00e7\u00f5es, momentos de estrada, trechos de apresenta\u00e7\u00f5es e tamb\u00e9m reflex\u00f5es pessoais. Essa presen\u00e7a digital constante ajuda a manter um v\u00ednculo direto com os f\u00e3s e mostra um artista acess\u00edvel, verdadeiro e em constante evolu\u00e7\u00e3o.<\/p>\n\n\n\n<p>Murilo Huff segue vivendo uma fase s\u00f3lida e madura da carreira, colecionando n\u00fameros expressivos, reconhecimento do mercado musical e, principalmente, o carinho do p\u00fablico. Com talento, sensibilidade e autenticidade, ele continua escrevendo sua hist\u00f3ria como um dos nomes mais fortes do sertanejo contempor\u00e2neo. \ud83c\udfb6\ud83d\udd25<\/p>\n\n\n\n<figure class=\"wp-block-embed is-type-rich is-provider-spotify wp-block-embed-spotify wp-embed-aspect-21-9 wp-has-aspect-ratio\"><div class=\"wp-block-embed__wrapper\">\n<iframe title=\"Spotify Embed: Ac\u00fastico (Ao Vivo)\" style=\"border-radius: 12px\" width=\"100%\" height=\"352\" frameborder=\"0\" allowfullscreen allow=\"autoplay; clipboard-write; encrypted-media; fullscreen; picture-in-picture\" loading=\"lazy\" src=\"https:\/\/open.spotify.com\/embed\/album\/2lmUmRXPsds8n2YU68dalX?si=Y6VnsehrTmOiWHgpmoCCLg&amp;utm_source=oembed\"><\/iframe>\n<\/div><\/figure>\n","protected":false},"excerpt":{"rendered":"<p>Murilo Huff sorri durante show na Festa do Pe\u00e3o de Barretos 2025 \u2014 Foto: \u00c9rico Andrade\/g1 Murilo Huff: talento, sensibilidade e for\u00e7a no sertanejo atual O cantor e compositor Murilo Huff \u00e9 hoje um dos grandes nomes do sertanejo brasileiro. Com uma carreira constru\u00edda a partir da composi\u00e7\u00e3o, da verdade nas letras e de interpreta\u00e7\u00f5es<\/p>\n","protected":false},"author":1,"featured_media":616,"comment_status":"open","ping_status":"open","sticky":false,"template":"","format":"standard","meta":{"footnotes":""},"categories":[4],"tags":[],"class_list":["post-615","post","type-post","status-publish","format-standard","has-post-thumbnail","hentry","category-sertanejo"],"yoast_head":"<!-- This site is optimized with the Yoast SEO plugin v26.9 - https:\/\/yoast.com\/product\/yoast-seo-wordpress\/ -->\n<title>Murilo Huff emociona ao dar voz e sentimento a \u201cAdoro Amar Voc\u00ea\u201d -<\/title>\n<meta name=\"robots\" content=\"index, follow, max-snippet:-1, max-image-preview:large, max-video-preview:-1\" \/>\n<link rel=\"canonical\" href=\"https:\/\/bailaodosuloficial.com.br\/index.php\/2026\/01\/07\/murilo-huff-emociona-ao-dar-voz-e-sentimento-a-adoro-amar-voce\/\" \/>\n<meta property=\"og:locale\" content=\"pt_BR\" \/>\n<meta property=\"og:type\" content=\"article\" \/>\n<meta property=\"og:title\" content=\"Murilo Huff emociona ao dar voz e sentimento a \u201cAdoro Amar Voc\u00ea\u201d -\" \/>\n<meta property=\"og:description\" content=\"Murilo Huff sorri durante show na Festa do Pe\u00e3o de Barretos 2025 \u2014 Foto: \u00c9rico Andrade\/g1 Murilo Huff: talento, sensibilidade e for\u00e7a no sertanejo atual O cantor e compositor Murilo Huff \u00e9 hoje um dos grandes nomes do sertanejo brasileiro. Com uma carreira constru\u00edda a partir da composi\u00e7\u00e3o, da verdade nas letras e de interpreta\u00e7\u00f5es\" \/>\n<meta property=\"og:url\" content=\"https:\/\/bailaodosuloficial.com.br\/index.php\/2026\/01\/07\/murilo-huff-emociona-ao-dar-voz-e-sentimento-a-adoro-amar-voce\/\" \/>\n<meta property=\"article:published_time\" content=\"2026-01-07T09:02:56+00:00\" \/>\n<meta property=\"og:image\" content=\"https:\/\/bailaodosuloficial.com.br\/wp-content\/uploads\/2026\/01\/image-24.png\" \/>\n\t<meta property=\"og:image:width\" content=\"554\" \/>\n\t<meta property=\"og:image:height\" content=\"396\" \/>\n\t<meta property=\"og:image:type\" content=\"image\/png\" \/>\n<meta name=\"author\" content=\"admin\" \/>\n<meta name=\"twitter:card\" content=\"summary_large_image\" \/>\n<meta name=\"twitter:label1\" content=\"Escrito por\" \/>\n\t<meta name=\"twitter:data1\" content=\"admin\" \/>\n\t<meta name=\"twitter:label2\" content=\"Est. tempo de leitura\" \/>\n\t<meta name=\"twitter:data2\" content=\"2 minutos\" \/>\n<script type=\"application\/ld+json\" class=\"yoast-schema-graph\">{\"@context\":\"https:\/\/schema.org\",\"@graph\":[{\"@type\":\"Article\",\"@id\":\"https:\/\/bailaodosuloficial.com.br\/index.php\/2026\/01\/07\/murilo-huff-emociona-ao-dar-voz-e-sentimento-a-adoro-amar-voce\/#article\",\"isPartOf\":{\"@id\":\"https:\/\/bailaodosuloficial.com.br\/index.php\/2026\/01\/07\/murilo-huff-emociona-ao-dar-voz-e-sentimento-a-adoro-amar-voce\/\"},\"author\":{\"name\":\"admin\",\"@id\":\"https:\/\/bailaodosuloficial.com.br\/#\/schema\/person\/b3bb1c43b091cd5c62100dd962ddda38\"},\"headline\":\"Murilo Huff emociona ao dar voz e sentimento a \u201cAdoro Amar Voc\u00ea\u201d\",\"datePublished\":\"2026-01-07T09:02:56+00:00\",\"mainEntityOfPage\":{\"@id\":\"https:\/\/bailaodosuloficial.com.br\/index.php\/2026\/01\/07\/murilo-huff-emociona-ao-dar-voz-e-sentimento-a-adoro-amar-voce\/\"},\"wordCount\":490,\"commentCount\":0,\"publisher\":{\"@id\":\"https:\/\/bailaodosuloficial.com.br\/#organization\"},\"image\":{\"@id\":\"https:\/\/bailaodosuloficial.com.br\/index.php\/2026\/01\/07\/murilo-huff-emociona-ao-dar-voz-e-sentimento-a-adoro-amar-voce\/#primaryimage\"},\"thumbnailUrl\":\"https:\/\/bailaodosuloficial.com.br\/wp-content\/uploads\/2026\/01\/image-24.png\",\"articleSection\":[\"Sertanejo\"],\"inLanguage\":\"pt-BR\",\"potentialAction\":[{\"@type\":\"CommentAction\",\"name\":\"Comment\",\"target\":[\"https:\/\/bailaodosuloficial.com.br\/index.php\/2026\/01\/07\/murilo-huff-emociona-ao-dar-voz-e-sentimento-a-adoro-amar-voce\/#respond\"]}]},{\"@type\":\"WebPage\",\"@id\":\"https:\/\/bailaodosuloficial.com.br\/index.php\/2026\/01\/07\/murilo-huff-emociona-ao-dar-voz-e-sentimento-a-adoro-amar-voce\/\",\"url\":\"https:\/\/bailaodosuloficial.com.br\/index.php\/2026\/01\/07\/murilo-huff-emociona-ao-dar-voz-e-sentimento-a-adoro-amar-voce\/\",\"name\":\"Murilo Huff emociona ao dar voz e sentimento a \u201cAdoro Amar Voc\u00ea\u201d -\",\"isPartOf\":{\"@id\":\"https:\/\/bailaodosuloficial.com.br\/#website\"},\"primaryImageOfPage\":{\"@id\":\"https:\/\/bailaodosuloficial.com.br\/index.php\/2026\/01\/07\/murilo-huff-emociona-ao-dar-voz-e-sentimento-a-adoro-amar-voce\/#primaryimage\"},\"image\":{\"@id\":\"https:\/\/bailaodosuloficial.com.br\/index.php\/2026\/01\/07\/murilo-huff-emociona-ao-dar-voz-e-sentimento-a-adoro-amar-voce\/#primaryimage\"},\"thumbnailUrl\":\"https:\/\/bailaodosuloficial.com.br\/wp-content\/uploads\/2026\/01\/image-24.png\",\"datePublished\":\"2026-01-07T09:02:56+00:00\",\"breadcrumb\":{\"@id\":\"https:\/\/bailaodosuloficial.com.br\/index.php\/2026\/01\/07\/murilo-huff-emociona-ao-dar-voz-e-sentimento-a-adoro-amar-voce\/#breadcrumb\"},\"inLanguage\":\"pt-BR\",\"potentialAction\":[{\"@type\":\"ReadAction\",\"target\":[\"https:\/\/bailaodosuloficial.com.br\/index.php\/2026\/01\/07\/murilo-huff-emociona-ao-dar-voz-e-sentimento-a-adoro-amar-voce\/\"]}]},{\"@type\":\"ImageObject\",\"inLanguage\":\"pt-BR\",\"@id\":\"https:\/\/bailaodosuloficial.com.br\/index.php\/2026\/01\/07\/murilo-huff-emociona-ao-dar-voz-e-sentimento-a-adoro-amar-voce\/#primaryimage\",\"url\":\"https:\/\/bailaodosuloficial.com.br\/wp-content\/uploads\/2026\/01\/image-24.png\",\"contentUrl\":\"https:\/\/bailaodosuloficial.com.br\/wp-content\/uploads\/2026\/01\/image-24.png\",\"width\":554,\"height\":396},{\"@type\":\"BreadcrumbList\",\"@id\":\"https:\/\/bailaodosuloficial.com.br\/index.php\/2026\/01\/07\/murilo-huff-emociona-ao-dar-voz-e-sentimento-a-adoro-amar-voce\/#breadcrumb\",\"itemListElement\":[{\"@type\":\"ListItem\",\"position\":1,\"name\":\"In\u00edcio\",\"item\":\"https:\/\/bailaodosuloficial.com.br\/\"},{\"@type\":\"ListItem\",\"position\":2,\"name\":\"Murilo Huff emociona ao dar voz e sentimento a \u201cAdoro Amar Voc\u00ea\u201d\"}]},{\"@type\":\"WebSite\",\"@id\":\"https:\/\/bailaodosuloficial.com.br\/#website\",\"url\":\"https:\/\/bailaodosuloficial.com.br\/\",\"name\":\"Bail\u00e3o do Sul\",\"description\":\"\",\"publisher\":{\"@id\":\"https:\/\/bailaodosuloficial.com.br\/#organization\"},\"alternateName\":\"Bail\u00e3o do Sul Oficial\",\"potentialAction\":[{\"@type\":\"SearchAction\",\"target\":{\"@type\":\"EntryPoint\",\"urlTemplate\":\"https:\/\/bailaodosuloficial.com.br\/?s={search_term_string}\"},\"query-input\":{\"@type\":\"PropertyValueSpecification\",\"valueRequired\":true,\"valueName\":\"search_term_string\"}}],\"inLanguage\":\"pt-BR\"},{\"@type\":\"Organization\",\"@id\":\"https:\/\/bailaodosuloficial.com.br\/#organization\",\"name\":\"Bail\u00e3o do Sul\",\"url\":\"https:\/\/bailaodosuloficial.com.br\/\",\"logo\":{\"@type\":\"ImageObject\",\"inLanguage\":\"pt-BR\",\"@id\":\"https:\/\/bailaodosuloficial.com.br\/#\/schema\/logo\/image\/\",\"url\":\"https:\/\/bailaodosuloficial.com.br\/wp-content\/uploads\/2026\/03\/cropped-fim-de-semana-5-scaled-1.png\",\"contentUrl\":\"https:\/\/bailaodosuloficial.com.br\/wp-content\/uploads\/2026\/03\/cropped-fim-de-semana-5-scaled-1.png\",\"width\":1989,\"height\":1371,\"caption\":\"Bail\u00e3o do Sul\"},\"image\":{\"@id\":\"https:\/\/bailaodosuloficial.com.br\/#\/schema\/logo\/image\/\"},\"sameAs\":[\"http:\/\/instagram.com\/bailaodosul\"]},{\"@type\":\"Person\",\"@id\":\"https:\/\/bailaodosuloficial.com.br\/#\/schema\/person\/b3bb1c43b091cd5c62100dd962ddda38\",\"name\":\"admin\",\"image\":{\"@type\":\"ImageObject\",\"inLanguage\":\"pt-BR\",\"@id\":\"https:\/\/bailaodosuloficial.com.br\/#\/schema\/person\/image\/\",\"url\":\"https:\/\/secure.gravatar.com\/avatar\/8e8beae45c6419737da9ea57a58a1f945a580b701e1def541b4459d4ac234c85?s=96&d=mm&r=g\",\"contentUrl\":\"https:\/\/secure.gravatar.com\/avatar\/8e8beae45c6419737da9ea57a58a1f945a580b701e1def541b4459d4ac234c85?s=96&d=mm&r=g\",\"caption\":\"admin\"},\"sameAs\":[\"https:\/\/bailaodosuloficial.com.br\"],\"url\":\"https:\/\/bailaodosuloficial.com.br\/index.php\/author\/bailao\/\"}]}<\/script>\n<!-- \/ Yoast SEO plugin. -->","yoast_head_json":{"title":"Murilo Huff emociona ao dar voz e sentimento a \u201cAdoro Amar Voc\u00ea\u201d -","robots":{"index":"index","follow":"follow","max-snippet":"max-snippet:-1","max-image-preview":"max-image-preview:large","max-video-preview":"max-video-preview:-1"},"canonical":"https:\/\/bailaodosuloficial.com.br\/index.php\/2026\/01\/07\/murilo-huff-emociona-ao-dar-voz-e-sentimento-a-adoro-amar-voce\/","og_locale":"pt_BR","og_type":"article","og_title":"Murilo Huff emociona ao dar voz e sentimento a \u201cAdoro Amar Voc\u00ea\u201d -","og_description":"Murilo Huff sorri durante show na Festa do Pe\u00e3o de Barretos 2025 \u2014 Foto: \u00c9rico Andrade\/g1 Murilo Huff: talento, sensibilidade e for\u00e7a no sertanejo atual O cantor e compositor Murilo Huff \u00e9 hoje um dos grandes nomes do sertanejo brasileiro. Com uma carreira constru\u00edda a partir da composi\u00e7\u00e3o, da verdade nas letras e de interpreta\u00e7\u00f5es","og_url":"https:\/\/bailaodosuloficial.com.br\/index.php\/2026\/01\/07\/murilo-huff-emociona-ao-dar-voz-e-sentimento-a-adoro-amar-voce\/","article_published_time":"2026-01-07T09:02:56+00:00","og_image":[{"width":554,"height":396,"url":"https:\/\/bailaodosuloficial.com.br\/wp-content\/uploads\/2026\/01\/image-24.png","type":"image\/png"}],"author":"admin","twitter_card":"summary_large_image","twitter_misc":{"Escrito por":"admin","Est. tempo de leitura":"2 minutos"},"schema":{"@context":"https:\/\/schema.org","@graph":[{"@type":"Article","@id":"https:\/\/bailaodosuloficial.com.br\/index.php\/2026\/01\/07\/murilo-huff-emociona-ao-dar-voz-e-sentimento-a-adoro-amar-voce\/#article","isPartOf":{"@id":"https:\/\/bailaodosuloficial.com.br\/index.php\/2026\/01\/07\/murilo-huff-emociona-ao-dar-voz-e-sentimento-a-adoro-amar-voce\/"},"author":{"name":"admin","@id":"https:\/\/bailaodosuloficial.com.br\/#\/schema\/person\/b3bb1c43b091cd5c62100dd962ddda38"},"headline":"Murilo Huff emociona ao dar voz e sentimento a \u201cAdoro Amar Voc\u00ea\u201d","datePublished":"2026-01-07T09:02:56+00:00","mainEntityOfPage":{"@id":"https:\/\/bailaodosuloficial.com.br\/index.php\/2026\/01\/07\/murilo-huff-emociona-ao-dar-voz-e-sentimento-a-adoro-amar-voce\/"},"wordCount":490,"commentCount":0,"publisher":{"@id":"https:\/\/bailaodosuloficial.com.br\/#organization"},"image":{"@id":"https:\/\/bailaodosuloficial.com.br\/index.php\/2026\/01\/07\/murilo-huff-emociona-ao-dar-voz-e-sentimento-a-adoro-amar-voce\/#primaryimage"},"thumbnailUrl":"https:\/\/bailaodosuloficial.com.br\/wp-content\/uploads\/2026\/01\/image-24.png","articleSection":["Sertanejo"],"inLanguage":"pt-BR","potentialAction":[{"@type":"CommentAction","name":"Comment","target":["https:\/\/bailaodosuloficial.com.br\/index.php\/2026\/01\/07\/murilo-huff-emociona-ao-dar-voz-e-sentimento-a-adoro-amar-voce\/#respond"]}]},{"@type":"WebPage","@id":"https:\/\/bailaodosuloficial.com.br\/index.php\/2026\/01\/07\/murilo-huff-emociona-ao-dar-voz-e-sentimento-a-adoro-amar-voce\/","url":"https:\/\/bailaodosuloficial.com.br\/index.php\/2026\/01\/07\/murilo-huff-emociona-ao-dar-voz-e-sentimento-a-adoro-amar-voce\/","name":"Murilo Huff emociona ao dar voz e sentimento a \u201cAdoro Amar Voc\u00ea\u201d -","isPartOf":{"@id":"https:\/\/bailaodosuloficial.com.br\/#website"},"primaryImageOfPage":{"@id":"https:\/\/bailaodosuloficial.com.br\/index.php\/2026\/01\/07\/murilo-huff-emociona-ao-dar-voz-e-sentimento-a-adoro-amar-voce\/#primaryimage"},"image":{"@id":"https:\/\/bailaodosuloficial.com.br\/index.php\/2026\/01\/07\/murilo-huff-emociona-ao-dar-voz-e-sentimento-a-adoro-amar-voce\/#primaryimage"},"thumbnailUrl":"https:\/\/bailaodosuloficial.com.br\/wp-content\/uploads\/2026\/01\/image-24.png","datePublished":"2026-01-07T09:02:56+00:00","breadcrumb":{"@id":"https:\/\/bailaodosuloficial.com.br\/index.php\/2026\/01\/07\/murilo-huff-emociona-ao-dar-voz-e-sentimento-a-adoro-amar-voce\/#breadcrumb"},"inLanguage":"pt-BR","potentialAction":[{"@type":"ReadAction","target":["https:\/\/bailaodosuloficial.com.br\/index.php\/2026\/01\/07\/murilo-huff-emociona-ao-dar-voz-e-sentimento-a-adoro-amar-voce\/"]}]},{"@type":"ImageObject","inLanguage":"pt-BR","@id":"https:\/\/bailaodosuloficial.com.br\/index.php\/2026\/01\/07\/murilo-huff-emociona-ao-dar-voz-e-sentimento-a-adoro-amar-voce\/#primaryimage","url":"https:\/\/bailaodosuloficial.com.br\/wp-content\/uploads\/2026\/01\/image-24.png","contentUrl":"https:\/\/bailaodosuloficial.com.br\/wp-content\/uploads\/2026\/01\/image-24.png","width":554,"height":396},{"@type":"BreadcrumbList","@id":"https:\/\/bailaodosuloficial.com.br\/index.php\/2026\/01\/07\/murilo-huff-emociona-ao-dar-voz-e-sentimento-a-adoro-amar-voce\/#breadcrumb","itemListElement":[{"@type":"ListItem","position":1,"name":"In\u00edcio","item":"https:\/\/bailaodosuloficial.com.br\/"},{"@type":"ListItem","position":2,"name":"Murilo Huff emociona ao dar voz e sentimento a \u201cAdoro Amar Voc\u00ea\u201d"}]},{"@type":"WebSite","@id":"https:\/\/bailaodosuloficial.com.br\/#website","url":"https:\/\/bailaodosuloficial.com.br\/","name":"Bail\u00e3o do Sul","description":"","publisher":{"@id":"https:\/\/bailaodosuloficial.com.br\/#organization"},"alternateName":"Bail\u00e3o do Sul Oficial","potentialAction":[{"@type":"SearchAction","target":{"@type":"EntryPoint","urlTemplate":"https:\/\/bailaodosuloficial.com.br\/?s={search_term_string}"},"query-input":{"@type":"PropertyValueSpecification","valueRequired":true,"valueName":"search_term_string"}}],"inLanguage":"pt-BR"},{"@type":"Organization","@id":"https:\/\/bailaodosuloficial.com.br\/#organization","name":"Bail\u00e3o do Sul","url":"https:\/\/bailaodosuloficial.com.br\/","logo":{"@type":"ImageObject","inLanguage":"pt-BR","@id":"https:\/\/bailaodosuloficial.com.br\/#\/schema\/logo\/image\/","url":"https:\/\/bailaodosuloficial.com.br\/wp-content\/uploads\/2026\/03\/cropped-fim-de-semana-5-scaled-1.png","contentUrl":"https:\/\/bailaodosuloficial.com.br\/wp-content\/uploads\/2026\/03\/cropped-fim-de-semana-5-scaled-1.png","width":1989,"height":1371,"caption":"Bail\u00e3o do Sul"},"image":{"@id":"https:\/\/bailaodosuloficial.com.br\/#\/schema\/logo\/image\/"},"sameAs":["http:\/\/instagram.com\/bailaodosul"]},{"@type":"Person","@id":"https:\/\/bailaodosuloficial.com.br\/#\/schema\/person\/b3bb1c43b091cd5c62100dd962ddda38","name":"admin","image":{"@type":"ImageObject","inLanguage":"pt-BR","@id":"https:\/\/bailaodosuloficial.com.br\/#\/schema\/person\/image\/","url":"https:\/\/secure.gravatar.com\/avatar\/8e8beae45c6419737da9ea57a58a1f945a580b701e1def541b4459d4ac234c85?s=96&d=mm&r=g","contentUrl":"https:\/\/secure.gravatar.com\/avatar\/8e8beae45c6419737da9ea57a58a1f945a580b701e1def541b4459d4ac234c85?s=96&d=mm&r=g","caption":"admin"},"sameAs":["https:\/\/bailaodosuloficial.com.br"],"url":"https:\/\/bailaodosuloficial.com.br\/index.php\/author\/bailao\/"}]}},"_links":{"self":[{"href":"https:\/\/bailaodosuloficial.com.br\/index.php\/wp-json\/wp\/v2\/posts\/615","targetHints":{"allow":["GET"]}}],"collection":[{"href":"https:\/\/bailaodosuloficial.com.br\/index.php\/wp-json\/wp\/v2\/posts"}],"about":[{"href":"https:\/\/bailaodosuloficial.com.br\/index.php\/wp-json\/wp\/v2\/types\/post"}],"author":[{"embeddable":true,"href":"https:\/\/bailaodosuloficial.com.br\/index.php\/wp-json\/wp\/v2\/users\/1"}],"replies":[{"embeddable":true,"href":"https:\/\/bailaodosuloficial.com.br\/index.php\/wp-json\/wp\/v2\/comments?post=615"}],"version-history":[{"count":1,"href":"https:\/\/bailaodosuloficial.com.br\/index.php\/wp-json\/wp\/v2\/posts\/615\/revisions"}],"predecessor-version":[{"id":617,"href":"https:\/\/bailaodosuloficial.com.br\/index.php\/wp-json\/wp\/v2\/posts\/615\/revisions\/617"}],"wp:featuredmedia":[{"embeddable":true,"href":"https:\/\/bailaodosuloficial.com.br\/index.php\/wp-json\/wp\/v2\/media\/616"}],"wp:attachment":[{"href":"https:\/\/bailaodosuloficial.com.br\/index.php\/wp-json\/wp\/v2\/media?parent=615"}],"wp:term":[{"taxonomy":"category","embeddable":true,"href":"https:\/\/bailaodosuloficial.com.br\/index.php\/wp-json\/wp\/v2\/categories?post=615"},{"taxonomy":"post_tag","embeddable":true,"href":"https:\/\/bailaodosuloficial.com.br\/index.php\/wp-json\/wp\/v2\/tags?post=615"}],"curies":[{"name":"wp","href":"https:\/\/api.w.org\/{rel}","templated":true}]}}