{"id":629,"date":"2026-01-09T19:43:49","date_gmt":"2026-01-09T19:43:49","guid":{"rendered":"https:\/\/bailaodosuloficial.com.br\/?p=629"},"modified":"2026-01-09T19:43:49","modified_gmt":"2026-01-09T19:43:49","slug":"malu-a-princesinha-do-pagode-que-conquista-o-brasil-pelas-redes-sociais-e-pelos-palcos","status":"publish","type":"post","link":"https:\/\/bailaodosuloficial.com.br\/index.php\/2026\/01\/09\/malu-a-princesinha-do-pagode-que-conquista-o-brasil-pelas-redes-sociais-e-pelos-palcos\/","title":{"rendered":"MaLu: a \u201cPrincesinha do Pagode\u201d que conquista o Brasil pelas redes sociais e pelos palcos"},"content":{"rendered":"\n<p>MaLu, a &#8220;Princesinha do Pagode&#8221;, tem conquistado o Brasil n\u00e3o s\u00f3 nos palcos, mas tamb\u00e9m nas redes sociais. Sua conta no Instagram, @malucantora, com mais de <strong>1 milh\u00e3o de seguidores<\/strong>, \u00e9 um espa\u00e7o de intera\u00e7\u00e3o com f\u00e3s que acompanham suas apresenta\u00e7\u00f5es, bastidores e momentos pessoais.<\/p>\n\n\n\n<p>Natural de Porto Alegre, MaLu come\u00e7ou sua trajet\u00f3ria musical na inf\u00e2ncia, se apresentando para a fam\u00edlia. O pagode entrou na sua vida de forma definitiva quando ela come\u00e7ou a se apresentar em bares e casas de show, conquistando o p\u00fablico com sua voz e presen\u00e7a. Em 2019, participou do programa &#8220;The Voice Brasil&#8221; e foi selecionada para o time de Ivete Sangalo, o que impulsionou ainda mais sua carreira.<\/p>\n\n\n\n<p>Durante a pandemia, MaLu se reinventou no digital, compartilhando sua m\u00fasica e conectando-se com seus seguidores. Sua conta no Instagram passou a ser o principal meio de divulga\u00e7\u00e3o, com fotos, v\u00eddeos de shows e momentos da sua rotina, tornando-se essencial para seu crescimento.<\/p>\n\n\n\n<p>Sua m\u00fasica \u00e9 marcada por pagode e samba, estilos que a consagraram no Brasil. Seu trabalho mistura cl\u00e1ssicos do g\u00eanero com interpreta\u00e7\u00f5es pr\u00f3prias e m\u00fasicas in\u00e9ditas, refletindo alegria, brasilidade e sentimentos populares. MaLu \u00e9 uma das grandes representantes da nova gera\u00e7\u00e3o do pagode.<\/p>\n\n\n\n<p>Al\u00e9m dos shows, MaLu investe em projetos maiores. O DVD \u201cPagode da MaLu\u201d, com a participa\u00e7\u00e3o de Rodriguinho e Salgadinho, celebra a vida e a esperan\u00e7a com uma pegada interativa. Ela continua a se apresentar por todo o Brasil, levando sua energia para as mais variadas plateias.<\/p>\n\n\n\n<p>No Instagram, ela compartilha bastidores e momentos de descontra\u00e7\u00e3o, criando uma conex\u00e3o profunda com seus seguidores. O engajamento nas postagens \u00e9 alto, o que mostra o quanto ela \u00e9 admirada.<\/p>\n\n\n\n<p>Com seu talento e presen\u00e7a nas redes sociais, MaLu se consolidou como uma grande promessa do pagode brasileiro, conquistando os palcos e os cora\u00e7\u00f5es de seus f\u00e3s.<\/p>\n\n\n\n<figure class=\"wp-block-embed is-type-rich is-provider-spotify wp-block-embed-spotify wp-embed-aspect-21-9 wp-has-aspect-ratio\"><div class=\"wp-block-embed__wrapper\">\n<iframe title=\"Spotify Embed: MaLu\" style=\"border-radius: 12px\" width=\"100%\" height=\"352\" frameborder=\"0\" allowfullscreen allow=\"autoplay; clipboard-write; encrypted-media; fullscreen; picture-in-picture\" loading=\"lazy\" src=\"https:\/\/open.spotify.com\/embed\/artist\/5UAjN5x2sXD7mf8W0ehJAC?si=7pIHs_uMTUWCG1-3mH3-nQ&amp;utm_source=oembed\"><\/iframe>\n<\/div><\/figure>\n","protected":false},"excerpt":{"rendered":"<p>MaLu, a &#8220;Princesinha do Pagode&#8221;, tem conquistado o Brasil n\u00e3o s\u00f3 nos palcos, mas tamb\u00e9m nas redes sociais. Sua conta no Instagram, @malucantora, com mais de 1 milh\u00e3o de seguidores, \u00e9 um espa\u00e7o de intera\u00e7\u00e3o com f\u00e3s que acompanham suas apresenta\u00e7\u00f5es, bastidores e momentos pessoais. Natural de Porto Alegre, MaLu come\u00e7ou sua trajet\u00f3ria musical na<\/p>\n","protected":false},"author":1,"featured_media":630,"comment_status":"open","ping_status":"open","sticky":false,"template":"","format":"standard","meta":{"footnotes":""},"categories":[40],"tags":[],"class_list":["post-629","post","type-post","status-publish","format-standard","has-post-thumbnail","hentry","category-pagode"],"yoast_head":"<!-- This site is optimized with the Yoast SEO plugin v26.9 - https:\/\/yoast.com\/product\/yoast-seo-wordpress\/ -->\n<title>MaLu: a \u201cPrincesinha do Pagode\u201d que conquista o Brasil pelas redes sociais e pelos palcos -<\/title>\n<meta name=\"robots\" content=\"index, follow, max-snippet:-1, max-image-preview:large, max-video-preview:-1\" \/>\n<link rel=\"canonical\" href=\"https:\/\/bailaodosuloficial.com.br\/index.php\/2026\/01\/09\/malu-a-princesinha-do-pagode-que-conquista-o-brasil-pelas-redes-sociais-e-pelos-palcos\/\" \/>\n<meta property=\"og:locale\" content=\"pt_BR\" \/>\n<meta property=\"og:type\" content=\"article\" \/>\n<meta property=\"og:title\" content=\"MaLu: a \u201cPrincesinha do Pagode\u201d que conquista o Brasil pelas redes sociais e pelos palcos -\" \/>\n<meta property=\"og:description\" content=\"MaLu, a &#8220;Princesinha do Pagode&#8221;, tem conquistado o Brasil n\u00e3o s\u00f3 nos palcos, mas tamb\u00e9m nas redes sociais. Sua conta no Instagram, @malucantora, com mais de 1 milh\u00e3o de seguidores, \u00e9 um espa\u00e7o de intera\u00e7\u00e3o com f\u00e3s que acompanham suas apresenta\u00e7\u00f5es, bastidores e momentos pessoais. Natural de Porto Alegre, MaLu come\u00e7ou sua trajet\u00f3ria musical na\" \/>\n<meta property=\"og:url\" content=\"https:\/\/bailaodosuloficial.com.br\/index.php\/2026\/01\/09\/malu-a-princesinha-do-pagode-que-conquista-o-brasil-pelas-redes-sociais-e-pelos-palcos\/\" \/>\n<meta property=\"article:published_time\" content=\"2026-01-09T19:43:49+00:00\" \/>\n<meta property=\"og:image\" content=\"https:\/\/bailaodosuloficial.com.br\/wp-content\/uploads\/2026\/01\/image-27.png\" \/>\n\t<meta property=\"og:image:width\" content=\"592\" \/>\n\t<meta property=\"og:image:height\" content=\"444\" \/>\n\t<meta property=\"og:image:type\" content=\"image\/png\" \/>\n<meta name=\"author\" content=\"admin\" \/>\n<meta name=\"twitter:card\" content=\"summary_large_image\" \/>\n<meta name=\"twitter:label1\" content=\"Escrito por\" \/>\n\t<meta name=\"twitter:data1\" content=\"admin\" \/>\n\t<meta name=\"twitter:label2\" content=\"Est. tempo de leitura\" \/>\n\t<meta name=\"twitter:data2\" content=\"2 minutos\" \/>\n<script type=\"application\/ld+json\" class=\"yoast-schema-graph\">{\"@context\":\"https:\/\/schema.org\",\"@graph\":[{\"@type\":\"Article\",\"@id\":\"https:\/\/bailaodosuloficial.com.br\/index.php\/2026\/01\/09\/malu-a-princesinha-do-pagode-que-conquista-o-brasil-pelas-redes-sociais-e-pelos-palcos\/#article\",\"isPartOf\":{\"@id\":\"https:\/\/bailaodosuloficial.com.br\/index.php\/2026\/01\/09\/malu-a-princesinha-do-pagode-que-conquista-o-brasil-pelas-redes-sociais-e-pelos-palcos\/\"},\"author\":{\"name\":\"admin\",\"@id\":\"https:\/\/bailaodosuloficial.com.br\/#\/schema\/person\/b3bb1c43b091cd5c62100dd962ddda38\"},\"headline\":\"MaLu: a \u201cPrincesinha do Pagode\u201d que conquista o Brasil pelas redes sociais e pelos palcos\",\"datePublished\":\"2026-01-09T19:43:49+00:00\",\"mainEntityOfPage\":{\"@id\":\"https:\/\/bailaodosuloficial.com.br\/index.php\/2026\/01\/09\/malu-a-princesinha-do-pagode-que-conquista-o-brasil-pelas-redes-sociais-e-pelos-palcos\/\"},\"wordCount\":363,\"commentCount\":0,\"publisher\":{\"@id\":\"https:\/\/bailaodosuloficial.com.br\/#organization\"},\"image\":{\"@id\":\"https:\/\/bailaodosuloficial.com.br\/index.php\/2026\/01\/09\/malu-a-princesinha-do-pagode-que-conquista-o-brasil-pelas-redes-sociais-e-pelos-palcos\/#primaryimage\"},\"thumbnailUrl\":\"https:\/\/bailaodosuloficial.com.br\/wp-content\/uploads\/2026\/01\/image-27.png\",\"articleSection\":[\"Pagode\"],\"inLanguage\":\"pt-BR\",\"potentialAction\":[{\"@type\":\"CommentAction\",\"name\":\"Comment\",\"target\":[\"https:\/\/bailaodosuloficial.com.br\/index.php\/2026\/01\/09\/malu-a-princesinha-do-pagode-que-conquista-o-brasil-pelas-redes-sociais-e-pelos-palcos\/#respond\"]}]},{\"@type\":\"WebPage\",\"@id\":\"https:\/\/bailaodosuloficial.com.br\/index.php\/2026\/01\/09\/malu-a-princesinha-do-pagode-que-conquista-o-brasil-pelas-redes-sociais-e-pelos-palcos\/\",\"url\":\"https:\/\/bailaodosuloficial.com.br\/index.php\/2026\/01\/09\/malu-a-princesinha-do-pagode-que-conquista-o-brasil-pelas-redes-sociais-e-pelos-palcos\/\",\"name\":\"MaLu: a \u201cPrincesinha do Pagode\u201d que conquista o Brasil pelas redes sociais e pelos palcos -\",\"isPartOf\":{\"@id\":\"https:\/\/bailaodosuloficial.com.br\/#website\"},\"primaryImageOfPage\":{\"@id\":\"https:\/\/bailaodosuloficial.com.br\/index.php\/2026\/01\/09\/malu-a-princesinha-do-pagode-que-conquista-o-brasil-pelas-redes-sociais-e-pelos-palcos\/#primaryimage\"},\"image\":{\"@id\":\"https:\/\/bailaodosuloficial.com.br\/index.php\/2026\/01\/09\/malu-a-princesinha-do-pagode-que-conquista-o-brasil-pelas-redes-sociais-e-pelos-palcos\/#primaryimage\"},\"thumbnailUrl\":\"https:\/\/bailaodosuloficial.com.br\/wp-content\/uploads\/2026\/01\/image-27.png\",\"datePublished\":\"2026-01-09T19:43:49+00:00\",\"breadcrumb\":{\"@id\":\"https:\/\/bailaodosuloficial.com.br\/index.php\/2026\/01\/09\/malu-a-princesinha-do-pagode-que-conquista-o-brasil-pelas-redes-sociais-e-pelos-palcos\/#breadcrumb\"},\"inLanguage\":\"pt-BR\",\"potentialAction\":[{\"@type\":\"ReadAction\",\"target\":[\"https:\/\/bailaodosuloficial.com.br\/index.php\/2026\/01\/09\/malu-a-princesinha-do-pagode-que-conquista-o-brasil-pelas-redes-sociais-e-pelos-palcos\/\"]}]},{\"@type\":\"ImageObject\",\"inLanguage\":\"pt-BR\",\"@id\":\"https:\/\/bailaodosuloficial.com.br\/index.php\/2026\/01\/09\/malu-a-princesinha-do-pagode-que-conquista-o-brasil-pelas-redes-sociais-e-pelos-palcos\/#primaryimage\",\"url\":\"https:\/\/bailaodosuloficial.com.br\/wp-content\/uploads\/2026\/01\/image-27.png\",\"contentUrl\":\"https:\/\/bailaodosuloficial.com.br\/wp-content\/uploads\/2026\/01\/image-27.png\",\"width\":592,\"height\":444},{\"@type\":\"BreadcrumbList\",\"@id\":\"https:\/\/bailaodosuloficial.com.br\/index.php\/2026\/01\/09\/malu-a-princesinha-do-pagode-que-conquista-o-brasil-pelas-redes-sociais-e-pelos-palcos\/#breadcrumb\",\"itemListElement\":[{\"@type\":\"ListItem\",\"position\":1,\"name\":\"In\u00edcio\",\"item\":\"https:\/\/bailaodosuloficial.com.br\/\"},{\"@type\":\"ListItem\",\"position\":2,\"name\":\"MaLu: a \u201cPrincesinha do Pagode\u201d que conquista o Brasil pelas redes sociais e pelos palcos\"}]},{\"@type\":\"WebSite\",\"@id\":\"https:\/\/bailaodosuloficial.com.br\/#website\",\"url\":\"https:\/\/bailaodosuloficial.com.br\/\",\"name\":\"Bail\u00e3o do Sul\",\"description\":\"\",\"publisher\":{\"@id\":\"https:\/\/bailaodosuloficial.com.br\/#organization\"},\"alternateName\":\"Bail\u00e3o do Sul Oficial\",\"potentialAction\":[{\"@type\":\"SearchAction\",\"target\":{\"@type\":\"EntryPoint\",\"urlTemplate\":\"https:\/\/bailaodosuloficial.com.br\/?s={search_term_string}\"},\"query-input\":{\"@type\":\"PropertyValueSpecification\",\"valueRequired\":true,\"valueName\":\"search_term_string\"}}],\"inLanguage\":\"pt-BR\"},{\"@type\":\"Organization\",\"@id\":\"https:\/\/bailaodosuloficial.com.br\/#organization\",\"name\":\"Bail\u00e3o do Sul\",\"url\":\"https:\/\/bailaodosuloficial.com.br\/\",\"logo\":{\"@type\":\"ImageObject\",\"inLanguage\":\"pt-BR\",\"@id\":\"https:\/\/bailaodosuloficial.com.br\/#\/schema\/logo\/image\/\",\"url\":\"https:\/\/bailaodosuloficial.com.br\/wp-content\/uploads\/2026\/03\/cropped-fim-de-semana-5-scaled-1.png\",\"contentUrl\":\"https:\/\/bailaodosuloficial.com.br\/wp-content\/uploads\/2026\/03\/cropped-fim-de-semana-5-scaled-1.png\",\"width\":1989,\"height\":1371,\"caption\":\"Bail\u00e3o do Sul\"},\"image\":{\"@id\":\"https:\/\/bailaodosuloficial.com.br\/#\/schema\/logo\/image\/\"},\"sameAs\":[\"http:\/\/instagram.com\/bailaodosul\"]},{\"@type\":\"Person\",\"@id\":\"https:\/\/bailaodosuloficial.com.br\/#\/schema\/person\/b3bb1c43b091cd5c62100dd962ddda38\",\"name\":\"admin\",\"image\":{\"@type\":\"ImageObject\",\"inLanguage\":\"pt-BR\",\"@id\":\"https:\/\/bailaodosuloficial.com.br\/#\/schema\/person\/image\/\",\"url\":\"https:\/\/secure.gravatar.com\/avatar\/8e8beae45c6419737da9ea57a58a1f945a580b701e1def541b4459d4ac234c85?s=96&d=mm&r=g\",\"contentUrl\":\"https:\/\/secure.gravatar.com\/avatar\/8e8beae45c6419737da9ea57a58a1f945a580b701e1def541b4459d4ac234c85?s=96&d=mm&r=g\",\"caption\":\"admin\"},\"sameAs\":[\"https:\/\/bailaodosuloficial.com.br\"],\"url\":\"https:\/\/bailaodosuloficial.com.br\/index.php\/author\/bailao\/\"}]}<\/script>\n<!-- \/ Yoast SEO plugin. -->","yoast_head_json":{"title":"MaLu: a \u201cPrincesinha do Pagode\u201d que conquista o Brasil pelas redes sociais e pelos palcos -","robots":{"index":"index","follow":"follow","max-snippet":"max-snippet:-1","max-image-preview":"max-image-preview:large","max-video-preview":"max-video-preview:-1"},"canonical":"https:\/\/bailaodosuloficial.com.br\/index.php\/2026\/01\/09\/malu-a-princesinha-do-pagode-que-conquista-o-brasil-pelas-redes-sociais-e-pelos-palcos\/","og_locale":"pt_BR","og_type":"article","og_title":"MaLu: a \u201cPrincesinha do Pagode\u201d que conquista o Brasil pelas redes sociais e pelos palcos -","og_description":"MaLu, a &#8220;Princesinha do Pagode&#8221;, tem conquistado o Brasil n\u00e3o s\u00f3 nos palcos, mas tamb\u00e9m nas redes sociais. Sua conta no Instagram, @malucantora, com mais de 1 milh\u00e3o de seguidores, \u00e9 um espa\u00e7o de intera\u00e7\u00e3o com f\u00e3s que acompanham suas apresenta\u00e7\u00f5es, bastidores e momentos pessoais. Natural de Porto Alegre, MaLu come\u00e7ou sua trajet\u00f3ria musical na","og_url":"https:\/\/bailaodosuloficial.com.br\/index.php\/2026\/01\/09\/malu-a-princesinha-do-pagode-que-conquista-o-brasil-pelas-redes-sociais-e-pelos-palcos\/","article_published_time":"2026-01-09T19:43:49+00:00","og_image":[{"width":592,"height":444,"url":"https:\/\/bailaodosuloficial.com.br\/wp-content\/uploads\/2026\/01\/image-27.png","type":"image\/png"}],"author":"admin","twitter_card":"summary_large_image","twitter_misc":{"Escrito por":"admin","Est. tempo de leitura":"2 minutos"},"schema":{"@context":"https:\/\/schema.org","@graph":[{"@type":"Article","@id":"https:\/\/bailaodosuloficial.com.br\/index.php\/2026\/01\/09\/malu-a-princesinha-do-pagode-que-conquista-o-brasil-pelas-redes-sociais-e-pelos-palcos\/#article","isPartOf":{"@id":"https:\/\/bailaodosuloficial.com.br\/index.php\/2026\/01\/09\/malu-a-princesinha-do-pagode-que-conquista-o-brasil-pelas-redes-sociais-e-pelos-palcos\/"},"author":{"name":"admin","@id":"https:\/\/bailaodosuloficial.com.br\/#\/schema\/person\/b3bb1c43b091cd5c62100dd962ddda38"},"headline":"MaLu: a \u201cPrincesinha do Pagode\u201d que conquista o Brasil pelas redes sociais e pelos palcos","datePublished":"2026-01-09T19:43:49+00:00","mainEntityOfPage":{"@id":"https:\/\/bailaodosuloficial.com.br\/index.php\/2026\/01\/09\/malu-a-princesinha-do-pagode-que-conquista-o-brasil-pelas-redes-sociais-e-pelos-palcos\/"},"wordCount":363,"commentCount":0,"publisher":{"@id":"https:\/\/bailaodosuloficial.com.br\/#organization"},"image":{"@id":"https:\/\/bailaodosuloficial.com.br\/index.php\/2026\/01\/09\/malu-a-princesinha-do-pagode-que-conquista-o-brasil-pelas-redes-sociais-e-pelos-palcos\/#primaryimage"},"thumbnailUrl":"https:\/\/bailaodosuloficial.com.br\/wp-content\/uploads\/2026\/01\/image-27.png","articleSection":["Pagode"],"inLanguage":"pt-BR","potentialAction":[{"@type":"CommentAction","name":"Comment","target":["https:\/\/bailaodosuloficial.com.br\/index.php\/2026\/01\/09\/malu-a-princesinha-do-pagode-que-conquista-o-brasil-pelas-redes-sociais-e-pelos-palcos\/#respond"]}]},{"@type":"WebPage","@id":"https:\/\/bailaodosuloficial.com.br\/index.php\/2026\/01\/09\/malu-a-princesinha-do-pagode-que-conquista-o-brasil-pelas-redes-sociais-e-pelos-palcos\/","url":"https:\/\/bailaodosuloficial.com.br\/index.php\/2026\/01\/09\/malu-a-princesinha-do-pagode-que-conquista-o-brasil-pelas-redes-sociais-e-pelos-palcos\/","name":"MaLu: a \u201cPrincesinha do Pagode\u201d que conquista o Brasil pelas redes sociais e pelos palcos -","isPartOf":{"@id":"https:\/\/bailaodosuloficial.com.br\/#website"},"primaryImageOfPage":{"@id":"https:\/\/bailaodosuloficial.com.br\/index.php\/2026\/01\/09\/malu-a-princesinha-do-pagode-que-conquista-o-brasil-pelas-redes-sociais-e-pelos-palcos\/#primaryimage"},"image":{"@id":"https:\/\/bailaodosuloficial.com.br\/index.php\/2026\/01\/09\/malu-a-princesinha-do-pagode-que-conquista-o-brasil-pelas-redes-sociais-e-pelos-palcos\/#primaryimage"},"thumbnailUrl":"https:\/\/bailaodosuloficial.com.br\/wp-content\/uploads\/2026\/01\/image-27.png","datePublished":"2026-01-09T19:43:49+00:00","breadcrumb":{"@id":"https:\/\/bailaodosuloficial.com.br\/index.php\/2026\/01\/09\/malu-a-princesinha-do-pagode-que-conquista-o-brasil-pelas-redes-sociais-e-pelos-palcos\/#breadcrumb"},"inLanguage":"pt-BR","potentialAction":[{"@type":"ReadAction","target":["https:\/\/bailaodosuloficial.com.br\/index.php\/2026\/01\/09\/malu-a-princesinha-do-pagode-que-conquista-o-brasil-pelas-redes-sociais-e-pelos-palcos\/"]}]},{"@type":"ImageObject","inLanguage":"pt-BR","@id":"https:\/\/bailaodosuloficial.com.br\/index.php\/2026\/01\/09\/malu-a-princesinha-do-pagode-que-conquista-o-brasil-pelas-redes-sociais-e-pelos-palcos\/#primaryimage","url":"https:\/\/bailaodosuloficial.com.br\/wp-content\/uploads\/2026\/01\/image-27.png","contentUrl":"https:\/\/bailaodosuloficial.com.br\/wp-content\/uploads\/2026\/01\/image-27.png","width":592,"height":444},{"@type":"BreadcrumbList","@id":"https:\/\/bailaodosuloficial.com.br\/index.php\/2026\/01\/09\/malu-a-princesinha-do-pagode-que-conquista-o-brasil-pelas-redes-sociais-e-pelos-palcos\/#breadcrumb","itemListElement":[{"@type":"ListItem","position":1,"name":"In\u00edcio","item":"https:\/\/bailaodosuloficial.com.br\/"},{"@type":"ListItem","position":2,"name":"MaLu: a \u201cPrincesinha do Pagode\u201d que conquista o Brasil pelas redes sociais e pelos palcos"}]},{"@type":"WebSite","@id":"https:\/\/bailaodosuloficial.com.br\/#website","url":"https:\/\/bailaodosuloficial.com.br\/","name":"Bail\u00e3o do Sul","description":"","publisher":{"@id":"https:\/\/bailaodosuloficial.com.br\/#organization"},"alternateName":"Bail\u00e3o do Sul Oficial","potentialAction":[{"@type":"SearchAction","target":{"@type":"EntryPoint","urlTemplate":"https:\/\/bailaodosuloficial.com.br\/?s={search_term_string}"},"query-input":{"@type":"PropertyValueSpecification","valueRequired":true,"valueName":"search_term_string"}}],"inLanguage":"pt-BR"},{"@type":"Organization","@id":"https:\/\/bailaodosuloficial.com.br\/#organization","name":"Bail\u00e3o do Sul","url":"https:\/\/bailaodosuloficial.com.br\/","logo":{"@type":"ImageObject","inLanguage":"pt-BR","@id":"https:\/\/bailaodosuloficial.com.br\/#\/schema\/logo\/image\/","url":"https:\/\/bailaodosuloficial.com.br\/wp-content\/uploads\/2026\/03\/cropped-fim-de-semana-5-scaled-1.png","contentUrl":"https:\/\/bailaodosuloficial.com.br\/wp-content\/uploads\/2026\/03\/cropped-fim-de-semana-5-scaled-1.png","width":1989,"height":1371,"caption":"Bail\u00e3o do Sul"},"image":{"@id":"https:\/\/bailaodosuloficial.com.br\/#\/schema\/logo\/image\/"},"sameAs":["http:\/\/instagram.com\/bailaodosul"]},{"@type":"Person","@id":"https:\/\/bailaodosuloficial.com.br\/#\/schema\/person\/b3bb1c43b091cd5c62100dd962ddda38","name":"admin","image":{"@type":"ImageObject","inLanguage":"pt-BR","@id":"https:\/\/bailaodosuloficial.com.br\/#\/schema\/person\/image\/","url":"https:\/\/secure.gravatar.com\/avatar\/8e8beae45c6419737da9ea57a58a1f945a580b701e1def541b4459d4ac234c85?s=96&d=mm&r=g","contentUrl":"https:\/\/secure.gravatar.com\/avatar\/8e8beae45c6419737da9ea57a58a1f945a580b701e1def541b4459d4ac234c85?s=96&d=mm&r=g","caption":"admin"},"sameAs":["https:\/\/bailaodosuloficial.com.br"],"url":"https:\/\/bailaodosuloficial.com.br\/index.php\/author\/bailao\/"}]}},"_links":{"self":[{"href":"https:\/\/bailaodosuloficial.com.br\/index.php\/wp-json\/wp\/v2\/posts\/629","targetHints":{"allow":["GET"]}}],"collection":[{"href":"https:\/\/bailaodosuloficial.com.br\/index.php\/wp-json\/wp\/v2\/posts"}],"about":[{"href":"https:\/\/bailaodosuloficial.com.br\/index.php\/wp-json\/wp\/v2\/types\/post"}],"author":[{"embeddable":true,"href":"https:\/\/bailaodosuloficial.com.br\/index.php\/wp-json\/wp\/v2\/users\/1"}],"replies":[{"embeddable":true,"href":"https:\/\/bailaodosuloficial.com.br\/index.php\/wp-json\/wp\/v2\/comments?post=629"}],"version-history":[{"count":1,"href":"https:\/\/bailaodosuloficial.com.br\/index.php\/wp-json\/wp\/v2\/posts\/629\/revisions"}],"predecessor-version":[{"id":631,"href":"https:\/\/bailaodosuloficial.com.br\/index.php\/wp-json\/wp\/v2\/posts\/629\/revisions\/631"}],"wp:featuredmedia":[{"embeddable":true,"href":"https:\/\/bailaodosuloficial.com.br\/index.php\/wp-json\/wp\/v2\/media\/630"}],"wp:attachment":[{"href":"https:\/\/bailaodosuloficial.com.br\/index.php\/wp-json\/wp\/v2\/media?parent=629"}],"wp:term":[{"taxonomy":"category","embeddable":true,"href":"https:\/\/bailaodosuloficial.com.br\/index.php\/wp-json\/wp\/v2\/categories?post=629"},{"taxonomy":"post_tag","embeddable":true,"href":"https:\/\/bailaodosuloficial.com.br\/index.php\/wp-json\/wp\/v2\/tags?post=629"}],"curies":[{"name":"wp","href":"https:\/\/api.w.org\/{rel}","templated":true}]}}