{"id":633,"date":"2026-01-10T11:18:00","date_gmt":"2026-01-10T11:18:00","guid":{"rendered":"https:\/\/bailaodosuloficial.com.br\/?p=633"},"modified":"2026-01-10T11:31:53","modified_gmt":"2026-01-10T11:31:53","slug":"banda-passarela-30-anos-de-sucesso-e-conexao-com-o-publico","status":"publish","type":"post","link":"https:\/\/bailaodosuloficial.com.br\/index.php\/2026\/01\/10\/banda-passarela-30-anos-de-sucesso-e-conexao-com-o-publico\/","title":{"rendered":"Banda Passarela: 30 Anos de Sucesso e Conex\u00e3o com o P\u00fablico"},"content":{"rendered":"\n<p>A Banda Passarela \u00e9 um \u00edcone da m\u00fasica popular brasileira, com mais de 30 anos de hist\u00f3ria e uma carreira repleta de sucessos que marcaram diversas gera\u00e7\u00f5es. Com um perfil consolidado nas redes sociais, especialmente no Instagram, a banda compartilha seu repert\u00f3rio, bastidores das apresenta\u00e7\u00f5es e novas produ\u00e7\u00f5es, mantendo uma conex\u00e3o constante com seus f\u00e3s.<\/p>\n\n\n\n<p>Nos \u00faltimos anos, a banda tem se reinventado, lan\u00e7ando novas faixas, como &#8220;Magia do Buteco&#8221;, mostrando sua capacidade de se adaptar \u00e0s novas demandas do mercado musical, sem perder sua ess\u00eancia. Em comemora\u00e7\u00e3o aos 30 anos de carreira, a Passarela gravou um DVD especial que re\u00fane seus maiores sucessos e momentos marcantes da trajet\u00f3ria do grupo.<\/p>\n\n\n\n<p>Al\u00e9m das m\u00fasicas, os integrantes da banda utilizam o Instagram para mostrar o processo criativo, ensaios e intera\u00e7\u00f5es com seus f\u00e3s, aproximando ainda mais o p\u00fablico da banda e refor\u00e7ando sua rela\u00e7\u00e3o com quem acompanha sua trajet\u00f3ria.<\/p>\n\n\n\n<p>Com um estilo musical que mistura o melhor da m\u00fasica popular brasileira, a Banda Passarela segue encantando p\u00fablicos em todo o Brasil, sendo reconhecida tanto em suas apresenta\u00e7\u00f5es ao vivo quanto nas plataformas digitais. Uma verdadeira celebra\u00e7\u00e3o de m\u00fasica, tradi\u00e7\u00e3o e festa.<\/p>\n\n\n\n<figure class=\"wp-block-embed is-type-rich is-provider-spotify wp-block-embed-spotify wp-embed-aspect-21-9 wp-has-aspect-ratio\"><div class=\"wp-block-embed__wrapper\">\n<iframe title=\"Spotify Embed: This Is Banda Passarela\" style=\"border-radius: 12px\" width=\"100%\" height=\"352\" frameborder=\"0\" allowfullscreen allow=\"autoplay; clipboard-write; encrypted-media; fullscreen; picture-in-picture\" loading=\"lazy\" src=\"https:\/\/open.spotify.com\/embed\/playlist\/37i9dQZF1DZ06evO2lqIp2?si=RvZ0qoXxSHKkONVrAX467A&amp;utm_source=oembed\"><\/iframe>\n<\/div><\/figure>\n","protected":false},"excerpt":{"rendered":"<p>A Banda Passarela \u00e9 um \u00edcone da m\u00fasica popular brasileira, com mais de 30 anos de hist\u00f3ria e uma carreira repleta de sucessos que marcaram diversas gera\u00e7\u00f5es. Com um perfil consolidado nas redes sociais, especialmente no Instagram, a banda compartilha seu repert\u00f3rio, bastidores das apresenta\u00e7\u00f5es e novas produ\u00e7\u00f5es, mantendo uma conex\u00e3o constante com seus f\u00e3s.<\/p>\n","protected":false},"author":1,"featured_media":635,"comment_status":"open","ping_status":"open","sticky":false,"template":"","format":"standard","meta":{"footnotes":""},"categories":[2],"tags":[],"class_list":["post-633","post","type-post","status-publish","format-standard","has-post-thumbnail","hentry","category-bailao"],"yoast_head":"<!-- This site is optimized with the Yoast SEO plugin v26.9 - https:\/\/yoast.com\/product\/yoast-seo-wordpress\/ -->\n<title>Banda Passarela: 30 Anos de Sucesso e Conex\u00e3o com o P\u00fablico -<\/title>\n<meta name=\"robots\" content=\"index, follow, max-snippet:-1, max-image-preview:large, max-video-preview:-1\" \/>\n<link rel=\"canonical\" href=\"https:\/\/bailaodosuloficial.com.br\/index.php\/2026\/01\/10\/banda-passarela-30-anos-de-sucesso-e-conexao-com-o-publico\/\" \/>\n<meta property=\"og:locale\" content=\"pt_BR\" \/>\n<meta property=\"og:type\" content=\"article\" \/>\n<meta property=\"og:title\" content=\"Banda Passarela: 30 Anos de Sucesso e Conex\u00e3o com o P\u00fablico -\" \/>\n<meta property=\"og:description\" content=\"A Banda Passarela \u00e9 um \u00edcone da m\u00fasica popular brasileira, com mais de 30 anos de hist\u00f3ria e uma carreira repleta de sucessos que marcaram diversas gera\u00e7\u00f5es. Com um perfil consolidado nas redes sociais, especialmente no Instagram, a banda compartilha seu repert\u00f3rio, bastidores das apresenta\u00e7\u00f5es e novas produ\u00e7\u00f5es, mantendo uma conex\u00e3o constante com seus f\u00e3s.\" \/>\n<meta property=\"og:url\" content=\"https:\/\/bailaodosuloficial.com.br\/index.php\/2026\/01\/10\/banda-passarela-30-anos-de-sucesso-e-conexao-com-o-publico\/\" \/>\n<meta property=\"article:published_time\" content=\"2026-01-10T11:18:00+00:00\" \/>\n<meta property=\"article:modified_time\" content=\"2026-01-10T11:31:53+00:00\" \/>\n<meta property=\"og:image\" content=\"https:\/\/bailaodosuloficial.com.br\/wp-content\/uploads\/2026\/01\/image-29.png\" \/>\n\t<meta property=\"og:image:width\" content=\"450\" \/>\n\t<meta property=\"og:image:height\" content=\"374\" \/>\n\t<meta property=\"og:image:type\" content=\"image\/png\" \/>\n<meta name=\"author\" content=\"admin\" \/>\n<meta name=\"twitter:card\" content=\"summary_large_image\" \/>\n<meta name=\"twitter:label1\" content=\"Escrito por\" \/>\n\t<meta name=\"twitter:data1\" content=\"admin\" \/>\n\t<meta name=\"twitter:label2\" content=\"Est. tempo de leitura\" \/>\n\t<meta name=\"twitter:data2\" content=\"1 minuto\" \/>\n<script type=\"application\/ld+json\" class=\"yoast-schema-graph\">{\"@context\":\"https:\/\/schema.org\",\"@graph\":[{\"@type\":\"Article\",\"@id\":\"https:\/\/bailaodosuloficial.com.br\/index.php\/2026\/01\/10\/banda-passarela-30-anos-de-sucesso-e-conexao-com-o-publico\/#article\",\"isPartOf\":{\"@id\":\"https:\/\/bailaodosuloficial.com.br\/index.php\/2026\/01\/10\/banda-passarela-30-anos-de-sucesso-e-conexao-com-o-publico\/\"},\"author\":{\"name\":\"admin\",\"@id\":\"https:\/\/bailaodosuloficial.com.br\/#\/schema\/person\/b3bb1c43b091cd5c62100dd962ddda38\"},\"headline\":\"Banda Passarela: 30 Anos de Sucesso e Conex\u00e3o com o P\u00fablico\",\"datePublished\":\"2026-01-10T11:18:00+00:00\",\"dateModified\":\"2026-01-10T11:31:53+00:00\",\"mainEntityOfPage\":{\"@id\":\"https:\/\/bailaodosuloficial.com.br\/index.php\/2026\/01\/10\/banda-passarela-30-anos-de-sucesso-e-conexao-com-o-publico\/\"},\"wordCount\":240,\"commentCount\":0,\"publisher\":{\"@id\":\"https:\/\/bailaodosuloficial.com.br\/#organization\"},\"image\":{\"@id\":\"https:\/\/bailaodosuloficial.com.br\/index.php\/2026\/01\/10\/banda-passarela-30-anos-de-sucesso-e-conexao-com-o-publico\/#primaryimage\"},\"thumbnailUrl\":\"https:\/\/bailaodosuloficial.com.br\/wp-content\/uploads\/2026\/01\/image-29.png\",\"articleSection\":[\"Bail\u00e3o\"],\"inLanguage\":\"pt-BR\",\"potentialAction\":[{\"@type\":\"CommentAction\",\"name\":\"Comment\",\"target\":[\"https:\/\/bailaodosuloficial.com.br\/index.php\/2026\/01\/10\/banda-passarela-30-anos-de-sucesso-e-conexao-com-o-publico\/#respond\"]}]},{\"@type\":\"WebPage\",\"@id\":\"https:\/\/bailaodosuloficial.com.br\/index.php\/2026\/01\/10\/banda-passarela-30-anos-de-sucesso-e-conexao-com-o-publico\/\",\"url\":\"https:\/\/bailaodosuloficial.com.br\/index.php\/2026\/01\/10\/banda-passarela-30-anos-de-sucesso-e-conexao-com-o-publico\/\",\"name\":\"Banda Passarela: 30 Anos de Sucesso e Conex\u00e3o com o P\u00fablico -\",\"isPartOf\":{\"@id\":\"https:\/\/bailaodosuloficial.com.br\/#website\"},\"primaryImageOfPage\":{\"@id\":\"https:\/\/bailaodosuloficial.com.br\/index.php\/2026\/01\/10\/banda-passarela-30-anos-de-sucesso-e-conexao-com-o-publico\/#primaryimage\"},\"image\":{\"@id\":\"https:\/\/bailaodosuloficial.com.br\/index.php\/2026\/01\/10\/banda-passarela-30-anos-de-sucesso-e-conexao-com-o-publico\/#primaryimage\"},\"thumbnailUrl\":\"https:\/\/bailaodosuloficial.com.br\/wp-content\/uploads\/2026\/01\/image-29.png\",\"datePublished\":\"2026-01-10T11:18:00+00:00\",\"dateModified\":\"2026-01-10T11:31:53+00:00\",\"breadcrumb\":{\"@id\":\"https:\/\/bailaodosuloficial.com.br\/index.php\/2026\/01\/10\/banda-passarela-30-anos-de-sucesso-e-conexao-com-o-publico\/#breadcrumb\"},\"inLanguage\":\"pt-BR\",\"potentialAction\":[{\"@type\":\"ReadAction\",\"target\":[\"https:\/\/bailaodosuloficial.com.br\/index.php\/2026\/01\/10\/banda-passarela-30-anos-de-sucesso-e-conexao-com-o-publico\/\"]}]},{\"@type\":\"ImageObject\",\"inLanguage\":\"pt-BR\",\"@id\":\"https:\/\/bailaodosuloficial.com.br\/index.php\/2026\/01\/10\/banda-passarela-30-anos-de-sucesso-e-conexao-com-o-publico\/#primaryimage\",\"url\":\"https:\/\/bailaodosuloficial.com.br\/wp-content\/uploads\/2026\/01\/image-29.png\",\"contentUrl\":\"https:\/\/bailaodosuloficial.com.br\/wp-content\/uploads\/2026\/01\/image-29.png\",\"width\":450,\"height\":374},{\"@type\":\"BreadcrumbList\",\"@id\":\"https:\/\/bailaodosuloficial.com.br\/index.php\/2026\/01\/10\/banda-passarela-30-anos-de-sucesso-e-conexao-com-o-publico\/#breadcrumb\",\"itemListElement\":[{\"@type\":\"ListItem\",\"position\":1,\"name\":\"In\u00edcio\",\"item\":\"https:\/\/bailaodosuloficial.com.br\/\"},{\"@type\":\"ListItem\",\"position\":2,\"name\":\"Banda Passarela: 30 Anos de Sucesso e Conex\u00e3o com o P\u00fablico\"}]},{\"@type\":\"WebSite\",\"@id\":\"https:\/\/bailaodosuloficial.com.br\/#website\",\"url\":\"https:\/\/bailaodosuloficial.com.br\/\",\"name\":\"Bail\u00e3o do Sul\",\"description\":\"\",\"publisher\":{\"@id\":\"https:\/\/bailaodosuloficial.com.br\/#organization\"},\"alternateName\":\"Bail\u00e3o do Sul Oficial\",\"potentialAction\":[{\"@type\":\"SearchAction\",\"target\":{\"@type\":\"EntryPoint\",\"urlTemplate\":\"https:\/\/bailaodosuloficial.com.br\/?s={search_term_string}\"},\"query-input\":{\"@type\":\"PropertyValueSpecification\",\"valueRequired\":true,\"valueName\":\"search_term_string\"}}],\"inLanguage\":\"pt-BR\"},{\"@type\":\"Organization\",\"@id\":\"https:\/\/bailaodosuloficial.com.br\/#organization\",\"name\":\"Bail\u00e3o do Sul\",\"url\":\"https:\/\/bailaodosuloficial.com.br\/\",\"logo\":{\"@type\":\"ImageObject\",\"inLanguage\":\"pt-BR\",\"@id\":\"https:\/\/bailaodosuloficial.com.br\/#\/schema\/logo\/image\/\",\"url\":\"https:\/\/bailaodosuloficial.com.br\/wp-content\/uploads\/2026\/03\/cropped-fim-de-semana-5-scaled-1.png\",\"contentUrl\":\"https:\/\/bailaodosuloficial.com.br\/wp-content\/uploads\/2026\/03\/cropped-fim-de-semana-5-scaled-1.png\",\"width\":1989,\"height\":1371,\"caption\":\"Bail\u00e3o do Sul\"},\"image\":{\"@id\":\"https:\/\/bailaodosuloficial.com.br\/#\/schema\/logo\/image\/\"},\"sameAs\":[\"http:\/\/instagram.com\/bailaodosul\"]},{\"@type\":\"Person\",\"@id\":\"https:\/\/bailaodosuloficial.com.br\/#\/schema\/person\/b3bb1c43b091cd5c62100dd962ddda38\",\"name\":\"admin\",\"image\":{\"@type\":\"ImageObject\",\"inLanguage\":\"pt-BR\",\"@id\":\"https:\/\/bailaodosuloficial.com.br\/#\/schema\/person\/image\/\",\"url\":\"https:\/\/secure.gravatar.com\/avatar\/8e8beae45c6419737da9ea57a58a1f945a580b701e1def541b4459d4ac234c85?s=96&d=mm&r=g\",\"contentUrl\":\"https:\/\/secure.gravatar.com\/avatar\/8e8beae45c6419737da9ea57a58a1f945a580b701e1def541b4459d4ac234c85?s=96&d=mm&r=g\",\"caption\":\"admin\"},\"sameAs\":[\"https:\/\/bailaodosuloficial.com.br\"],\"url\":\"https:\/\/bailaodosuloficial.com.br\/index.php\/author\/bailao\/\"}]}<\/script>\n<!-- \/ Yoast SEO plugin. -->","yoast_head_json":{"title":"Banda Passarela: 30 Anos de Sucesso e Conex\u00e3o com o P\u00fablico -","robots":{"index":"index","follow":"follow","max-snippet":"max-snippet:-1","max-image-preview":"max-image-preview:large","max-video-preview":"max-video-preview:-1"},"canonical":"https:\/\/bailaodosuloficial.com.br\/index.php\/2026\/01\/10\/banda-passarela-30-anos-de-sucesso-e-conexao-com-o-publico\/","og_locale":"pt_BR","og_type":"article","og_title":"Banda Passarela: 30 Anos de Sucesso e Conex\u00e3o com o P\u00fablico -","og_description":"A Banda Passarela \u00e9 um \u00edcone da m\u00fasica popular brasileira, com mais de 30 anos de hist\u00f3ria e uma carreira repleta de sucessos que marcaram diversas gera\u00e7\u00f5es. Com um perfil consolidado nas redes sociais, especialmente no Instagram, a banda compartilha seu repert\u00f3rio, bastidores das apresenta\u00e7\u00f5es e novas produ\u00e7\u00f5es, mantendo uma conex\u00e3o constante com seus f\u00e3s.","og_url":"https:\/\/bailaodosuloficial.com.br\/index.php\/2026\/01\/10\/banda-passarela-30-anos-de-sucesso-e-conexao-com-o-publico\/","article_published_time":"2026-01-10T11:18:00+00:00","article_modified_time":"2026-01-10T11:31:53+00:00","og_image":[{"width":450,"height":374,"url":"https:\/\/bailaodosuloficial.com.br\/wp-content\/uploads\/2026\/01\/image-29.png","type":"image\/png"}],"author":"admin","twitter_card":"summary_large_image","twitter_misc":{"Escrito por":"admin","Est. tempo de leitura":"1 minuto"},"schema":{"@context":"https:\/\/schema.org","@graph":[{"@type":"Article","@id":"https:\/\/bailaodosuloficial.com.br\/index.php\/2026\/01\/10\/banda-passarela-30-anos-de-sucesso-e-conexao-com-o-publico\/#article","isPartOf":{"@id":"https:\/\/bailaodosuloficial.com.br\/index.php\/2026\/01\/10\/banda-passarela-30-anos-de-sucesso-e-conexao-com-o-publico\/"},"author":{"name":"admin","@id":"https:\/\/bailaodosuloficial.com.br\/#\/schema\/person\/b3bb1c43b091cd5c62100dd962ddda38"},"headline":"Banda Passarela: 30 Anos de Sucesso e Conex\u00e3o com o P\u00fablico","datePublished":"2026-01-10T11:18:00+00:00","dateModified":"2026-01-10T11:31:53+00:00","mainEntityOfPage":{"@id":"https:\/\/bailaodosuloficial.com.br\/index.php\/2026\/01\/10\/banda-passarela-30-anos-de-sucesso-e-conexao-com-o-publico\/"},"wordCount":240,"commentCount":0,"publisher":{"@id":"https:\/\/bailaodosuloficial.com.br\/#organization"},"image":{"@id":"https:\/\/bailaodosuloficial.com.br\/index.php\/2026\/01\/10\/banda-passarela-30-anos-de-sucesso-e-conexao-com-o-publico\/#primaryimage"},"thumbnailUrl":"https:\/\/bailaodosuloficial.com.br\/wp-content\/uploads\/2026\/01\/image-29.png","articleSection":["Bail\u00e3o"],"inLanguage":"pt-BR","potentialAction":[{"@type":"CommentAction","name":"Comment","target":["https:\/\/bailaodosuloficial.com.br\/index.php\/2026\/01\/10\/banda-passarela-30-anos-de-sucesso-e-conexao-com-o-publico\/#respond"]}]},{"@type":"WebPage","@id":"https:\/\/bailaodosuloficial.com.br\/index.php\/2026\/01\/10\/banda-passarela-30-anos-de-sucesso-e-conexao-com-o-publico\/","url":"https:\/\/bailaodosuloficial.com.br\/index.php\/2026\/01\/10\/banda-passarela-30-anos-de-sucesso-e-conexao-com-o-publico\/","name":"Banda Passarela: 30 Anos de Sucesso e Conex\u00e3o com o P\u00fablico -","isPartOf":{"@id":"https:\/\/bailaodosuloficial.com.br\/#website"},"primaryImageOfPage":{"@id":"https:\/\/bailaodosuloficial.com.br\/index.php\/2026\/01\/10\/banda-passarela-30-anos-de-sucesso-e-conexao-com-o-publico\/#primaryimage"},"image":{"@id":"https:\/\/bailaodosuloficial.com.br\/index.php\/2026\/01\/10\/banda-passarela-30-anos-de-sucesso-e-conexao-com-o-publico\/#primaryimage"},"thumbnailUrl":"https:\/\/bailaodosuloficial.com.br\/wp-content\/uploads\/2026\/01\/image-29.png","datePublished":"2026-01-10T11:18:00+00:00","dateModified":"2026-01-10T11:31:53+00:00","breadcrumb":{"@id":"https:\/\/bailaodosuloficial.com.br\/index.php\/2026\/01\/10\/banda-passarela-30-anos-de-sucesso-e-conexao-com-o-publico\/#breadcrumb"},"inLanguage":"pt-BR","potentialAction":[{"@type":"ReadAction","target":["https:\/\/bailaodosuloficial.com.br\/index.php\/2026\/01\/10\/banda-passarela-30-anos-de-sucesso-e-conexao-com-o-publico\/"]}]},{"@type":"ImageObject","inLanguage":"pt-BR","@id":"https:\/\/bailaodosuloficial.com.br\/index.php\/2026\/01\/10\/banda-passarela-30-anos-de-sucesso-e-conexao-com-o-publico\/#primaryimage","url":"https:\/\/bailaodosuloficial.com.br\/wp-content\/uploads\/2026\/01\/image-29.png","contentUrl":"https:\/\/bailaodosuloficial.com.br\/wp-content\/uploads\/2026\/01\/image-29.png","width":450,"height":374},{"@type":"BreadcrumbList","@id":"https:\/\/bailaodosuloficial.com.br\/index.php\/2026\/01\/10\/banda-passarela-30-anos-de-sucesso-e-conexao-com-o-publico\/#breadcrumb","itemListElement":[{"@type":"ListItem","position":1,"name":"In\u00edcio","item":"https:\/\/bailaodosuloficial.com.br\/"},{"@type":"ListItem","position":2,"name":"Banda Passarela: 30 Anos de Sucesso e Conex\u00e3o com o P\u00fablico"}]},{"@type":"WebSite","@id":"https:\/\/bailaodosuloficial.com.br\/#website","url":"https:\/\/bailaodosuloficial.com.br\/","name":"Bail\u00e3o do Sul","description":"","publisher":{"@id":"https:\/\/bailaodosuloficial.com.br\/#organization"},"alternateName":"Bail\u00e3o do Sul Oficial","potentialAction":[{"@type":"SearchAction","target":{"@type":"EntryPoint","urlTemplate":"https:\/\/bailaodosuloficial.com.br\/?s={search_term_string}"},"query-input":{"@type":"PropertyValueSpecification","valueRequired":true,"valueName":"search_term_string"}}],"inLanguage":"pt-BR"},{"@type":"Organization","@id":"https:\/\/bailaodosuloficial.com.br\/#organization","name":"Bail\u00e3o do Sul","url":"https:\/\/bailaodosuloficial.com.br\/","logo":{"@type":"ImageObject","inLanguage":"pt-BR","@id":"https:\/\/bailaodosuloficial.com.br\/#\/schema\/logo\/image\/","url":"https:\/\/bailaodosuloficial.com.br\/wp-content\/uploads\/2026\/03\/cropped-fim-de-semana-5-scaled-1.png","contentUrl":"https:\/\/bailaodosuloficial.com.br\/wp-content\/uploads\/2026\/03\/cropped-fim-de-semana-5-scaled-1.png","width":1989,"height":1371,"caption":"Bail\u00e3o do Sul"},"image":{"@id":"https:\/\/bailaodosuloficial.com.br\/#\/schema\/logo\/image\/"},"sameAs":["http:\/\/instagram.com\/bailaodosul"]},{"@type":"Person","@id":"https:\/\/bailaodosuloficial.com.br\/#\/schema\/person\/b3bb1c43b091cd5c62100dd962ddda38","name":"admin","image":{"@type":"ImageObject","inLanguage":"pt-BR","@id":"https:\/\/bailaodosuloficial.com.br\/#\/schema\/person\/image\/","url":"https:\/\/secure.gravatar.com\/avatar\/8e8beae45c6419737da9ea57a58a1f945a580b701e1def541b4459d4ac234c85?s=96&d=mm&r=g","contentUrl":"https:\/\/secure.gravatar.com\/avatar\/8e8beae45c6419737da9ea57a58a1f945a580b701e1def541b4459d4ac234c85?s=96&d=mm&r=g","caption":"admin"},"sameAs":["https:\/\/bailaodosuloficial.com.br"],"url":"https:\/\/bailaodosuloficial.com.br\/index.php\/author\/bailao\/"}]}},"_links":{"self":[{"href":"https:\/\/bailaodosuloficial.com.br\/index.php\/wp-json\/wp\/v2\/posts\/633","targetHints":{"allow":["GET"]}}],"collection":[{"href":"https:\/\/bailaodosuloficial.com.br\/index.php\/wp-json\/wp\/v2\/posts"}],"about":[{"href":"https:\/\/bailaodosuloficial.com.br\/index.php\/wp-json\/wp\/v2\/types\/post"}],"author":[{"embeddable":true,"href":"https:\/\/bailaodosuloficial.com.br\/index.php\/wp-json\/wp\/v2\/users\/1"}],"replies":[{"embeddable":true,"href":"https:\/\/bailaodosuloficial.com.br\/index.php\/wp-json\/wp\/v2\/comments?post=633"}],"version-history":[{"count":1,"href":"https:\/\/bailaodosuloficial.com.br\/index.php\/wp-json\/wp\/v2\/posts\/633\/revisions"}],"predecessor-version":[{"id":636,"href":"https:\/\/bailaodosuloficial.com.br\/index.php\/wp-json\/wp\/v2\/posts\/633\/revisions\/636"}],"wp:featuredmedia":[{"embeddable":true,"href":"https:\/\/bailaodosuloficial.com.br\/index.php\/wp-json\/wp\/v2\/media\/635"}],"wp:attachment":[{"href":"https:\/\/bailaodosuloficial.com.br\/index.php\/wp-json\/wp\/v2\/media?parent=633"}],"wp:term":[{"taxonomy":"category","embeddable":true,"href":"https:\/\/bailaodosuloficial.com.br\/index.php\/wp-json\/wp\/v2\/categories?post=633"},{"taxonomy":"post_tag","embeddable":true,"href":"https:\/\/bailaodosuloficial.com.br\/index.php\/wp-json\/wp\/v2\/tags?post=633"}],"curies":[{"name":"wp","href":"https:\/\/api.w.org\/{rel}","templated":true}]}}