{"id":637,"date":"2026-01-10T11:21:00","date_gmt":"2026-01-10T11:21:00","guid":{"rendered":"https:\/\/bailaodosuloficial.com.br\/?p=637"},"modified":"2026-01-10T11:21:00","modified_gmt":"2026-01-10T11:21:00","slug":"banda-aesa-lanca-2-horas-atras-e-conquista-o-publico-com-sua-nova-musica","status":"publish","type":"post","link":"https:\/\/bailaodosuloficial.com.br\/index.php\/2026\/01\/10\/banda-aesa-lanca-2-horas-atras-e-conquista-o-publico-com-sua-nova-musica\/","title":{"rendered":"Banda AESA Lan\u00e7a \u201c2 Horas Atr\u00e1s\u201d e Conquista o P\u00fablico com Sua Nova M\u00fasica"},"content":{"rendered":"\n<p>A Banda AESA, conhecida por seu estilo \u00fanico e pela energia contagiante em cada performance, acaba de lan\u00e7ar sua nova m\u00fasica, <strong>&#8220;2 Horas Atr\u00e1s&#8221;<\/strong>. A can\u00e7\u00e3o chegou com tudo nas plataformas digitais e rapidamente conquistou o cora\u00e7\u00e3o dos f\u00e3s, sendo muito comentada nas redes sociais. Com um ritmo envolvente e uma letra que transmite uma mistura de nostalgia e emo\u00e7\u00e3o, a m\u00fasica tem tudo para se tornar um grande sucesso.<\/p>\n\n\n\n<p>&#8220;2 Horas Atr\u00e1s&#8221; fala sobre o reencontro com o passado, sobre o que ficou para tr\u00e1s e as reflex\u00f5es que surgem ap\u00f3s o tempo. A m\u00fasica \u00e9 uma verdadeira viagem emocional, que consegue tocar quem j\u00e1 viveu momentos marcantes, misturando sentimentos de saudade, recome\u00e7os e a busca por respostas. O talento da banda em traduzir esses sentimentos em m\u00fasica \u00e9 uma das grandes caracter\u00edsticas que tornam a AESA t\u00e3o especial.<\/p>\n\n\n\n<p>O lan\u00e7amento de &#8220;2 Horas Atr\u00e1s&#8221; mostra a evolu\u00e7\u00e3o da banda, que continua a se reinventar e a manter sua autenticidade, tanto no estilo musical quanto no conte\u00fado que compartilha com seus seguidores. Com letras que falam diretamente ao p\u00fablico e uma sonoridade que mistura elementos contempor\u00e2neos com a ess\u00eancia da m\u00fasica brasileira, a AESA prova mais uma vez que est\u00e1 sempre atenta \u00e0s necessidades de quem a acompanha.<\/p>\n\n\n\n<p>Nas redes sociais, a banda tem se destacado n\u00e3o apenas pelo lan\u00e7amento da nova m\u00fasica, mas tamb\u00e9m pela forma como compartilha seu processo criativo e se aproxima dos f\u00e3s. V\u00eddeos de bastidores, trechos de grava\u00e7\u00f5es e intera\u00e7\u00f5es diretas com o p\u00fablico t\u00eam refor\u00e7ado a conex\u00e3o com seus seguidores, criando uma verdadeira comunidade em torno da m\u00fasica da AESA.<\/p>\n\n\n\n<p>Com &#8220;2 Horas Atr\u00e1s&#8221;, a Banda AESA solidifica sua presen\u00e7a no cen\u00e1rio musical e mostra que est\u00e1 pronta para continuar emocionando e conquistando mais f\u00e3s, com m\u00fasicas que falam de viv\u00eancias reais e sentimentos universais. A m\u00fasica promete ser mais uma marca registrada da banda, que segue seu caminho de sucesso, sempre fiel \u00e0 sua ess\u00eancia e ao seu p\u00fablico.<\/p>\n\n\n\n<p>Essa nova faixa \u00e9 apenas o come\u00e7o de um novo ciclo para a AESA, que certamente trar\u00e1 mais surpresas e m\u00fasicas incr\u00edveis nos pr\u00f3ximos meses. Para os f\u00e3s, \u00e9 uma chance de celebrar e vivenciar os sentimentos e as hist\u00f3rias que fazem parte de todos n\u00f3s, com o som \u00fanico da Banda AESA<\/p>\n\n\n\n<figure class=\"wp-block-embed is-type-video is-provider-youtube wp-block-embed-youtube wp-embed-aspect-16-9 wp-has-aspect-ratio\"><div class=\"wp-block-embed__wrapper\">\n<iframe loading=\"lazy\" title=\"Banda Aesa  - 2 Horas Atr\u00e1s (Clipe Oficial)\" width=\"960\" height=\"540\" src=\"https:\/\/www.youtube.com\/embed\/1CVuhtwIlgU?feature=oembed\" frameborder=\"0\" allow=\"accelerometer; autoplay; clipboard-write; encrypted-media; gyroscope; picture-in-picture; web-share\" referrerpolicy=\"strict-origin-when-cross-origin\" allowfullscreen><\/iframe>\n<\/div><\/figure>\n","protected":false},"excerpt":{"rendered":"<p>A Banda AESA, conhecida por seu estilo \u00fanico e pela energia contagiante em cada performance, acaba de lan\u00e7ar sua nova m\u00fasica, &#8220;2 Horas Atr\u00e1s&#8221;. A can\u00e7\u00e3o chegou com tudo nas plataformas digitais e rapidamente conquistou o cora\u00e7\u00e3o dos f\u00e3s, sendo muito comentada nas redes sociais. Com um ritmo envolvente e uma letra que transmite uma<\/p>\n","protected":false},"author":1,"featured_media":638,"comment_status":"open","ping_status":"open","sticky":false,"template":"","format":"standard","meta":{"footnotes":""},"categories":[2],"tags":[],"class_list":["post-637","post","type-post","status-publish","format-standard","has-post-thumbnail","hentry","category-bailao"],"yoast_head":"<!-- This site is optimized with the Yoast SEO plugin v26.9 - https:\/\/yoast.com\/product\/yoast-seo-wordpress\/ -->\n<title>Banda AESA Lan\u00e7a \u201c2 Horas Atr\u00e1s\u201d e Conquista o P\u00fablico com Sua Nova M\u00fasica -<\/title>\n<meta name=\"robots\" content=\"index, follow, max-snippet:-1, max-image-preview:large, max-video-preview:-1\" \/>\n<link rel=\"canonical\" href=\"https:\/\/bailaodosuloficial.com.br\/index.php\/2026\/01\/10\/banda-aesa-lanca-2-horas-atras-e-conquista-o-publico-com-sua-nova-musica\/\" \/>\n<meta property=\"og:locale\" content=\"pt_BR\" \/>\n<meta property=\"og:type\" content=\"article\" \/>\n<meta property=\"og:title\" content=\"Banda AESA Lan\u00e7a \u201c2 Horas Atr\u00e1s\u201d e Conquista o P\u00fablico com Sua Nova M\u00fasica -\" \/>\n<meta property=\"og:description\" content=\"A Banda AESA, conhecida por seu estilo \u00fanico e pela energia contagiante em cada performance, acaba de lan\u00e7ar sua nova m\u00fasica, &#8220;2 Horas Atr\u00e1s&#8221;. A can\u00e7\u00e3o chegou com tudo nas plataformas digitais e rapidamente conquistou o cora\u00e7\u00e3o dos f\u00e3s, sendo muito comentada nas redes sociais. Com um ritmo envolvente e uma letra que transmite uma\" \/>\n<meta property=\"og:url\" content=\"https:\/\/bailaodosuloficial.com.br\/index.php\/2026\/01\/10\/banda-aesa-lanca-2-horas-atras-e-conquista-o-publico-com-sua-nova-musica\/\" \/>\n<meta property=\"article:published_time\" content=\"2026-01-10T11:21:00+00:00\" \/>\n<meta property=\"og:image\" content=\"https:\/\/bailaodosuloficial.com.br\/wp-content\/uploads\/2026\/01\/image-30.png\" \/>\n\t<meta property=\"og:image:width\" content=\"427\" \/>\n\t<meta property=\"og:image:height\" content=\"282\" \/>\n\t<meta property=\"og:image:type\" content=\"image\/png\" \/>\n<meta name=\"author\" content=\"admin\" \/>\n<meta name=\"twitter:card\" content=\"summary_large_image\" \/>\n<meta name=\"twitter:label1\" content=\"Escrito por\" \/>\n\t<meta name=\"twitter:data1\" content=\"admin\" \/>\n\t<meta name=\"twitter:label2\" content=\"Est. tempo de leitura\" \/>\n\t<meta name=\"twitter:data2\" content=\"2 minutos\" \/>\n<script type=\"application\/ld+json\" class=\"yoast-schema-graph\">{\"@context\":\"https:\/\/schema.org\",\"@graph\":[{\"@type\":\"Article\",\"@id\":\"https:\/\/bailaodosuloficial.com.br\/index.php\/2026\/01\/10\/banda-aesa-lanca-2-horas-atras-e-conquista-o-publico-com-sua-nova-musica\/#article\",\"isPartOf\":{\"@id\":\"https:\/\/bailaodosuloficial.com.br\/index.php\/2026\/01\/10\/banda-aesa-lanca-2-horas-atras-e-conquista-o-publico-com-sua-nova-musica\/\"},\"author\":{\"name\":\"admin\",\"@id\":\"https:\/\/bailaodosuloficial.com.br\/#\/schema\/person\/b3bb1c43b091cd5c62100dd962ddda38\"},\"headline\":\"Banda AESA Lan\u00e7a \u201c2 Horas Atr\u00e1s\u201d e Conquista o P\u00fablico com Sua Nova M\u00fasica\",\"datePublished\":\"2026-01-10T11:21:00+00:00\",\"mainEntityOfPage\":{\"@id\":\"https:\/\/bailaodosuloficial.com.br\/index.php\/2026\/01\/10\/banda-aesa-lanca-2-horas-atras-e-conquista-o-publico-com-sua-nova-musica\/\"},\"wordCount\":452,\"commentCount\":0,\"publisher\":{\"@id\":\"https:\/\/bailaodosuloficial.com.br\/#organization\"},\"image\":{\"@id\":\"https:\/\/bailaodosuloficial.com.br\/index.php\/2026\/01\/10\/banda-aesa-lanca-2-horas-atras-e-conquista-o-publico-com-sua-nova-musica\/#primaryimage\"},\"thumbnailUrl\":\"https:\/\/bailaodosuloficial.com.br\/wp-content\/uploads\/2026\/01\/image-30.png\",\"articleSection\":[\"Bail\u00e3o\"],\"inLanguage\":\"pt-BR\",\"potentialAction\":[{\"@type\":\"CommentAction\",\"name\":\"Comment\",\"target\":[\"https:\/\/bailaodosuloficial.com.br\/index.php\/2026\/01\/10\/banda-aesa-lanca-2-horas-atras-e-conquista-o-publico-com-sua-nova-musica\/#respond\"]}]},{\"@type\":\"WebPage\",\"@id\":\"https:\/\/bailaodosuloficial.com.br\/index.php\/2026\/01\/10\/banda-aesa-lanca-2-horas-atras-e-conquista-o-publico-com-sua-nova-musica\/\",\"url\":\"https:\/\/bailaodosuloficial.com.br\/index.php\/2026\/01\/10\/banda-aesa-lanca-2-horas-atras-e-conquista-o-publico-com-sua-nova-musica\/\",\"name\":\"Banda AESA Lan\u00e7a \u201c2 Horas Atr\u00e1s\u201d e Conquista o P\u00fablico com Sua Nova M\u00fasica -\",\"isPartOf\":{\"@id\":\"https:\/\/bailaodosuloficial.com.br\/#website\"},\"primaryImageOfPage\":{\"@id\":\"https:\/\/bailaodosuloficial.com.br\/index.php\/2026\/01\/10\/banda-aesa-lanca-2-horas-atras-e-conquista-o-publico-com-sua-nova-musica\/#primaryimage\"},\"image\":{\"@id\":\"https:\/\/bailaodosuloficial.com.br\/index.php\/2026\/01\/10\/banda-aesa-lanca-2-horas-atras-e-conquista-o-publico-com-sua-nova-musica\/#primaryimage\"},\"thumbnailUrl\":\"https:\/\/bailaodosuloficial.com.br\/wp-content\/uploads\/2026\/01\/image-30.png\",\"datePublished\":\"2026-01-10T11:21:00+00:00\",\"breadcrumb\":{\"@id\":\"https:\/\/bailaodosuloficial.com.br\/index.php\/2026\/01\/10\/banda-aesa-lanca-2-horas-atras-e-conquista-o-publico-com-sua-nova-musica\/#breadcrumb\"},\"inLanguage\":\"pt-BR\",\"potentialAction\":[{\"@type\":\"ReadAction\",\"target\":[\"https:\/\/bailaodosuloficial.com.br\/index.php\/2026\/01\/10\/banda-aesa-lanca-2-horas-atras-e-conquista-o-publico-com-sua-nova-musica\/\"]}]},{\"@type\":\"ImageObject\",\"inLanguage\":\"pt-BR\",\"@id\":\"https:\/\/bailaodosuloficial.com.br\/index.php\/2026\/01\/10\/banda-aesa-lanca-2-horas-atras-e-conquista-o-publico-com-sua-nova-musica\/#primaryimage\",\"url\":\"https:\/\/bailaodosuloficial.com.br\/wp-content\/uploads\/2026\/01\/image-30.png\",\"contentUrl\":\"https:\/\/bailaodosuloficial.com.br\/wp-content\/uploads\/2026\/01\/image-30.png\",\"width\":427,\"height\":282},{\"@type\":\"BreadcrumbList\",\"@id\":\"https:\/\/bailaodosuloficial.com.br\/index.php\/2026\/01\/10\/banda-aesa-lanca-2-horas-atras-e-conquista-o-publico-com-sua-nova-musica\/#breadcrumb\",\"itemListElement\":[{\"@type\":\"ListItem\",\"position\":1,\"name\":\"In\u00edcio\",\"item\":\"https:\/\/bailaodosuloficial.com.br\/\"},{\"@type\":\"ListItem\",\"position\":2,\"name\":\"Banda AESA Lan\u00e7a \u201c2 Horas Atr\u00e1s\u201d e Conquista o P\u00fablico com Sua Nova M\u00fasica\"}]},{\"@type\":\"WebSite\",\"@id\":\"https:\/\/bailaodosuloficial.com.br\/#website\",\"url\":\"https:\/\/bailaodosuloficial.com.br\/\",\"name\":\"Bail\u00e3o do Sul\",\"description\":\"\",\"publisher\":{\"@id\":\"https:\/\/bailaodosuloficial.com.br\/#organization\"},\"alternateName\":\"Bail\u00e3o do Sul Oficial\",\"potentialAction\":[{\"@type\":\"SearchAction\",\"target\":{\"@type\":\"EntryPoint\",\"urlTemplate\":\"https:\/\/bailaodosuloficial.com.br\/?s={search_term_string}\"},\"query-input\":{\"@type\":\"PropertyValueSpecification\",\"valueRequired\":true,\"valueName\":\"search_term_string\"}}],\"inLanguage\":\"pt-BR\"},{\"@type\":\"Organization\",\"@id\":\"https:\/\/bailaodosuloficial.com.br\/#organization\",\"name\":\"Bail\u00e3o do Sul\",\"url\":\"https:\/\/bailaodosuloficial.com.br\/\",\"logo\":{\"@type\":\"ImageObject\",\"inLanguage\":\"pt-BR\",\"@id\":\"https:\/\/bailaodosuloficial.com.br\/#\/schema\/logo\/image\/\",\"url\":\"https:\/\/bailaodosuloficial.com.br\/wp-content\/uploads\/2026\/03\/cropped-fim-de-semana-5-scaled-1.png\",\"contentUrl\":\"https:\/\/bailaodosuloficial.com.br\/wp-content\/uploads\/2026\/03\/cropped-fim-de-semana-5-scaled-1.png\",\"width\":1989,\"height\":1371,\"caption\":\"Bail\u00e3o do Sul\"},\"image\":{\"@id\":\"https:\/\/bailaodosuloficial.com.br\/#\/schema\/logo\/image\/\"},\"sameAs\":[\"http:\/\/instagram.com\/bailaodosul\"]},{\"@type\":\"Person\",\"@id\":\"https:\/\/bailaodosuloficial.com.br\/#\/schema\/person\/b3bb1c43b091cd5c62100dd962ddda38\",\"name\":\"admin\",\"image\":{\"@type\":\"ImageObject\",\"inLanguage\":\"pt-BR\",\"@id\":\"https:\/\/bailaodosuloficial.com.br\/#\/schema\/person\/image\/\",\"url\":\"https:\/\/secure.gravatar.com\/avatar\/8e8beae45c6419737da9ea57a58a1f945a580b701e1def541b4459d4ac234c85?s=96&d=mm&r=g\",\"contentUrl\":\"https:\/\/secure.gravatar.com\/avatar\/8e8beae45c6419737da9ea57a58a1f945a580b701e1def541b4459d4ac234c85?s=96&d=mm&r=g\",\"caption\":\"admin\"},\"sameAs\":[\"https:\/\/bailaodosuloficial.com.br\"],\"url\":\"https:\/\/bailaodosuloficial.com.br\/index.php\/author\/bailao\/\"}]}<\/script>\n<!-- \/ Yoast SEO plugin. -->","yoast_head_json":{"title":"Banda AESA Lan\u00e7a \u201c2 Horas Atr\u00e1s\u201d e Conquista o P\u00fablico com Sua Nova M\u00fasica -","robots":{"index":"index","follow":"follow","max-snippet":"max-snippet:-1","max-image-preview":"max-image-preview:large","max-video-preview":"max-video-preview:-1"},"canonical":"https:\/\/bailaodosuloficial.com.br\/index.php\/2026\/01\/10\/banda-aesa-lanca-2-horas-atras-e-conquista-o-publico-com-sua-nova-musica\/","og_locale":"pt_BR","og_type":"article","og_title":"Banda AESA Lan\u00e7a \u201c2 Horas Atr\u00e1s\u201d e Conquista o P\u00fablico com Sua Nova M\u00fasica -","og_description":"A Banda AESA, conhecida por seu estilo \u00fanico e pela energia contagiante em cada performance, acaba de lan\u00e7ar sua nova m\u00fasica, &#8220;2 Horas Atr\u00e1s&#8221;. A can\u00e7\u00e3o chegou com tudo nas plataformas digitais e rapidamente conquistou o cora\u00e7\u00e3o dos f\u00e3s, sendo muito comentada nas redes sociais. Com um ritmo envolvente e uma letra que transmite uma","og_url":"https:\/\/bailaodosuloficial.com.br\/index.php\/2026\/01\/10\/banda-aesa-lanca-2-horas-atras-e-conquista-o-publico-com-sua-nova-musica\/","article_published_time":"2026-01-10T11:21:00+00:00","og_image":[{"width":427,"height":282,"url":"https:\/\/bailaodosuloficial.com.br\/wp-content\/uploads\/2026\/01\/image-30.png","type":"image\/png"}],"author":"admin","twitter_card":"summary_large_image","twitter_misc":{"Escrito por":"admin","Est. tempo de leitura":"2 minutos"},"schema":{"@context":"https:\/\/schema.org","@graph":[{"@type":"Article","@id":"https:\/\/bailaodosuloficial.com.br\/index.php\/2026\/01\/10\/banda-aesa-lanca-2-horas-atras-e-conquista-o-publico-com-sua-nova-musica\/#article","isPartOf":{"@id":"https:\/\/bailaodosuloficial.com.br\/index.php\/2026\/01\/10\/banda-aesa-lanca-2-horas-atras-e-conquista-o-publico-com-sua-nova-musica\/"},"author":{"name":"admin","@id":"https:\/\/bailaodosuloficial.com.br\/#\/schema\/person\/b3bb1c43b091cd5c62100dd962ddda38"},"headline":"Banda AESA Lan\u00e7a \u201c2 Horas Atr\u00e1s\u201d e Conquista o P\u00fablico com Sua Nova M\u00fasica","datePublished":"2026-01-10T11:21:00+00:00","mainEntityOfPage":{"@id":"https:\/\/bailaodosuloficial.com.br\/index.php\/2026\/01\/10\/banda-aesa-lanca-2-horas-atras-e-conquista-o-publico-com-sua-nova-musica\/"},"wordCount":452,"commentCount":0,"publisher":{"@id":"https:\/\/bailaodosuloficial.com.br\/#organization"},"image":{"@id":"https:\/\/bailaodosuloficial.com.br\/index.php\/2026\/01\/10\/banda-aesa-lanca-2-horas-atras-e-conquista-o-publico-com-sua-nova-musica\/#primaryimage"},"thumbnailUrl":"https:\/\/bailaodosuloficial.com.br\/wp-content\/uploads\/2026\/01\/image-30.png","articleSection":["Bail\u00e3o"],"inLanguage":"pt-BR","potentialAction":[{"@type":"CommentAction","name":"Comment","target":["https:\/\/bailaodosuloficial.com.br\/index.php\/2026\/01\/10\/banda-aesa-lanca-2-horas-atras-e-conquista-o-publico-com-sua-nova-musica\/#respond"]}]},{"@type":"WebPage","@id":"https:\/\/bailaodosuloficial.com.br\/index.php\/2026\/01\/10\/banda-aesa-lanca-2-horas-atras-e-conquista-o-publico-com-sua-nova-musica\/","url":"https:\/\/bailaodosuloficial.com.br\/index.php\/2026\/01\/10\/banda-aesa-lanca-2-horas-atras-e-conquista-o-publico-com-sua-nova-musica\/","name":"Banda AESA Lan\u00e7a \u201c2 Horas Atr\u00e1s\u201d e Conquista o P\u00fablico com Sua Nova M\u00fasica -","isPartOf":{"@id":"https:\/\/bailaodosuloficial.com.br\/#website"},"primaryImageOfPage":{"@id":"https:\/\/bailaodosuloficial.com.br\/index.php\/2026\/01\/10\/banda-aesa-lanca-2-horas-atras-e-conquista-o-publico-com-sua-nova-musica\/#primaryimage"},"image":{"@id":"https:\/\/bailaodosuloficial.com.br\/index.php\/2026\/01\/10\/banda-aesa-lanca-2-horas-atras-e-conquista-o-publico-com-sua-nova-musica\/#primaryimage"},"thumbnailUrl":"https:\/\/bailaodosuloficial.com.br\/wp-content\/uploads\/2026\/01\/image-30.png","datePublished":"2026-01-10T11:21:00+00:00","breadcrumb":{"@id":"https:\/\/bailaodosuloficial.com.br\/index.php\/2026\/01\/10\/banda-aesa-lanca-2-horas-atras-e-conquista-o-publico-com-sua-nova-musica\/#breadcrumb"},"inLanguage":"pt-BR","potentialAction":[{"@type":"ReadAction","target":["https:\/\/bailaodosuloficial.com.br\/index.php\/2026\/01\/10\/banda-aesa-lanca-2-horas-atras-e-conquista-o-publico-com-sua-nova-musica\/"]}]},{"@type":"ImageObject","inLanguage":"pt-BR","@id":"https:\/\/bailaodosuloficial.com.br\/index.php\/2026\/01\/10\/banda-aesa-lanca-2-horas-atras-e-conquista-o-publico-com-sua-nova-musica\/#primaryimage","url":"https:\/\/bailaodosuloficial.com.br\/wp-content\/uploads\/2026\/01\/image-30.png","contentUrl":"https:\/\/bailaodosuloficial.com.br\/wp-content\/uploads\/2026\/01\/image-30.png","width":427,"height":282},{"@type":"BreadcrumbList","@id":"https:\/\/bailaodosuloficial.com.br\/index.php\/2026\/01\/10\/banda-aesa-lanca-2-horas-atras-e-conquista-o-publico-com-sua-nova-musica\/#breadcrumb","itemListElement":[{"@type":"ListItem","position":1,"name":"In\u00edcio","item":"https:\/\/bailaodosuloficial.com.br\/"},{"@type":"ListItem","position":2,"name":"Banda AESA Lan\u00e7a \u201c2 Horas Atr\u00e1s\u201d e Conquista o P\u00fablico com Sua Nova M\u00fasica"}]},{"@type":"WebSite","@id":"https:\/\/bailaodosuloficial.com.br\/#website","url":"https:\/\/bailaodosuloficial.com.br\/","name":"Bail\u00e3o do Sul","description":"","publisher":{"@id":"https:\/\/bailaodosuloficial.com.br\/#organization"},"alternateName":"Bail\u00e3o do Sul Oficial","potentialAction":[{"@type":"SearchAction","target":{"@type":"EntryPoint","urlTemplate":"https:\/\/bailaodosuloficial.com.br\/?s={search_term_string}"},"query-input":{"@type":"PropertyValueSpecification","valueRequired":true,"valueName":"search_term_string"}}],"inLanguage":"pt-BR"},{"@type":"Organization","@id":"https:\/\/bailaodosuloficial.com.br\/#organization","name":"Bail\u00e3o do Sul","url":"https:\/\/bailaodosuloficial.com.br\/","logo":{"@type":"ImageObject","inLanguage":"pt-BR","@id":"https:\/\/bailaodosuloficial.com.br\/#\/schema\/logo\/image\/","url":"https:\/\/bailaodosuloficial.com.br\/wp-content\/uploads\/2026\/03\/cropped-fim-de-semana-5-scaled-1.png","contentUrl":"https:\/\/bailaodosuloficial.com.br\/wp-content\/uploads\/2026\/03\/cropped-fim-de-semana-5-scaled-1.png","width":1989,"height":1371,"caption":"Bail\u00e3o do Sul"},"image":{"@id":"https:\/\/bailaodosuloficial.com.br\/#\/schema\/logo\/image\/"},"sameAs":["http:\/\/instagram.com\/bailaodosul"]},{"@type":"Person","@id":"https:\/\/bailaodosuloficial.com.br\/#\/schema\/person\/b3bb1c43b091cd5c62100dd962ddda38","name":"admin","image":{"@type":"ImageObject","inLanguage":"pt-BR","@id":"https:\/\/bailaodosuloficial.com.br\/#\/schema\/person\/image\/","url":"https:\/\/secure.gravatar.com\/avatar\/8e8beae45c6419737da9ea57a58a1f945a580b701e1def541b4459d4ac234c85?s=96&d=mm&r=g","contentUrl":"https:\/\/secure.gravatar.com\/avatar\/8e8beae45c6419737da9ea57a58a1f945a580b701e1def541b4459d4ac234c85?s=96&d=mm&r=g","caption":"admin"},"sameAs":["https:\/\/bailaodosuloficial.com.br"],"url":"https:\/\/bailaodosuloficial.com.br\/index.php\/author\/bailao\/"}]}},"_links":{"self":[{"href":"https:\/\/bailaodosuloficial.com.br\/index.php\/wp-json\/wp\/v2\/posts\/637","targetHints":{"allow":["GET"]}}],"collection":[{"href":"https:\/\/bailaodosuloficial.com.br\/index.php\/wp-json\/wp\/v2\/posts"}],"about":[{"href":"https:\/\/bailaodosuloficial.com.br\/index.php\/wp-json\/wp\/v2\/types\/post"}],"author":[{"embeddable":true,"href":"https:\/\/bailaodosuloficial.com.br\/index.php\/wp-json\/wp\/v2\/users\/1"}],"replies":[{"embeddable":true,"href":"https:\/\/bailaodosuloficial.com.br\/index.php\/wp-json\/wp\/v2\/comments?post=637"}],"version-history":[{"count":1,"href":"https:\/\/bailaodosuloficial.com.br\/index.php\/wp-json\/wp\/v2\/posts\/637\/revisions"}],"predecessor-version":[{"id":639,"href":"https:\/\/bailaodosuloficial.com.br\/index.php\/wp-json\/wp\/v2\/posts\/637\/revisions\/639"}],"wp:featuredmedia":[{"embeddable":true,"href":"https:\/\/bailaodosuloficial.com.br\/index.php\/wp-json\/wp\/v2\/media\/638"}],"wp:attachment":[{"href":"https:\/\/bailaodosuloficial.com.br\/index.php\/wp-json\/wp\/v2\/media?parent=637"}],"wp:term":[{"taxonomy":"category","embeddable":true,"href":"https:\/\/bailaodosuloficial.com.br\/index.php\/wp-json\/wp\/v2\/categories?post=637"},{"taxonomy":"post_tag","embeddable":true,"href":"https:\/\/bailaodosuloficial.com.br\/index.php\/wp-json\/wp\/v2\/tags?post=637"}],"curies":[{"name":"wp","href":"https:\/\/api.w.org\/{rel}","templated":true}]}}