{"id":645,"date":"2026-01-12T12:43:58","date_gmt":"2026-01-12T12:43:58","guid":{"rendered":"https:\/\/bailaodosuloficial.com.br\/?p=645"},"modified":"2026-01-12T12:43:58","modified_gmt":"2026-01-12T12:43:58","slug":"grupo-tche-vanera-o-ritmo-do-baile-gaucho-que-nao-deixa-ninguem-parado","status":"publish","type":"post","link":"https:\/\/bailaodosuloficial.com.br\/index.php\/2026\/01\/12\/grupo-tche-vanera-o-ritmo-do-baile-gaucho-que-nao-deixa-ninguem-parado\/","title":{"rendered":"Grupo Tch\u00ea Vaner\u00e1: O Ritmo do Baile Ga\u00facho que N\u00e3o Deixa Ningu\u00e9m Parado"},"content":{"rendered":"\n<p>O <em>Grupo Tch\u00ea Vaner\u00e1<\/em> \u00e9 a verdadeira alma dos bailes ga\u00fachos, trazendo a energia e o ritmo que transformam qualquer evento em uma festa animada e inesquec\u00edvel. Com um repert\u00f3rio focado na m\u00fasica tradicional e com influ\u00eancias dan\u00e7antes, o grupo tem conquistado os cora\u00e7\u00f5es de todos que amam uma boa anima\u00e7\u00e3o em uma noite de baile.<\/p>\n\n\n\n<p>Um dos grandes sucessos do grupo \u00e9 a m\u00fasica <em>Tapado de Pacholice<\/em>, uma animada vaneira que agita a pista de dan\u00e7a com seu ritmo envolvente. A letra, composta pelo amigo Jo\u00e3o Cleber Carames, \u00e9 uma das favoritas do p\u00fablico e traz a verdadeira ess\u00eancia da m\u00fasica ga\u00facha, com uma pegada divertida e contagiante, perfeita para deixar todos na pista dan\u00e7ando e se divertindo.<\/p>\n\n\n\n<p>Nas redes sociais, o <em>Tch\u00ea Vaner\u00e1<\/em> compartilha com seu p\u00fablico a vibe contagiante de cada apresenta\u00e7\u00e3o, com v\u00eddeos e reels mostrando os bastidores das festas e a alegria que espalham por onde passam. A intera\u00e7\u00e3o com o p\u00fablico \u00e9 sempre um ponto forte, com o grupo respondendo aos seguidores e mantendo a conex\u00e3o pr\u00f3xima com aqueles que acompanham seu trabalho.<\/p>\n\n\n\n<p>Com sua agenda cheia de shows, o <em>Grupo Tch\u00ea Vaner\u00e1<\/em> se apresenta em bailes, festas de CTGs e eventos comunit\u00e1rios, sempre levando sua marca registrada: muita dan\u00e7a, m\u00fasica envolvente e uma pista de dan\u00e7a lotada. Cada show \u00e9 uma verdadeira celebra\u00e7\u00e3o da m\u00fasica ga\u00facha, com a presen\u00e7a de grandes sucessos que garantem anima\u00e7\u00e3o do come\u00e7o ao fim.<\/p>\n\n\n\n<p>O grupo \u00e9 sin\u00f4nimo de energia, ritmo e, claro, muita divers\u00e3o! Com sua pegada vibrante e um som \u00fanico, o <em>Tch\u00ea Vaner\u00e1<\/em> tem se consolidado como um dos grandes nomes do baile ga\u00facho, proporcionando momentos inesquec\u00edveis para quem est\u00e1 na pista e celebrando a cultura da m\u00fasica ga\u00facha de uma forma animada e moderna.<\/p>\n","protected":false},"excerpt":{"rendered":"<p>O Grupo Tch\u00ea Vaner\u00e1 \u00e9 a verdadeira alma dos bailes ga\u00fachos, trazendo a energia e o ritmo que transformam qualquer evento em uma festa animada e inesquec\u00edvel. Com um repert\u00f3rio focado na m\u00fasica tradicional e com influ\u00eancias dan\u00e7antes, o grupo tem conquistado os cora\u00e7\u00f5es de todos que amam uma boa anima\u00e7\u00e3o em uma noite de<\/p>\n","protected":false},"author":1,"featured_media":646,"comment_status":"open","ping_status":"open","sticky":false,"template":"","format":"standard","meta":{"footnotes":""},"categories":[3],"tags":[],"class_list":["post-645","post","type-post","status-publish","format-standard","has-post-thumbnail","hentry","category-gaucho"],"yoast_head":"<!-- This site is optimized with the Yoast SEO plugin v26.9 - https:\/\/yoast.com\/product\/yoast-seo-wordpress\/ -->\n<title>Grupo Tch\u00ea Vaner\u00e1: O Ritmo do Baile Ga\u00facho que N\u00e3o Deixa Ningu\u00e9m Parado -<\/title>\n<meta name=\"robots\" content=\"index, follow, max-snippet:-1, max-image-preview:large, max-video-preview:-1\" \/>\n<link rel=\"canonical\" href=\"https:\/\/bailaodosuloficial.com.br\/index.php\/2026\/01\/12\/grupo-tche-vanera-o-ritmo-do-baile-gaucho-que-nao-deixa-ninguem-parado\/\" \/>\n<meta property=\"og:locale\" content=\"pt_BR\" \/>\n<meta property=\"og:type\" content=\"article\" \/>\n<meta property=\"og:title\" content=\"Grupo Tch\u00ea Vaner\u00e1: O Ritmo do Baile Ga\u00facho que N\u00e3o Deixa Ningu\u00e9m Parado -\" \/>\n<meta property=\"og:description\" content=\"O Grupo Tch\u00ea Vaner\u00e1 \u00e9 a verdadeira alma dos bailes ga\u00fachos, trazendo a energia e o ritmo que transformam qualquer evento em uma festa animada e inesquec\u00edvel. Com um repert\u00f3rio focado na m\u00fasica tradicional e com influ\u00eancias dan\u00e7antes, o grupo tem conquistado os cora\u00e7\u00f5es de todos que amam uma boa anima\u00e7\u00e3o em uma noite de\" \/>\n<meta property=\"og:url\" content=\"https:\/\/bailaodosuloficial.com.br\/index.php\/2026\/01\/12\/grupo-tche-vanera-o-ritmo-do-baile-gaucho-que-nao-deixa-ninguem-parado\/\" \/>\n<meta property=\"article:published_time\" content=\"2026-01-12T12:43:58+00:00\" \/>\n<meta property=\"og:image\" content=\"https:\/\/bailaodosuloficial.com.br\/wp-content\/uploads\/2026\/01\/image-32.png\" \/>\n\t<meta property=\"og:image:width\" content=\"568\" \/>\n\t<meta property=\"og:image:height\" content=\"381\" \/>\n\t<meta property=\"og:image:type\" content=\"image\/png\" \/>\n<meta name=\"author\" content=\"admin\" \/>\n<meta name=\"twitter:card\" content=\"summary_large_image\" \/>\n<meta name=\"twitter:label1\" content=\"Escrito por\" \/>\n\t<meta name=\"twitter:data1\" content=\"admin\" \/>\n\t<meta name=\"twitter:label2\" content=\"Est. tempo de leitura\" \/>\n\t<meta name=\"twitter:data2\" content=\"2 minutos\" \/>\n<script type=\"application\/ld+json\" class=\"yoast-schema-graph\">{\"@context\":\"https:\/\/schema.org\",\"@graph\":[{\"@type\":\"Article\",\"@id\":\"https:\/\/bailaodosuloficial.com.br\/index.php\/2026\/01\/12\/grupo-tche-vanera-o-ritmo-do-baile-gaucho-que-nao-deixa-ninguem-parado\/#article\",\"isPartOf\":{\"@id\":\"https:\/\/bailaodosuloficial.com.br\/index.php\/2026\/01\/12\/grupo-tche-vanera-o-ritmo-do-baile-gaucho-que-nao-deixa-ninguem-parado\/\"},\"author\":{\"name\":\"admin\",\"@id\":\"https:\/\/bailaodosuloficial.com.br\/#\/schema\/person\/b3bb1c43b091cd5c62100dd962ddda38\"},\"headline\":\"Grupo Tch\u00ea Vaner\u00e1: O Ritmo do Baile Ga\u00facho que N\u00e3o Deixa Ningu\u00e9m Parado\",\"datePublished\":\"2026-01-12T12:43:58+00:00\",\"mainEntityOfPage\":{\"@id\":\"https:\/\/bailaodosuloficial.com.br\/index.php\/2026\/01\/12\/grupo-tche-vanera-o-ritmo-do-baile-gaucho-que-nao-deixa-ninguem-parado\/\"},\"wordCount\":339,\"commentCount\":0,\"publisher\":{\"@id\":\"https:\/\/bailaodosuloficial.com.br\/#organization\"},\"image\":{\"@id\":\"https:\/\/bailaodosuloficial.com.br\/index.php\/2026\/01\/12\/grupo-tche-vanera-o-ritmo-do-baile-gaucho-que-nao-deixa-ninguem-parado\/#primaryimage\"},\"thumbnailUrl\":\"https:\/\/bailaodosuloficial.com.br\/wp-content\/uploads\/2026\/01\/image-32.png\",\"articleSection\":[\"Ga\u00fachas\"],\"inLanguage\":\"pt-BR\",\"potentialAction\":[{\"@type\":\"CommentAction\",\"name\":\"Comment\",\"target\":[\"https:\/\/bailaodosuloficial.com.br\/index.php\/2026\/01\/12\/grupo-tche-vanera-o-ritmo-do-baile-gaucho-que-nao-deixa-ninguem-parado\/#respond\"]}]},{\"@type\":\"WebPage\",\"@id\":\"https:\/\/bailaodosuloficial.com.br\/index.php\/2026\/01\/12\/grupo-tche-vanera-o-ritmo-do-baile-gaucho-que-nao-deixa-ninguem-parado\/\",\"url\":\"https:\/\/bailaodosuloficial.com.br\/index.php\/2026\/01\/12\/grupo-tche-vanera-o-ritmo-do-baile-gaucho-que-nao-deixa-ninguem-parado\/\",\"name\":\"Grupo Tch\u00ea Vaner\u00e1: O Ritmo do Baile Ga\u00facho que N\u00e3o Deixa Ningu\u00e9m Parado -\",\"isPartOf\":{\"@id\":\"https:\/\/bailaodosuloficial.com.br\/#website\"},\"primaryImageOfPage\":{\"@id\":\"https:\/\/bailaodosuloficial.com.br\/index.php\/2026\/01\/12\/grupo-tche-vanera-o-ritmo-do-baile-gaucho-que-nao-deixa-ninguem-parado\/#primaryimage\"},\"image\":{\"@id\":\"https:\/\/bailaodosuloficial.com.br\/index.php\/2026\/01\/12\/grupo-tche-vanera-o-ritmo-do-baile-gaucho-que-nao-deixa-ninguem-parado\/#primaryimage\"},\"thumbnailUrl\":\"https:\/\/bailaodosuloficial.com.br\/wp-content\/uploads\/2026\/01\/image-32.png\",\"datePublished\":\"2026-01-12T12:43:58+00:00\",\"breadcrumb\":{\"@id\":\"https:\/\/bailaodosuloficial.com.br\/index.php\/2026\/01\/12\/grupo-tche-vanera-o-ritmo-do-baile-gaucho-que-nao-deixa-ninguem-parado\/#breadcrumb\"},\"inLanguage\":\"pt-BR\",\"potentialAction\":[{\"@type\":\"ReadAction\",\"target\":[\"https:\/\/bailaodosuloficial.com.br\/index.php\/2026\/01\/12\/grupo-tche-vanera-o-ritmo-do-baile-gaucho-que-nao-deixa-ninguem-parado\/\"]}]},{\"@type\":\"ImageObject\",\"inLanguage\":\"pt-BR\",\"@id\":\"https:\/\/bailaodosuloficial.com.br\/index.php\/2026\/01\/12\/grupo-tche-vanera-o-ritmo-do-baile-gaucho-que-nao-deixa-ninguem-parado\/#primaryimage\",\"url\":\"https:\/\/bailaodosuloficial.com.br\/wp-content\/uploads\/2026\/01\/image-32.png\",\"contentUrl\":\"https:\/\/bailaodosuloficial.com.br\/wp-content\/uploads\/2026\/01\/image-32.png\",\"width\":568,\"height\":381},{\"@type\":\"BreadcrumbList\",\"@id\":\"https:\/\/bailaodosuloficial.com.br\/index.php\/2026\/01\/12\/grupo-tche-vanera-o-ritmo-do-baile-gaucho-que-nao-deixa-ninguem-parado\/#breadcrumb\",\"itemListElement\":[{\"@type\":\"ListItem\",\"position\":1,\"name\":\"In\u00edcio\",\"item\":\"https:\/\/bailaodosuloficial.com.br\/\"},{\"@type\":\"ListItem\",\"position\":2,\"name\":\"Grupo Tch\u00ea Vaner\u00e1: O Ritmo do Baile Ga\u00facho que N\u00e3o Deixa Ningu\u00e9m Parado\"}]},{\"@type\":\"WebSite\",\"@id\":\"https:\/\/bailaodosuloficial.com.br\/#website\",\"url\":\"https:\/\/bailaodosuloficial.com.br\/\",\"name\":\"Bail\u00e3o do Sul\",\"description\":\"\",\"publisher\":{\"@id\":\"https:\/\/bailaodosuloficial.com.br\/#organization\"},\"alternateName\":\"Bail\u00e3o do Sul Oficial\",\"potentialAction\":[{\"@type\":\"SearchAction\",\"target\":{\"@type\":\"EntryPoint\",\"urlTemplate\":\"https:\/\/bailaodosuloficial.com.br\/?s={search_term_string}\"},\"query-input\":{\"@type\":\"PropertyValueSpecification\",\"valueRequired\":true,\"valueName\":\"search_term_string\"}}],\"inLanguage\":\"pt-BR\"},{\"@type\":\"Organization\",\"@id\":\"https:\/\/bailaodosuloficial.com.br\/#organization\",\"name\":\"Bail\u00e3o do Sul\",\"url\":\"https:\/\/bailaodosuloficial.com.br\/\",\"logo\":{\"@type\":\"ImageObject\",\"inLanguage\":\"pt-BR\",\"@id\":\"https:\/\/bailaodosuloficial.com.br\/#\/schema\/logo\/image\/\",\"url\":\"https:\/\/bailaodosuloficial.com.br\/wp-content\/uploads\/2026\/03\/cropped-fim-de-semana-5-scaled-1.png\",\"contentUrl\":\"https:\/\/bailaodosuloficial.com.br\/wp-content\/uploads\/2026\/03\/cropped-fim-de-semana-5-scaled-1.png\",\"width\":1989,\"height\":1371,\"caption\":\"Bail\u00e3o do Sul\"},\"image\":{\"@id\":\"https:\/\/bailaodosuloficial.com.br\/#\/schema\/logo\/image\/\"},\"sameAs\":[\"http:\/\/instagram.com\/bailaodosul\"]},{\"@type\":\"Person\",\"@id\":\"https:\/\/bailaodosuloficial.com.br\/#\/schema\/person\/b3bb1c43b091cd5c62100dd962ddda38\",\"name\":\"admin\",\"image\":{\"@type\":\"ImageObject\",\"inLanguage\":\"pt-BR\",\"@id\":\"https:\/\/bailaodosuloficial.com.br\/#\/schema\/person\/image\/\",\"url\":\"https:\/\/secure.gravatar.com\/avatar\/8e8beae45c6419737da9ea57a58a1f945a580b701e1def541b4459d4ac234c85?s=96&d=mm&r=g\",\"contentUrl\":\"https:\/\/secure.gravatar.com\/avatar\/8e8beae45c6419737da9ea57a58a1f945a580b701e1def541b4459d4ac234c85?s=96&d=mm&r=g\",\"caption\":\"admin\"},\"sameAs\":[\"https:\/\/bailaodosuloficial.com.br\"],\"url\":\"https:\/\/bailaodosuloficial.com.br\/index.php\/author\/bailao\/\"}]}<\/script>\n<!-- \/ Yoast SEO plugin. -->","yoast_head_json":{"title":"Grupo Tch\u00ea Vaner\u00e1: O Ritmo do Baile Ga\u00facho que N\u00e3o Deixa Ningu\u00e9m Parado -","robots":{"index":"index","follow":"follow","max-snippet":"max-snippet:-1","max-image-preview":"max-image-preview:large","max-video-preview":"max-video-preview:-1"},"canonical":"https:\/\/bailaodosuloficial.com.br\/index.php\/2026\/01\/12\/grupo-tche-vanera-o-ritmo-do-baile-gaucho-que-nao-deixa-ninguem-parado\/","og_locale":"pt_BR","og_type":"article","og_title":"Grupo Tch\u00ea Vaner\u00e1: O Ritmo do Baile Ga\u00facho que N\u00e3o Deixa Ningu\u00e9m Parado -","og_description":"O Grupo Tch\u00ea Vaner\u00e1 \u00e9 a verdadeira alma dos bailes ga\u00fachos, trazendo a energia e o ritmo que transformam qualquer evento em uma festa animada e inesquec\u00edvel. Com um repert\u00f3rio focado na m\u00fasica tradicional e com influ\u00eancias dan\u00e7antes, o grupo tem conquistado os cora\u00e7\u00f5es de todos que amam uma boa anima\u00e7\u00e3o em uma noite de","og_url":"https:\/\/bailaodosuloficial.com.br\/index.php\/2026\/01\/12\/grupo-tche-vanera-o-ritmo-do-baile-gaucho-que-nao-deixa-ninguem-parado\/","article_published_time":"2026-01-12T12:43:58+00:00","og_image":[{"width":568,"height":381,"url":"https:\/\/bailaodosuloficial.com.br\/wp-content\/uploads\/2026\/01\/image-32.png","type":"image\/png"}],"author":"admin","twitter_card":"summary_large_image","twitter_misc":{"Escrito por":"admin","Est. tempo de leitura":"2 minutos"},"schema":{"@context":"https:\/\/schema.org","@graph":[{"@type":"Article","@id":"https:\/\/bailaodosuloficial.com.br\/index.php\/2026\/01\/12\/grupo-tche-vanera-o-ritmo-do-baile-gaucho-que-nao-deixa-ninguem-parado\/#article","isPartOf":{"@id":"https:\/\/bailaodosuloficial.com.br\/index.php\/2026\/01\/12\/grupo-tche-vanera-o-ritmo-do-baile-gaucho-que-nao-deixa-ninguem-parado\/"},"author":{"name":"admin","@id":"https:\/\/bailaodosuloficial.com.br\/#\/schema\/person\/b3bb1c43b091cd5c62100dd962ddda38"},"headline":"Grupo Tch\u00ea Vaner\u00e1: O Ritmo do Baile Ga\u00facho que N\u00e3o Deixa Ningu\u00e9m Parado","datePublished":"2026-01-12T12:43:58+00:00","mainEntityOfPage":{"@id":"https:\/\/bailaodosuloficial.com.br\/index.php\/2026\/01\/12\/grupo-tche-vanera-o-ritmo-do-baile-gaucho-que-nao-deixa-ninguem-parado\/"},"wordCount":339,"commentCount":0,"publisher":{"@id":"https:\/\/bailaodosuloficial.com.br\/#organization"},"image":{"@id":"https:\/\/bailaodosuloficial.com.br\/index.php\/2026\/01\/12\/grupo-tche-vanera-o-ritmo-do-baile-gaucho-que-nao-deixa-ninguem-parado\/#primaryimage"},"thumbnailUrl":"https:\/\/bailaodosuloficial.com.br\/wp-content\/uploads\/2026\/01\/image-32.png","articleSection":["Ga\u00fachas"],"inLanguage":"pt-BR","potentialAction":[{"@type":"CommentAction","name":"Comment","target":["https:\/\/bailaodosuloficial.com.br\/index.php\/2026\/01\/12\/grupo-tche-vanera-o-ritmo-do-baile-gaucho-que-nao-deixa-ninguem-parado\/#respond"]}]},{"@type":"WebPage","@id":"https:\/\/bailaodosuloficial.com.br\/index.php\/2026\/01\/12\/grupo-tche-vanera-o-ritmo-do-baile-gaucho-que-nao-deixa-ninguem-parado\/","url":"https:\/\/bailaodosuloficial.com.br\/index.php\/2026\/01\/12\/grupo-tche-vanera-o-ritmo-do-baile-gaucho-que-nao-deixa-ninguem-parado\/","name":"Grupo Tch\u00ea Vaner\u00e1: O Ritmo do Baile Ga\u00facho que N\u00e3o Deixa Ningu\u00e9m Parado -","isPartOf":{"@id":"https:\/\/bailaodosuloficial.com.br\/#website"},"primaryImageOfPage":{"@id":"https:\/\/bailaodosuloficial.com.br\/index.php\/2026\/01\/12\/grupo-tche-vanera-o-ritmo-do-baile-gaucho-que-nao-deixa-ninguem-parado\/#primaryimage"},"image":{"@id":"https:\/\/bailaodosuloficial.com.br\/index.php\/2026\/01\/12\/grupo-tche-vanera-o-ritmo-do-baile-gaucho-que-nao-deixa-ninguem-parado\/#primaryimage"},"thumbnailUrl":"https:\/\/bailaodosuloficial.com.br\/wp-content\/uploads\/2026\/01\/image-32.png","datePublished":"2026-01-12T12:43:58+00:00","breadcrumb":{"@id":"https:\/\/bailaodosuloficial.com.br\/index.php\/2026\/01\/12\/grupo-tche-vanera-o-ritmo-do-baile-gaucho-que-nao-deixa-ninguem-parado\/#breadcrumb"},"inLanguage":"pt-BR","potentialAction":[{"@type":"ReadAction","target":["https:\/\/bailaodosuloficial.com.br\/index.php\/2026\/01\/12\/grupo-tche-vanera-o-ritmo-do-baile-gaucho-que-nao-deixa-ninguem-parado\/"]}]},{"@type":"ImageObject","inLanguage":"pt-BR","@id":"https:\/\/bailaodosuloficial.com.br\/index.php\/2026\/01\/12\/grupo-tche-vanera-o-ritmo-do-baile-gaucho-que-nao-deixa-ninguem-parado\/#primaryimage","url":"https:\/\/bailaodosuloficial.com.br\/wp-content\/uploads\/2026\/01\/image-32.png","contentUrl":"https:\/\/bailaodosuloficial.com.br\/wp-content\/uploads\/2026\/01\/image-32.png","width":568,"height":381},{"@type":"BreadcrumbList","@id":"https:\/\/bailaodosuloficial.com.br\/index.php\/2026\/01\/12\/grupo-tche-vanera-o-ritmo-do-baile-gaucho-que-nao-deixa-ninguem-parado\/#breadcrumb","itemListElement":[{"@type":"ListItem","position":1,"name":"In\u00edcio","item":"https:\/\/bailaodosuloficial.com.br\/"},{"@type":"ListItem","position":2,"name":"Grupo Tch\u00ea Vaner\u00e1: O Ritmo do Baile Ga\u00facho que N\u00e3o Deixa Ningu\u00e9m Parado"}]},{"@type":"WebSite","@id":"https:\/\/bailaodosuloficial.com.br\/#website","url":"https:\/\/bailaodosuloficial.com.br\/","name":"Bail\u00e3o do Sul","description":"","publisher":{"@id":"https:\/\/bailaodosuloficial.com.br\/#organization"},"alternateName":"Bail\u00e3o do Sul Oficial","potentialAction":[{"@type":"SearchAction","target":{"@type":"EntryPoint","urlTemplate":"https:\/\/bailaodosuloficial.com.br\/?s={search_term_string}"},"query-input":{"@type":"PropertyValueSpecification","valueRequired":true,"valueName":"search_term_string"}}],"inLanguage":"pt-BR"},{"@type":"Organization","@id":"https:\/\/bailaodosuloficial.com.br\/#organization","name":"Bail\u00e3o do Sul","url":"https:\/\/bailaodosuloficial.com.br\/","logo":{"@type":"ImageObject","inLanguage":"pt-BR","@id":"https:\/\/bailaodosuloficial.com.br\/#\/schema\/logo\/image\/","url":"https:\/\/bailaodosuloficial.com.br\/wp-content\/uploads\/2026\/03\/cropped-fim-de-semana-5-scaled-1.png","contentUrl":"https:\/\/bailaodosuloficial.com.br\/wp-content\/uploads\/2026\/03\/cropped-fim-de-semana-5-scaled-1.png","width":1989,"height":1371,"caption":"Bail\u00e3o do Sul"},"image":{"@id":"https:\/\/bailaodosuloficial.com.br\/#\/schema\/logo\/image\/"},"sameAs":["http:\/\/instagram.com\/bailaodosul"]},{"@type":"Person","@id":"https:\/\/bailaodosuloficial.com.br\/#\/schema\/person\/b3bb1c43b091cd5c62100dd962ddda38","name":"admin","image":{"@type":"ImageObject","inLanguage":"pt-BR","@id":"https:\/\/bailaodosuloficial.com.br\/#\/schema\/person\/image\/","url":"https:\/\/secure.gravatar.com\/avatar\/8e8beae45c6419737da9ea57a58a1f945a580b701e1def541b4459d4ac234c85?s=96&d=mm&r=g","contentUrl":"https:\/\/secure.gravatar.com\/avatar\/8e8beae45c6419737da9ea57a58a1f945a580b701e1def541b4459d4ac234c85?s=96&d=mm&r=g","caption":"admin"},"sameAs":["https:\/\/bailaodosuloficial.com.br"],"url":"https:\/\/bailaodosuloficial.com.br\/index.php\/author\/bailao\/"}]}},"_links":{"self":[{"href":"https:\/\/bailaodosuloficial.com.br\/index.php\/wp-json\/wp\/v2\/posts\/645","targetHints":{"allow":["GET"]}}],"collection":[{"href":"https:\/\/bailaodosuloficial.com.br\/index.php\/wp-json\/wp\/v2\/posts"}],"about":[{"href":"https:\/\/bailaodosuloficial.com.br\/index.php\/wp-json\/wp\/v2\/types\/post"}],"author":[{"embeddable":true,"href":"https:\/\/bailaodosuloficial.com.br\/index.php\/wp-json\/wp\/v2\/users\/1"}],"replies":[{"embeddable":true,"href":"https:\/\/bailaodosuloficial.com.br\/index.php\/wp-json\/wp\/v2\/comments?post=645"}],"version-history":[{"count":1,"href":"https:\/\/bailaodosuloficial.com.br\/index.php\/wp-json\/wp\/v2\/posts\/645\/revisions"}],"predecessor-version":[{"id":647,"href":"https:\/\/bailaodosuloficial.com.br\/index.php\/wp-json\/wp\/v2\/posts\/645\/revisions\/647"}],"wp:featuredmedia":[{"embeddable":true,"href":"https:\/\/bailaodosuloficial.com.br\/index.php\/wp-json\/wp\/v2\/media\/646"}],"wp:attachment":[{"href":"https:\/\/bailaodosuloficial.com.br\/index.php\/wp-json\/wp\/v2\/media?parent=645"}],"wp:term":[{"taxonomy":"category","embeddable":true,"href":"https:\/\/bailaodosuloficial.com.br\/index.php\/wp-json\/wp\/v2\/categories?post=645"},{"taxonomy":"post_tag","embeddable":true,"href":"https:\/\/bailaodosuloficial.com.br\/index.php\/wp-json\/wp\/v2\/tags?post=645"}],"curies":[{"name":"wp","href":"https:\/\/api.w.org\/{rel}","templated":true}]}}