{"id":654,"date":"2026-01-12T21:59:18","date_gmt":"2026-01-12T21:59:18","guid":{"rendered":"https:\/\/bailaodosuloficial.com.br\/?p=654"},"modified":"2026-01-12T21:59:18","modified_gmt":"2026-01-12T21:59:18","slug":"grupo-sofrenaco-leva-a-essencia-gaucha-de-unistalda-aos-palcos","status":"publish","type":"post","link":"https:\/\/bailaodosuloficial.com.br\/index.php\/2026\/01\/12\/grupo-sofrenaco-leva-a-essencia-gaucha-de-unistalda-aos-palcos\/","title":{"rendered":"Grupo Sofrena\u00e7o leva a ess\u00eancia ga\u00facha de Unistalda aos palcos"},"content":{"rendered":"\n<p>O <strong>Grupo Sofrena\u00e7o<\/strong> vem se destacando no cen\u00e1rio musical do Rio Grande do Sul com um trabalho que valoriza a tradi\u00e7\u00e3o, a identidade regional e a for\u00e7a da m\u00fasica ga\u00facha. <strong>Natural de Unistalda (RS)<\/strong>, o grupo construiu sua trajet\u00f3ria levando ao p\u00fablico can\u00e7\u00f5es que traduzem o cotidiano, a viv\u00eancia do interior e a paix\u00e3o pelas ra\u00edzes culturais do Sul do pa\u00eds.<\/p>\n\n\n\n<p>Com presen\u00e7a marcante nos palcos e forte conex\u00e3o com o p\u00fablico, o Sofrena\u00e7o se tornou sin\u00f4nimo de anima\u00e7\u00e3o em bailes, festas tradicionais e eventos culturais. O repert\u00f3rio passeia por m\u00fasicas que unem sentimento, autenticidade e alegria, mantendo viva a ess\u00eancia da m\u00fasica regional ga\u00facha e conquistando diferentes gera\u00e7\u00f5es.<\/p>\n\n\n\n<figure class=\"wp-block-embed is-type-video is-provider-youtube wp-block-embed-youtube wp-embed-aspect-16-9 wp-has-aspect-ratio\"><div class=\"wp-block-embed__wrapper\">\n<iframe loading=\"lazy\" title=\"24 de dezembro de 2025\" width=\"960\" height=\"540\" src=\"https:\/\/www.youtube.com\/embed\/ZFfqOgFTN4E?feature=oembed\" frameborder=\"0\" allow=\"accelerometer; autoplay; clipboard-write; encrypted-media; gyroscope; picture-in-picture; web-share\" referrerpolicy=\"strict-origin-when-cross-origin\" allowfullscreen><\/iframe>\n<\/div><\/figure>\n\n\n\n<p>Al\u00e9m das apresenta\u00e7\u00f5es ao vivo, o grupo tamb\u00e9m investe em trabalhos autorais, refor\u00e7ando sua identidade musical e ampliando seu alcance. As can\u00e7\u00f5es refletem experi\u00eancias, hist\u00f3rias e valores que dialogam diretamente com o p\u00fablico, fortalecendo o v\u00ednculo entre a banda e seus admiradores.<\/p>\n\n\n\n<p>Ativo nas redes sociais, o Grupo Sofrena\u00e7o compartilha momentos de shows, ensaios e bastidores, aproximando ainda mais os f\u00e3s do dia a dia da banda. Com uma trajet\u00f3ria em constante crescimento, o grupo segue firme no prop\u00f3sito de levar m\u00fasica, tradi\u00e7\u00e3o e emo\u00e7\u00e3o por onde passa, representando com orgulho a cultura ga\u00facha e a cidade de Unistalda.<\/p>\n","protected":false},"excerpt":{"rendered":"<p>O Grupo Sofrena\u00e7o vem se destacando no cen\u00e1rio musical do Rio Grande do Sul com um trabalho que valoriza a tradi\u00e7\u00e3o, a identidade regional e a for\u00e7a da m\u00fasica ga\u00facha. Natural de Unistalda (RS), o grupo construiu sua trajet\u00f3ria levando ao p\u00fablico can\u00e7\u00f5es que traduzem o cotidiano, a viv\u00eancia do interior e a paix\u00e3o pelas<\/p>\n","protected":false},"author":1,"featured_media":655,"comment_status":"open","ping_status":"open","sticky":false,"template":"","format":"standard","meta":{"footnotes":""},"categories":[3],"tags":[],"class_list":["post-654","post","type-post","status-publish","format-standard","has-post-thumbnail","hentry","category-gaucho"],"yoast_head":"<!-- This site is optimized with the Yoast SEO plugin v26.9 - https:\/\/yoast.com\/product\/yoast-seo-wordpress\/ -->\n<title>Grupo Sofrena\u00e7o leva a ess\u00eancia ga\u00facha de Unistalda aos palcos -<\/title>\n<meta name=\"robots\" content=\"index, follow, max-snippet:-1, max-image-preview:large, max-video-preview:-1\" \/>\n<link rel=\"canonical\" href=\"https:\/\/bailaodosuloficial.com.br\/index.php\/2026\/01\/12\/grupo-sofrenaco-leva-a-essencia-gaucha-de-unistalda-aos-palcos\/\" \/>\n<meta property=\"og:locale\" content=\"pt_BR\" \/>\n<meta property=\"og:type\" content=\"article\" \/>\n<meta property=\"og:title\" content=\"Grupo Sofrena\u00e7o leva a ess\u00eancia ga\u00facha de Unistalda aos palcos -\" \/>\n<meta property=\"og:description\" content=\"O Grupo Sofrena\u00e7o vem se destacando no cen\u00e1rio musical do Rio Grande do Sul com um trabalho que valoriza a tradi\u00e7\u00e3o, a identidade regional e a for\u00e7a da m\u00fasica ga\u00facha. Natural de Unistalda (RS), o grupo construiu sua trajet\u00f3ria levando ao p\u00fablico can\u00e7\u00f5es que traduzem o cotidiano, a viv\u00eancia do interior e a paix\u00e3o pelas\" \/>\n<meta property=\"og:url\" content=\"https:\/\/bailaodosuloficial.com.br\/index.php\/2026\/01\/12\/grupo-sofrenaco-leva-a-essencia-gaucha-de-unistalda-aos-palcos\/\" \/>\n<meta property=\"article:published_time\" content=\"2026-01-12T21:59:18+00:00\" \/>\n<meta property=\"og:image\" content=\"https:\/\/bailaodosuloficial.com.br\/wp-content\/uploads\/2026\/01\/image-34.png\" \/>\n\t<meta property=\"og:image:width\" content=\"629\" \/>\n\t<meta property=\"og:image:height\" content=\"553\" \/>\n\t<meta property=\"og:image:type\" content=\"image\/png\" \/>\n<meta name=\"author\" content=\"admin\" \/>\n<meta name=\"twitter:card\" content=\"summary_large_image\" \/>\n<meta name=\"twitter:label1\" content=\"Escrito por\" \/>\n\t<meta name=\"twitter:data1\" content=\"admin\" \/>\n\t<meta name=\"twitter:label2\" content=\"Est. tempo de leitura\" \/>\n\t<meta name=\"twitter:data2\" content=\"1 minuto\" \/>\n<script type=\"application\/ld+json\" class=\"yoast-schema-graph\">{\"@context\":\"https:\/\/schema.org\",\"@graph\":[{\"@type\":\"Article\",\"@id\":\"https:\/\/bailaodosuloficial.com.br\/index.php\/2026\/01\/12\/grupo-sofrenaco-leva-a-essencia-gaucha-de-unistalda-aos-palcos\/#article\",\"isPartOf\":{\"@id\":\"https:\/\/bailaodosuloficial.com.br\/index.php\/2026\/01\/12\/grupo-sofrenaco-leva-a-essencia-gaucha-de-unistalda-aos-palcos\/\"},\"author\":{\"name\":\"admin\",\"@id\":\"https:\/\/bailaodosuloficial.com.br\/#\/schema\/person\/b3bb1c43b091cd5c62100dd962ddda38\"},\"headline\":\"Grupo Sofrena\u00e7o leva a ess\u00eancia ga\u00facha de Unistalda aos palcos\",\"datePublished\":\"2026-01-12T21:59:18+00:00\",\"mainEntityOfPage\":{\"@id\":\"https:\/\/bailaodosuloficial.com.br\/index.php\/2026\/01\/12\/grupo-sofrenaco-leva-a-essencia-gaucha-de-unistalda-aos-palcos\/\"},\"wordCount\":271,\"commentCount\":0,\"publisher\":{\"@id\":\"https:\/\/bailaodosuloficial.com.br\/#organization\"},\"image\":{\"@id\":\"https:\/\/bailaodosuloficial.com.br\/index.php\/2026\/01\/12\/grupo-sofrenaco-leva-a-essencia-gaucha-de-unistalda-aos-palcos\/#primaryimage\"},\"thumbnailUrl\":\"https:\/\/bailaodosuloficial.com.br\/wp-content\/uploads\/2026\/01\/image-34.png\",\"articleSection\":[\"Ga\u00fachas\"],\"inLanguage\":\"pt-BR\",\"potentialAction\":[{\"@type\":\"CommentAction\",\"name\":\"Comment\",\"target\":[\"https:\/\/bailaodosuloficial.com.br\/index.php\/2026\/01\/12\/grupo-sofrenaco-leva-a-essencia-gaucha-de-unistalda-aos-palcos\/#respond\"]}]},{\"@type\":\"WebPage\",\"@id\":\"https:\/\/bailaodosuloficial.com.br\/index.php\/2026\/01\/12\/grupo-sofrenaco-leva-a-essencia-gaucha-de-unistalda-aos-palcos\/\",\"url\":\"https:\/\/bailaodosuloficial.com.br\/index.php\/2026\/01\/12\/grupo-sofrenaco-leva-a-essencia-gaucha-de-unistalda-aos-palcos\/\",\"name\":\"Grupo Sofrena\u00e7o leva a ess\u00eancia ga\u00facha de Unistalda aos palcos -\",\"isPartOf\":{\"@id\":\"https:\/\/bailaodosuloficial.com.br\/#website\"},\"primaryImageOfPage\":{\"@id\":\"https:\/\/bailaodosuloficial.com.br\/index.php\/2026\/01\/12\/grupo-sofrenaco-leva-a-essencia-gaucha-de-unistalda-aos-palcos\/#primaryimage\"},\"image\":{\"@id\":\"https:\/\/bailaodosuloficial.com.br\/index.php\/2026\/01\/12\/grupo-sofrenaco-leva-a-essencia-gaucha-de-unistalda-aos-palcos\/#primaryimage\"},\"thumbnailUrl\":\"https:\/\/bailaodosuloficial.com.br\/wp-content\/uploads\/2026\/01\/image-34.png\",\"datePublished\":\"2026-01-12T21:59:18+00:00\",\"breadcrumb\":{\"@id\":\"https:\/\/bailaodosuloficial.com.br\/index.php\/2026\/01\/12\/grupo-sofrenaco-leva-a-essencia-gaucha-de-unistalda-aos-palcos\/#breadcrumb\"},\"inLanguage\":\"pt-BR\",\"potentialAction\":[{\"@type\":\"ReadAction\",\"target\":[\"https:\/\/bailaodosuloficial.com.br\/index.php\/2026\/01\/12\/grupo-sofrenaco-leva-a-essencia-gaucha-de-unistalda-aos-palcos\/\"]}]},{\"@type\":\"ImageObject\",\"inLanguage\":\"pt-BR\",\"@id\":\"https:\/\/bailaodosuloficial.com.br\/index.php\/2026\/01\/12\/grupo-sofrenaco-leva-a-essencia-gaucha-de-unistalda-aos-palcos\/#primaryimage\",\"url\":\"https:\/\/bailaodosuloficial.com.br\/wp-content\/uploads\/2026\/01\/image-34.png\",\"contentUrl\":\"https:\/\/bailaodosuloficial.com.br\/wp-content\/uploads\/2026\/01\/image-34.png\",\"width\":629,\"height\":553},{\"@type\":\"BreadcrumbList\",\"@id\":\"https:\/\/bailaodosuloficial.com.br\/index.php\/2026\/01\/12\/grupo-sofrenaco-leva-a-essencia-gaucha-de-unistalda-aos-palcos\/#breadcrumb\",\"itemListElement\":[{\"@type\":\"ListItem\",\"position\":1,\"name\":\"In\u00edcio\",\"item\":\"https:\/\/bailaodosuloficial.com.br\/\"},{\"@type\":\"ListItem\",\"position\":2,\"name\":\"Grupo Sofrena\u00e7o leva a ess\u00eancia ga\u00facha de Unistalda aos palcos\"}]},{\"@type\":\"WebSite\",\"@id\":\"https:\/\/bailaodosuloficial.com.br\/#website\",\"url\":\"https:\/\/bailaodosuloficial.com.br\/\",\"name\":\"Bail\u00e3o do Sul\",\"description\":\"\",\"publisher\":{\"@id\":\"https:\/\/bailaodosuloficial.com.br\/#organization\"},\"alternateName\":\"Bail\u00e3o do Sul Oficial\",\"potentialAction\":[{\"@type\":\"SearchAction\",\"target\":{\"@type\":\"EntryPoint\",\"urlTemplate\":\"https:\/\/bailaodosuloficial.com.br\/?s={search_term_string}\"},\"query-input\":{\"@type\":\"PropertyValueSpecification\",\"valueRequired\":true,\"valueName\":\"search_term_string\"}}],\"inLanguage\":\"pt-BR\"},{\"@type\":\"Organization\",\"@id\":\"https:\/\/bailaodosuloficial.com.br\/#organization\",\"name\":\"Bail\u00e3o do Sul\",\"url\":\"https:\/\/bailaodosuloficial.com.br\/\",\"logo\":{\"@type\":\"ImageObject\",\"inLanguage\":\"pt-BR\",\"@id\":\"https:\/\/bailaodosuloficial.com.br\/#\/schema\/logo\/image\/\",\"url\":\"https:\/\/bailaodosuloficial.com.br\/wp-content\/uploads\/2026\/03\/cropped-fim-de-semana-5-scaled-1.png\",\"contentUrl\":\"https:\/\/bailaodosuloficial.com.br\/wp-content\/uploads\/2026\/03\/cropped-fim-de-semana-5-scaled-1.png\",\"width\":1989,\"height\":1371,\"caption\":\"Bail\u00e3o do Sul\"},\"image\":{\"@id\":\"https:\/\/bailaodosuloficial.com.br\/#\/schema\/logo\/image\/\"},\"sameAs\":[\"http:\/\/instagram.com\/bailaodosul\"]},{\"@type\":\"Person\",\"@id\":\"https:\/\/bailaodosuloficial.com.br\/#\/schema\/person\/b3bb1c43b091cd5c62100dd962ddda38\",\"name\":\"admin\",\"image\":{\"@type\":\"ImageObject\",\"inLanguage\":\"pt-BR\",\"@id\":\"https:\/\/bailaodosuloficial.com.br\/#\/schema\/person\/image\/\",\"url\":\"https:\/\/secure.gravatar.com\/avatar\/8e8beae45c6419737da9ea57a58a1f945a580b701e1def541b4459d4ac234c85?s=96&d=mm&r=g\",\"contentUrl\":\"https:\/\/secure.gravatar.com\/avatar\/8e8beae45c6419737da9ea57a58a1f945a580b701e1def541b4459d4ac234c85?s=96&d=mm&r=g\",\"caption\":\"admin\"},\"sameAs\":[\"https:\/\/bailaodosuloficial.com.br\"],\"url\":\"https:\/\/bailaodosuloficial.com.br\/index.php\/author\/bailao\/\"}]}<\/script>\n<!-- \/ Yoast SEO plugin. -->","yoast_head_json":{"title":"Grupo Sofrena\u00e7o leva a ess\u00eancia ga\u00facha de Unistalda aos palcos -","robots":{"index":"index","follow":"follow","max-snippet":"max-snippet:-1","max-image-preview":"max-image-preview:large","max-video-preview":"max-video-preview:-1"},"canonical":"https:\/\/bailaodosuloficial.com.br\/index.php\/2026\/01\/12\/grupo-sofrenaco-leva-a-essencia-gaucha-de-unistalda-aos-palcos\/","og_locale":"pt_BR","og_type":"article","og_title":"Grupo Sofrena\u00e7o leva a ess\u00eancia ga\u00facha de Unistalda aos palcos -","og_description":"O Grupo Sofrena\u00e7o vem se destacando no cen\u00e1rio musical do Rio Grande do Sul com um trabalho que valoriza a tradi\u00e7\u00e3o, a identidade regional e a for\u00e7a da m\u00fasica ga\u00facha. Natural de Unistalda (RS), o grupo construiu sua trajet\u00f3ria levando ao p\u00fablico can\u00e7\u00f5es que traduzem o cotidiano, a viv\u00eancia do interior e a paix\u00e3o pelas","og_url":"https:\/\/bailaodosuloficial.com.br\/index.php\/2026\/01\/12\/grupo-sofrenaco-leva-a-essencia-gaucha-de-unistalda-aos-palcos\/","article_published_time":"2026-01-12T21:59:18+00:00","og_image":[{"width":629,"height":553,"url":"https:\/\/bailaodosuloficial.com.br\/wp-content\/uploads\/2026\/01\/image-34.png","type":"image\/png"}],"author":"admin","twitter_card":"summary_large_image","twitter_misc":{"Escrito por":"admin","Est. tempo de leitura":"1 minuto"},"schema":{"@context":"https:\/\/schema.org","@graph":[{"@type":"Article","@id":"https:\/\/bailaodosuloficial.com.br\/index.php\/2026\/01\/12\/grupo-sofrenaco-leva-a-essencia-gaucha-de-unistalda-aos-palcos\/#article","isPartOf":{"@id":"https:\/\/bailaodosuloficial.com.br\/index.php\/2026\/01\/12\/grupo-sofrenaco-leva-a-essencia-gaucha-de-unistalda-aos-palcos\/"},"author":{"name":"admin","@id":"https:\/\/bailaodosuloficial.com.br\/#\/schema\/person\/b3bb1c43b091cd5c62100dd962ddda38"},"headline":"Grupo Sofrena\u00e7o leva a ess\u00eancia ga\u00facha de Unistalda aos palcos","datePublished":"2026-01-12T21:59:18+00:00","mainEntityOfPage":{"@id":"https:\/\/bailaodosuloficial.com.br\/index.php\/2026\/01\/12\/grupo-sofrenaco-leva-a-essencia-gaucha-de-unistalda-aos-palcos\/"},"wordCount":271,"commentCount":0,"publisher":{"@id":"https:\/\/bailaodosuloficial.com.br\/#organization"},"image":{"@id":"https:\/\/bailaodosuloficial.com.br\/index.php\/2026\/01\/12\/grupo-sofrenaco-leva-a-essencia-gaucha-de-unistalda-aos-palcos\/#primaryimage"},"thumbnailUrl":"https:\/\/bailaodosuloficial.com.br\/wp-content\/uploads\/2026\/01\/image-34.png","articleSection":["Ga\u00fachas"],"inLanguage":"pt-BR","potentialAction":[{"@type":"CommentAction","name":"Comment","target":["https:\/\/bailaodosuloficial.com.br\/index.php\/2026\/01\/12\/grupo-sofrenaco-leva-a-essencia-gaucha-de-unistalda-aos-palcos\/#respond"]}]},{"@type":"WebPage","@id":"https:\/\/bailaodosuloficial.com.br\/index.php\/2026\/01\/12\/grupo-sofrenaco-leva-a-essencia-gaucha-de-unistalda-aos-palcos\/","url":"https:\/\/bailaodosuloficial.com.br\/index.php\/2026\/01\/12\/grupo-sofrenaco-leva-a-essencia-gaucha-de-unistalda-aos-palcos\/","name":"Grupo Sofrena\u00e7o leva a ess\u00eancia ga\u00facha de Unistalda aos palcos -","isPartOf":{"@id":"https:\/\/bailaodosuloficial.com.br\/#website"},"primaryImageOfPage":{"@id":"https:\/\/bailaodosuloficial.com.br\/index.php\/2026\/01\/12\/grupo-sofrenaco-leva-a-essencia-gaucha-de-unistalda-aos-palcos\/#primaryimage"},"image":{"@id":"https:\/\/bailaodosuloficial.com.br\/index.php\/2026\/01\/12\/grupo-sofrenaco-leva-a-essencia-gaucha-de-unistalda-aos-palcos\/#primaryimage"},"thumbnailUrl":"https:\/\/bailaodosuloficial.com.br\/wp-content\/uploads\/2026\/01\/image-34.png","datePublished":"2026-01-12T21:59:18+00:00","breadcrumb":{"@id":"https:\/\/bailaodosuloficial.com.br\/index.php\/2026\/01\/12\/grupo-sofrenaco-leva-a-essencia-gaucha-de-unistalda-aos-palcos\/#breadcrumb"},"inLanguage":"pt-BR","potentialAction":[{"@type":"ReadAction","target":["https:\/\/bailaodosuloficial.com.br\/index.php\/2026\/01\/12\/grupo-sofrenaco-leva-a-essencia-gaucha-de-unistalda-aos-palcos\/"]}]},{"@type":"ImageObject","inLanguage":"pt-BR","@id":"https:\/\/bailaodosuloficial.com.br\/index.php\/2026\/01\/12\/grupo-sofrenaco-leva-a-essencia-gaucha-de-unistalda-aos-palcos\/#primaryimage","url":"https:\/\/bailaodosuloficial.com.br\/wp-content\/uploads\/2026\/01\/image-34.png","contentUrl":"https:\/\/bailaodosuloficial.com.br\/wp-content\/uploads\/2026\/01\/image-34.png","width":629,"height":553},{"@type":"BreadcrumbList","@id":"https:\/\/bailaodosuloficial.com.br\/index.php\/2026\/01\/12\/grupo-sofrenaco-leva-a-essencia-gaucha-de-unistalda-aos-palcos\/#breadcrumb","itemListElement":[{"@type":"ListItem","position":1,"name":"In\u00edcio","item":"https:\/\/bailaodosuloficial.com.br\/"},{"@type":"ListItem","position":2,"name":"Grupo Sofrena\u00e7o leva a ess\u00eancia ga\u00facha de Unistalda aos palcos"}]},{"@type":"WebSite","@id":"https:\/\/bailaodosuloficial.com.br\/#website","url":"https:\/\/bailaodosuloficial.com.br\/","name":"Bail\u00e3o do Sul","description":"","publisher":{"@id":"https:\/\/bailaodosuloficial.com.br\/#organization"},"alternateName":"Bail\u00e3o do Sul Oficial","potentialAction":[{"@type":"SearchAction","target":{"@type":"EntryPoint","urlTemplate":"https:\/\/bailaodosuloficial.com.br\/?s={search_term_string}"},"query-input":{"@type":"PropertyValueSpecification","valueRequired":true,"valueName":"search_term_string"}}],"inLanguage":"pt-BR"},{"@type":"Organization","@id":"https:\/\/bailaodosuloficial.com.br\/#organization","name":"Bail\u00e3o do Sul","url":"https:\/\/bailaodosuloficial.com.br\/","logo":{"@type":"ImageObject","inLanguage":"pt-BR","@id":"https:\/\/bailaodosuloficial.com.br\/#\/schema\/logo\/image\/","url":"https:\/\/bailaodosuloficial.com.br\/wp-content\/uploads\/2026\/03\/cropped-fim-de-semana-5-scaled-1.png","contentUrl":"https:\/\/bailaodosuloficial.com.br\/wp-content\/uploads\/2026\/03\/cropped-fim-de-semana-5-scaled-1.png","width":1989,"height":1371,"caption":"Bail\u00e3o do Sul"},"image":{"@id":"https:\/\/bailaodosuloficial.com.br\/#\/schema\/logo\/image\/"},"sameAs":["http:\/\/instagram.com\/bailaodosul"]},{"@type":"Person","@id":"https:\/\/bailaodosuloficial.com.br\/#\/schema\/person\/b3bb1c43b091cd5c62100dd962ddda38","name":"admin","image":{"@type":"ImageObject","inLanguage":"pt-BR","@id":"https:\/\/bailaodosuloficial.com.br\/#\/schema\/person\/image\/","url":"https:\/\/secure.gravatar.com\/avatar\/8e8beae45c6419737da9ea57a58a1f945a580b701e1def541b4459d4ac234c85?s=96&d=mm&r=g","contentUrl":"https:\/\/secure.gravatar.com\/avatar\/8e8beae45c6419737da9ea57a58a1f945a580b701e1def541b4459d4ac234c85?s=96&d=mm&r=g","caption":"admin"},"sameAs":["https:\/\/bailaodosuloficial.com.br"],"url":"https:\/\/bailaodosuloficial.com.br\/index.php\/author\/bailao\/"}]}},"_links":{"self":[{"href":"https:\/\/bailaodosuloficial.com.br\/index.php\/wp-json\/wp\/v2\/posts\/654","targetHints":{"allow":["GET"]}}],"collection":[{"href":"https:\/\/bailaodosuloficial.com.br\/index.php\/wp-json\/wp\/v2\/posts"}],"about":[{"href":"https:\/\/bailaodosuloficial.com.br\/index.php\/wp-json\/wp\/v2\/types\/post"}],"author":[{"embeddable":true,"href":"https:\/\/bailaodosuloficial.com.br\/index.php\/wp-json\/wp\/v2\/users\/1"}],"replies":[{"embeddable":true,"href":"https:\/\/bailaodosuloficial.com.br\/index.php\/wp-json\/wp\/v2\/comments?post=654"}],"version-history":[{"count":1,"href":"https:\/\/bailaodosuloficial.com.br\/index.php\/wp-json\/wp\/v2\/posts\/654\/revisions"}],"predecessor-version":[{"id":656,"href":"https:\/\/bailaodosuloficial.com.br\/index.php\/wp-json\/wp\/v2\/posts\/654\/revisions\/656"}],"wp:featuredmedia":[{"embeddable":true,"href":"https:\/\/bailaodosuloficial.com.br\/index.php\/wp-json\/wp\/v2\/media\/655"}],"wp:attachment":[{"href":"https:\/\/bailaodosuloficial.com.br\/index.php\/wp-json\/wp\/v2\/media?parent=654"}],"wp:term":[{"taxonomy":"category","embeddable":true,"href":"https:\/\/bailaodosuloficial.com.br\/index.php\/wp-json\/wp\/v2\/categories?post=654"},{"taxonomy":"post_tag","embeddable":true,"href":"https:\/\/bailaodosuloficial.com.br\/index.php\/wp-json\/wp\/v2\/tags?post=654"}],"curies":[{"name":"wp","href":"https:\/\/api.w.org\/{rel}","templated":true}]}}