{"id":657,"date":"2026-01-13T12:38:41","date_gmt":"2026-01-13T12:38:41","guid":{"rendered":"https:\/\/bailaodosuloficial.com.br\/?p=657"},"modified":"2026-01-13T12:39:16","modified_gmt":"2026-01-13T12:39:16","slug":"rogerio-magrao-e-banda-uma-trajetoria-de-sucessos-que-embala-o-sul-do-brasil","status":"publish","type":"post","link":"https:\/\/bailaodosuloficial.com.br\/index.php\/2026\/01\/13\/rogerio-magrao-e-banda-uma-trajetoria-de-sucessos-que-embala-o-sul-do-brasil\/","title":{"rendered":"Rog\u00e9rio Magr\u00e3o e Banda: uma trajet\u00f3ria de sucessos que embala o Sul do Brasil"},"content":{"rendered":"\n<p><strong>Rog\u00e9rio Magr\u00e3o e Banda<\/strong> \u00e9 um dos nomes mais expressivos da m\u00fasica popular no <strong>sul do Brasil<\/strong>, com uma trajet\u00f3ria marcada pela forte conex\u00e3o com o p\u00fablico e pela presen\u00e7a constante em bailes, festas regionais e eventos culturais. A banda tem sua origem no <strong>Rio Grande do Sul<\/strong>, com atua\u00e7\u00e3o destacada principalmente em cidades da regi\u00e3o Sul e estados vizinhos, consolidando-se ao longo de mais de uma d\u00e9cada como refer\u00eancia no repert\u00f3rio que une romantismo, alegria e ritmo dan\u00e7ante.<\/p>\n\n\n\n<p>A trajet\u00f3ria do grupo come\u00e7ou oficialmente em <strong>2012<\/strong>, quando Rog\u00e9rio Magr\u00e3o decidiu reunir m\u00fasicos profissionais para trabalhar a m\u00fasica em sua ess\u00eancia, apresentando can\u00e7\u00f5es que marcaram \u00e9poca na voz marcante do cantor e in\u00e9ditas criadas ao longo dos anos. Com uma forma\u00e7\u00e3o composta por instrumentistas experientes e uma estrutura de show que inclui som e ilumina\u00e7\u00e3o de alto n\u00edvel, a banda rapidamente ganhou espa\u00e7o nas programa\u00e7\u00f5es de r\u00e1dios e nas agendas de eventos populares.<\/p>\n\n\n\n<p>Ao longo dos anos, Rog\u00e9rio Magr\u00e3o e Banda lan\u00e7ou diversos trabalhos que conquistaram o p\u00fablico, incluindo \u00e1lbuns e singles que figuram entre os preferidos nas r\u00e1dios do Sul. Sucessos como <em>\u201cDespedida de Casado\u201d<\/em>, <em>\u201cSe Toca Essa Moda\u201d<\/em>, <em>\u201cTinha Um Bar no Caminho\u201d<\/em> e <em>\u201cReca\u00edda Certa\u201d<\/em> tornaram-se frequentes em festas e playlists, refletindo a habilidade da banda de mesclar letras emotivas com ritmos que convidam \u00e0 dan\u00e7a e celebram a cultura regional.<\/p>\n\n\n\n<p>Em 2023, o grupo comemorou uma d\u00e9cada de carreira com a grava\u00e7\u00e3o do <strong>DVD \u201c10 Anos de Sucessos\u201d<\/strong>, um marco que celebra a evolu\u00e7\u00e3o art\u00edstica e a rela\u00e7\u00e3o constru\u00edda com os f\u00e3s ao longo dos anos. Al\u00e9m das produ\u00e7\u00f5es lan\u00e7adas, o repert\u00f3rio recente da banda inclui singles como <em>\u201cCh\u00e1 de Amor\u201d<\/em> e <em>\u201cO Cora\u00e7\u00e3o Pirou\u201d<\/em>, que refor\u00e7am a versatilidade musical do grupo e sua capacidade de se conectar com diferentes p\u00fablicos por meio de melodias envolventes e letras que falam de amor, festa e sentimento.<\/p>\n\n\n\n<figure class=\"wp-block-embed is-type-video is-provider-youtube wp-block-embed-youtube wp-embed-aspect-16-9 wp-has-aspect-ratio\"><div class=\"wp-block-embed__wrapper\">\n<iframe loading=\"lazy\" title=\"ROG\u00c9RIO MAGR\u00c3O E BANDA - O CORA\u00c7\u00c3O PIROU (CLIPE OFICIAL)\" width=\"960\" height=\"540\" src=\"https:\/\/www.youtube.com\/embed\/WORa_0ntBJY?feature=oembed\" frameborder=\"0\" allow=\"accelerometer; autoplay; clipboard-write; encrypted-media; gyroscope; picture-in-picture; web-share\" referrerpolicy=\"strict-origin-when-cross-origin\" allowfullscreen><\/iframe>\n<\/div><\/figure>\n\n\n\n<p>Com milhares de seguidores nas redes sociais e presen\u00e7a constante em r\u00e1dios e plataformas de streaming, Rog\u00e9rio Magr\u00e3o e Banda segue levando sua m\u00fasica por cidades e eventos de Santa Catarina, Rio Grande do Sul, Paran\u00e1 e al\u00e9m, construindo uma carreira s\u00f3lida e admirada por f\u00e3s que acompanham cada lan\u00e7amento e apresenta\u00e7\u00e3o ao vivo.<\/p>\n","protected":false},"excerpt":{"rendered":"<p>Rog\u00e9rio Magr\u00e3o e Banda \u00e9 um dos nomes mais expressivos da m\u00fasica popular no sul do Brasil, com uma trajet\u00f3ria marcada pela forte conex\u00e3o com o p\u00fablico e pela presen\u00e7a constante em bailes, festas regionais e eventos culturais. A banda tem sua origem no Rio Grande do Sul, com atua\u00e7\u00e3o destacada principalmente em cidades da<\/p>\n","protected":false},"author":1,"featured_media":658,"comment_status":"open","ping_status":"open","sticky":false,"template":"","format":"standard","meta":{"footnotes":""},"categories":[2],"tags":[],"class_list":["post-657","post","type-post","status-publish","format-standard","has-post-thumbnail","hentry","category-bailao"],"yoast_head":"<!-- This site is optimized with the Yoast SEO plugin v26.9 - https:\/\/yoast.com\/product\/yoast-seo-wordpress\/ -->\n<title>Rog\u00e9rio Magr\u00e3o e Banda: uma trajet\u00f3ria de sucessos que embala o Sul do Brasil -<\/title>\n<meta name=\"robots\" content=\"index, follow, max-snippet:-1, max-image-preview:large, max-video-preview:-1\" \/>\n<link rel=\"canonical\" href=\"https:\/\/bailaodosuloficial.com.br\/index.php\/2026\/01\/13\/rogerio-magrao-e-banda-uma-trajetoria-de-sucessos-que-embala-o-sul-do-brasil\/\" \/>\n<meta property=\"og:locale\" content=\"pt_BR\" \/>\n<meta property=\"og:type\" content=\"article\" \/>\n<meta property=\"og:title\" content=\"Rog\u00e9rio Magr\u00e3o e Banda: uma trajet\u00f3ria de sucessos que embala o Sul do Brasil -\" \/>\n<meta property=\"og:description\" content=\"Rog\u00e9rio Magr\u00e3o e Banda \u00e9 um dos nomes mais expressivos da m\u00fasica popular no sul do Brasil, com uma trajet\u00f3ria marcada pela forte conex\u00e3o com o p\u00fablico e pela presen\u00e7a constante em bailes, festas regionais e eventos culturais. A banda tem sua origem no Rio Grande do Sul, com atua\u00e7\u00e3o destacada principalmente em cidades da\" \/>\n<meta property=\"og:url\" content=\"https:\/\/bailaodosuloficial.com.br\/index.php\/2026\/01\/13\/rogerio-magrao-e-banda-uma-trajetoria-de-sucessos-que-embala-o-sul-do-brasil\/\" \/>\n<meta property=\"article:published_time\" content=\"2026-01-13T12:38:41+00:00\" \/>\n<meta property=\"article:modified_time\" content=\"2026-01-13T12:39:16+00:00\" \/>\n<meta property=\"og:image\" content=\"https:\/\/bailaodosuloficial.com.br\/wp-content\/uploads\/2026\/01\/image-35.png\" \/>\n\t<meta property=\"og:image:width\" content=\"875\" \/>\n\t<meta property=\"og:image:height\" content=\"683\" \/>\n\t<meta property=\"og:image:type\" content=\"image\/png\" \/>\n<meta name=\"author\" content=\"admin\" \/>\n<meta name=\"twitter:card\" content=\"summary_large_image\" \/>\n<meta name=\"twitter:label1\" content=\"Escrito por\" \/>\n\t<meta name=\"twitter:data1\" content=\"admin\" \/>\n\t<meta name=\"twitter:label2\" content=\"Est. tempo de leitura\" \/>\n\t<meta name=\"twitter:data2\" content=\"2 minutos\" \/>\n<script type=\"application\/ld+json\" class=\"yoast-schema-graph\">{\"@context\":\"https:\/\/schema.org\",\"@graph\":[{\"@type\":\"Article\",\"@id\":\"https:\/\/bailaodosuloficial.com.br\/index.php\/2026\/01\/13\/rogerio-magrao-e-banda-uma-trajetoria-de-sucessos-que-embala-o-sul-do-brasil\/#article\",\"isPartOf\":{\"@id\":\"https:\/\/bailaodosuloficial.com.br\/index.php\/2026\/01\/13\/rogerio-magrao-e-banda-uma-trajetoria-de-sucessos-que-embala-o-sul-do-brasil\/\"},\"author\":{\"name\":\"admin\",\"@id\":\"https:\/\/bailaodosuloficial.com.br\/#\/schema\/person\/b3bb1c43b091cd5c62100dd962ddda38\"},\"headline\":\"Rog\u00e9rio Magr\u00e3o e Banda: uma trajet\u00f3ria de sucessos que embala o Sul do Brasil\",\"datePublished\":\"2026-01-13T12:38:41+00:00\",\"dateModified\":\"2026-01-13T12:39:16+00:00\",\"mainEntityOfPage\":{\"@id\":\"https:\/\/bailaodosuloficial.com.br\/index.php\/2026\/01\/13\/rogerio-magrao-e-banda-uma-trajetoria-de-sucessos-que-embala-o-sul-do-brasil\/\"},\"wordCount\":442,\"commentCount\":0,\"publisher\":{\"@id\":\"https:\/\/bailaodosuloficial.com.br\/#organization\"},\"image\":{\"@id\":\"https:\/\/bailaodosuloficial.com.br\/index.php\/2026\/01\/13\/rogerio-magrao-e-banda-uma-trajetoria-de-sucessos-que-embala-o-sul-do-brasil\/#primaryimage\"},\"thumbnailUrl\":\"https:\/\/bailaodosuloficial.com.br\/wp-content\/uploads\/2026\/01\/image-35.png\",\"articleSection\":[\"Bail\u00e3o\"],\"inLanguage\":\"pt-BR\",\"potentialAction\":[{\"@type\":\"CommentAction\",\"name\":\"Comment\",\"target\":[\"https:\/\/bailaodosuloficial.com.br\/index.php\/2026\/01\/13\/rogerio-magrao-e-banda-uma-trajetoria-de-sucessos-que-embala-o-sul-do-brasil\/#respond\"]}]},{\"@type\":\"WebPage\",\"@id\":\"https:\/\/bailaodosuloficial.com.br\/index.php\/2026\/01\/13\/rogerio-magrao-e-banda-uma-trajetoria-de-sucessos-que-embala-o-sul-do-brasil\/\",\"url\":\"https:\/\/bailaodosuloficial.com.br\/index.php\/2026\/01\/13\/rogerio-magrao-e-banda-uma-trajetoria-de-sucessos-que-embala-o-sul-do-brasil\/\",\"name\":\"Rog\u00e9rio Magr\u00e3o e Banda: uma trajet\u00f3ria de sucessos que embala o Sul do Brasil -\",\"isPartOf\":{\"@id\":\"https:\/\/bailaodosuloficial.com.br\/#website\"},\"primaryImageOfPage\":{\"@id\":\"https:\/\/bailaodosuloficial.com.br\/index.php\/2026\/01\/13\/rogerio-magrao-e-banda-uma-trajetoria-de-sucessos-que-embala-o-sul-do-brasil\/#primaryimage\"},\"image\":{\"@id\":\"https:\/\/bailaodosuloficial.com.br\/index.php\/2026\/01\/13\/rogerio-magrao-e-banda-uma-trajetoria-de-sucessos-que-embala-o-sul-do-brasil\/#primaryimage\"},\"thumbnailUrl\":\"https:\/\/bailaodosuloficial.com.br\/wp-content\/uploads\/2026\/01\/image-35.png\",\"datePublished\":\"2026-01-13T12:38:41+00:00\",\"dateModified\":\"2026-01-13T12:39:16+00:00\",\"breadcrumb\":{\"@id\":\"https:\/\/bailaodosuloficial.com.br\/index.php\/2026\/01\/13\/rogerio-magrao-e-banda-uma-trajetoria-de-sucessos-que-embala-o-sul-do-brasil\/#breadcrumb\"},\"inLanguage\":\"pt-BR\",\"potentialAction\":[{\"@type\":\"ReadAction\",\"target\":[\"https:\/\/bailaodosuloficial.com.br\/index.php\/2026\/01\/13\/rogerio-magrao-e-banda-uma-trajetoria-de-sucessos-que-embala-o-sul-do-brasil\/\"]}]},{\"@type\":\"ImageObject\",\"inLanguage\":\"pt-BR\",\"@id\":\"https:\/\/bailaodosuloficial.com.br\/index.php\/2026\/01\/13\/rogerio-magrao-e-banda-uma-trajetoria-de-sucessos-que-embala-o-sul-do-brasil\/#primaryimage\",\"url\":\"https:\/\/bailaodosuloficial.com.br\/wp-content\/uploads\/2026\/01\/image-35.png\",\"contentUrl\":\"https:\/\/bailaodosuloficial.com.br\/wp-content\/uploads\/2026\/01\/image-35.png\",\"width\":875,\"height\":683},{\"@type\":\"BreadcrumbList\",\"@id\":\"https:\/\/bailaodosuloficial.com.br\/index.php\/2026\/01\/13\/rogerio-magrao-e-banda-uma-trajetoria-de-sucessos-que-embala-o-sul-do-brasil\/#breadcrumb\",\"itemListElement\":[{\"@type\":\"ListItem\",\"position\":1,\"name\":\"In\u00edcio\",\"item\":\"https:\/\/bailaodosuloficial.com.br\/\"},{\"@type\":\"ListItem\",\"position\":2,\"name\":\"Rog\u00e9rio Magr\u00e3o e Banda: uma trajet\u00f3ria de sucessos que embala o Sul do Brasil\"}]},{\"@type\":\"WebSite\",\"@id\":\"https:\/\/bailaodosuloficial.com.br\/#website\",\"url\":\"https:\/\/bailaodosuloficial.com.br\/\",\"name\":\"Bail\u00e3o do Sul\",\"description\":\"\",\"publisher\":{\"@id\":\"https:\/\/bailaodosuloficial.com.br\/#organization\"},\"alternateName\":\"Bail\u00e3o do Sul Oficial\",\"potentialAction\":[{\"@type\":\"SearchAction\",\"target\":{\"@type\":\"EntryPoint\",\"urlTemplate\":\"https:\/\/bailaodosuloficial.com.br\/?s={search_term_string}\"},\"query-input\":{\"@type\":\"PropertyValueSpecification\",\"valueRequired\":true,\"valueName\":\"search_term_string\"}}],\"inLanguage\":\"pt-BR\"},{\"@type\":\"Organization\",\"@id\":\"https:\/\/bailaodosuloficial.com.br\/#organization\",\"name\":\"Bail\u00e3o do Sul\",\"url\":\"https:\/\/bailaodosuloficial.com.br\/\",\"logo\":{\"@type\":\"ImageObject\",\"inLanguage\":\"pt-BR\",\"@id\":\"https:\/\/bailaodosuloficial.com.br\/#\/schema\/logo\/image\/\",\"url\":\"https:\/\/bailaodosuloficial.com.br\/wp-content\/uploads\/2026\/03\/cropped-fim-de-semana-5-scaled-1.png\",\"contentUrl\":\"https:\/\/bailaodosuloficial.com.br\/wp-content\/uploads\/2026\/03\/cropped-fim-de-semana-5-scaled-1.png\",\"width\":1989,\"height\":1371,\"caption\":\"Bail\u00e3o do Sul\"},\"image\":{\"@id\":\"https:\/\/bailaodosuloficial.com.br\/#\/schema\/logo\/image\/\"},\"sameAs\":[\"http:\/\/instagram.com\/bailaodosul\"]},{\"@type\":\"Person\",\"@id\":\"https:\/\/bailaodosuloficial.com.br\/#\/schema\/person\/b3bb1c43b091cd5c62100dd962ddda38\",\"name\":\"admin\",\"image\":{\"@type\":\"ImageObject\",\"inLanguage\":\"pt-BR\",\"@id\":\"https:\/\/bailaodosuloficial.com.br\/#\/schema\/person\/image\/\",\"url\":\"https:\/\/secure.gravatar.com\/avatar\/8e8beae45c6419737da9ea57a58a1f945a580b701e1def541b4459d4ac234c85?s=96&d=mm&r=g\",\"contentUrl\":\"https:\/\/secure.gravatar.com\/avatar\/8e8beae45c6419737da9ea57a58a1f945a580b701e1def541b4459d4ac234c85?s=96&d=mm&r=g\",\"caption\":\"admin\"},\"sameAs\":[\"https:\/\/bailaodosuloficial.com.br\"],\"url\":\"https:\/\/bailaodosuloficial.com.br\/index.php\/author\/bailao\/\"}]}<\/script>\n<!-- \/ Yoast SEO plugin. -->","yoast_head_json":{"title":"Rog\u00e9rio Magr\u00e3o e Banda: uma trajet\u00f3ria de sucessos que embala o Sul do Brasil -","robots":{"index":"index","follow":"follow","max-snippet":"max-snippet:-1","max-image-preview":"max-image-preview:large","max-video-preview":"max-video-preview:-1"},"canonical":"https:\/\/bailaodosuloficial.com.br\/index.php\/2026\/01\/13\/rogerio-magrao-e-banda-uma-trajetoria-de-sucessos-que-embala-o-sul-do-brasil\/","og_locale":"pt_BR","og_type":"article","og_title":"Rog\u00e9rio Magr\u00e3o e Banda: uma trajet\u00f3ria de sucessos que embala o Sul do Brasil -","og_description":"Rog\u00e9rio Magr\u00e3o e Banda \u00e9 um dos nomes mais expressivos da m\u00fasica popular no sul do Brasil, com uma trajet\u00f3ria marcada pela forte conex\u00e3o com o p\u00fablico e pela presen\u00e7a constante em bailes, festas regionais e eventos culturais. A banda tem sua origem no Rio Grande do Sul, com atua\u00e7\u00e3o destacada principalmente em cidades da","og_url":"https:\/\/bailaodosuloficial.com.br\/index.php\/2026\/01\/13\/rogerio-magrao-e-banda-uma-trajetoria-de-sucessos-que-embala-o-sul-do-brasil\/","article_published_time":"2026-01-13T12:38:41+00:00","article_modified_time":"2026-01-13T12:39:16+00:00","og_image":[{"width":875,"height":683,"url":"https:\/\/bailaodosuloficial.com.br\/wp-content\/uploads\/2026\/01\/image-35.png","type":"image\/png"}],"author":"admin","twitter_card":"summary_large_image","twitter_misc":{"Escrito por":"admin","Est. tempo de leitura":"2 minutos"},"schema":{"@context":"https:\/\/schema.org","@graph":[{"@type":"Article","@id":"https:\/\/bailaodosuloficial.com.br\/index.php\/2026\/01\/13\/rogerio-magrao-e-banda-uma-trajetoria-de-sucessos-que-embala-o-sul-do-brasil\/#article","isPartOf":{"@id":"https:\/\/bailaodosuloficial.com.br\/index.php\/2026\/01\/13\/rogerio-magrao-e-banda-uma-trajetoria-de-sucessos-que-embala-o-sul-do-brasil\/"},"author":{"name":"admin","@id":"https:\/\/bailaodosuloficial.com.br\/#\/schema\/person\/b3bb1c43b091cd5c62100dd962ddda38"},"headline":"Rog\u00e9rio Magr\u00e3o e Banda: uma trajet\u00f3ria de sucessos que embala o Sul do Brasil","datePublished":"2026-01-13T12:38:41+00:00","dateModified":"2026-01-13T12:39:16+00:00","mainEntityOfPage":{"@id":"https:\/\/bailaodosuloficial.com.br\/index.php\/2026\/01\/13\/rogerio-magrao-e-banda-uma-trajetoria-de-sucessos-que-embala-o-sul-do-brasil\/"},"wordCount":442,"commentCount":0,"publisher":{"@id":"https:\/\/bailaodosuloficial.com.br\/#organization"},"image":{"@id":"https:\/\/bailaodosuloficial.com.br\/index.php\/2026\/01\/13\/rogerio-magrao-e-banda-uma-trajetoria-de-sucessos-que-embala-o-sul-do-brasil\/#primaryimage"},"thumbnailUrl":"https:\/\/bailaodosuloficial.com.br\/wp-content\/uploads\/2026\/01\/image-35.png","articleSection":["Bail\u00e3o"],"inLanguage":"pt-BR","potentialAction":[{"@type":"CommentAction","name":"Comment","target":["https:\/\/bailaodosuloficial.com.br\/index.php\/2026\/01\/13\/rogerio-magrao-e-banda-uma-trajetoria-de-sucessos-que-embala-o-sul-do-brasil\/#respond"]}]},{"@type":"WebPage","@id":"https:\/\/bailaodosuloficial.com.br\/index.php\/2026\/01\/13\/rogerio-magrao-e-banda-uma-trajetoria-de-sucessos-que-embala-o-sul-do-brasil\/","url":"https:\/\/bailaodosuloficial.com.br\/index.php\/2026\/01\/13\/rogerio-magrao-e-banda-uma-trajetoria-de-sucessos-que-embala-o-sul-do-brasil\/","name":"Rog\u00e9rio Magr\u00e3o e Banda: uma trajet\u00f3ria de sucessos que embala o Sul do Brasil -","isPartOf":{"@id":"https:\/\/bailaodosuloficial.com.br\/#website"},"primaryImageOfPage":{"@id":"https:\/\/bailaodosuloficial.com.br\/index.php\/2026\/01\/13\/rogerio-magrao-e-banda-uma-trajetoria-de-sucessos-que-embala-o-sul-do-brasil\/#primaryimage"},"image":{"@id":"https:\/\/bailaodosuloficial.com.br\/index.php\/2026\/01\/13\/rogerio-magrao-e-banda-uma-trajetoria-de-sucessos-que-embala-o-sul-do-brasil\/#primaryimage"},"thumbnailUrl":"https:\/\/bailaodosuloficial.com.br\/wp-content\/uploads\/2026\/01\/image-35.png","datePublished":"2026-01-13T12:38:41+00:00","dateModified":"2026-01-13T12:39:16+00:00","breadcrumb":{"@id":"https:\/\/bailaodosuloficial.com.br\/index.php\/2026\/01\/13\/rogerio-magrao-e-banda-uma-trajetoria-de-sucessos-que-embala-o-sul-do-brasil\/#breadcrumb"},"inLanguage":"pt-BR","potentialAction":[{"@type":"ReadAction","target":["https:\/\/bailaodosuloficial.com.br\/index.php\/2026\/01\/13\/rogerio-magrao-e-banda-uma-trajetoria-de-sucessos-que-embala-o-sul-do-brasil\/"]}]},{"@type":"ImageObject","inLanguage":"pt-BR","@id":"https:\/\/bailaodosuloficial.com.br\/index.php\/2026\/01\/13\/rogerio-magrao-e-banda-uma-trajetoria-de-sucessos-que-embala-o-sul-do-brasil\/#primaryimage","url":"https:\/\/bailaodosuloficial.com.br\/wp-content\/uploads\/2026\/01\/image-35.png","contentUrl":"https:\/\/bailaodosuloficial.com.br\/wp-content\/uploads\/2026\/01\/image-35.png","width":875,"height":683},{"@type":"BreadcrumbList","@id":"https:\/\/bailaodosuloficial.com.br\/index.php\/2026\/01\/13\/rogerio-magrao-e-banda-uma-trajetoria-de-sucessos-que-embala-o-sul-do-brasil\/#breadcrumb","itemListElement":[{"@type":"ListItem","position":1,"name":"In\u00edcio","item":"https:\/\/bailaodosuloficial.com.br\/"},{"@type":"ListItem","position":2,"name":"Rog\u00e9rio Magr\u00e3o e Banda: uma trajet\u00f3ria de sucessos que embala o Sul do Brasil"}]},{"@type":"WebSite","@id":"https:\/\/bailaodosuloficial.com.br\/#website","url":"https:\/\/bailaodosuloficial.com.br\/","name":"Bail\u00e3o do Sul","description":"","publisher":{"@id":"https:\/\/bailaodosuloficial.com.br\/#organization"},"alternateName":"Bail\u00e3o do Sul Oficial","potentialAction":[{"@type":"SearchAction","target":{"@type":"EntryPoint","urlTemplate":"https:\/\/bailaodosuloficial.com.br\/?s={search_term_string}"},"query-input":{"@type":"PropertyValueSpecification","valueRequired":true,"valueName":"search_term_string"}}],"inLanguage":"pt-BR"},{"@type":"Organization","@id":"https:\/\/bailaodosuloficial.com.br\/#organization","name":"Bail\u00e3o do Sul","url":"https:\/\/bailaodosuloficial.com.br\/","logo":{"@type":"ImageObject","inLanguage":"pt-BR","@id":"https:\/\/bailaodosuloficial.com.br\/#\/schema\/logo\/image\/","url":"https:\/\/bailaodosuloficial.com.br\/wp-content\/uploads\/2026\/03\/cropped-fim-de-semana-5-scaled-1.png","contentUrl":"https:\/\/bailaodosuloficial.com.br\/wp-content\/uploads\/2026\/03\/cropped-fim-de-semana-5-scaled-1.png","width":1989,"height":1371,"caption":"Bail\u00e3o do Sul"},"image":{"@id":"https:\/\/bailaodosuloficial.com.br\/#\/schema\/logo\/image\/"},"sameAs":["http:\/\/instagram.com\/bailaodosul"]},{"@type":"Person","@id":"https:\/\/bailaodosuloficial.com.br\/#\/schema\/person\/b3bb1c43b091cd5c62100dd962ddda38","name":"admin","image":{"@type":"ImageObject","inLanguage":"pt-BR","@id":"https:\/\/bailaodosuloficial.com.br\/#\/schema\/person\/image\/","url":"https:\/\/secure.gravatar.com\/avatar\/8e8beae45c6419737da9ea57a58a1f945a580b701e1def541b4459d4ac234c85?s=96&d=mm&r=g","contentUrl":"https:\/\/secure.gravatar.com\/avatar\/8e8beae45c6419737da9ea57a58a1f945a580b701e1def541b4459d4ac234c85?s=96&d=mm&r=g","caption":"admin"},"sameAs":["https:\/\/bailaodosuloficial.com.br"],"url":"https:\/\/bailaodosuloficial.com.br\/index.php\/author\/bailao\/"}]}},"_links":{"self":[{"href":"https:\/\/bailaodosuloficial.com.br\/index.php\/wp-json\/wp\/v2\/posts\/657","targetHints":{"allow":["GET"]}}],"collection":[{"href":"https:\/\/bailaodosuloficial.com.br\/index.php\/wp-json\/wp\/v2\/posts"}],"about":[{"href":"https:\/\/bailaodosuloficial.com.br\/index.php\/wp-json\/wp\/v2\/types\/post"}],"author":[{"embeddable":true,"href":"https:\/\/bailaodosuloficial.com.br\/index.php\/wp-json\/wp\/v2\/users\/1"}],"replies":[{"embeddable":true,"href":"https:\/\/bailaodosuloficial.com.br\/index.php\/wp-json\/wp\/v2\/comments?post=657"}],"version-history":[{"count":1,"href":"https:\/\/bailaodosuloficial.com.br\/index.php\/wp-json\/wp\/v2\/posts\/657\/revisions"}],"predecessor-version":[{"id":659,"href":"https:\/\/bailaodosuloficial.com.br\/index.php\/wp-json\/wp\/v2\/posts\/657\/revisions\/659"}],"wp:featuredmedia":[{"embeddable":true,"href":"https:\/\/bailaodosuloficial.com.br\/index.php\/wp-json\/wp\/v2\/media\/658"}],"wp:attachment":[{"href":"https:\/\/bailaodosuloficial.com.br\/index.php\/wp-json\/wp\/v2\/media?parent=657"}],"wp:term":[{"taxonomy":"category","embeddable":true,"href":"https:\/\/bailaodosuloficial.com.br\/index.php\/wp-json\/wp\/v2\/categories?post=657"},{"taxonomy":"post_tag","embeddable":true,"href":"https:\/\/bailaodosuloficial.com.br\/index.php\/wp-json\/wp\/v2\/tags?post=657"}],"curies":[{"name":"wp","href":"https:\/\/api.w.org\/{rel}","templated":true}]}}