{"id":668,"date":"2026-01-15T11:49:48","date_gmt":"2026-01-15T11:49:48","guid":{"rendered":"https:\/\/bailaodosuloficial.com.br\/?p=668"},"modified":"2026-01-15T11:49:48","modified_gmt":"2026-01-15T11:49:48","slug":"com-voz-marcante-mary-pause-segue-emocionando-com-a-cancao-eu-te-esperarei","status":"publish","type":"post","link":"https:\/\/bailaodosuloficial.com.br\/index.php\/2026\/01\/15\/com-voz-marcante-mary-pause-segue-emocionando-com-a-cancao-eu-te-esperarei\/","title":{"rendered":"Com voz marcante, Mary Pause segue emocionando com a can\u00e7\u00e3o \u201cEu Te Esperarei\u201d"},"content":{"rendered":"\n<p><\/p>\n\n\n\n<p>Mary Pause vive um momento especial em sua trajet\u00f3ria art\u00edstica com o lan\u00e7amento de sua nova m\u00fasica <strong>\u201cEu Te Esperarei\u201d<\/strong>, uma can\u00e7\u00e3o que refor\u00e7a sua identidade como cantora e evidencia a sensibilidade que marca seu trabalho. A faixa chega como um retrato sincero de sentimentos profundos, conduzidos por uma interpreta\u00e7\u00e3o vocal intensa e carregada de emo\u00e7\u00e3o, caracter\u00edstica que vem conquistando o p\u00fablico em suas apresenta\u00e7\u00f5es ao vivo e nas plataformas digitais.<\/p>\n\n\n\n<figure class=\"wp-block-embed is-type-video is-provider-youtube wp-block-embed-youtube wp-embed-aspect-16-9 wp-has-aspect-ratio\"><div class=\"wp-block-embed__wrapper\">\n<iframe loading=\"lazy\" title=\"Eu Te Esperarei  - Mary Pause - &quot;Clipe Oficial&quot;\" width=\"960\" height=\"540\" src=\"https:\/\/www.youtube.com\/embed\/S6TrwwpUMzQ?feature=oembed\" frameborder=\"0\" allow=\"accelerometer; autoplay; clipboard-write; encrypted-media; gyroscope; picture-in-picture; web-share\" referrerpolicy=\"strict-origin-when-cross-origin\" allowfullscreen><\/iframe>\n<\/div><\/figure>\n\n\n\n<p>A nova m\u00fasica apresenta uma atmosfera rom\u00e2ntica e envolvente, na qual a voz de Mary Pause assume o papel central, conduzindo o ouvinte por uma narrativa de amor, espera e esperan\u00e7a. Cada verso \u00e9 interpretado com verdade, revelando n\u00e3o apenas t\u00e9cnica vocal, mas tamb\u00e9m maturidade art\u00edstica e conex\u00e3o emocional com a letra. \u00c9 uma can\u00e7\u00e3o que fala direto ao cora\u00e7\u00e3o, facilmente identific\u00e1vel por quem j\u00e1 viveu a experi\u00eancia de aguardar, acreditar e permanecer.<\/p>\n\n\n\n<p>O lan\u00e7amento tamb\u00e9m ganha for\u00e7a com um videoclipe que acompanha a proposta da m\u00fasica, valorizando a presen\u00e7a da artista e a expressividade de sua performance. A est\u00e9tica simples e direta refor\u00e7a a ideia de proximidade e autenticidade, permitindo que a mensagem da can\u00e7\u00e3o se destaque sem excessos. O resultado \u00e9 um trabalho honesto, que traduz a ess\u00eancia de Mary Pause como cantora e int\u00e9rprete.<\/p>\n\n\n\n<p>Ao longo de sua carreira, Mary vem construindo seu espa\u00e7o de forma consistente, baseada em shows, intera\u00e7\u00e3o com o p\u00fablico e lan\u00e7amentos que refletem sua verdade art\u00edstica. \u201cEu Te Esperarei\u201d surge como mais um passo importante nesse caminho, consolidando sua voz no cen\u00e1rio independente e ampliando seu repert\u00f3rio com uma m\u00fasica que tem potencial para marcar momentos e hist\u00f3rias pessoais de quem a escuta.<\/p>\n\n\n\n<p>Com esse novo lan\u00e7amento, Mary Pause reafirma sua dedica\u00e7\u00e3o \u00e0 m\u00fasica e sua capacidade de transformar sentimentos reais em can\u00e7\u00f5es que emocionam. \u201cEu Te Esperarei\u201d n\u00e3o \u00e9 apenas uma nova faixa em sua discografia, mas uma declara\u00e7\u00e3o art\u00edstica de quem vive a m\u00fasica com intensidade, entrega e alma.<\/p>\n\n\n\n<figure class=\"wp-block-embed is-type-rich is-provider-spotify wp-block-embed-spotify wp-embed-aspect-21-9 wp-has-aspect-ratio\"><div class=\"wp-block-embed__wrapper\">\n<iframe title=\"Spotify Embed: Eu Te Esperarei\" style=\"border-radius: 12px\" width=\"100%\" height=\"152\" frameborder=\"0\" allowfullscreen allow=\"autoplay; clipboard-write; encrypted-media; fullscreen; picture-in-picture\" loading=\"lazy\" src=\"https:\/\/open.spotify.com\/embed\/track\/4D4upolv42nKQ6KHuj0A6b?si=f5f9ec2b90834cd6&amp;utm_source=oembed\"><\/iframe>\n<\/div><\/figure>\n","protected":false},"excerpt":{"rendered":"<p>Mary Pause vive um momento especial em sua trajet\u00f3ria art\u00edstica com o lan\u00e7amento de sua nova m\u00fasica \u201cEu Te Esperarei\u201d, uma can\u00e7\u00e3o que refor\u00e7a sua identidade como cantora e evidencia a sensibilidade que marca seu trabalho. A faixa chega como um retrato sincero de sentimentos profundos, conduzidos por uma interpreta\u00e7\u00e3o vocal intensa e carregada de<\/p>\n","protected":false},"author":1,"featured_media":669,"comment_status":"open","ping_status":"open","sticky":false,"template":"","format":"standard","meta":{"footnotes":""},"categories":[2],"tags":[],"class_list":["post-668","post","type-post","status-publish","format-standard","has-post-thumbnail","hentry","category-bailao"],"yoast_head":"<!-- This site is optimized with the Yoast SEO plugin v26.9 - https:\/\/yoast.com\/product\/yoast-seo-wordpress\/ -->\n<title>Com voz marcante, Mary Pause segue emocionando com a can\u00e7\u00e3o \u201cEu Te Esperarei\u201d -<\/title>\n<meta name=\"robots\" content=\"index, follow, max-snippet:-1, max-image-preview:large, max-video-preview:-1\" \/>\n<link rel=\"canonical\" href=\"https:\/\/bailaodosuloficial.com.br\/index.php\/2026\/01\/15\/com-voz-marcante-mary-pause-segue-emocionando-com-a-cancao-eu-te-esperarei\/\" \/>\n<meta property=\"og:locale\" content=\"pt_BR\" \/>\n<meta property=\"og:type\" content=\"article\" \/>\n<meta property=\"og:title\" content=\"Com voz marcante, Mary Pause segue emocionando com a can\u00e7\u00e3o \u201cEu Te Esperarei\u201d -\" \/>\n<meta property=\"og:description\" content=\"Mary Pause vive um momento especial em sua trajet\u00f3ria art\u00edstica com o lan\u00e7amento de sua nova m\u00fasica \u201cEu Te Esperarei\u201d, uma can\u00e7\u00e3o que refor\u00e7a sua identidade como cantora e evidencia a sensibilidade que marca seu trabalho. A faixa chega como um retrato sincero de sentimentos profundos, conduzidos por uma interpreta\u00e7\u00e3o vocal intensa e carregada de\" \/>\n<meta property=\"og:url\" content=\"https:\/\/bailaodosuloficial.com.br\/index.php\/2026\/01\/15\/com-voz-marcante-mary-pause-segue-emocionando-com-a-cancao-eu-te-esperarei\/\" \/>\n<meta property=\"article:published_time\" content=\"2026-01-15T11:49:48+00:00\" \/>\n<meta property=\"og:image\" content=\"https:\/\/bailaodosuloficial.com.br\/wp-content\/uploads\/2026\/01\/558414807_122141374040862732_4693218436832548524_n.jpg\" \/>\n\t<meta property=\"og:image:width\" content=\"652\" \/>\n\t<meta property=\"og:image:height\" content=\"652\" \/>\n\t<meta property=\"og:image:type\" content=\"image\/jpeg\" \/>\n<meta name=\"author\" content=\"admin\" \/>\n<meta name=\"twitter:card\" content=\"summary_large_image\" \/>\n<meta name=\"twitter:label1\" content=\"Escrito por\" \/>\n\t<meta name=\"twitter:data1\" content=\"admin\" \/>\n\t<meta name=\"twitter:label2\" content=\"Est. tempo de leitura\" \/>\n\t<meta name=\"twitter:data2\" content=\"2 minutos\" \/>\n<script type=\"application\/ld+json\" class=\"yoast-schema-graph\">{\"@context\":\"https:\/\/schema.org\",\"@graph\":[{\"@type\":\"Article\",\"@id\":\"https:\/\/bailaodosuloficial.com.br\/index.php\/2026\/01\/15\/com-voz-marcante-mary-pause-segue-emocionando-com-a-cancao-eu-te-esperarei\/#article\",\"isPartOf\":{\"@id\":\"https:\/\/bailaodosuloficial.com.br\/index.php\/2026\/01\/15\/com-voz-marcante-mary-pause-segue-emocionando-com-a-cancao-eu-te-esperarei\/\"},\"author\":{\"name\":\"admin\",\"@id\":\"https:\/\/bailaodosuloficial.com.br\/#\/schema\/person\/b3bb1c43b091cd5c62100dd962ddda38\"},\"headline\":\"Com voz marcante, Mary Pause segue emocionando com a can\u00e7\u00e3o \u201cEu Te Esperarei\u201d\",\"datePublished\":\"2026-01-15T11:49:48+00:00\",\"mainEntityOfPage\":{\"@id\":\"https:\/\/bailaodosuloficial.com.br\/index.php\/2026\/01\/15\/com-voz-marcante-mary-pause-segue-emocionando-com-a-cancao-eu-te-esperarei\/\"},\"wordCount\":407,\"commentCount\":0,\"publisher\":{\"@id\":\"https:\/\/bailaodosuloficial.com.br\/#organization\"},\"image\":{\"@id\":\"https:\/\/bailaodosuloficial.com.br\/index.php\/2026\/01\/15\/com-voz-marcante-mary-pause-segue-emocionando-com-a-cancao-eu-te-esperarei\/#primaryimage\"},\"thumbnailUrl\":\"https:\/\/bailaodosuloficial.com.br\/wp-content\/uploads\/2026\/01\/558414807_122141374040862732_4693218436832548524_n.jpg\",\"articleSection\":[\"Bail\u00e3o\"],\"inLanguage\":\"pt-BR\",\"potentialAction\":[{\"@type\":\"CommentAction\",\"name\":\"Comment\",\"target\":[\"https:\/\/bailaodosuloficial.com.br\/index.php\/2026\/01\/15\/com-voz-marcante-mary-pause-segue-emocionando-com-a-cancao-eu-te-esperarei\/#respond\"]}]},{\"@type\":\"WebPage\",\"@id\":\"https:\/\/bailaodosuloficial.com.br\/index.php\/2026\/01\/15\/com-voz-marcante-mary-pause-segue-emocionando-com-a-cancao-eu-te-esperarei\/\",\"url\":\"https:\/\/bailaodosuloficial.com.br\/index.php\/2026\/01\/15\/com-voz-marcante-mary-pause-segue-emocionando-com-a-cancao-eu-te-esperarei\/\",\"name\":\"Com voz marcante, Mary Pause segue emocionando com a can\u00e7\u00e3o \u201cEu Te Esperarei\u201d -\",\"isPartOf\":{\"@id\":\"https:\/\/bailaodosuloficial.com.br\/#website\"},\"primaryImageOfPage\":{\"@id\":\"https:\/\/bailaodosuloficial.com.br\/index.php\/2026\/01\/15\/com-voz-marcante-mary-pause-segue-emocionando-com-a-cancao-eu-te-esperarei\/#primaryimage\"},\"image\":{\"@id\":\"https:\/\/bailaodosuloficial.com.br\/index.php\/2026\/01\/15\/com-voz-marcante-mary-pause-segue-emocionando-com-a-cancao-eu-te-esperarei\/#primaryimage\"},\"thumbnailUrl\":\"https:\/\/bailaodosuloficial.com.br\/wp-content\/uploads\/2026\/01\/558414807_122141374040862732_4693218436832548524_n.jpg\",\"datePublished\":\"2026-01-15T11:49:48+00:00\",\"breadcrumb\":{\"@id\":\"https:\/\/bailaodosuloficial.com.br\/index.php\/2026\/01\/15\/com-voz-marcante-mary-pause-segue-emocionando-com-a-cancao-eu-te-esperarei\/#breadcrumb\"},\"inLanguage\":\"pt-BR\",\"potentialAction\":[{\"@type\":\"ReadAction\",\"target\":[\"https:\/\/bailaodosuloficial.com.br\/index.php\/2026\/01\/15\/com-voz-marcante-mary-pause-segue-emocionando-com-a-cancao-eu-te-esperarei\/\"]}]},{\"@type\":\"ImageObject\",\"inLanguage\":\"pt-BR\",\"@id\":\"https:\/\/bailaodosuloficial.com.br\/index.php\/2026\/01\/15\/com-voz-marcante-mary-pause-segue-emocionando-com-a-cancao-eu-te-esperarei\/#primaryimage\",\"url\":\"https:\/\/bailaodosuloficial.com.br\/wp-content\/uploads\/2026\/01\/558414807_122141374040862732_4693218436832548524_n.jpg\",\"contentUrl\":\"https:\/\/bailaodosuloficial.com.br\/wp-content\/uploads\/2026\/01\/558414807_122141374040862732_4693218436832548524_n.jpg\",\"width\":652,\"height\":652},{\"@type\":\"BreadcrumbList\",\"@id\":\"https:\/\/bailaodosuloficial.com.br\/index.php\/2026\/01\/15\/com-voz-marcante-mary-pause-segue-emocionando-com-a-cancao-eu-te-esperarei\/#breadcrumb\",\"itemListElement\":[{\"@type\":\"ListItem\",\"position\":1,\"name\":\"In\u00edcio\",\"item\":\"https:\/\/bailaodosuloficial.com.br\/\"},{\"@type\":\"ListItem\",\"position\":2,\"name\":\"Com voz marcante, Mary Pause segue emocionando com a can\u00e7\u00e3o \u201cEu Te Esperarei\u201d\"}]},{\"@type\":\"WebSite\",\"@id\":\"https:\/\/bailaodosuloficial.com.br\/#website\",\"url\":\"https:\/\/bailaodosuloficial.com.br\/\",\"name\":\"Bail\u00e3o do Sul\",\"description\":\"\",\"publisher\":{\"@id\":\"https:\/\/bailaodosuloficial.com.br\/#organization\"},\"alternateName\":\"Bail\u00e3o do Sul Oficial\",\"potentialAction\":[{\"@type\":\"SearchAction\",\"target\":{\"@type\":\"EntryPoint\",\"urlTemplate\":\"https:\/\/bailaodosuloficial.com.br\/?s={search_term_string}\"},\"query-input\":{\"@type\":\"PropertyValueSpecification\",\"valueRequired\":true,\"valueName\":\"search_term_string\"}}],\"inLanguage\":\"pt-BR\"},{\"@type\":\"Organization\",\"@id\":\"https:\/\/bailaodosuloficial.com.br\/#organization\",\"name\":\"Bail\u00e3o do Sul\",\"url\":\"https:\/\/bailaodosuloficial.com.br\/\",\"logo\":{\"@type\":\"ImageObject\",\"inLanguage\":\"pt-BR\",\"@id\":\"https:\/\/bailaodosuloficial.com.br\/#\/schema\/logo\/image\/\",\"url\":\"https:\/\/bailaodosuloficial.com.br\/wp-content\/uploads\/2026\/03\/cropped-fim-de-semana-5-scaled-1.png\",\"contentUrl\":\"https:\/\/bailaodosuloficial.com.br\/wp-content\/uploads\/2026\/03\/cropped-fim-de-semana-5-scaled-1.png\",\"width\":1989,\"height\":1371,\"caption\":\"Bail\u00e3o do Sul\"},\"image\":{\"@id\":\"https:\/\/bailaodosuloficial.com.br\/#\/schema\/logo\/image\/\"},\"sameAs\":[\"http:\/\/instagram.com\/bailaodosul\"]},{\"@type\":\"Person\",\"@id\":\"https:\/\/bailaodosuloficial.com.br\/#\/schema\/person\/b3bb1c43b091cd5c62100dd962ddda38\",\"name\":\"admin\",\"image\":{\"@type\":\"ImageObject\",\"inLanguage\":\"pt-BR\",\"@id\":\"https:\/\/bailaodosuloficial.com.br\/#\/schema\/person\/image\/\",\"url\":\"https:\/\/secure.gravatar.com\/avatar\/8e8beae45c6419737da9ea57a58a1f945a580b701e1def541b4459d4ac234c85?s=96&d=mm&r=g\",\"contentUrl\":\"https:\/\/secure.gravatar.com\/avatar\/8e8beae45c6419737da9ea57a58a1f945a580b701e1def541b4459d4ac234c85?s=96&d=mm&r=g\",\"caption\":\"admin\"},\"sameAs\":[\"https:\/\/bailaodosuloficial.com.br\"],\"url\":\"https:\/\/bailaodosuloficial.com.br\/index.php\/author\/bailao\/\"}]}<\/script>\n<!-- \/ Yoast SEO plugin. -->","yoast_head_json":{"title":"Com voz marcante, Mary Pause segue emocionando com a can\u00e7\u00e3o \u201cEu Te Esperarei\u201d -","robots":{"index":"index","follow":"follow","max-snippet":"max-snippet:-1","max-image-preview":"max-image-preview:large","max-video-preview":"max-video-preview:-1"},"canonical":"https:\/\/bailaodosuloficial.com.br\/index.php\/2026\/01\/15\/com-voz-marcante-mary-pause-segue-emocionando-com-a-cancao-eu-te-esperarei\/","og_locale":"pt_BR","og_type":"article","og_title":"Com voz marcante, Mary Pause segue emocionando com a can\u00e7\u00e3o \u201cEu Te Esperarei\u201d -","og_description":"Mary Pause vive um momento especial em sua trajet\u00f3ria art\u00edstica com o lan\u00e7amento de sua nova m\u00fasica \u201cEu Te Esperarei\u201d, uma can\u00e7\u00e3o que refor\u00e7a sua identidade como cantora e evidencia a sensibilidade que marca seu trabalho. A faixa chega como um retrato sincero de sentimentos profundos, conduzidos por uma interpreta\u00e7\u00e3o vocal intensa e carregada de","og_url":"https:\/\/bailaodosuloficial.com.br\/index.php\/2026\/01\/15\/com-voz-marcante-mary-pause-segue-emocionando-com-a-cancao-eu-te-esperarei\/","article_published_time":"2026-01-15T11:49:48+00:00","og_image":[{"width":652,"height":652,"url":"https:\/\/bailaodosuloficial.com.br\/wp-content\/uploads\/2026\/01\/558414807_122141374040862732_4693218436832548524_n.jpg","type":"image\/jpeg"}],"author":"admin","twitter_card":"summary_large_image","twitter_misc":{"Escrito por":"admin","Est. tempo de leitura":"2 minutos"},"schema":{"@context":"https:\/\/schema.org","@graph":[{"@type":"Article","@id":"https:\/\/bailaodosuloficial.com.br\/index.php\/2026\/01\/15\/com-voz-marcante-mary-pause-segue-emocionando-com-a-cancao-eu-te-esperarei\/#article","isPartOf":{"@id":"https:\/\/bailaodosuloficial.com.br\/index.php\/2026\/01\/15\/com-voz-marcante-mary-pause-segue-emocionando-com-a-cancao-eu-te-esperarei\/"},"author":{"name":"admin","@id":"https:\/\/bailaodosuloficial.com.br\/#\/schema\/person\/b3bb1c43b091cd5c62100dd962ddda38"},"headline":"Com voz marcante, Mary Pause segue emocionando com a can\u00e7\u00e3o \u201cEu Te Esperarei\u201d","datePublished":"2026-01-15T11:49:48+00:00","mainEntityOfPage":{"@id":"https:\/\/bailaodosuloficial.com.br\/index.php\/2026\/01\/15\/com-voz-marcante-mary-pause-segue-emocionando-com-a-cancao-eu-te-esperarei\/"},"wordCount":407,"commentCount":0,"publisher":{"@id":"https:\/\/bailaodosuloficial.com.br\/#organization"},"image":{"@id":"https:\/\/bailaodosuloficial.com.br\/index.php\/2026\/01\/15\/com-voz-marcante-mary-pause-segue-emocionando-com-a-cancao-eu-te-esperarei\/#primaryimage"},"thumbnailUrl":"https:\/\/bailaodosuloficial.com.br\/wp-content\/uploads\/2026\/01\/558414807_122141374040862732_4693218436832548524_n.jpg","articleSection":["Bail\u00e3o"],"inLanguage":"pt-BR","potentialAction":[{"@type":"CommentAction","name":"Comment","target":["https:\/\/bailaodosuloficial.com.br\/index.php\/2026\/01\/15\/com-voz-marcante-mary-pause-segue-emocionando-com-a-cancao-eu-te-esperarei\/#respond"]}]},{"@type":"WebPage","@id":"https:\/\/bailaodosuloficial.com.br\/index.php\/2026\/01\/15\/com-voz-marcante-mary-pause-segue-emocionando-com-a-cancao-eu-te-esperarei\/","url":"https:\/\/bailaodosuloficial.com.br\/index.php\/2026\/01\/15\/com-voz-marcante-mary-pause-segue-emocionando-com-a-cancao-eu-te-esperarei\/","name":"Com voz marcante, Mary Pause segue emocionando com a can\u00e7\u00e3o \u201cEu Te Esperarei\u201d -","isPartOf":{"@id":"https:\/\/bailaodosuloficial.com.br\/#website"},"primaryImageOfPage":{"@id":"https:\/\/bailaodosuloficial.com.br\/index.php\/2026\/01\/15\/com-voz-marcante-mary-pause-segue-emocionando-com-a-cancao-eu-te-esperarei\/#primaryimage"},"image":{"@id":"https:\/\/bailaodosuloficial.com.br\/index.php\/2026\/01\/15\/com-voz-marcante-mary-pause-segue-emocionando-com-a-cancao-eu-te-esperarei\/#primaryimage"},"thumbnailUrl":"https:\/\/bailaodosuloficial.com.br\/wp-content\/uploads\/2026\/01\/558414807_122141374040862732_4693218436832548524_n.jpg","datePublished":"2026-01-15T11:49:48+00:00","breadcrumb":{"@id":"https:\/\/bailaodosuloficial.com.br\/index.php\/2026\/01\/15\/com-voz-marcante-mary-pause-segue-emocionando-com-a-cancao-eu-te-esperarei\/#breadcrumb"},"inLanguage":"pt-BR","potentialAction":[{"@type":"ReadAction","target":["https:\/\/bailaodosuloficial.com.br\/index.php\/2026\/01\/15\/com-voz-marcante-mary-pause-segue-emocionando-com-a-cancao-eu-te-esperarei\/"]}]},{"@type":"ImageObject","inLanguage":"pt-BR","@id":"https:\/\/bailaodosuloficial.com.br\/index.php\/2026\/01\/15\/com-voz-marcante-mary-pause-segue-emocionando-com-a-cancao-eu-te-esperarei\/#primaryimage","url":"https:\/\/bailaodosuloficial.com.br\/wp-content\/uploads\/2026\/01\/558414807_122141374040862732_4693218436832548524_n.jpg","contentUrl":"https:\/\/bailaodosuloficial.com.br\/wp-content\/uploads\/2026\/01\/558414807_122141374040862732_4693218436832548524_n.jpg","width":652,"height":652},{"@type":"BreadcrumbList","@id":"https:\/\/bailaodosuloficial.com.br\/index.php\/2026\/01\/15\/com-voz-marcante-mary-pause-segue-emocionando-com-a-cancao-eu-te-esperarei\/#breadcrumb","itemListElement":[{"@type":"ListItem","position":1,"name":"In\u00edcio","item":"https:\/\/bailaodosuloficial.com.br\/"},{"@type":"ListItem","position":2,"name":"Com voz marcante, Mary Pause segue emocionando com a can\u00e7\u00e3o \u201cEu Te Esperarei\u201d"}]},{"@type":"WebSite","@id":"https:\/\/bailaodosuloficial.com.br\/#website","url":"https:\/\/bailaodosuloficial.com.br\/","name":"Bail\u00e3o do Sul","description":"","publisher":{"@id":"https:\/\/bailaodosuloficial.com.br\/#organization"},"alternateName":"Bail\u00e3o do Sul Oficial","potentialAction":[{"@type":"SearchAction","target":{"@type":"EntryPoint","urlTemplate":"https:\/\/bailaodosuloficial.com.br\/?s={search_term_string}"},"query-input":{"@type":"PropertyValueSpecification","valueRequired":true,"valueName":"search_term_string"}}],"inLanguage":"pt-BR"},{"@type":"Organization","@id":"https:\/\/bailaodosuloficial.com.br\/#organization","name":"Bail\u00e3o do Sul","url":"https:\/\/bailaodosuloficial.com.br\/","logo":{"@type":"ImageObject","inLanguage":"pt-BR","@id":"https:\/\/bailaodosuloficial.com.br\/#\/schema\/logo\/image\/","url":"https:\/\/bailaodosuloficial.com.br\/wp-content\/uploads\/2026\/03\/cropped-fim-de-semana-5-scaled-1.png","contentUrl":"https:\/\/bailaodosuloficial.com.br\/wp-content\/uploads\/2026\/03\/cropped-fim-de-semana-5-scaled-1.png","width":1989,"height":1371,"caption":"Bail\u00e3o do Sul"},"image":{"@id":"https:\/\/bailaodosuloficial.com.br\/#\/schema\/logo\/image\/"},"sameAs":["http:\/\/instagram.com\/bailaodosul"]},{"@type":"Person","@id":"https:\/\/bailaodosuloficial.com.br\/#\/schema\/person\/b3bb1c43b091cd5c62100dd962ddda38","name":"admin","image":{"@type":"ImageObject","inLanguage":"pt-BR","@id":"https:\/\/bailaodosuloficial.com.br\/#\/schema\/person\/image\/","url":"https:\/\/secure.gravatar.com\/avatar\/8e8beae45c6419737da9ea57a58a1f945a580b701e1def541b4459d4ac234c85?s=96&d=mm&r=g","contentUrl":"https:\/\/secure.gravatar.com\/avatar\/8e8beae45c6419737da9ea57a58a1f945a580b701e1def541b4459d4ac234c85?s=96&d=mm&r=g","caption":"admin"},"sameAs":["https:\/\/bailaodosuloficial.com.br"],"url":"https:\/\/bailaodosuloficial.com.br\/index.php\/author\/bailao\/"}]}},"_links":{"self":[{"href":"https:\/\/bailaodosuloficial.com.br\/index.php\/wp-json\/wp\/v2\/posts\/668","targetHints":{"allow":["GET"]}}],"collection":[{"href":"https:\/\/bailaodosuloficial.com.br\/index.php\/wp-json\/wp\/v2\/posts"}],"about":[{"href":"https:\/\/bailaodosuloficial.com.br\/index.php\/wp-json\/wp\/v2\/types\/post"}],"author":[{"embeddable":true,"href":"https:\/\/bailaodosuloficial.com.br\/index.php\/wp-json\/wp\/v2\/users\/1"}],"replies":[{"embeddable":true,"href":"https:\/\/bailaodosuloficial.com.br\/index.php\/wp-json\/wp\/v2\/comments?post=668"}],"version-history":[{"count":1,"href":"https:\/\/bailaodosuloficial.com.br\/index.php\/wp-json\/wp\/v2\/posts\/668\/revisions"}],"predecessor-version":[{"id":670,"href":"https:\/\/bailaodosuloficial.com.br\/index.php\/wp-json\/wp\/v2\/posts\/668\/revisions\/670"}],"wp:featuredmedia":[{"embeddable":true,"href":"https:\/\/bailaodosuloficial.com.br\/index.php\/wp-json\/wp\/v2\/media\/669"}],"wp:attachment":[{"href":"https:\/\/bailaodosuloficial.com.br\/index.php\/wp-json\/wp\/v2\/media?parent=668"}],"wp:term":[{"taxonomy":"category","embeddable":true,"href":"https:\/\/bailaodosuloficial.com.br\/index.php\/wp-json\/wp\/v2\/categories?post=668"},{"taxonomy":"post_tag","embeddable":true,"href":"https:\/\/bailaodosuloficial.com.br\/index.php\/wp-json\/wp\/v2\/tags?post=668"}],"curies":[{"name":"wp","href":"https:\/\/api.w.org\/{rel}","templated":true}]}}