{"id":671,"date":"2026-01-15T21:52:04","date_gmt":"2026-01-15T21:52:04","guid":{"rendered":"https:\/\/bailaodosuloficial.com.br\/?p=671"},"modified":"2026-01-15T21:52:04","modified_gmt":"2026-01-15T21:52:04","slug":"alline-costiti-uma-artista-em-ascensao-que-transforma-emocao-em-musica","status":"publish","type":"post","link":"https:\/\/bailaodosuloficial.com.br\/index.php\/2026\/01\/15\/alline-costiti-uma-artista-em-ascensao-que-transforma-emocao-em-musica\/","title":{"rendered":"Alline Costiti: uma artista em ascens\u00e3o que transforma emo\u00e7\u00e3o em m\u00fasica"},"content":{"rendered":"\n<p>Alline Costiti vem se destacando como uma cantora brasileira que une talento e versatilidade em seu repert\u00f3rio, conquistando espa\u00e7o tanto nos palcos quanto nas plataformas digitais. Com diversas m\u00fasicas lan\u00e7adas, ela se mostra uma artista em constante evolu\u00e7\u00e3o, explorando ritmos populares e revelando uma personalidade musical aut\u00eantica e marcante.<\/p>\n\n\n\n<p>Entre seus trabalhos est\u00e1 o single <strong>\u201cBatom Vermelho\u201d<\/strong>, lan\u00e7ado em 2023, que traz uma sonoridade envolvente e ajudou a consolidar a artista no cen\u00e1rio sertanejo\/pop. No mesmo ano, Alline tamb\u00e9m apresentou o cover <strong>\u201cMelhor Terminar\u201d<\/strong>, em uma interpreta\u00e7\u00e3o que evidencia sua for\u00e7a vocal e sensibilidade ao abordar temas ligados a emo\u00e7\u00f5es e relacionamentos.<\/p>\n\n\n\n<p>A artista tamb\u00e9m vem se destacando pelas parcerias ao longo da carreira. Entre elas, est\u00e1 a m\u00fasica <strong>\u201cBota Mais Uma\u201d<\/strong>, gravada com Vanderlei Rodrigo, al\u00e9m do remix de <strong>\u201cS\u00f3 Dessa Vez\u201d<\/strong>, mostrando sua versatilidade e abertura para diferentes estilos. Outro destaque importante \u00e9 a can\u00e7\u00e3o <strong>\u201cMelhor Me Bloquear\u201d<\/strong>, lan\u00e7ada em parceria com <strong>Sandro Coelho<\/strong>, uma m\u00fasica intensa que aborda o fim de um relacionamento de forma direta e atual, unindo emo\u00e7\u00e3o, entrega vocal e grande identifica\u00e7\u00e3o com o p\u00fablico.<\/p>\n\n\n\n<figure class=\"wp-block-embed is-type-video is-provider-youtube wp-block-embed-youtube wp-embed-aspect-16-9 wp-has-aspect-ratio\"><div class=\"wp-block-embed__wrapper\">\n<iframe loading=\"lazy\" title=\"Melhor me Bloquear\" width=\"960\" height=\"540\" src=\"https:\/\/www.youtube.com\/embed\/qejwAT9UiXA?feature=oembed\" frameborder=\"0\" allow=\"accelerometer; autoplay; clipboard-write; encrypted-media; gyroscope; picture-in-picture; web-share\" referrerpolicy=\"strict-origin-when-cross-origin\" allowfullscreen><\/iframe>\n<\/div><\/figure>\n\n\n\n<p>Com experi\u00eancia de palco e presen\u00e7a marcante em eventos ao vivo, Alline Costiti j\u00e1 se apresentou em pubs e casas de shows no Rio Grande do Sul, onde encanta o p\u00fablico com um repert\u00f3rio variado, carisma e conex\u00e3o verdadeira com quem a acompanha.<\/p>\n\n\n\n<p>Ativa nas redes sociais, a cantora mant\u00e9m uma rela\u00e7\u00e3o pr\u00f3xima com seus f\u00e3s, compartilhando momentos de bastidores, shows e novidades sobre seus lan\u00e7amentos. Seu trabalho reflete uma trajet\u00f3ria em constante constru\u00e7\u00e3o, focada em ampliar sua presen\u00e7a no cen\u00e1rio musical nacional, fortalecer parcerias e conquistar novos ouvintes com m\u00fasicas que traduzem sentimentos reais.<\/p>\n\n\n\n<figure class=\"wp-block-embed is-type-rich is-provider-spotify wp-block-embed-spotify wp-embed-aspect-21-9 wp-has-aspect-ratio\"><div class=\"wp-block-embed__wrapper\">\n<iframe title=\"Spotify Embed: Alline\" style=\"border-radius: 12px\" width=\"100%\" height=\"352\" frameborder=\"0\" allowfullscreen allow=\"autoplay; clipboard-write; encrypted-media; fullscreen; picture-in-picture\" loading=\"lazy\" src=\"https:\/\/open.spotify.com\/embed\/artist\/7g9sWktuw9yidCkLXavHX7?si=C2VF-yadRgGe9OvsAVZCTA&amp;utm_source=oembed\"><\/iframe>\n<\/div><\/figure>\n","protected":false},"excerpt":{"rendered":"<p>Alline Costiti vem se destacando como uma cantora brasileira que une talento e versatilidade em seu repert\u00f3rio, conquistando espa\u00e7o tanto nos palcos quanto nas plataformas digitais. Com diversas m\u00fasicas lan\u00e7adas, ela se mostra uma artista em constante evolu\u00e7\u00e3o, explorando ritmos populares e revelando uma personalidade musical aut\u00eantica e marcante. Entre seus trabalhos est\u00e1 o single<\/p>\n","protected":false},"author":1,"featured_media":672,"comment_status":"open","ping_status":"open","sticky":false,"template":"","format":"standard","meta":{"footnotes":""},"categories":[4],"tags":[],"class_list":["post-671","post","type-post","status-publish","format-standard","has-post-thumbnail","hentry","category-sertanejo"],"yoast_head":"<!-- This site is optimized with the Yoast SEO plugin v26.9 - https:\/\/yoast.com\/product\/yoast-seo-wordpress\/ -->\n<title>Alline Costiti: uma artista em ascens\u00e3o que transforma emo\u00e7\u00e3o em m\u00fasica -<\/title>\n<meta name=\"robots\" content=\"index, follow, max-snippet:-1, max-image-preview:large, max-video-preview:-1\" \/>\n<link rel=\"canonical\" href=\"https:\/\/bailaodosuloficial.com.br\/index.php\/2026\/01\/15\/alline-costiti-uma-artista-em-ascensao-que-transforma-emocao-em-musica\/\" \/>\n<meta property=\"og:locale\" content=\"pt_BR\" \/>\n<meta property=\"og:type\" content=\"article\" \/>\n<meta property=\"og:title\" content=\"Alline Costiti: uma artista em ascens\u00e3o que transforma emo\u00e7\u00e3o em m\u00fasica -\" \/>\n<meta property=\"og:description\" content=\"Alline Costiti vem se destacando como uma cantora brasileira que une talento e versatilidade em seu repert\u00f3rio, conquistando espa\u00e7o tanto nos palcos quanto nas plataformas digitais. Com diversas m\u00fasicas lan\u00e7adas, ela se mostra uma artista em constante evolu\u00e7\u00e3o, explorando ritmos populares e revelando uma personalidade musical aut\u00eantica e marcante. Entre seus trabalhos est\u00e1 o single\" \/>\n<meta property=\"og:url\" content=\"https:\/\/bailaodosuloficial.com.br\/index.php\/2026\/01\/15\/alline-costiti-uma-artista-em-ascensao-que-transforma-emocao-em-musica\/\" \/>\n<meta property=\"article:published_time\" content=\"2026-01-15T21:52:04+00:00\" \/>\n<meta property=\"og:image\" content=\"https:\/\/bailaodosuloficial.com.br\/wp-content\/uploads\/2026\/01\/image-36.png\" \/>\n\t<meta property=\"og:image:width\" content=\"603\" \/>\n\t<meta property=\"og:image:height\" content=\"521\" \/>\n\t<meta property=\"og:image:type\" content=\"image\/png\" \/>\n<meta name=\"author\" content=\"admin\" \/>\n<meta name=\"twitter:card\" content=\"summary_large_image\" \/>\n<meta name=\"twitter:label1\" content=\"Escrito por\" \/>\n\t<meta name=\"twitter:data1\" content=\"admin\" \/>\n\t<meta name=\"twitter:label2\" content=\"Est. tempo de leitura\" \/>\n\t<meta name=\"twitter:data2\" content=\"2 minutos\" \/>\n<script type=\"application\/ld+json\" class=\"yoast-schema-graph\">{\"@context\":\"https:\/\/schema.org\",\"@graph\":[{\"@type\":\"Article\",\"@id\":\"https:\/\/bailaodosuloficial.com.br\/index.php\/2026\/01\/15\/alline-costiti-uma-artista-em-ascensao-que-transforma-emocao-em-musica\/#article\",\"isPartOf\":{\"@id\":\"https:\/\/bailaodosuloficial.com.br\/index.php\/2026\/01\/15\/alline-costiti-uma-artista-em-ascensao-que-transforma-emocao-em-musica\/\"},\"author\":{\"name\":\"admin\",\"@id\":\"https:\/\/bailaodosuloficial.com.br\/#\/schema\/person\/b3bb1c43b091cd5c62100dd962ddda38\"},\"headline\":\"Alline Costiti: uma artista em ascens\u00e3o que transforma emo\u00e7\u00e3o em m\u00fasica\",\"datePublished\":\"2026-01-15T21:52:04+00:00\",\"mainEntityOfPage\":{\"@id\":\"https:\/\/bailaodosuloficial.com.br\/index.php\/2026\/01\/15\/alline-costiti-uma-artista-em-ascensao-que-transforma-emocao-em-musica\/\"},\"wordCount\":346,\"commentCount\":0,\"publisher\":{\"@id\":\"https:\/\/bailaodosuloficial.com.br\/#organization\"},\"image\":{\"@id\":\"https:\/\/bailaodosuloficial.com.br\/index.php\/2026\/01\/15\/alline-costiti-uma-artista-em-ascensao-que-transforma-emocao-em-musica\/#primaryimage\"},\"thumbnailUrl\":\"https:\/\/bailaodosuloficial.com.br\/wp-content\/uploads\/2026\/01\/image-36.png\",\"articleSection\":[\"Sertanejo\"],\"inLanguage\":\"pt-BR\",\"potentialAction\":[{\"@type\":\"CommentAction\",\"name\":\"Comment\",\"target\":[\"https:\/\/bailaodosuloficial.com.br\/index.php\/2026\/01\/15\/alline-costiti-uma-artista-em-ascensao-que-transforma-emocao-em-musica\/#respond\"]}]},{\"@type\":\"WebPage\",\"@id\":\"https:\/\/bailaodosuloficial.com.br\/index.php\/2026\/01\/15\/alline-costiti-uma-artista-em-ascensao-que-transforma-emocao-em-musica\/\",\"url\":\"https:\/\/bailaodosuloficial.com.br\/index.php\/2026\/01\/15\/alline-costiti-uma-artista-em-ascensao-que-transforma-emocao-em-musica\/\",\"name\":\"Alline Costiti: uma artista em ascens\u00e3o que transforma emo\u00e7\u00e3o em m\u00fasica -\",\"isPartOf\":{\"@id\":\"https:\/\/bailaodosuloficial.com.br\/#website\"},\"primaryImageOfPage\":{\"@id\":\"https:\/\/bailaodosuloficial.com.br\/index.php\/2026\/01\/15\/alline-costiti-uma-artista-em-ascensao-que-transforma-emocao-em-musica\/#primaryimage\"},\"image\":{\"@id\":\"https:\/\/bailaodosuloficial.com.br\/index.php\/2026\/01\/15\/alline-costiti-uma-artista-em-ascensao-que-transforma-emocao-em-musica\/#primaryimage\"},\"thumbnailUrl\":\"https:\/\/bailaodosuloficial.com.br\/wp-content\/uploads\/2026\/01\/image-36.png\",\"datePublished\":\"2026-01-15T21:52:04+00:00\",\"breadcrumb\":{\"@id\":\"https:\/\/bailaodosuloficial.com.br\/index.php\/2026\/01\/15\/alline-costiti-uma-artista-em-ascensao-que-transforma-emocao-em-musica\/#breadcrumb\"},\"inLanguage\":\"pt-BR\",\"potentialAction\":[{\"@type\":\"ReadAction\",\"target\":[\"https:\/\/bailaodosuloficial.com.br\/index.php\/2026\/01\/15\/alline-costiti-uma-artista-em-ascensao-que-transforma-emocao-em-musica\/\"]}]},{\"@type\":\"ImageObject\",\"inLanguage\":\"pt-BR\",\"@id\":\"https:\/\/bailaodosuloficial.com.br\/index.php\/2026\/01\/15\/alline-costiti-uma-artista-em-ascensao-que-transforma-emocao-em-musica\/#primaryimage\",\"url\":\"https:\/\/bailaodosuloficial.com.br\/wp-content\/uploads\/2026\/01\/image-36.png\",\"contentUrl\":\"https:\/\/bailaodosuloficial.com.br\/wp-content\/uploads\/2026\/01\/image-36.png\",\"width\":603,\"height\":521},{\"@type\":\"BreadcrumbList\",\"@id\":\"https:\/\/bailaodosuloficial.com.br\/index.php\/2026\/01\/15\/alline-costiti-uma-artista-em-ascensao-que-transforma-emocao-em-musica\/#breadcrumb\",\"itemListElement\":[{\"@type\":\"ListItem\",\"position\":1,\"name\":\"In\u00edcio\",\"item\":\"https:\/\/bailaodosuloficial.com.br\/\"},{\"@type\":\"ListItem\",\"position\":2,\"name\":\"Alline Costiti: uma artista em ascens\u00e3o que transforma emo\u00e7\u00e3o em m\u00fasica\"}]},{\"@type\":\"WebSite\",\"@id\":\"https:\/\/bailaodosuloficial.com.br\/#website\",\"url\":\"https:\/\/bailaodosuloficial.com.br\/\",\"name\":\"Bail\u00e3o do Sul\",\"description\":\"\",\"publisher\":{\"@id\":\"https:\/\/bailaodosuloficial.com.br\/#organization\"},\"alternateName\":\"Bail\u00e3o do Sul Oficial\",\"potentialAction\":[{\"@type\":\"SearchAction\",\"target\":{\"@type\":\"EntryPoint\",\"urlTemplate\":\"https:\/\/bailaodosuloficial.com.br\/?s={search_term_string}\"},\"query-input\":{\"@type\":\"PropertyValueSpecification\",\"valueRequired\":true,\"valueName\":\"search_term_string\"}}],\"inLanguage\":\"pt-BR\"},{\"@type\":\"Organization\",\"@id\":\"https:\/\/bailaodosuloficial.com.br\/#organization\",\"name\":\"Bail\u00e3o do Sul\",\"url\":\"https:\/\/bailaodosuloficial.com.br\/\",\"logo\":{\"@type\":\"ImageObject\",\"inLanguage\":\"pt-BR\",\"@id\":\"https:\/\/bailaodosuloficial.com.br\/#\/schema\/logo\/image\/\",\"url\":\"https:\/\/bailaodosuloficial.com.br\/wp-content\/uploads\/2026\/03\/cropped-fim-de-semana-5-scaled-1.png\",\"contentUrl\":\"https:\/\/bailaodosuloficial.com.br\/wp-content\/uploads\/2026\/03\/cropped-fim-de-semana-5-scaled-1.png\",\"width\":1989,\"height\":1371,\"caption\":\"Bail\u00e3o do Sul\"},\"image\":{\"@id\":\"https:\/\/bailaodosuloficial.com.br\/#\/schema\/logo\/image\/\"},\"sameAs\":[\"http:\/\/instagram.com\/bailaodosul\"]},{\"@type\":\"Person\",\"@id\":\"https:\/\/bailaodosuloficial.com.br\/#\/schema\/person\/b3bb1c43b091cd5c62100dd962ddda38\",\"name\":\"admin\",\"image\":{\"@type\":\"ImageObject\",\"inLanguage\":\"pt-BR\",\"@id\":\"https:\/\/bailaodosuloficial.com.br\/#\/schema\/person\/image\/\",\"url\":\"https:\/\/secure.gravatar.com\/avatar\/8e8beae45c6419737da9ea57a58a1f945a580b701e1def541b4459d4ac234c85?s=96&d=mm&r=g\",\"contentUrl\":\"https:\/\/secure.gravatar.com\/avatar\/8e8beae45c6419737da9ea57a58a1f945a580b701e1def541b4459d4ac234c85?s=96&d=mm&r=g\",\"caption\":\"admin\"},\"sameAs\":[\"https:\/\/bailaodosuloficial.com.br\"],\"url\":\"https:\/\/bailaodosuloficial.com.br\/index.php\/author\/bailao\/\"}]}<\/script>\n<!-- \/ Yoast SEO plugin. -->","yoast_head_json":{"title":"Alline Costiti: uma artista em ascens\u00e3o que transforma emo\u00e7\u00e3o em m\u00fasica -","robots":{"index":"index","follow":"follow","max-snippet":"max-snippet:-1","max-image-preview":"max-image-preview:large","max-video-preview":"max-video-preview:-1"},"canonical":"https:\/\/bailaodosuloficial.com.br\/index.php\/2026\/01\/15\/alline-costiti-uma-artista-em-ascensao-que-transforma-emocao-em-musica\/","og_locale":"pt_BR","og_type":"article","og_title":"Alline Costiti: uma artista em ascens\u00e3o que transforma emo\u00e7\u00e3o em m\u00fasica -","og_description":"Alline Costiti vem se destacando como uma cantora brasileira que une talento e versatilidade em seu repert\u00f3rio, conquistando espa\u00e7o tanto nos palcos quanto nas plataformas digitais. Com diversas m\u00fasicas lan\u00e7adas, ela se mostra uma artista em constante evolu\u00e7\u00e3o, explorando ritmos populares e revelando uma personalidade musical aut\u00eantica e marcante. Entre seus trabalhos est\u00e1 o single","og_url":"https:\/\/bailaodosuloficial.com.br\/index.php\/2026\/01\/15\/alline-costiti-uma-artista-em-ascensao-que-transforma-emocao-em-musica\/","article_published_time":"2026-01-15T21:52:04+00:00","og_image":[{"width":603,"height":521,"url":"https:\/\/bailaodosuloficial.com.br\/wp-content\/uploads\/2026\/01\/image-36.png","type":"image\/png"}],"author":"admin","twitter_card":"summary_large_image","twitter_misc":{"Escrito por":"admin","Est. tempo de leitura":"2 minutos"},"schema":{"@context":"https:\/\/schema.org","@graph":[{"@type":"Article","@id":"https:\/\/bailaodosuloficial.com.br\/index.php\/2026\/01\/15\/alline-costiti-uma-artista-em-ascensao-que-transforma-emocao-em-musica\/#article","isPartOf":{"@id":"https:\/\/bailaodosuloficial.com.br\/index.php\/2026\/01\/15\/alline-costiti-uma-artista-em-ascensao-que-transforma-emocao-em-musica\/"},"author":{"name":"admin","@id":"https:\/\/bailaodosuloficial.com.br\/#\/schema\/person\/b3bb1c43b091cd5c62100dd962ddda38"},"headline":"Alline Costiti: uma artista em ascens\u00e3o que transforma emo\u00e7\u00e3o em m\u00fasica","datePublished":"2026-01-15T21:52:04+00:00","mainEntityOfPage":{"@id":"https:\/\/bailaodosuloficial.com.br\/index.php\/2026\/01\/15\/alline-costiti-uma-artista-em-ascensao-que-transforma-emocao-em-musica\/"},"wordCount":346,"commentCount":0,"publisher":{"@id":"https:\/\/bailaodosuloficial.com.br\/#organization"},"image":{"@id":"https:\/\/bailaodosuloficial.com.br\/index.php\/2026\/01\/15\/alline-costiti-uma-artista-em-ascensao-que-transforma-emocao-em-musica\/#primaryimage"},"thumbnailUrl":"https:\/\/bailaodosuloficial.com.br\/wp-content\/uploads\/2026\/01\/image-36.png","articleSection":["Sertanejo"],"inLanguage":"pt-BR","potentialAction":[{"@type":"CommentAction","name":"Comment","target":["https:\/\/bailaodosuloficial.com.br\/index.php\/2026\/01\/15\/alline-costiti-uma-artista-em-ascensao-que-transforma-emocao-em-musica\/#respond"]}]},{"@type":"WebPage","@id":"https:\/\/bailaodosuloficial.com.br\/index.php\/2026\/01\/15\/alline-costiti-uma-artista-em-ascensao-que-transforma-emocao-em-musica\/","url":"https:\/\/bailaodosuloficial.com.br\/index.php\/2026\/01\/15\/alline-costiti-uma-artista-em-ascensao-que-transforma-emocao-em-musica\/","name":"Alline Costiti: uma artista em ascens\u00e3o que transforma emo\u00e7\u00e3o em m\u00fasica -","isPartOf":{"@id":"https:\/\/bailaodosuloficial.com.br\/#website"},"primaryImageOfPage":{"@id":"https:\/\/bailaodosuloficial.com.br\/index.php\/2026\/01\/15\/alline-costiti-uma-artista-em-ascensao-que-transforma-emocao-em-musica\/#primaryimage"},"image":{"@id":"https:\/\/bailaodosuloficial.com.br\/index.php\/2026\/01\/15\/alline-costiti-uma-artista-em-ascensao-que-transforma-emocao-em-musica\/#primaryimage"},"thumbnailUrl":"https:\/\/bailaodosuloficial.com.br\/wp-content\/uploads\/2026\/01\/image-36.png","datePublished":"2026-01-15T21:52:04+00:00","breadcrumb":{"@id":"https:\/\/bailaodosuloficial.com.br\/index.php\/2026\/01\/15\/alline-costiti-uma-artista-em-ascensao-que-transforma-emocao-em-musica\/#breadcrumb"},"inLanguage":"pt-BR","potentialAction":[{"@type":"ReadAction","target":["https:\/\/bailaodosuloficial.com.br\/index.php\/2026\/01\/15\/alline-costiti-uma-artista-em-ascensao-que-transforma-emocao-em-musica\/"]}]},{"@type":"ImageObject","inLanguage":"pt-BR","@id":"https:\/\/bailaodosuloficial.com.br\/index.php\/2026\/01\/15\/alline-costiti-uma-artista-em-ascensao-que-transforma-emocao-em-musica\/#primaryimage","url":"https:\/\/bailaodosuloficial.com.br\/wp-content\/uploads\/2026\/01\/image-36.png","contentUrl":"https:\/\/bailaodosuloficial.com.br\/wp-content\/uploads\/2026\/01\/image-36.png","width":603,"height":521},{"@type":"BreadcrumbList","@id":"https:\/\/bailaodosuloficial.com.br\/index.php\/2026\/01\/15\/alline-costiti-uma-artista-em-ascensao-que-transforma-emocao-em-musica\/#breadcrumb","itemListElement":[{"@type":"ListItem","position":1,"name":"In\u00edcio","item":"https:\/\/bailaodosuloficial.com.br\/"},{"@type":"ListItem","position":2,"name":"Alline Costiti: uma artista em ascens\u00e3o que transforma emo\u00e7\u00e3o em m\u00fasica"}]},{"@type":"WebSite","@id":"https:\/\/bailaodosuloficial.com.br\/#website","url":"https:\/\/bailaodosuloficial.com.br\/","name":"Bail\u00e3o do Sul","description":"","publisher":{"@id":"https:\/\/bailaodosuloficial.com.br\/#organization"},"alternateName":"Bail\u00e3o do Sul Oficial","potentialAction":[{"@type":"SearchAction","target":{"@type":"EntryPoint","urlTemplate":"https:\/\/bailaodosuloficial.com.br\/?s={search_term_string}"},"query-input":{"@type":"PropertyValueSpecification","valueRequired":true,"valueName":"search_term_string"}}],"inLanguage":"pt-BR"},{"@type":"Organization","@id":"https:\/\/bailaodosuloficial.com.br\/#organization","name":"Bail\u00e3o do Sul","url":"https:\/\/bailaodosuloficial.com.br\/","logo":{"@type":"ImageObject","inLanguage":"pt-BR","@id":"https:\/\/bailaodosuloficial.com.br\/#\/schema\/logo\/image\/","url":"https:\/\/bailaodosuloficial.com.br\/wp-content\/uploads\/2026\/03\/cropped-fim-de-semana-5-scaled-1.png","contentUrl":"https:\/\/bailaodosuloficial.com.br\/wp-content\/uploads\/2026\/03\/cropped-fim-de-semana-5-scaled-1.png","width":1989,"height":1371,"caption":"Bail\u00e3o do Sul"},"image":{"@id":"https:\/\/bailaodosuloficial.com.br\/#\/schema\/logo\/image\/"},"sameAs":["http:\/\/instagram.com\/bailaodosul"]},{"@type":"Person","@id":"https:\/\/bailaodosuloficial.com.br\/#\/schema\/person\/b3bb1c43b091cd5c62100dd962ddda38","name":"admin","image":{"@type":"ImageObject","inLanguage":"pt-BR","@id":"https:\/\/bailaodosuloficial.com.br\/#\/schema\/person\/image\/","url":"https:\/\/secure.gravatar.com\/avatar\/8e8beae45c6419737da9ea57a58a1f945a580b701e1def541b4459d4ac234c85?s=96&d=mm&r=g","contentUrl":"https:\/\/secure.gravatar.com\/avatar\/8e8beae45c6419737da9ea57a58a1f945a580b701e1def541b4459d4ac234c85?s=96&d=mm&r=g","caption":"admin"},"sameAs":["https:\/\/bailaodosuloficial.com.br"],"url":"https:\/\/bailaodosuloficial.com.br\/index.php\/author\/bailao\/"}]}},"_links":{"self":[{"href":"https:\/\/bailaodosuloficial.com.br\/index.php\/wp-json\/wp\/v2\/posts\/671","targetHints":{"allow":["GET"]}}],"collection":[{"href":"https:\/\/bailaodosuloficial.com.br\/index.php\/wp-json\/wp\/v2\/posts"}],"about":[{"href":"https:\/\/bailaodosuloficial.com.br\/index.php\/wp-json\/wp\/v2\/types\/post"}],"author":[{"embeddable":true,"href":"https:\/\/bailaodosuloficial.com.br\/index.php\/wp-json\/wp\/v2\/users\/1"}],"replies":[{"embeddable":true,"href":"https:\/\/bailaodosuloficial.com.br\/index.php\/wp-json\/wp\/v2\/comments?post=671"}],"version-history":[{"count":1,"href":"https:\/\/bailaodosuloficial.com.br\/index.php\/wp-json\/wp\/v2\/posts\/671\/revisions"}],"predecessor-version":[{"id":673,"href":"https:\/\/bailaodosuloficial.com.br\/index.php\/wp-json\/wp\/v2\/posts\/671\/revisions\/673"}],"wp:featuredmedia":[{"embeddable":true,"href":"https:\/\/bailaodosuloficial.com.br\/index.php\/wp-json\/wp\/v2\/media\/672"}],"wp:attachment":[{"href":"https:\/\/bailaodosuloficial.com.br\/index.php\/wp-json\/wp\/v2\/media?parent=671"}],"wp:term":[{"taxonomy":"category","embeddable":true,"href":"https:\/\/bailaodosuloficial.com.br\/index.php\/wp-json\/wp\/v2\/categories?post=671"},{"taxonomy":"post_tag","embeddable":true,"href":"https:\/\/bailaodosuloficial.com.br\/index.php\/wp-json\/wp\/v2\/tags?post=671"}],"curies":[{"name":"wp","href":"https:\/\/api.w.org\/{rel}","templated":true}]}}