{"id":678,"date":"2026-01-21T06:01:00","date_gmt":"2026-01-21T06:01:00","guid":{"rendered":"https:\/\/bailaodosuloficial.com.br\/?p=678"},"modified":"2026-01-16T23:03:40","modified_gmt":"2026-01-16T23:03:40","slug":"paulinho-dill-inicia-novo-capitulo-como-vocalista-da-banda-g10","status":"publish","type":"post","link":"https:\/\/bailaodosuloficial.com.br\/index.php\/2026\/01\/21\/paulinho-dill-inicia-novo-capitulo-como-vocalista-da-banda-g10\/","title":{"rendered":"Paulinho Dill inicia novo cap\u00edtulo como vocalista da Banda G10"},"content":{"rendered":"\n<p>O cantor <strong>Paulinho Dill<\/strong> vive um momento marcante em sua trajet\u00f3ria musical com o an\u00fancio de sua entrada como <strong>novo vocalista da Banda G10<\/strong>, um dos grupos em destaque no cen\u00e1rio da m\u00fasica popular regional. A confirma\u00e7\u00e3o oficial aconteceu no final de dezembro de 2025, encerrando semanas de rumores nos bastidores e celebrando um novo ciclo art\u00edstico para o artista e para a banda.<\/p>\n\n\n\n<p>Com forte presen\u00e7a de palco, voz marcante e carisma que conquistou milhares de f\u00e3s ao longo dos anos, Paulinho Dill chega \u00e0 G10 com a proposta de <strong>renovar a energia do grupo e fortalecer ainda mais o v\u00ednculo com o p\u00fablico<\/strong>. A not\u00edcia foi recebida com entusiasmo por seguidores e colegas do meio musical, especialmente ap\u00f3s um per\u00edodo desafiador na vida pessoal e profissional do cantor.<\/p>\n\n\n\n<p>Antes de se juntar \u00e0 G10, Paulinho enfrentou um longo processo de recupera\u00e7\u00e3o ap\u00f3s sofrer um grave acidente de tr\u00e2nsito em novembro de 2024, que o afastou temporariamente dos palcos e mobilizou a comunidade art\u00edstica e f\u00e3s em torno de campanhas de apoio e eventos beneficentes.<\/p>\n\n\n\n<p>A chegada de Paulinho Dill \u00e0 Banda G10 representa, al\u00e9m de um retorno \u00e0 m\u00fasica ativa, uma <strong>nova fase que promete muita energia e repert\u00f3rio envolvente nos shows<\/strong>. Integrantes do grupo destacaram que a parceria simboliza um \u201creencontro com a ess\u00eancia do palco\u201d e refor\u00e7a o compromisso em entregar apresenta\u00e7\u00f5es vibrantes e de qualidade, animando festas e eventos por todo o pa\u00eds.<\/p>\n\n\n\n<p>Nas redes sociais, o an\u00fancio foi celebrado com imagens e mensagens otimistas, marcando o in\u00edcio desse novo cap\u00edtulo ao lado do tamb\u00e9m m\u00fasico <strong>Maninho Antunes<\/strong> e demais integrantes da G10. Paulinho Dill, por sua vez, expressou gratid\u00e3o pelo carinho dos f\u00e3s e entusiasmo por retomar sua carreira com um projeto que valoriza o estilo \u201cbail\u00e3o raiz\u201d, algo que tem forte identifica\u00e7\u00e3o com o p\u00fablico que acompanha a m\u00fasica regional.<\/p>\n\n\n\n<p>Com essa mudan\u00e7a, Paulinho n\u00e3o s\u00f3 escreve um novo trecho em sua carreira musical, mas tamb\u00e9m inspira muitos que acompanharam sua recupera\u00e7\u00e3o, mostrando que \u00e9 poss\u00edvel transformar desafios em novos come\u00e7os. A expectativa agora gira em torno das primeiras apresenta\u00e7\u00f5es oficiais com a G10 e poss\u00edveis novidades no repert\u00f3rio que reforcem a identidade festiva e contagiante que caracteriza tanto o artista quanto a banda.<\/p>\n\n\n\n<figure class=\"wp-block-embed is-type-rich is-provider-spotify wp-block-embed-spotify wp-embed-aspect-21-9 wp-has-aspect-ratio\"><div class=\"wp-block-embed__wrapper\">\n<iframe title=\"Spotify Embed: Banda G10\" style=\"border-radius: 12px\" width=\"100%\" height=\"352\" frameborder=\"0\" allowfullscreen allow=\"autoplay; clipboard-write; encrypted-media; fullscreen; picture-in-picture\" loading=\"lazy\" src=\"https:\/\/open.spotify.com\/embed\/artist\/7sd6AA2uX87eVoZxzu3qPf?si=EPKbLtLWSFanikifwlvv2g&amp;utm_source=oembed\"><\/iframe>\n<\/div><\/figure>\n","protected":false},"excerpt":{"rendered":"<p>O cantor Paulinho Dill vive um momento marcante em sua trajet\u00f3ria musical com o an\u00fancio de sua entrada como novo vocalista da Banda G10, um dos grupos em destaque no cen\u00e1rio da m\u00fasica popular regional. A confirma\u00e7\u00e3o oficial aconteceu no final de dezembro de 2025, encerrando semanas de rumores nos bastidores e celebrando um novo<\/p>\n","protected":false},"author":1,"featured_media":679,"comment_status":"open","ping_status":"open","sticky":false,"template":"","format":"standard","meta":{"footnotes":""},"categories":[2],"tags":[],"class_list":["post-678","post","type-post","status-publish","format-standard","has-post-thumbnail","hentry","category-bailao"],"yoast_head":"<!-- This site is optimized with the Yoast SEO plugin v26.9 - https:\/\/yoast.com\/product\/yoast-seo-wordpress\/ -->\n<title>Paulinho Dill inicia novo cap\u00edtulo como vocalista da Banda G10 -<\/title>\n<meta name=\"robots\" content=\"index, follow, max-snippet:-1, max-image-preview:large, max-video-preview:-1\" \/>\n<link rel=\"canonical\" href=\"https:\/\/bailaodosuloficial.com.br\/index.php\/2026\/01\/21\/paulinho-dill-inicia-novo-capitulo-como-vocalista-da-banda-g10\/\" \/>\n<meta property=\"og:locale\" content=\"pt_BR\" \/>\n<meta property=\"og:type\" content=\"article\" \/>\n<meta property=\"og:title\" content=\"Paulinho Dill inicia novo cap\u00edtulo como vocalista da Banda G10 -\" \/>\n<meta property=\"og:description\" content=\"O cantor Paulinho Dill vive um momento marcante em sua trajet\u00f3ria musical com o an\u00fancio de sua entrada como novo vocalista da Banda G10, um dos grupos em destaque no cen\u00e1rio da m\u00fasica popular regional. A confirma\u00e7\u00e3o oficial aconteceu no final de dezembro de 2025, encerrando semanas de rumores nos bastidores e celebrando um novo\" \/>\n<meta property=\"og:url\" content=\"https:\/\/bailaodosuloficial.com.br\/index.php\/2026\/01\/21\/paulinho-dill-inicia-novo-capitulo-como-vocalista-da-banda-g10\/\" \/>\n<meta property=\"article:published_time\" content=\"2026-01-21T06:01:00+00:00\" \/>\n<meta property=\"og:image\" content=\"https:\/\/bailaodosuloficial.com.br\/wp-content\/uploads\/2026\/01\/image-38.png\" \/>\n\t<meta property=\"og:image:width\" content=\"766\" \/>\n\t<meta property=\"og:image:height\" content=\"583\" \/>\n\t<meta property=\"og:image:type\" content=\"image\/png\" \/>\n<meta name=\"author\" content=\"admin\" \/>\n<meta name=\"twitter:card\" content=\"summary_large_image\" \/>\n<meta name=\"twitter:label1\" content=\"Escrito por\" \/>\n\t<meta name=\"twitter:data1\" content=\"admin\" \/>\n\t<meta name=\"twitter:label2\" content=\"Est. tempo de leitura\" \/>\n\t<meta name=\"twitter:data2\" content=\"2 minutos\" \/>\n<script type=\"application\/ld+json\" class=\"yoast-schema-graph\">{\"@context\":\"https:\/\/schema.org\",\"@graph\":[{\"@type\":\"Article\",\"@id\":\"https:\/\/bailaodosuloficial.com.br\/index.php\/2026\/01\/21\/paulinho-dill-inicia-novo-capitulo-como-vocalista-da-banda-g10\/#article\",\"isPartOf\":{\"@id\":\"https:\/\/bailaodosuloficial.com.br\/index.php\/2026\/01\/21\/paulinho-dill-inicia-novo-capitulo-como-vocalista-da-banda-g10\/\"},\"author\":{\"name\":\"admin\",\"@id\":\"https:\/\/bailaodosuloficial.com.br\/#\/schema\/person\/b3bb1c43b091cd5c62100dd962ddda38\"},\"headline\":\"Paulinho Dill inicia novo cap\u00edtulo como vocalista da Banda G10\",\"datePublished\":\"2026-01-21T06:01:00+00:00\",\"mainEntityOfPage\":{\"@id\":\"https:\/\/bailaodosuloficial.com.br\/index.php\/2026\/01\/21\/paulinho-dill-inicia-novo-capitulo-como-vocalista-da-banda-g10\/\"},\"wordCount\":434,\"commentCount\":0,\"publisher\":{\"@id\":\"https:\/\/bailaodosuloficial.com.br\/#organization\"},\"image\":{\"@id\":\"https:\/\/bailaodosuloficial.com.br\/index.php\/2026\/01\/21\/paulinho-dill-inicia-novo-capitulo-como-vocalista-da-banda-g10\/#primaryimage\"},\"thumbnailUrl\":\"https:\/\/bailaodosuloficial.com.br\/wp-content\/uploads\/2026\/01\/image-38.png\",\"articleSection\":[\"Bail\u00e3o\"],\"inLanguage\":\"pt-BR\",\"potentialAction\":[{\"@type\":\"CommentAction\",\"name\":\"Comment\",\"target\":[\"https:\/\/bailaodosuloficial.com.br\/index.php\/2026\/01\/21\/paulinho-dill-inicia-novo-capitulo-como-vocalista-da-banda-g10\/#respond\"]}]},{\"@type\":\"WebPage\",\"@id\":\"https:\/\/bailaodosuloficial.com.br\/index.php\/2026\/01\/21\/paulinho-dill-inicia-novo-capitulo-como-vocalista-da-banda-g10\/\",\"url\":\"https:\/\/bailaodosuloficial.com.br\/index.php\/2026\/01\/21\/paulinho-dill-inicia-novo-capitulo-como-vocalista-da-banda-g10\/\",\"name\":\"Paulinho Dill inicia novo cap\u00edtulo como vocalista da Banda G10 -\",\"isPartOf\":{\"@id\":\"https:\/\/bailaodosuloficial.com.br\/#website\"},\"primaryImageOfPage\":{\"@id\":\"https:\/\/bailaodosuloficial.com.br\/index.php\/2026\/01\/21\/paulinho-dill-inicia-novo-capitulo-como-vocalista-da-banda-g10\/#primaryimage\"},\"image\":{\"@id\":\"https:\/\/bailaodosuloficial.com.br\/index.php\/2026\/01\/21\/paulinho-dill-inicia-novo-capitulo-como-vocalista-da-banda-g10\/#primaryimage\"},\"thumbnailUrl\":\"https:\/\/bailaodosuloficial.com.br\/wp-content\/uploads\/2026\/01\/image-38.png\",\"datePublished\":\"2026-01-21T06:01:00+00:00\",\"breadcrumb\":{\"@id\":\"https:\/\/bailaodosuloficial.com.br\/index.php\/2026\/01\/21\/paulinho-dill-inicia-novo-capitulo-como-vocalista-da-banda-g10\/#breadcrumb\"},\"inLanguage\":\"pt-BR\",\"potentialAction\":[{\"@type\":\"ReadAction\",\"target\":[\"https:\/\/bailaodosuloficial.com.br\/index.php\/2026\/01\/21\/paulinho-dill-inicia-novo-capitulo-como-vocalista-da-banda-g10\/\"]}]},{\"@type\":\"ImageObject\",\"inLanguage\":\"pt-BR\",\"@id\":\"https:\/\/bailaodosuloficial.com.br\/index.php\/2026\/01\/21\/paulinho-dill-inicia-novo-capitulo-como-vocalista-da-banda-g10\/#primaryimage\",\"url\":\"https:\/\/bailaodosuloficial.com.br\/wp-content\/uploads\/2026\/01\/image-38.png\",\"contentUrl\":\"https:\/\/bailaodosuloficial.com.br\/wp-content\/uploads\/2026\/01\/image-38.png\",\"width\":766,\"height\":583},{\"@type\":\"BreadcrumbList\",\"@id\":\"https:\/\/bailaodosuloficial.com.br\/index.php\/2026\/01\/21\/paulinho-dill-inicia-novo-capitulo-como-vocalista-da-banda-g10\/#breadcrumb\",\"itemListElement\":[{\"@type\":\"ListItem\",\"position\":1,\"name\":\"In\u00edcio\",\"item\":\"https:\/\/bailaodosuloficial.com.br\/\"},{\"@type\":\"ListItem\",\"position\":2,\"name\":\"Paulinho Dill inicia novo cap\u00edtulo como vocalista da Banda G10\"}]},{\"@type\":\"WebSite\",\"@id\":\"https:\/\/bailaodosuloficial.com.br\/#website\",\"url\":\"https:\/\/bailaodosuloficial.com.br\/\",\"name\":\"Bail\u00e3o do Sul\",\"description\":\"\",\"publisher\":{\"@id\":\"https:\/\/bailaodosuloficial.com.br\/#organization\"},\"alternateName\":\"Bail\u00e3o do Sul Oficial\",\"potentialAction\":[{\"@type\":\"SearchAction\",\"target\":{\"@type\":\"EntryPoint\",\"urlTemplate\":\"https:\/\/bailaodosuloficial.com.br\/?s={search_term_string}\"},\"query-input\":{\"@type\":\"PropertyValueSpecification\",\"valueRequired\":true,\"valueName\":\"search_term_string\"}}],\"inLanguage\":\"pt-BR\"},{\"@type\":\"Organization\",\"@id\":\"https:\/\/bailaodosuloficial.com.br\/#organization\",\"name\":\"Bail\u00e3o do Sul\",\"url\":\"https:\/\/bailaodosuloficial.com.br\/\",\"logo\":{\"@type\":\"ImageObject\",\"inLanguage\":\"pt-BR\",\"@id\":\"https:\/\/bailaodosuloficial.com.br\/#\/schema\/logo\/image\/\",\"url\":\"https:\/\/bailaodosuloficial.com.br\/wp-content\/uploads\/2026\/03\/cropped-fim-de-semana-5-scaled-1.png\",\"contentUrl\":\"https:\/\/bailaodosuloficial.com.br\/wp-content\/uploads\/2026\/03\/cropped-fim-de-semana-5-scaled-1.png\",\"width\":1989,\"height\":1371,\"caption\":\"Bail\u00e3o do Sul\"},\"image\":{\"@id\":\"https:\/\/bailaodosuloficial.com.br\/#\/schema\/logo\/image\/\"},\"sameAs\":[\"http:\/\/instagram.com\/bailaodosul\"]},{\"@type\":\"Person\",\"@id\":\"https:\/\/bailaodosuloficial.com.br\/#\/schema\/person\/b3bb1c43b091cd5c62100dd962ddda38\",\"name\":\"admin\",\"image\":{\"@type\":\"ImageObject\",\"inLanguage\":\"pt-BR\",\"@id\":\"https:\/\/bailaodosuloficial.com.br\/#\/schema\/person\/image\/\",\"url\":\"https:\/\/secure.gravatar.com\/avatar\/8e8beae45c6419737da9ea57a58a1f945a580b701e1def541b4459d4ac234c85?s=96&d=mm&r=g\",\"contentUrl\":\"https:\/\/secure.gravatar.com\/avatar\/8e8beae45c6419737da9ea57a58a1f945a580b701e1def541b4459d4ac234c85?s=96&d=mm&r=g\",\"caption\":\"admin\"},\"sameAs\":[\"https:\/\/bailaodosuloficial.com.br\"],\"url\":\"https:\/\/bailaodosuloficial.com.br\/index.php\/author\/bailao\/\"}]}<\/script>\n<!-- \/ Yoast SEO plugin. -->","yoast_head_json":{"title":"Paulinho Dill inicia novo cap\u00edtulo como vocalista da Banda G10 -","robots":{"index":"index","follow":"follow","max-snippet":"max-snippet:-1","max-image-preview":"max-image-preview:large","max-video-preview":"max-video-preview:-1"},"canonical":"https:\/\/bailaodosuloficial.com.br\/index.php\/2026\/01\/21\/paulinho-dill-inicia-novo-capitulo-como-vocalista-da-banda-g10\/","og_locale":"pt_BR","og_type":"article","og_title":"Paulinho Dill inicia novo cap\u00edtulo como vocalista da Banda G10 -","og_description":"O cantor Paulinho Dill vive um momento marcante em sua trajet\u00f3ria musical com o an\u00fancio de sua entrada como novo vocalista da Banda G10, um dos grupos em destaque no cen\u00e1rio da m\u00fasica popular regional. A confirma\u00e7\u00e3o oficial aconteceu no final de dezembro de 2025, encerrando semanas de rumores nos bastidores e celebrando um novo","og_url":"https:\/\/bailaodosuloficial.com.br\/index.php\/2026\/01\/21\/paulinho-dill-inicia-novo-capitulo-como-vocalista-da-banda-g10\/","article_published_time":"2026-01-21T06:01:00+00:00","og_image":[{"width":766,"height":583,"url":"https:\/\/bailaodosuloficial.com.br\/wp-content\/uploads\/2026\/01\/image-38.png","type":"image\/png"}],"author":"admin","twitter_card":"summary_large_image","twitter_misc":{"Escrito por":"admin","Est. tempo de leitura":"2 minutos"},"schema":{"@context":"https:\/\/schema.org","@graph":[{"@type":"Article","@id":"https:\/\/bailaodosuloficial.com.br\/index.php\/2026\/01\/21\/paulinho-dill-inicia-novo-capitulo-como-vocalista-da-banda-g10\/#article","isPartOf":{"@id":"https:\/\/bailaodosuloficial.com.br\/index.php\/2026\/01\/21\/paulinho-dill-inicia-novo-capitulo-como-vocalista-da-banda-g10\/"},"author":{"name":"admin","@id":"https:\/\/bailaodosuloficial.com.br\/#\/schema\/person\/b3bb1c43b091cd5c62100dd962ddda38"},"headline":"Paulinho Dill inicia novo cap\u00edtulo como vocalista da Banda G10","datePublished":"2026-01-21T06:01:00+00:00","mainEntityOfPage":{"@id":"https:\/\/bailaodosuloficial.com.br\/index.php\/2026\/01\/21\/paulinho-dill-inicia-novo-capitulo-como-vocalista-da-banda-g10\/"},"wordCount":434,"commentCount":0,"publisher":{"@id":"https:\/\/bailaodosuloficial.com.br\/#organization"},"image":{"@id":"https:\/\/bailaodosuloficial.com.br\/index.php\/2026\/01\/21\/paulinho-dill-inicia-novo-capitulo-como-vocalista-da-banda-g10\/#primaryimage"},"thumbnailUrl":"https:\/\/bailaodosuloficial.com.br\/wp-content\/uploads\/2026\/01\/image-38.png","articleSection":["Bail\u00e3o"],"inLanguage":"pt-BR","potentialAction":[{"@type":"CommentAction","name":"Comment","target":["https:\/\/bailaodosuloficial.com.br\/index.php\/2026\/01\/21\/paulinho-dill-inicia-novo-capitulo-como-vocalista-da-banda-g10\/#respond"]}]},{"@type":"WebPage","@id":"https:\/\/bailaodosuloficial.com.br\/index.php\/2026\/01\/21\/paulinho-dill-inicia-novo-capitulo-como-vocalista-da-banda-g10\/","url":"https:\/\/bailaodosuloficial.com.br\/index.php\/2026\/01\/21\/paulinho-dill-inicia-novo-capitulo-como-vocalista-da-banda-g10\/","name":"Paulinho Dill inicia novo cap\u00edtulo como vocalista da Banda G10 -","isPartOf":{"@id":"https:\/\/bailaodosuloficial.com.br\/#website"},"primaryImageOfPage":{"@id":"https:\/\/bailaodosuloficial.com.br\/index.php\/2026\/01\/21\/paulinho-dill-inicia-novo-capitulo-como-vocalista-da-banda-g10\/#primaryimage"},"image":{"@id":"https:\/\/bailaodosuloficial.com.br\/index.php\/2026\/01\/21\/paulinho-dill-inicia-novo-capitulo-como-vocalista-da-banda-g10\/#primaryimage"},"thumbnailUrl":"https:\/\/bailaodosuloficial.com.br\/wp-content\/uploads\/2026\/01\/image-38.png","datePublished":"2026-01-21T06:01:00+00:00","breadcrumb":{"@id":"https:\/\/bailaodosuloficial.com.br\/index.php\/2026\/01\/21\/paulinho-dill-inicia-novo-capitulo-como-vocalista-da-banda-g10\/#breadcrumb"},"inLanguage":"pt-BR","potentialAction":[{"@type":"ReadAction","target":["https:\/\/bailaodosuloficial.com.br\/index.php\/2026\/01\/21\/paulinho-dill-inicia-novo-capitulo-como-vocalista-da-banda-g10\/"]}]},{"@type":"ImageObject","inLanguage":"pt-BR","@id":"https:\/\/bailaodosuloficial.com.br\/index.php\/2026\/01\/21\/paulinho-dill-inicia-novo-capitulo-como-vocalista-da-banda-g10\/#primaryimage","url":"https:\/\/bailaodosuloficial.com.br\/wp-content\/uploads\/2026\/01\/image-38.png","contentUrl":"https:\/\/bailaodosuloficial.com.br\/wp-content\/uploads\/2026\/01\/image-38.png","width":766,"height":583},{"@type":"BreadcrumbList","@id":"https:\/\/bailaodosuloficial.com.br\/index.php\/2026\/01\/21\/paulinho-dill-inicia-novo-capitulo-como-vocalista-da-banda-g10\/#breadcrumb","itemListElement":[{"@type":"ListItem","position":1,"name":"In\u00edcio","item":"https:\/\/bailaodosuloficial.com.br\/"},{"@type":"ListItem","position":2,"name":"Paulinho Dill inicia novo cap\u00edtulo como vocalista da Banda G10"}]},{"@type":"WebSite","@id":"https:\/\/bailaodosuloficial.com.br\/#website","url":"https:\/\/bailaodosuloficial.com.br\/","name":"Bail\u00e3o do Sul","description":"","publisher":{"@id":"https:\/\/bailaodosuloficial.com.br\/#organization"},"alternateName":"Bail\u00e3o do Sul Oficial","potentialAction":[{"@type":"SearchAction","target":{"@type":"EntryPoint","urlTemplate":"https:\/\/bailaodosuloficial.com.br\/?s={search_term_string}"},"query-input":{"@type":"PropertyValueSpecification","valueRequired":true,"valueName":"search_term_string"}}],"inLanguage":"pt-BR"},{"@type":"Organization","@id":"https:\/\/bailaodosuloficial.com.br\/#organization","name":"Bail\u00e3o do Sul","url":"https:\/\/bailaodosuloficial.com.br\/","logo":{"@type":"ImageObject","inLanguage":"pt-BR","@id":"https:\/\/bailaodosuloficial.com.br\/#\/schema\/logo\/image\/","url":"https:\/\/bailaodosuloficial.com.br\/wp-content\/uploads\/2026\/03\/cropped-fim-de-semana-5-scaled-1.png","contentUrl":"https:\/\/bailaodosuloficial.com.br\/wp-content\/uploads\/2026\/03\/cropped-fim-de-semana-5-scaled-1.png","width":1989,"height":1371,"caption":"Bail\u00e3o do Sul"},"image":{"@id":"https:\/\/bailaodosuloficial.com.br\/#\/schema\/logo\/image\/"},"sameAs":["http:\/\/instagram.com\/bailaodosul"]},{"@type":"Person","@id":"https:\/\/bailaodosuloficial.com.br\/#\/schema\/person\/b3bb1c43b091cd5c62100dd962ddda38","name":"admin","image":{"@type":"ImageObject","inLanguage":"pt-BR","@id":"https:\/\/bailaodosuloficial.com.br\/#\/schema\/person\/image\/","url":"https:\/\/secure.gravatar.com\/avatar\/8e8beae45c6419737da9ea57a58a1f945a580b701e1def541b4459d4ac234c85?s=96&d=mm&r=g","contentUrl":"https:\/\/secure.gravatar.com\/avatar\/8e8beae45c6419737da9ea57a58a1f945a580b701e1def541b4459d4ac234c85?s=96&d=mm&r=g","caption":"admin"},"sameAs":["https:\/\/bailaodosuloficial.com.br"],"url":"https:\/\/bailaodosuloficial.com.br\/index.php\/author\/bailao\/"}]}},"_links":{"self":[{"href":"https:\/\/bailaodosuloficial.com.br\/index.php\/wp-json\/wp\/v2\/posts\/678","targetHints":{"allow":["GET"]}}],"collection":[{"href":"https:\/\/bailaodosuloficial.com.br\/index.php\/wp-json\/wp\/v2\/posts"}],"about":[{"href":"https:\/\/bailaodosuloficial.com.br\/index.php\/wp-json\/wp\/v2\/types\/post"}],"author":[{"embeddable":true,"href":"https:\/\/bailaodosuloficial.com.br\/index.php\/wp-json\/wp\/v2\/users\/1"}],"replies":[{"embeddable":true,"href":"https:\/\/bailaodosuloficial.com.br\/index.php\/wp-json\/wp\/v2\/comments?post=678"}],"version-history":[{"count":1,"href":"https:\/\/bailaodosuloficial.com.br\/index.php\/wp-json\/wp\/v2\/posts\/678\/revisions"}],"predecessor-version":[{"id":680,"href":"https:\/\/bailaodosuloficial.com.br\/index.php\/wp-json\/wp\/v2\/posts\/678\/revisions\/680"}],"wp:featuredmedia":[{"embeddable":true,"href":"https:\/\/bailaodosuloficial.com.br\/index.php\/wp-json\/wp\/v2\/media\/679"}],"wp:attachment":[{"href":"https:\/\/bailaodosuloficial.com.br\/index.php\/wp-json\/wp\/v2\/media?parent=678"}],"wp:term":[{"taxonomy":"category","embeddable":true,"href":"https:\/\/bailaodosuloficial.com.br\/index.php\/wp-json\/wp\/v2\/categories?post=678"},{"taxonomy":"post_tag","embeddable":true,"href":"https:\/\/bailaodosuloficial.com.br\/index.php\/wp-json\/wp\/v2\/tags?post=678"}],"curies":[{"name":"wp","href":"https:\/\/api.w.org\/{rel}","templated":true}]}}