{"id":682,"date":"2026-01-22T06:59:17","date_gmt":"2026-01-22T06:59:17","guid":{"rendered":"https:\/\/bailaodosuloficial.com.br\/?p=682"},"modified":"2026-01-17T14:03:06","modified_gmt":"2026-01-17T14:03:06","slug":"sandro-coelho-tradicao-talento-e-paixao-pela-musica","status":"publish","type":"post","link":"https:\/\/bailaodosuloficial.com.br\/index.php\/2026\/01\/22\/sandro-coelho-tradicao-talento-e-paixao-pela-musica\/","title":{"rendered":"Sandro Coelho: Tradi\u00e7\u00e3o, Talento e Paix\u00e3o Pela M\u00fasica"},"content":{"rendered":"\n<p>Sandro Coelho \u00e9 um dos nomes mais marcantes da m\u00fasica brasileira quando se fala em carisma, talento e trajet\u00f3ria s\u00f3lida. Cantor, compositor, multi-instrumentista e produtor musical, ele construiu uma carreira respeitada ao longo de d\u00e9cadas, levando sua m\u00fasica para diferentes regi\u00f5es do pa\u00eds e conquistando um p\u00fablico fiel que o acompanha desde o in\u00edcio. Natural de Lages, em Santa Catarina, Sandro ganhou proje\u00e7\u00e3o nacional como fundador e vocalista do grupo Tch\u00ea Garotos, refer\u00eancia na tch\u00ea music e no vaner\u00e3o moderno, com milh\u00f5es de discos vendidos e presen\u00e7a constante em grandes programas de televis\u00e3o.<\/p>\n\n\n\n<p>Atualmente em carreira solo, Sandro Coelho segue mostrando versatilidade e maturidade art\u00edstica, mantendo viva a ess\u00eancia que sempre marcou seu trabalho, mas com uma identidade ainda mais pessoal. Em seu perfil oficial no Instagram, @sandrocoelhooficial, o artista utiliza a rede como uma verdadeira extens\u00e3o do palco, compartilhando lan\u00e7amentos, trechos de m\u00fasicas, registros de shows, bastidores da estrada e mensagens de gratid\u00e3o ao p\u00fablico. Cada postagem reflete a conex\u00e3o direta que ele faz quest\u00e3o de manter com os f\u00e3s, valorizando a troca, o carinho e a hist\u00f3ria constru\u00edda ao longo dos anos.<\/p>\n\n\n\n<figure class=\"wp-block-embed is-type-rich is-provider-spotify wp-block-embed-spotify wp-embed-aspect-21-9 wp-has-aspect-ratio\"><div class=\"wp-block-embed__wrapper\">\n<iframe title=\"Spotify Embed: Sandro Coelho\" style=\"border-radius: 12px\" width=\"100%\" height=\"352\" frameborder=\"0\" allowfullscreen allow=\"autoplay; clipboard-write; encrypted-media; fullscreen; picture-in-picture\" loading=\"lazy\" src=\"https:\/\/open.spotify.com\/embed\/artist\/3jwT3x4s4G7N8lLf2WxeG4?si=ea6VLtDdSqmFQhaA9G5PDA&amp;utm_source=oembed\"><\/iframe>\n<\/div><\/figure>\n\n\n\n<p>O conte\u00fado publicado tamb\u00e9m evidencia a intensidade da agenda de apresenta\u00e7\u00f5es e a energia do p\u00fablico em cada show, al\u00e9m de momentos mais \u00edntimos, onde Sandro divide reflex\u00f5es, f\u00e9 e agradecimentos. Essa proximidade transforma o perfil em um espa\u00e7o aut\u00eantico, que vai al\u00e9m da divulga\u00e7\u00e3o musical e refor\u00e7a sua imagem como um artista acess\u00edvel, verdadeiro e apaixonado pelo que faz.<\/p>\n\n\n\n<p>Com uma base expressiva de seguidores, Sandro Coelho consolida sua presen\u00e7a digital sem perder o foco principal: a m\u00fasica. Seu Instagram mostra que a carreira segue em plena evolu\u00e7\u00e3o, guiada pela experi\u00eancia, pela sensibilidade art\u00edstica e pelo compromisso de continuar emocionando quem acompanha sua trajet\u00f3ria, seja nos palcos ou nas redes sociais.<\/p>\n","protected":false},"excerpt":{"rendered":"<p>Sandro Coelho \u00e9 um dos nomes mais marcantes da m\u00fasica brasileira quando se fala em carisma, talento e trajet\u00f3ria s\u00f3lida. Cantor, compositor, multi-instrumentista e produtor musical, ele construiu uma carreira respeitada ao longo de d\u00e9cadas, levando sua m\u00fasica para diferentes regi\u00f5es do pa\u00eds e conquistando um p\u00fablico fiel que o acompanha desde o in\u00edcio. Natural<\/p>\n","protected":false},"author":1,"featured_media":683,"comment_status":"open","ping_status":"open","sticky":false,"template":"","format":"standard","meta":{"footnotes":""},"categories":[3,4],"tags":[],"class_list":["post-682","post","type-post","status-publish","format-standard","has-post-thumbnail","hentry","category-gaucho","category-sertanejo"],"yoast_head":"<!-- This site is optimized with the Yoast SEO plugin v26.9 - https:\/\/yoast.com\/product\/yoast-seo-wordpress\/ -->\n<title>Sandro Coelho: Tradi\u00e7\u00e3o, Talento e Paix\u00e3o Pela M\u00fasica -<\/title>\n<meta name=\"robots\" content=\"index, follow, max-snippet:-1, max-image-preview:large, max-video-preview:-1\" \/>\n<link rel=\"canonical\" href=\"https:\/\/bailaodosuloficial.com.br\/index.php\/2026\/01\/22\/sandro-coelho-tradicao-talento-e-paixao-pela-musica\/\" \/>\n<meta property=\"og:locale\" content=\"pt_BR\" \/>\n<meta property=\"og:type\" content=\"article\" \/>\n<meta property=\"og:title\" content=\"Sandro Coelho: Tradi\u00e7\u00e3o, Talento e Paix\u00e3o Pela M\u00fasica -\" \/>\n<meta property=\"og:description\" content=\"Sandro Coelho \u00e9 um dos nomes mais marcantes da m\u00fasica brasileira quando se fala em carisma, talento e trajet\u00f3ria s\u00f3lida. Cantor, compositor, multi-instrumentista e produtor musical, ele construiu uma carreira respeitada ao longo de d\u00e9cadas, levando sua m\u00fasica para diferentes regi\u00f5es do pa\u00eds e conquistando um p\u00fablico fiel que o acompanha desde o in\u00edcio. Natural\" \/>\n<meta property=\"og:url\" content=\"https:\/\/bailaodosuloficial.com.br\/index.php\/2026\/01\/22\/sandro-coelho-tradicao-talento-e-paixao-pela-musica\/\" \/>\n<meta property=\"article:published_time\" content=\"2026-01-22T06:59:17+00:00\" \/>\n<meta property=\"og:image\" content=\"https:\/\/bailaodosuloficial.com.br\/wp-content\/uploads\/2026\/01\/image-39.png\" \/>\n\t<meta property=\"og:image:width\" content=\"700\" \/>\n\t<meta property=\"og:image:height\" content=\"466\" \/>\n\t<meta property=\"og:image:type\" content=\"image\/png\" \/>\n<meta name=\"author\" content=\"admin\" \/>\n<meta name=\"twitter:card\" content=\"summary_large_image\" \/>\n<meta name=\"twitter:label1\" content=\"Escrito por\" \/>\n\t<meta name=\"twitter:data1\" content=\"admin\" \/>\n\t<meta name=\"twitter:label2\" content=\"Est. tempo de leitura\" \/>\n\t<meta name=\"twitter:data2\" content=\"2 minutos\" \/>\n<script type=\"application\/ld+json\" class=\"yoast-schema-graph\">{\"@context\":\"https:\/\/schema.org\",\"@graph\":[{\"@type\":\"Article\",\"@id\":\"https:\/\/bailaodosuloficial.com.br\/index.php\/2026\/01\/22\/sandro-coelho-tradicao-talento-e-paixao-pela-musica\/#article\",\"isPartOf\":{\"@id\":\"https:\/\/bailaodosuloficial.com.br\/index.php\/2026\/01\/22\/sandro-coelho-tradicao-talento-e-paixao-pela-musica\/\"},\"author\":{\"name\":\"admin\",\"@id\":\"https:\/\/bailaodosuloficial.com.br\/#\/schema\/person\/b3bb1c43b091cd5c62100dd962ddda38\"},\"headline\":\"Sandro Coelho: Tradi\u00e7\u00e3o, Talento e Paix\u00e3o Pela M\u00fasica\",\"datePublished\":\"2026-01-22T06:59:17+00:00\",\"mainEntityOfPage\":{\"@id\":\"https:\/\/bailaodosuloficial.com.br\/index.php\/2026\/01\/22\/sandro-coelho-tradicao-talento-e-paixao-pela-musica\/\"},\"wordCount\":369,\"commentCount\":0,\"publisher\":{\"@id\":\"https:\/\/bailaodosuloficial.com.br\/#organization\"},\"image\":{\"@id\":\"https:\/\/bailaodosuloficial.com.br\/index.php\/2026\/01\/22\/sandro-coelho-tradicao-talento-e-paixao-pela-musica\/#primaryimage\"},\"thumbnailUrl\":\"https:\/\/bailaodosuloficial.com.br\/wp-content\/uploads\/2026\/01\/image-39.png\",\"articleSection\":[\"Ga\u00fachas\",\"Sertanejo\"],\"inLanguage\":\"pt-BR\",\"potentialAction\":[{\"@type\":\"CommentAction\",\"name\":\"Comment\",\"target\":[\"https:\/\/bailaodosuloficial.com.br\/index.php\/2026\/01\/22\/sandro-coelho-tradicao-talento-e-paixao-pela-musica\/#respond\"]}]},{\"@type\":\"WebPage\",\"@id\":\"https:\/\/bailaodosuloficial.com.br\/index.php\/2026\/01\/22\/sandro-coelho-tradicao-talento-e-paixao-pela-musica\/\",\"url\":\"https:\/\/bailaodosuloficial.com.br\/index.php\/2026\/01\/22\/sandro-coelho-tradicao-talento-e-paixao-pela-musica\/\",\"name\":\"Sandro Coelho: Tradi\u00e7\u00e3o, Talento e Paix\u00e3o Pela M\u00fasica -\",\"isPartOf\":{\"@id\":\"https:\/\/bailaodosuloficial.com.br\/#website\"},\"primaryImageOfPage\":{\"@id\":\"https:\/\/bailaodosuloficial.com.br\/index.php\/2026\/01\/22\/sandro-coelho-tradicao-talento-e-paixao-pela-musica\/#primaryimage\"},\"image\":{\"@id\":\"https:\/\/bailaodosuloficial.com.br\/index.php\/2026\/01\/22\/sandro-coelho-tradicao-talento-e-paixao-pela-musica\/#primaryimage\"},\"thumbnailUrl\":\"https:\/\/bailaodosuloficial.com.br\/wp-content\/uploads\/2026\/01\/image-39.png\",\"datePublished\":\"2026-01-22T06:59:17+00:00\",\"breadcrumb\":{\"@id\":\"https:\/\/bailaodosuloficial.com.br\/index.php\/2026\/01\/22\/sandro-coelho-tradicao-talento-e-paixao-pela-musica\/#breadcrumb\"},\"inLanguage\":\"pt-BR\",\"potentialAction\":[{\"@type\":\"ReadAction\",\"target\":[\"https:\/\/bailaodosuloficial.com.br\/index.php\/2026\/01\/22\/sandro-coelho-tradicao-talento-e-paixao-pela-musica\/\"]}]},{\"@type\":\"ImageObject\",\"inLanguage\":\"pt-BR\",\"@id\":\"https:\/\/bailaodosuloficial.com.br\/index.php\/2026\/01\/22\/sandro-coelho-tradicao-talento-e-paixao-pela-musica\/#primaryimage\",\"url\":\"https:\/\/bailaodosuloficial.com.br\/wp-content\/uploads\/2026\/01\/image-39.png\",\"contentUrl\":\"https:\/\/bailaodosuloficial.com.br\/wp-content\/uploads\/2026\/01\/image-39.png\",\"width\":700,\"height\":466},{\"@type\":\"BreadcrumbList\",\"@id\":\"https:\/\/bailaodosuloficial.com.br\/index.php\/2026\/01\/22\/sandro-coelho-tradicao-talento-e-paixao-pela-musica\/#breadcrumb\",\"itemListElement\":[{\"@type\":\"ListItem\",\"position\":1,\"name\":\"In\u00edcio\",\"item\":\"https:\/\/bailaodosuloficial.com.br\/\"},{\"@type\":\"ListItem\",\"position\":2,\"name\":\"Sandro Coelho: Tradi\u00e7\u00e3o, Talento e Paix\u00e3o Pela M\u00fasica\"}]},{\"@type\":\"WebSite\",\"@id\":\"https:\/\/bailaodosuloficial.com.br\/#website\",\"url\":\"https:\/\/bailaodosuloficial.com.br\/\",\"name\":\"Bail\u00e3o do Sul\",\"description\":\"\",\"publisher\":{\"@id\":\"https:\/\/bailaodosuloficial.com.br\/#organization\"},\"alternateName\":\"Bail\u00e3o do Sul Oficial\",\"potentialAction\":[{\"@type\":\"SearchAction\",\"target\":{\"@type\":\"EntryPoint\",\"urlTemplate\":\"https:\/\/bailaodosuloficial.com.br\/?s={search_term_string}\"},\"query-input\":{\"@type\":\"PropertyValueSpecification\",\"valueRequired\":true,\"valueName\":\"search_term_string\"}}],\"inLanguage\":\"pt-BR\"},{\"@type\":\"Organization\",\"@id\":\"https:\/\/bailaodosuloficial.com.br\/#organization\",\"name\":\"Bail\u00e3o do Sul\",\"url\":\"https:\/\/bailaodosuloficial.com.br\/\",\"logo\":{\"@type\":\"ImageObject\",\"inLanguage\":\"pt-BR\",\"@id\":\"https:\/\/bailaodosuloficial.com.br\/#\/schema\/logo\/image\/\",\"url\":\"https:\/\/bailaodosuloficial.com.br\/wp-content\/uploads\/2026\/03\/cropped-fim-de-semana-5-scaled-1.png\",\"contentUrl\":\"https:\/\/bailaodosuloficial.com.br\/wp-content\/uploads\/2026\/03\/cropped-fim-de-semana-5-scaled-1.png\",\"width\":1989,\"height\":1371,\"caption\":\"Bail\u00e3o do Sul\"},\"image\":{\"@id\":\"https:\/\/bailaodosuloficial.com.br\/#\/schema\/logo\/image\/\"},\"sameAs\":[\"http:\/\/instagram.com\/bailaodosul\"]},{\"@type\":\"Person\",\"@id\":\"https:\/\/bailaodosuloficial.com.br\/#\/schema\/person\/b3bb1c43b091cd5c62100dd962ddda38\",\"name\":\"admin\",\"image\":{\"@type\":\"ImageObject\",\"inLanguage\":\"pt-BR\",\"@id\":\"https:\/\/bailaodosuloficial.com.br\/#\/schema\/person\/image\/\",\"url\":\"https:\/\/secure.gravatar.com\/avatar\/8e8beae45c6419737da9ea57a58a1f945a580b701e1def541b4459d4ac234c85?s=96&d=mm&r=g\",\"contentUrl\":\"https:\/\/secure.gravatar.com\/avatar\/8e8beae45c6419737da9ea57a58a1f945a580b701e1def541b4459d4ac234c85?s=96&d=mm&r=g\",\"caption\":\"admin\"},\"sameAs\":[\"https:\/\/bailaodosuloficial.com.br\"],\"url\":\"https:\/\/bailaodosuloficial.com.br\/index.php\/author\/bailao\/\"}]}<\/script>\n<!-- \/ Yoast SEO plugin. -->","yoast_head_json":{"title":"Sandro Coelho: Tradi\u00e7\u00e3o, Talento e Paix\u00e3o Pela M\u00fasica -","robots":{"index":"index","follow":"follow","max-snippet":"max-snippet:-1","max-image-preview":"max-image-preview:large","max-video-preview":"max-video-preview:-1"},"canonical":"https:\/\/bailaodosuloficial.com.br\/index.php\/2026\/01\/22\/sandro-coelho-tradicao-talento-e-paixao-pela-musica\/","og_locale":"pt_BR","og_type":"article","og_title":"Sandro Coelho: Tradi\u00e7\u00e3o, Talento e Paix\u00e3o Pela M\u00fasica -","og_description":"Sandro Coelho \u00e9 um dos nomes mais marcantes da m\u00fasica brasileira quando se fala em carisma, talento e trajet\u00f3ria s\u00f3lida. Cantor, compositor, multi-instrumentista e produtor musical, ele construiu uma carreira respeitada ao longo de d\u00e9cadas, levando sua m\u00fasica para diferentes regi\u00f5es do pa\u00eds e conquistando um p\u00fablico fiel que o acompanha desde o in\u00edcio. Natural","og_url":"https:\/\/bailaodosuloficial.com.br\/index.php\/2026\/01\/22\/sandro-coelho-tradicao-talento-e-paixao-pela-musica\/","article_published_time":"2026-01-22T06:59:17+00:00","og_image":[{"width":700,"height":466,"url":"https:\/\/bailaodosuloficial.com.br\/wp-content\/uploads\/2026\/01\/image-39.png","type":"image\/png"}],"author":"admin","twitter_card":"summary_large_image","twitter_misc":{"Escrito por":"admin","Est. tempo de leitura":"2 minutos"},"schema":{"@context":"https:\/\/schema.org","@graph":[{"@type":"Article","@id":"https:\/\/bailaodosuloficial.com.br\/index.php\/2026\/01\/22\/sandro-coelho-tradicao-talento-e-paixao-pela-musica\/#article","isPartOf":{"@id":"https:\/\/bailaodosuloficial.com.br\/index.php\/2026\/01\/22\/sandro-coelho-tradicao-talento-e-paixao-pela-musica\/"},"author":{"name":"admin","@id":"https:\/\/bailaodosuloficial.com.br\/#\/schema\/person\/b3bb1c43b091cd5c62100dd962ddda38"},"headline":"Sandro Coelho: Tradi\u00e7\u00e3o, Talento e Paix\u00e3o Pela M\u00fasica","datePublished":"2026-01-22T06:59:17+00:00","mainEntityOfPage":{"@id":"https:\/\/bailaodosuloficial.com.br\/index.php\/2026\/01\/22\/sandro-coelho-tradicao-talento-e-paixao-pela-musica\/"},"wordCount":369,"commentCount":0,"publisher":{"@id":"https:\/\/bailaodosuloficial.com.br\/#organization"},"image":{"@id":"https:\/\/bailaodosuloficial.com.br\/index.php\/2026\/01\/22\/sandro-coelho-tradicao-talento-e-paixao-pela-musica\/#primaryimage"},"thumbnailUrl":"https:\/\/bailaodosuloficial.com.br\/wp-content\/uploads\/2026\/01\/image-39.png","articleSection":["Ga\u00fachas","Sertanejo"],"inLanguage":"pt-BR","potentialAction":[{"@type":"CommentAction","name":"Comment","target":["https:\/\/bailaodosuloficial.com.br\/index.php\/2026\/01\/22\/sandro-coelho-tradicao-talento-e-paixao-pela-musica\/#respond"]}]},{"@type":"WebPage","@id":"https:\/\/bailaodosuloficial.com.br\/index.php\/2026\/01\/22\/sandro-coelho-tradicao-talento-e-paixao-pela-musica\/","url":"https:\/\/bailaodosuloficial.com.br\/index.php\/2026\/01\/22\/sandro-coelho-tradicao-talento-e-paixao-pela-musica\/","name":"Sandro Coelho: Tradi\u00e7\u00e3o, Talento e Paix\u00e3o Pela M\u00fasica -","isPartOf":{"@id":"https:\/\/bailaodosuloficial.com.br\/#website"},"primaryImageOfPage":{"@id":"https:\/\/bailaodosuloficial.com.br\/index.php\/2026\/01\/22\/sandro-coelho-tradicao-talento-e-paixao-pela-musica\/#primaryimage"},"image":{"@id":"https:\/\/bailaodosuloficial.com.br\/index.php\/2026\/01\/22\/sandro-coelho-tradicao-talento-e-paixao-pela-musica\/#primaryimage"},"thumbnailUrl":"https:\/\/bailaodosuloficial.com.br\/wp-content\/uploads\/2026\/01\/image-39.png","datePublished":"2026-01-22T06:59:17+00:00","breadcrumb":{"@id":"https:\/\/bailaodosuloficial.com.br\/index.php\/2026\/01\/22\/sandro-coelho-tradicao-talento-e-paixao-pela-musica\/#breadcrumb"},"inLanguage":"pt-BR","potentialAction":[{"@type":"ReadAction","target":["https:\/\/bailaodosuloficial.com.br\/index.php\/2026\/01\/22\/sandro-coelho-tradicao-talento-e-paixao-pela-musica\/"]}]},{"@type":"ImageObject","inLanguage":"pt-BR","@id":"https:\/\/bailaodosuloficial.com.br\/index.php\/2026\/01\/22\/sandro-coelho-tradicao-talento-e-paixao-pela-musica\/#primaryimage","url":"https:\/\/bailaodosuloficial.com.br\/wp-content\/uploads\/2026\/01\/image-39.png","contentUrl":"https:\/\/bailaodosuloficial.com.br\/wp-content\/uploads\/2026\/01\/image-39.png","width":700,"height":466},{"@type":"BreadcrumbList","@id":"https:\/\/bailaodosuloficial.com.br\/index.php\/2026\/01\/22\/sandro-coelho-tradicao-talento-e-paixao-pela-musica\/#breadcrumb","itemListElement":[{"@type":"ListItem","position":1,"name":"In\u00edcio","item":"https:\/\/bailaodosuloficial.com.br\/"},{"@type":"ListItem","position":2,"name":"Sandro Coelho: Tradi\u00e7\u00e3o, Talento e Paix\u00e3o Pela M\u00fasica"}]},{"@type":"WebSite","@id":"https:\/\/bailaodosuloficial.com.br\/#website","url":"https:\/\/bailaodosuloficial.com.br\/","name":"Bail\u00e3o do Sul","description":"","publisher":{"@id":"https:\/\/bailaodosuloficial.com.br\/#organization"},"alternateName":"Bail\u00e3o do Sul Oficial","potentialAction":[{"@type":"SearchAction","target":{"@type":"EntryPoint","urlTemplate":"https:\/\/bailaodosuloficial.com.br\/?s={search_term_string}"},"query-input":{"@type":"PropertyValueSpecification","valueRequired":true,"valueName":"search_term_string"}}],"inLanguage":"pt-BR"},{"@type":"Organization","@id":"https:\/\/bailaodosuloficial.com.br\/#organization","name":"Bail\u00e3o do Sul","url":"https:\/\/bailaodosuloficial.com.br\/","logo":{"@type":"ImageObject","inLanguage":"pt-BR","@id":"https:\/\/bailaodosuloficial.com.br\/#\/schema\/logo\/image\/","url":"https:\/\/bailaodosuloficial.com.br\/wp-content\/uploads\/2026\/03\/cropped-fim-de-semana-5-scaled-1.png","contentUrl":"https:\/\/bailaodosuloficial.com.br\/wp-content\/uploads\/2026\/03\/cropped-fim-de-semana-5-scaled-1.png","width":1989,"height":1371,"caption":"Bail\u00e3o do Sul"},"image":{"@id":"https:\/\/bailaodosuloficial.com.br\/#\/schema\/logo\/image\/"},"sameAs":["http:\/\/instagram.com\/bailaodosul"]},{"@type":"Person","@id":"https:\/\/bailaodosuloficial.com.br\/#\/schema\/person\/b3bb1c43b091cd5c62100dd962ddda38","name":"admin","image":{"@type":"ImageObject","inLanguage":"pt-BR","@id":"https:\/\/bailaodosuloficial.com.br\/#\/schema\/person\/image\/","url":"https:\/\/secure.gravatar.com\/avatar\/8e8beae45c6419737da9ea57a58a1f945a580b701e1def541b4459d4ac234c85?s=96&d=mm&r=g","contentUrl":"https:\/\/secure.gravatar.com\/avatar\/8e8beae45c6419737da9ea57a58a1f945a580b701e1def541b4459d4ac234c85?s=96&d=mm&r=g","caption":"admin"},"sameAs":["https:\/\/bailaodosuloficial.com.br"],"url":"https:\/\/bailaodosuloficial.com.br\/index.php\/author\/bailao\/"}]}},"_links":{"self":[{"href":"https:\/\/bailaodosuloficial.com.br\/index.php\/wp-json\/wp\/v2\/posts\/682","targetHints":{"allow":["GET"]}}],"collection":[{"href":"https:\/\/bailaodosuloficial.com.br\/index.php\/wp-json\/wp\/v2\/posts"}],"about":[{"href":"https:\/\/bailaodosuloficial.com.br\/index.php\/wp-json\/wp\/v2\/types\/post"}],"author":[{"embeddable":true,"href":"https:\/\/bailaodosuloficial.com.br\/index.php\/wp-json\/wp\/v2\/users\/1"}],"replies":[{"embeddable":true,"href":"https:\/\/bailaodosuloficial.com.br\/index.php\/wp-json\/wp\/v2\/comments?post=682"}],"version-history":[{"count":1,"href":"https:\/\/bailaodosuloficial.com.br\/index.php\/wp-json\/wp\/v2\/posts\/682\/revisions"}],"predecessor-version":[{"id":684,"href":"https:\/\/bailaodosuloficial.com.br\/index.php\/wp-json\/wp\/v2\/posts\/682\/revisions\/684"}],"wp:featuredmedia":[{"embeddable":true,"href":"https:\/\/bailaodosuloficial.com.br\/index.php\/wp-json\/wp\/v2\/media\/683"}],"wp:attachment":[{"href":"https:\/\/bailaodosuloficial.com.br\/index.php\/wp-json\/wp\/v2\/media?parent=682"}],"wp:term":[{"taxonomy":"category","embeddable":true,"href":"https:\/\/bailaodosuloficial.com.br\/index.php\/wp-json\/wp\/v2\/categories?post=682"},{"taxonomy":"post_tag","embeddable":true,"href":"https:\/\/bailaodosuloficial.com.br\/index.php\/wp-json\/wp\/v2\/tags?post=682"}],"curies":[{"name":"wp","href":"https:\/\/api.w.org\/{rel}","templated":true}]}}