{"id":685,"date":"2026-01-23T06:18:00","date_gmt":"2026-01-23T06:18:00","guid":{"rendered":"https:\/\/bailaodosuloficial.com.br\/?p=685"},"modified":"2026-01-17T14:22:51","modified_gmt":"2026-01-17T14:22:51","slug":"tche-chaleira-tradicao-energia-e-historia-nos-bailes-do-sul","status":"publish","type":"post","link":"https:\/\/bailaodosuloficial.com.br\/index.php\/2026\/01\/23\/tche-chaleira-tradicao-energia-e-historia-nos-bailes-do-sul\/","title":{"rendered":"Tch\u00ea Chaleira: Tradi\u00e7\u00e3o, Energia e Hist\u00f3ria nos Bailes do Sul"},"content":{"rendered":"\n<p>O Tch\u00ea Chaleira \u00e9 um dos grupos mais tradicionais da tch\u00ea music e da m\u00fasica dan\u00e7ante do Sul do Brasil, com uma hist\u00f3ria constru\u00edda ao longo de muitos anos de estrada, marcada por dedica\u00e7\u00e3o, identidade e forte conex\u00e3o com o p\u00fablico. Nascido no interior do Rio Grande do Sul, o grupo surgiu da uni\u00e3o de m\u00fasicos apaixonados pela cultura regional, que encontraram na m\u00fasica uma forma de levar alegria, emo\u00e7\u00e3o e tradi\u00e7\u00e3o aos bailes e festas por todo o pa\u00eds.<\/p>\n\n\n\n<p>Com uma sonoridade que une elementos da m\u00fasica ga\u00facha \u00e0s batidas modernas e envolventes, o Tch\u00ea Chaleira criou um estilo pr\u00f3prio, capaz de atravessar gera\u00e7\u00f5es e manter sua relev\u00e2ncia ao longo do tempo. Seus shows s\u00e3o conhecidos pela energia contagiante, pelo repert\u00f3rio animado e pela proximidade com o p\u00fablico, caracter\u00edsticas que transformaram a banda em presen\u00e7a constante nos grandes eventos do Sul e de outras regi\u00f5es do Brasil.<\/p>\n\n\n\n<p>Ao longo da carreira, o grupo lan\u00e7ou diversos trabalhos que ajudaram a consolidar seu nome no cen\u00e1rio musical, sempre valorizando letras que falam de amor, festa, cotidiano e tradi\u00e7\u00e3o. Mesmo com as transforma\u00e7\u00f5es naturais de uma longa trajet\u00f3ria, o Tch\u00ea Chaleira soube se renovar sem perder sua ess\u00eancia, mantendo viva a identidade que conquistou milhares de f\u00e3s.<\/p>\n\n\n\n<p>Mais do que uma banda, o Tch\u00ea Chaleira representa um movimento musical que celebra a cultura regional, a alegria dos bailes e o esp\u00edrito do povo do Sul. Com uma hist\u00f3ria s\u00f3lida e um caminho ainda em expans\u00e3o, o grupo segue fazendo da m\u00fasica um elo entre tradi\u00e7\u00e3o e modernidade, levando seu som para diferentes p\u00fablicos e mantendo acesa a chama da tch\u00ea music.<\/p>\n\n\n\n<figure class=\"wp-block-embed is-type-video is-provider-youtube wp-block-embed-youtube wp-embed-aspect-16-9 wp-has-aspect-ratio\"><div class=\"wp-block-embed__wrapper\">\n<iframe loading=\"lazy\" title=\"Tch\u00ea Chaleira e Rainha Musical - TIRO DE BATOM\" width=\"960\" height=\"540\" src=\"https:\/\/www.youtube.com\/embed\/pLTMxxHRqYw?feature=oembed\" frameborder=\"0\" allow=\"accelerometer; autoplay; clipboard-write; encrypted-media; gyroscope; picture-in-picture; web-share\" referrerpolicy=\"strict-origin-when-cross-origin\" allowfullscreen><\/iframe>\n<\/div><\/figure>\n","protected":false},"excerpt":{"rendered":"<p>O Tch\u00ea Chaleira \u00e9 um dos grupos mais tradicionais da tch\u00ea music e da m\u00fasica dan\u00e7ante do Sul do Brasil, com uma hist\u00f3ria constru\u00edda ao longo de muitos anos de estrada, marcada por dedica\u00e7\u00e3o, identidade e forte conex\u00e3o com o p\u00fablico. Nascido no interior do Rio Grande do Sul, o grupo surgiu da uni\u00e3o de<\/p>\n","protected":false},"author":1,"featured_media":686,"comment_status":"open","ping_status":"open","sticky":false,"template":"","format":"standard","meta":{"footnotes":""},"categories":[3,4],"tags":[],"class_list":["post-685","post","type-post","status-publish","format-standard","has-post-thumbnail","hentry","category-gaucho","category-sertanejo"],"yoast_head":"<!-- This site is optimized with the Yoast SEO plugin v26.9 - https:\/\/yoast.com\/product\/yoast-seo-wordpress\/ -->\n<title>Tch\u00ea Chaleira: Tradi\u00e7\u00e3o, Energia e Hist\u00f3ria nos Bailes do Sul -<\/title>\n<meta name=\"robots\" content=\"index, follow, max-snippet:-1, max-image-preview:large, max-video-preview:-1\" \/>\n<link rel=\"canonical\" href=\"https:\/\/bailaodosuloficial.com.br\/index.php\/2026\/01\/23\/tche-chaleira-tradicao-energia-e-historia-nos-bailes-do-sul\/\" \/>\n<meta property=\"og:locale\" content=\"pt_BR\" \/>\n<meta property=\"og:type\" content=\"article\" \/>\n<meta property=\"og:title\" content=\"Tch\u00ea Chaleira: Tradi\u00e7\u00e3o, Energia e Hist\u00f3ria nos Bailes do Sul -\" \/>\n<meta property=\"og:description\" content=\"O Tch\u00ea Chaleira \u00e9 um dos grupos mais tradicionais da tch\u00ea music e da m\u00fasica dan\u00e7ante do Sul do Brasil, com uma hist\u00f3ria constru\u00edda ao longo de muitos anos de estrada, marcada por dedica\u00e7\u00e3o, identidade e forte conex\u00e3o com o p\u00fablico. Nascido no interior do Rio Grande do Sul, o grupo surgiu da uni\u00e3o de\" \/>\n<meta property=\"og:url\" content=\"https:\/\/bailaodosuloficial.com.br\/index.php\/2026\/01\/23\/tche-chaleira-tradicao-energia-e-historia-nos-bailes-do-sul\/\" \/>\n<meta property=\"article:published_time\" content=\"2026-01-23T06:18:00+00:00\" \/>\n<meta property=\"og:image\" content=\"https:\/\/bailaodosuloficial.com.br\/wp-content\/uploads\/2026\/01\/image-40.png\" \/>\n\t<meta property=\"og:image:width\" content=\"405\" \/>\n\t<meta property=\"og:image:height\" content=\"353\" \/>\n\t<meta property=\"og:image:type\" content=\"image\/png\" \/>\n<meta name=\"author\" content=\"admin\" \/>\n<meta name=\"twitter:card\" content=\"summary_large_image\" \/>\n<meta name=\"twitter:label1\" content=\"Escrito por\" \/>\n\t<meta name=\"twitter:data1\" content=\"admin\" \/>\n\t<meta name=\"twitter:label2\" content=\"Est. tempo de leitura\" \/>\n\t<meta name=\"twitter:data2\" content=\"2 minutos\" \/>\n<script type=\"application\/ld+json\" class=\"yoast-schema-graph\">{\"@context\":\"https:\/\/schema.org\",\"@graph\":[{\"@type\":\"Article\",\"@id\":\"https:\/\/bailaodosuloficial.com.br\/index.php\/2026\/01\/23\/tche-chaleira-tradicao-energia-e-historia-nos-bailes-do-sul\/#article\",\"isPartOf\":{\"@id\":\"https:\/\/bailaodosuloficial.com.br\/index.php\/2026\/01\/23\/tche-chaleira-tradicao-energia-e-historia-nos-bailes-do-sul\/\"},\"author\":{\"name\":\"admin\",\"@id\":\"https:\/\/bailaodosuloficial.com.br\/#\/schema\/person\/b3bb1c43b091cd5c62100dd962ddda38\"},\"headline\":\"Tch\u00ea Chaleira: Tradi\u00e7\u00e3o, Energia e Hist\u00f3ria nos Bailes do Sul\",\"datePublished\":\"2026-01-23T06:18:00+00:00\",\"mainEntityOfPage\":{\"@id\":\"https:\/\/bailaodosuloficial.com.br\/index.php\/2026\/01\/23\/tche-chaleira-tradicao-energia-e-historia-nos-bailes-do-sul\/\"},\"wordCount\":325,\"commentCount\":0,\"publisher\":{\"@id\":\"https:\/\/bailaodosuloficial.com.br\/#organization\"},\"image\":{\"@id\":\"https:\/\/bailaodosuloficial.com.br\/index.php\/2026\/01\/23\/tche-chaleira-tradicao-energia-e-historia-nos-bailes-do-sul\/#primaryimage\"},\"thumbnailUrl\":\"https:\/\/bailaodosuloficial.com.br\/wp-content\/uploads\/2026\/01\/image-40.png\",\"articleSection\":[\"Ga\u00fachas\",\"Sertanejo\"],\"inLanguage\":\"pt-BR\",\"potentialAction\":[{\"@type\":\"CommentAction\",\"name\":\"Comment\",\"target\":[\"https:\/\/bailaodosuloficial.com.br\/index.php\/2026\/01\/23\/tche-chaleira-tradicao-energia-e-historia-nos-bailes-do-sul\/#respond\"]}]},{\"@type\":\"WebPage\",\"@id\":\"https:\/\/bailaodosuloficial.com.br\/index.php\/2026\/01\/23\/tche-chaleira-tradicao-energia-e-historia-nos-bailes-do-sul\/\",\"url\":\"https:\/\/bailaodosuloficial.com.br\/index.php\/2026\/01\/23\/tche-chaleira-tradicao-energia-e-historia-nos-bailes-do-sul\/\",\"name\":\"Tch\u00ea Chaleira: Tradi\u00e7\u00e3o, Energia e Hist\u00f3ria nos Bailes do Sul -\",\"isPartOf\":{\"@id\":\"https:\/\/bailaodosuloficial.com.br\/#website\"},\"primaryImageOfPage\":{\"@id\":\"https:\/\/bailaodosuloficial.com.br\/index.php\/2026\/01\/23\/tche-chaleira-tradicao-energia-e-historia-nos-bailes-do-sul\/#primaryimage\"},\"image\":{\"@id\":\"https:\/\/bailaodosuloficial.com.br\/index.php\/2026\/01\/23\/tche-chaleira-tradicao-energia-e-historia-nos-bailes-do-sul\/#primaryimage\"},\"thumbnailUrl\":\"https:\/\/bailaodosuloficial.com.br\/wp-content\/uploads\/2026\/01\/image-40.png\",\"datePublished\":\"2026-01-23T06:18:00+00:00\",\"breadcrumb\":{\"@id\":\"https:\/\/bailaodosuloficial.com.br\/index.php\/2026\/01\/23\/tche-chaleira-tradicao-energia-e-historia-nos-bailes-do-sul\/#breadcrumb\"},\"inLanguage\":\"pt-BR\",\"potentialAction\":[{\"@type\":\"ReadAction\",\"target\":[\"https:\/\/bailaodosuloficial.com.br\/index.php\/2026\/01\/23\/tche-chaleira-tradicao-energia-e-historia-nos-bailes-do-sul\/\"]}]},{\"@type\":\"ImageObject\",\"inLanguage\":\"pt-BR\",\"@id\":\"https:\/\/bailaodosuloficial.com.br\/index.php\/2026\/01\/23\/tche-chaleira-tradicao-energia-e-historia-nos-bailes-do-sul\/#primaryimage\",\"url\":\"https:\/\/bailaodosuloficial.com.br\/wp-content\/uploads\/2026\/01\/image-40.png\",\"contentUrl\":\"https:\/\/bailaodosuloficial.com.br\/wp-content\/uploads\/2026\/01\/image-40.png\",\"width\":405,\"height\":353},{\"@type\":\"BreadcrumbList\",\"@id\":\"https:\/\/bailaodosuloficial.com.br\/index.php\/2026\/01\/23\/tche-chaleira-tradicao-energia-e-historia-nos-bailes-do-sul\/#breadcrumb\",\"itemListElement\":[{\"@type\":\"ListItem\",\"position\":1,\"name\":\"In\u00edcio\",\"item\":\"https:\/\/bailaodosuloficial.com.br\/\"},{\"@type\":\"ListItem\",\"position\":2,\"name\":\"Tch\u00ea Chaleira: Tradi\u00e7\u00e3o, Energia e Hist\u00f3ria nos Bailes do Sul\"}]},{\"@type\":\"WebSite\",\"@id\":\"https:\/\/bailaodosuloficial.com.br\/#website\",\"url\":\"https:\/\/bailaodosuloficial.com.br\/\",\"name\":\"Bail\u00e3o do Sul\",\"description\":\"\",\"publisher\":{\"@id\":\"https:\/\/bailaodosuloficial.com.br\/#organization\"},\"alternateName\":\"Bail\u00e3o do Sul Oficial\",\"potentialAction\":[{\"@type\":\"SearchAction\",\"target\":{\"@type\":\"EntryPoint\",\"urlTemplate\":\"https:\/\/bailaodosuloficial.com.br\/?s={search_term_string}\"},\"query-input\":{\"@type\":\"PropertyValueSpecification\",\"valueRequired\":true,\"valueName\":\"search_term_string\"}}],\"inLanguage\":\"pt-BR\"},{\"@type\":\"Organization\",\"@id\":\"https:\/\/bailaodosuloficial.com.br\/#organization\",\"name\":\"Bail\u00e3o do Sul\",\"url\":\"https:\/\/bailaodosuloficial.com.br\/\",\"logo\":{\"@type\":\"ImageObject\",\"inLanguage\":\"pt-BR\",\"@id\":\"https:\/\/bailaodosuloficial.com.br\/#\/schema\/logo\/image\/\",\"url\":\"https:\/\/bailaodosuloficial.com.br\/wp-content\/uploads\/2026\/03\/cropped-fim-de-semana-5-scaled-1.png\",\"contentUrl\":\"https:\/\/bailaodosuloficial.com.br\/wp-content\/uploads\/2026\/03\/cropped-fim-de-semana-5-scaled-1.png\",\"width\":1989,\"height\":1371,\"caption\":\"Bail\u00e3o do Sul\"},\"image\":{\"@id\":\"https:\/\/bailaodosuloficial.com.br\/#\/schema\/logo\/image\/\"},\"sameAs\":[\"http:\/\/instagram.com\/bailaodosul\"]},{\"@type\":\"Person\",\"@id\":\"https:\/\/bailaodosuloficial.com.br\/#\/schema\/person\/b3bb1c43b091cd5c62100dd962ddda38\",\"name\":\"admin\",\"image\":{\"@type\":\"ImageObject\",\"inLanguage\":\"pt-BR\",\"@id\":\"https:\/\/bailaodosuloficial.com.br\/#\/schema\/person\/image\/\",\"url\":\"https:\/\/secure.gravatar.com\/avatar\/8e8beae45c6419737da9ea57a58a1f945a580b701e1def541b4459d4ac234c85?s=96&d=mm&r=g\",\"contentUrl\":\"https:\/\/secure.gravatar.com\/avatar\/8e8beae45c6419737da9ea57a58a1f945a580b701e1def541b4459d4ac234c85?s=96&d=mm&r=g\",\"caption\":\"admin\"},\"sameAs\":[\"https:\/\/bailaodosuloficial.com.br\"],\"url\":\"https:\/\/bailaodosuloficial.com.br\/index.php\/author\/bailao\/\"}]}<\/script>\n<!-- \/ Yoast SEO plugin. -->","yoast_head_json":{"title":"Tch\u00ea Chaleira: Tradi\u00e7\u00e3o, Energia e Hist\u00f3ria nos Bailes do Sul -","robots":{"index":"index","follow":"follow","max-snippet":"max-snippet:-1","max-image-preview":"max-image-preview:large","max-video-preview":"max-video-preview:-1"},"canonical":"https:\/\/bailaodosuloficial.com.br\/index.php\/2026\/01\/23\/tche-chaleira-tradicao-energia-e-historia-nos-bailes-do-sul\/","og_locale":"pt_BR","og_type":"article","og_title":"Tch\u00ea Chaleira: Tradi\u00e7\u00e3o, Energia e Hist\u00f3ria nos Bailes do Sul -","og_description":"O Tch\u00ea Chaleira \u00e9 um dos grupos mais tradicionais da tch\u00ea music e da m\u00fasica dan\u00e7ante do Sul do Brasil, com uma hist\u00f3ria constru\u00edda ao longo de muitos anos de estrada, marcada por dedica\u00e7\u00e3o, identidade e forte conex\u00e3o com o p\u00fablico. Nascido no interior do Rio Grande do Sul, o grupo surgiu da uni\u00e3o de","og_url":"https:\/\/bailaodosuloficial.com.br\/index.php\/2026\/01\/23\/tche-chaleira-tradicao-energia-e-historia-nos-bailes-do-sul\/","article_published_time":"2026-01-23T06:18:00+00:00","og_image":[{"width":405,"height":353,"url":"https:\/\/bailaodosuloficial.com.br\/wp-content\/uploads\/2026\/01\/image-40.png","type":"image\/png"}],"author":"admin","twitter_card":"summary_large_image","twitter_misc":{"Escrito por":"admin","Est. tempo de leitura":"2 minutos"},"schema":{"@context":"https:\/\/schema.org","@graph":[{"@type":"Article","@id":"https:\/\/bailaodosuloficial.com.br\/index.php\/2026\/01\/23\/tche-chaleira-tradicao-energia-e-historia-nos-bailes-do-sul\/#article","isPartOf":{"@id":"https:\/\/bailaodosuloficial.com.br\/index.php\/2026\/01\/23\/tche-chaleira-tradicao-energia-e-historia-nos-bailes-do-sul\/"},"author":{"name":"admin","@id":"https:\/\/bailaodosuloficial.com.br\/#\/schema\/person\/b3bb1c43b091cd5c62100dd962ddda38"},"headline":"Tch\u00ea Chaleira: Tradi\u00e7\u00e3o, Energia e Hist\u00f3ria nos Bailes do Sul","datePublished":"2026-01-23T06:18:00+00:00","mainEntityOfPage":{"@id":"https:\/\/bailaodosuloficial.com.br\/index.php\/2026\/01\/23\/tche-chaleira-tradicao-energia-e-historia-nos-bailes-do-sul\/"},"wordCount":325,"commentCount":0,"publisher":{"@id":"https:\/\/bailaodosuloficial.com.br\/#organization"},"image":{"@id":"https:\/\/bailaodosuloficial.com.br\/index.php\/2026\/01\/23\/tche-chaleira-tradicao-energia-e-historia-nos-bailes-do-sul\/#primaryimage"},"thumbnailUrl":"https:\/\/bailaodosuloficial.com.br\/wp-content\/uploads\/2026\/01\/image-40.png","articleSection":["Ga\u00fachas","Sertanejo"],"inLanguage":"pt-BR","potentialAction":[{"@type":"CommentAction","name":"Comment","target":["https:\/\/bailaodosuloficial.com.br\/index.php\/2026\/01\/23\/tche-chaleira-tradicao-energia-e-historia-nos-bailes-do-sul\/#respond"]}]},{"@type":"WebPage","@id":"https:\/\/bailaodosuloficial.com.br\/index.php\/2026\/01\/23\/tche-chaleira-tradicao-energia-e-historia-nos-bailes-do-sul\/","url":"https:\/\/bailaodosuloficial.com.br\/index.php\/2026\/01\/23\/tche-chaleira-tradicao-energia-e-historia-nos-bailes-do-sul\/","name":"Tch\u00ea Chaleira: Tradi\u00e7\u00e3o, Energia e Hist\u00f3ria nos Bailes do Sul -","isPartOf":{"@id":"https:\/\/bailaodosuloficial.com.br\/#website"},"primaryImageOfPage":{"@id":"https:\/\/bailaodosuloficial.com.br\/index.php\/2026\/01\/23\/tche-chaleira-tradicao-energia-e-historia-nos-bailes-do-sul\/#primaryimage"},"image":{"@id":"https:\/\/bailaodosuloficial.com.br\/index.php\/2026\/01\/23\/tche-chaleira-tradicao-energia-e-historia-nos-bailes-do-sul\/#primaryimage"},"thumbnailUrl":"https:\/\/bailaodosuloficial.com.br\/wp-content\/uploads\/2026\/01\/image-40.png","datePublished":"2026-01-23T06:18:00+00:00","breadcrumb":{"@id":"https:\/\/bailaodosuloficial.com.br\/index.php\/2026\/01\/23\/tche-chaleira-tradicao-energia-e-historia-nos-bailes-do-sul\/#breadcrumb"},"inLanguage":"pt-BR","potentialAction":[{"@type":"ReadAction","target":["https:\/\/bailaodosuloficial.com.br\/index.php\/2026\/01\/23\/tche-chaleira-tradicao-energia-e-historia-nos-bailes-do-sul\/"]}]},{"@type":"ImageObject","inLanguage":"pt-BR","@id":"https:\/\/bailaodosuloficial.com.br\/index.php\/2026\/01\/23\/tche-chaleira-tradicao-energia-e-historia-nos-bailes-do-sul\/#primaryimage","url":"https:\/\/bailaodosuloficial.com.br\/wp-content\/uploads\/2026\/01\/image-40.png","contentUrl":"https:\/\/bailaodosuloficial.com.br\/wp-content\/uploads\/2026\/01\/image-40.png","width":405,"height":353},{"@type":"BreadcrumbList","@id":"https:\/\/bailaodosuloficial.com.br\/index.php\/2026\/01\/23\/tche-chaleira-tradicao-energia-e-historia-nos-bailes-do-sul\/#breadcrumb","itemListElement":[{"@type":"ListItem","position":1,"name":"In\u00edcio","item":"https:\/\/bailaodosuloficial.com.br\/"},{"@type":"ListItem","position":2,"name":"Tch\u00ea Chaleira: Tradi\u00e7\u00e3o, Energia e Hist\u00f3ria nos Bailes do Sul"}]},{"@type":"WebSite","@id":"https:\/\/bailaodosuloficial.com.br\/#website","url":"https:\/\/bailaodosuloficial.com.br\/","name":"Bail\u00e3o do Sul","description":"","publisher":{"@id":"https:\/\/bailaodosuloficial.com.br\/#organization"},"alternateName":"Bail\u00e3o do Sul Oficial","potentialAction":[{"@type":"SearchAction","target":{"@type":"EntryPoint","urlTemplate":"https:\/\/bailaodosuloficial.com.br\/?s={search_term_string}"},"query-input":{"@type":"PropertyValueSpecification","valueRequired":true,"valueName":"search_term_string"}}],"inLanguage":"pt-BR"},{"@type":"Organization","@id":"https:\/\/bailaodosuloficial.com.br\/#organization","name":"Bail\u00e3o do Sul","url":"https:\/\/bailaodosuloficial.com.br\/","logo":{"@type":"ImageObject","inLanguage":"pt-BR","@id":"https:\/\/bailaodosuloficial.com.br\/#\/schema\/logo\/image\/","url":"https:\/\/bailaodosuloficial.com.br\/wp-content\/uploads\/2026\/03\/cropped-fim-de-semana-5-scaled-1.png","contentUrl":"https:\/\/bailaodosuloficial.com.br\/wp-content\/uploads\/2026\/03\/cropped-fim-de-semana-5-scaled-1.png","width":1989,"height":1371,"caption":"Bail\u00e3o do Sul"},"image":{"@id":"https:\/\/bailaodosuloficial.com.br\/#\/schema\/logo\/image\/"},"sameAs":["http:\/\/instagram.com\/bailaodosul"]},{"@type":"Person","@id":"https:\/\/bailaodosuloficial.com.br\/#\/schema\/person\/b3bb1c43b091cd5c62100dd962ddda38","name":"admin","image":{"@type":"ImageObject","inLanguage":"pt-BR","@id":"https:\/\/bailaodosuloficial.com.br\/#\/schema\/person\/image\/","url":"https:\/\/secure.gravatar.com\/avatar\/8e8beae45c6419737da9ea57a58a1f945a580b701e1def541b4459d4ac234c85?s=96&d=mm&r=g","contentUrl":"https:\/\/secure.gravatar.com\/avatar\/8e8beae45c6419737da9ea57a58a1f945a580b701e1def541b4459d4ac234c85?s=96&d=mm&r=g","caption":"admin"},"sameAs":["https:\/\/bailaodosuloficial.com.br"],"url":"https:\/\/bailaodosuloficial.com.br\/index.php\/author\/bailao\/"}]}},"_links":{"self":[{"href":"https:\/\/bailaodosuloficial.com.br\/index.php\/wp-json\/wp\/v2\/posts\/685","targetHints":{"allow":["GET"]}}],"collection":[{"href":"https:\/\/bailaodosuloficial.com.br\/index.php\/wp-json\/wp\/v2\/posts"}],"about":[{"href":"https:\/\/bailaodosuloficial.com.br\/index.php\/wp-json\/wp\/v2\/types\/post"}],"author":[{"embeddable":true,"href":"https:\/\/bailaodosuloficial.com.br\/index.php\/wp-json\/wp\/v2\/users\/1"}],"replies":[{"embeddable":true,"href":"https:\/\/bailaodosuloficial.com.br\/index.php\/wp-json\/wp\/v2\/comments?post=685"}],"version-history":[{"count":1,"href":"https:\/\/bailaodosuloficial.com.br\/index.php\/wp-json\/wp\/v2\/posts\/685\/revisions"}],"predecessor-version":[{"id":687,"href":"https:\/\/bailaodosuloficial.com.br\/index.php\/wp-json\/wp\/v2\/posts\/685\/revisions\/687"}],"wp:featuredmedia":[{"embeddable":true,"href":"https:\/\/bailaodosuloficial.com.br\/index.php\/wp-json\/wp\/v2\/media\/686"}],"wp:attachment":[{"href":"https:\/\/bailaodosuloficial.com.br\/index.php\/wp-json\/wp\/v2\/media?parent=685"}],"wp:term":[{"taxonomy":"category","embeddable":true,"href":"https:\/\/bailaodosuloficial.com.br\/index.php\/wp-json\/wp\/v2\/categories?post=685"},{"taxonomy":"post_tag","embeddable":true,"href":"https:\/\/bailaodosuloficial.com.br\/index.php\/wp-json\/wp\/v2\/tags?post=685"}],"curies":[{"name":"wp","href":"https:\/\/api.w.org\/{rel}","templated":true}]}}