{"id":690,"date":"2026-01-25T23:05:30","date_gmt":"2026-01-25T23:05:30","guid":{"rendered":"https:\/\/bailaodosuloficial.com.br\/?p=690"},"modified":"2026-01-25T23:05:30","modified_gmt":"2026-01-25T23:05:30","slug":"karine-minozzo-talento-que-se-transforma-em-conexao","status":"publish","type":"post","link":"https:\/\/bailaodosuloficial.com.br\/index.php\/2026\/01\/25\/karine-minozzo-talento-que-se-transforma-em-conexao\/","title":{"rendered":"Karine Minozzo: talento que se transforma em conex\u00e3o"},"content":{"rendered":"\n<figure class=\"wp-block-image size-full\"><img loading=\"lazy\" decoding=\"async\" width=\"632\" height=\"594\" src=\"https:\/\/bailaodosuloficial.com.br\/wp-content\/uploads\/2026\/01\/image-41.png\" alt=\"\" class=\"wp-image-691\" srcset=\"https:\/\/bailaodosuloficial.com.br\/wp-content\/uploads\/2026\/01\/image-41.png 632w, https:\/\/bailaodosuloficial.com.br\/wp-content\/uploads\/2026\/01\/image-41-300x282.png 300w\" sizes=\"auto, (max-width: 632px) 100vw, 632px\" \/><\/figure>\n\n\n\n<p>Com talento, carisma e uma presen\u00e7a marcante, <strong><a href=\"https:\/\/www.instagram.com\/karineminozzo\/\">Karine Minozzo<\/a><\/strong> vem conquistando espa\u00e7o no cen\u00e1rio musical e fortalecendo sua identidade art\u00edstica a cada novo passo. Cantora dedicada e conectada com seu p\u00fablico, ela utiliza a m\u00fasica como forma de express\u00e3o e as redes sociais como uma ponte direta com quem acompanha sua caminhada.<\/p>\n\n\n\n<p><\/p>\n\n\n\n<p>No Instagram, Karine divide muito mais do que apresenta\u00e7\u00f5es e bastidores de shows. Seu perfil revela uma artista verdadeira, que compartilha momentos pessoais, reflex\u00f5es e conquistas, criando uma rela\u00e7\u00e3o pr\u00f3xima e sincera com seus seguidores. Essa transpar\u00eancia faz com que sua trajet\u00f3ria seja acompanhada de perto, gerando identifica\u00e7\u00e3o e admira\u00e7\u00e3o.<\/p>\n\n\n\n<p>Ao longo de sua carreira, Karine mostrou coragem para se reinventar e maturidade para encerrar ciclos quando necess\u00e1rio, sempre com o olhar voltado para o crescimento pessoal e profissional. Cada nova fase \u00e9 encarada como aprendizado, refor\u00e7ando sua determina\u00e7\u00e3o em evoluir artisticamente e buscar novos desafios dentro da m\u00fasica.<\/p>\n\n\n\n<p>Dona de uma voz envolvente e cheia de personalidade, Karine entrega emo\u00e7\u00e3o em cada interpreta\u00e7\u00e3o, transmitindo verdade e sentimento ao p\u00fablico. Seu trabalho reflete dedica\u00e7\u00e3o, foco e amor pela arte, caracter\u00edsticas que fortalecem seu nome no meio musical.<\/p>\n\n\n\n<p>Karine Minozzo vive um momento de constru\u00e7\u00e3o s\u00f3lida e amadurecimento art\u00edstico. Com autenticidade, talento e muita entrega, a cantora segue trilhando seu caminho, pronta para novos projetos e para continuar emocionando quem acredita em sua m\u00fasica.<\/p>\n\n\n\n<p>Que se eu ligar pra minha \u00faltima saudade\u2026<br>na voz de <strong>Karine Minozzo<\/strong>, cada verso vem carregado de sentimento.<br>\u00c9 daquelas interpreta\u00e7\u00f5es que arrepiam, que fazem a gente sentir junto e deixar a emo\u00e7\u00e3o falar mais alto. veja: <a href=\"https:\/\/www.instagram.com\/reel\/DT84mw1ghRe\/?utm_source=ig_web_copy_link&amp;igsh=MzRlODBiNWFlZA==\">https:\/\/www.instagram.com\/reel\/DT84mw1ghRe\/?utm_source=ig_web_copy_link&amp;igsh=MzRlODBiNWFlZA==<\/a><\/p>\n\n\n\n<p><\/p>\n\n\n\n<p>foto: Instagram <\/p>\n\n\n\n<p><\/p>\n","protected":false},"excerpt":{"rendered":"<p>Com talento, carisma e uma presen\u00e7a marcante, Karine Minozzo vem conquistando espa\u00e7o no cen\u00e1rio musical e fortalecendo sua identidade art\u00edstica a cada novo passo. Cantora dedicada e conectada com seu p\u00fablico, ela utiliza a m\u00fasica como forma de express\u00e3o e as redes sociais como uma ponte direta com quem acompanha sua caminhada. No Instagram, Karine<\/p>\n","protected":false},"author":1,"featured_media":691,"comment_status":"open","ping_status":"open","sticky":false,"template":"","format":"standard","meta":{"footnotes":""},"categories":[4],"tags":[],"class_list":["post-690","post","type-post","status-publish","format-standard","has-post-thumbnail","hentry","category-sertanejo"],"yoast_head":"<!-- This site is optimized with the Yoast SEO plugin v26.9 - https:\/\/yoast.com\/product\/yoast-seo-wordpress\/ -->\n<title>Karine Minozzo: talento que se transforma em conex\u00e3o -<\/title>\n<meta name=\"robots\" content=\"index, follow, max-snippet:-1, max-image-preview:large, max-video-preview:-1\" \/>\n<link rel=\"canonical\" href=\"https:\/\/bailaodosuloficial.com.br\/index.php\/2026\/01\/25\/karine-minozzo-talento-que-se-transforma-em-conexao\/\" \/>\n<meta property=\"og:locale\" content=\"pt_BR\" \/>\n<meta property=\"og:type\" content=\"article\" \/>\n<meta property=\"og:title\" content=\"Karine Minozzo: talento que se transforma em conex\u00e3o -\" \/>\n<meta property=\"og:description\" content=\"Com talento, carisma e uma presen\u00e7a marcante, Karine Minozzo vem conquistando espa\u00e7o no cen\u00e1rio musical e fortalecendo sua identidade art\u00edstica a cada novo passo. Cantora dedicada e conectada com seu p\u00fablico, ela utiliza a m\u00fasica como forma de express\u00e3o e as redes sociais como uma ponte direta com quem acompanha sua caminhada. No Instagram, Karine\" \/>\n<meta property=\"og:url\" content=\"https:\/\/bailaodosuloficial.com.br\/index.php\/2026\/01\/25\/karine-minozzo-talento-que-se-transforma-em-conexao\/\" \/>\n<meta property=\"article:published_time\" content=\"2026-01-25T23:05:30+00:00\" \/>\n<meta property=\"og:image\" content=\"https:\/\/bailaodosuloficial.com.br\/wp-content\/uploads\/2026\/01\/image-41.png\" \/>\n\t<meta property=\"og:image:width\" content=\"632\" \/>\n\t<meta property=\"og:image:height\" content=\"594\" \/>\n\t<meta property=\"og:image:type\" content=\"image\/png\" \/>\n<meta name=\"author\" content=\"admin\" \/>\n<meta name=\"twitter:card\" content=\"summary_large_image\" \/>\n<meta name=\"twitter:label1\" content=\"Escrito por\" \/>\n\t<meta name=\"twitter:data1\" content=\"admin\" \/>\n\t<meta name=\"twitter:label2\" content=\"Est. tempo de leitura\" \/>\n\t<meta name=\"twitter:data2\" content=\"2 minutos\" \/>\n<script type=\"application\/ld+json\" class=\"yoast-schema-graph\">{\"@context\":\"https:\/\/schema.org\",\"@graph\":[{\"@type\":\"Article\",\"@id\":\"https:\/\/bailaodosuloficial.com.br\/index.php\/2026\/01\/25\/karine-minozzo-talento-que-se-transforma-em-conexao\/#article\",\"isPartOf\":{\"@id\":\"https:\/\/bailaodosuloficial.com.br\/index.php\/2026\/01\/25\/karine-minozzo-talento-que-se-transforma-em-conexao\/\"},\"author\":{\"name\":\"admin\",\"@id\":\"https:\/\/bailaodosuloficial.com.br\/#\/schema\/person\/b3bb1c43b091cd5c62100dd962ddda38\"},\"headline\":\"Karine Minozzo: talento que se transforma em conex\u00e3o\",\"datePublished\":\"2026-01-25T23:05:30+00:00\",\"mainEntityOfPage\":{\"@id\":\"https:\/\/bailaodosuloficial.com.br\/index.php\/2026\/01\/25\/karine-minozzo-talento-que-se-transforma-em-conexao\/\"},\"wordCount\":319,\"commentCount\":0,\"publisher\":{\"@id\":\"https:\/\/bailaodosuloficial.com.br\/#organization\"},\"image\":{\"@id\":\"https:\/\/bailaodosuloficial.com.br\/index.php\/2026\/01\/25\/karine-minozzo-talento-que-se-transforma-em-conexao\/#primaryimage\"},\"thumbnailUrl\":\"https:\/\/bailaodosuloficial.com.br\/wp-content\/uploads\/2026\/01\/image-41.png\",\"articleSection\":[\"Sertanejo\"],\"inLanguage\":\"pt-BR\",\"potentialAction\":[{\"@type\":\"CommentAction\",\"name\":\"Comment\",\"target\":[\"https:\/\/bailaodosuloficial.com.br\/index.php\/2026\/01\/25\/karine-minozzo-talento-que-se-transforma-em-conexao\/#respond\"]}]},{\"@type\":\"WebPage\",\"@id\":\"https:\/\/bailaodosuloficial.com.br\/index.php\/2026\/01\/25\/karine-minozzo-talento-que-se-transforma-em-conexao\/\",\"url\":\"https:\/\/bailaodosuloficial.com.br\/index.php\/2026\/01\/25\/karine-minozzo-talento-que-se-transforma-em-conexao\/\",\"name\":\"Karine Minozzo: talento que se transforma em conex\u00e3o -\",\"isPartOf\":{\"@id\":\"https:\/\/bailaodosuloficial.com.br\/#website\"},\"primaryImageOfPage\":{\"@id\":\"https:\/\/bailaodosuloficial.com.br\/index.php\/2026\/01\/25\/karine-minozzo-talento-que-se-transforma-em-conexao\/#primaryimage\"},\"image\":{\"@id\":\"https:\/\/bailaodosuloficial.com.br\/index.php\/2026\/01\/25\/karine-minozzo-talento-que-se-transforma-em-conexao\/#primaryimage\"},\"thumbnailUrl\":\"https:\/\/bailaodosuloficial.com.br\/wp-content\/uploads\/2026\/01\/image-41.png\",\"datePublished\":\"2026-01-25T23:05:30+00:00\",\"breadcrumb\":{\"@id\":\"https:\/\/bailaodosuloficial.com.br\/index.php\/2026\/01\/25\/karine-minozzo-talento-que-se-transforma-em-conexao\/#breadcrumb\"},\"inLanguage\":\"pt-BR\",\"potentialAction\":[{\"@type\":\"ReadAction\",\"target\":[\"https:\/\/bailaodosuloficial.com.br\/index.php\/2026\/01\/25\/karine-minozzo-talento-que-se-transforma-em-conexao\/\"]}]},{\"@type\":\"ImageObject\",\"inLanguage\":\"pt-BR\",\"@id\":\"https:\/\/bailaodosuloficial.com.br\/index.php\/2026\/01\/25\/karine-minozzo-talento-que-se-transforma-em-conexao\/#primaryimage\",\"url\":\"https:\/\/bailaodosuloficial.com.br\/wp-content\/uploads\/2026\/01\/image-41.png\",\"contentUrl\":\"https:\/\/bailaodosuloficial.com.br\/wp-content\/uploads\/2026\/01\/image-41.png\",\"width\":632,\"height\":594},{\"@type\":\"BreadcrumbList\",\"@id\":\"https:\/\/bailaodosuloficial.com.br\/index.php\/2026\/01\/25\/karine-minozzo-talento-que-se-transforma-em-conexao\/#breadcrumb\",\"itemListElement\":[{\"@type\":\"ListItem\",\"position\":1,\"name\":\"In\u00edcio\",\"item\":\"https:\/\/bailaodosuloficial.com.br\/\"},{\"@type\":\"ListItem\",\"position\":2,\"name\":\"Karine Minozzo: talento que se transforma em conex\u00e3o\"}]},{\"@type\":\"WebSite\",\"@id\":\"https:\/\/bailaodosuloficial.com.br\/#website\",\"url\":\"https:\/\/bailaodosuloficial.com.br\/\",\"name\":\"Bail\u00e3o do Sul\",\"description\":\"\",\"publisher\":{\"@id\":\"https:\/\/bailaodosuloficial.com.br\/#organization\"},\"alternateName\":\"Bail\u00e3o do Sul Oficial\",\"potentialAction\":[{\"@type\":\"SearchAction\",\"target\":{\"@type\":\"EntryPoint\",\"urlTemplate\":\"https:\/\/bailaodosuloficial.com.br\/?s={search_term_string}\"},\"query-input\":{\"@type\":\"PropertyValueSpecification\",\"valueRequired\":true,\"valueName\":\"search_term_string\"}}],\"inLanguage\":\"pt-BR\"},{\"@type\":\"Organization\",\"@id\":\"https:\/\/bailaodosuloficial.com.br\/#organization\",\"name\":\"Bail\u00e3o do Sul\",\"url\":\"https:\/\/bailaodosuloficial.com.br\/\",\"logo\":{\"@type\":\"ImageObject\",\"inLanguage\":\"pt-BR\",\"@id\":\"https:\/\/bailaodosuloficial.com.br\/#\/schema\/logo\/image\/\",\"url\":\"https:\/\/bailaodosuloficial.com.br\/wp-content\/uploads\/2026\/03\/cropped-fim-de-semana-5-scaled-1.png\",\"contentUrl\":\"https:\/\/bailaodosuloficial.com.br\/wp-content\/uploads\/2026\/03\/cropped-fim-de-semana-5-scaled-1.png\",\"width\":1989,\"height\":1371,\"caption\":\"Bail\u00e3o do Sul\"},\"image\":{\"@id\":\"https:\/\/bailaodosuloficial.com.br\/#\/schema\/logo\/image\/\"},\"sameAs\":[\"http:\/\/instagram.com\/bailaodosul\"]},{\"@type\":\"Person\",\"@id\":\"https:\/\/bailaodosuloficial.com.br\/#\/schema\/person\/b3bb1c43b091cd5c62100dd962ddda38\",\"name\":\"admin\",\"image\":{\"@type\":\"ImageObject\",\"inLanguage\":\"pt-BR\",\"@id\":\"https:\/\/bailaodosuloficial.com.br\/#\/schema\/person\/image\/\",\"url\":\"https:\/\/secure.gravatar.com\/avatar\/8e8beae45c6419737da9ea57a58a1f945a580b701e1def541b4459d4ac234c85?s=96&d=mm&r=g\",\"contentUrl\":\"https:\/\/secure.gravatar.com\/avatar\/8e8beae45c6419737da9ea57a58a1f945a580b701e1def541b4459d4ac234c85?s=96&d=mm&r=g\",\"caption\":\"admin\"},\"sameAs\":[\"https:\/\/bailaodosuloficial.com.br\"],\"url\":\"https:\/\/bailaodosuloficial.com.br\/index.php\/author\/bailao\/\"}]}<\/script>\n<!-- \/ Yoast SEO plugin. -->","yoast_head_json":{"title":"Karine Minozzo: talento que se transforma em conex\u00e3o -","robots":{"index":"index","follow":"follow","max-snippet":"max-snippet:-1","max-image-preview":"max-image-preview:large","max-video-preview":"max-video-preview:-1"},"canonical":"https:\/\/bailaodosuloficial.com.br\/index.php\/2026\/01\/25\/karine-minozzo-talento-que-se-transforma-em-conexao\/","og_locale":"pt_BR","og_type":"article","og_title":"Karine Minozzo: talento que se transforma em conex\u00e3o -","og_description":"Com talento, carisma e uma presen\u00e7a marcante, Karine Minozzo vem conquistando espa\u00e7o no cen\u00e1rio musical e fortalecendo sua identidade art\u00edstica a cada novo passo. Cantora dedicada e conectada com seu p\u00fablico, ela utiliza a m\u00fasica como forma de express\u00e3o e as redes sociais como uma ponte direta com quem acompanha sua caminhada. No Instagram, Karine","og_url":"https:\/\/bailaodosuloficial.com.br\/index.php\/2026\/01\/25\/karine-minozzo-talento-que-se-transforma-em-conexao\/","article_published_time":"2026-01-25T23:05:30+00:00","og_image":[{"width":632,"height":594,"url":"https:\/\/bailaodosuloficial.com.br\/wp-content\/uploads\/2026\/01\/image-41.png","type":"image\/png"}],"author":"admin","twitter_card":"summary_large_image","twitter_misc":{"Escrito por":"admin","Est. tempo de leitura":"2 minutos"},"schema":{"@context":"https:\/\/schema.org","@graph":[{"@type":"Article","@id":"https:\/\/bailaodosuloficial.com.br\/index.php\/2026\/01\/25\/karine-minozzo-talento-que-se-transforma-em-conexao\/#article","isPartOf":{"@id":"https:\/\/bailaodosuloficial.com.br\/index.php\/2026\/01\/25\/karine-minozzo-talento-que-se-transforma-em-conexao\/"},"author":{"name":"admin","@id":"https:\/\/bailaodosuloficial.com.br\/#\/schema\/person\/b3bb1c43b091cd5c62100dd962ddda38"},"headline":"Karine Minozzo: talento que se transforma em conex\u00e3o","datePublished":"2026-01-25T23:05:30+00:00","mainEntityOfPage":{"@id":"https:\/\/bailaodosuloficial.com.br\/index.php\/2026\/01\/25\/karine-minozzo-talento-que-se-transforma-em-conexao\/"},"wordCount":319,"commentCount":0,"publisher":{"@id":"https:\/\/bailaodosuloficial.com.br\/#organization"},"image":{"@id":"https:\/\/bailaodosuloficial.com.br\/index.php\/2026\/01\/25\/karine-minozzo-talento-que-se-transforma-em-conexao\/#primaryimage"},"thumbnailUrl":"https:\/\/bailaodosuloficial.com.br\/wp-content\/uploads\/2026\/01\/image-41.png","articleSection":["Sertanejo"],"inLanguage":"pt-BR","potentialAction":[{"@type":"CommentAction","name":"Comment","target":["https:\/\/bailaodosuloficial.com.br\/index.php\/2026\/01\/25\/karine-minozzo-talento-que-se-transforma-em-conexao\/#respond"]}]},{"@type":"WebPage","@id":"https:\/\/bailaodosuloficial.com.br\/index.php\/2026\/01\/25\/karine-minozzo-talento-que-se-transforma-em-conexao\/","url":"https:\/\/bailaodosuloficial.com.br\/index.php\/2026\/01\/25\/karine-minozzo-talento-que-se-transforma-em-conexao\/","name":"Karine Minozzo: talento que se transforma em conex\u00e3o -","isPartOf":{"@id":"https:\/\/bailaodosuloficial.com.br\/#website"},"primaryImageOfPage":{"@id":"https:\/\/bailaodosuloficial.com.br\/index.php\/2026\/01\/25\/karine-minozzo-talento-que-se-transforma-em-conexao\/#primaryimage"},"image":{"@id":"https:\/\/bailaodosuloficial.com.br\/index.php\/2026\/01\/25\/karine-minozzo-talento-que-se-transforma-em-conexao\/#primaryimage"},"thumbnailUrl":"https:\/\/bailaodosuloficial.com.br\/wp-content\/uploads\/2026\/01\/image-41.png","datePublished":"2026-01-25T23:05:30+00:00","breadcrumb":{"@id":"https:\/\/bailaodosuloficial.com.br\/index.php\/2026\/01\/25\/karine-minozzo-talento-que-se-transforma-em-conexao\/#breadcrumb"},"inLanguage":"pt-BR","potentialAction":[{"@type":"ReadAction","target":["https:\/\/bailaodosuloficial.com.br\/index.php\/2026\/01\/25\/karine-minozzo-talento-que-se-transforma-em-conexao\/"]}]},{"@type":"ImageObject","inLanguage":"pt-BR","@id":"https:\/\/bailaodosuloficial.com.br\/index.php\/2026\/01\/25\/karine-minozzo-talento-que-se-transforma-em-conexao\/#primaryimage","url":"https:\/\/bailaodosuloficial.com.br\/wp-content\/uploads\/2026\/01\/image-41.png","contentUrl":"https:\/\/bailaodosuloficial.com.br\/wp-content\/uploads\/2026\/01\/image-41.png","width":632,"height":594},{"@type":"BreadcrumbList","@id":"https:\/\/bailaodosuloficial.com.br\/index.php\/2026\/01\/25\/karine-minozzo-talento-que-se-transforma-em-conexao\/#breadcrumb","itemListElement":[{"@type":"ListItem","position":1,"name":"In\u00edcio","item":"https:\/\/bailaodosuloficial.com.br\/"},{"@type":"ListItem","position":2,"name":"Karine Minozzo: talento que se transforma em conex\u00e3o"}]},{"@type":"WebSite","@id":"https:\/\/bailaodosuloficial.com.br\/#website","url":"https:\/\/bailaodosuloficial.com.br\/","name":"Bail\u00e3o do Sul","description":"","publisher":{"@id":"https:\/\/bailaodosuloficial.com.br\/#organization"},"alternateName":"Bail\u00e3o do Sul Oficial","potentialAction":[{"@type":"SearchAction","target":{"@type":"EntryPoint","urlTemplate":"https:\/\/bailaodosuloficial.com.br\/?s={search_term_string}"},"query-input":{"@type":"PropertyValueSpecification","valueRequired":true,"valueName":"search_term_string"}}],"inLanguage":"pt-BR"},{"@type":"Organization","@id":"https:\/\/bailaodosuloficial.com.br\/#organization","name":"Bail\u00e3o do Sul","url":"https:\/\/bailaodosuloficial.com.br\/","logo":{"@type":"ImageObject","inLanguage":"pt-BR","@id":"https:\/\/bailaodosuloficial.com.br\/#\/schema\/logo\/image\/","url":"https:\/\/bailaodosuloficial.com.br\/wp-content\/uploads\/2026\/03\/cropped-fim-de-semana-5-scaled-1.png","contentUrl":"https:\/\/bailaodosuloficial.com.br\/wp-content\/uploads\/2026\/03\/cropped-fim-de-semana-5-scaled-1.png","width":1989,"height":1371,"caption":"Bail\u00e3o do Sul"},"image":{"@id":"https:\/\/bailaodosuloficial.com.br\/#\/schema\/logo\/image\/"},"sameAs":["http:\/\/instagram.com\/bailaodosul"]},{"@type":"Person","@id":"https:\/\/bailaodosuloficial.com.br\/#\/schema\/person\/b3bb1c43b091cd5c62100dd962ddda38","name":"admin","image":{"@type":"ImageObject","inLanguage":"pt-BR","@id":"https:\/\/bailaodosuloficial.com.br\/#\/schema\/person\/image\/","url":"https:\/\/secure.gravatar.com\/avatar\/8e8beae45c6419737da9ea57a58a1f945a580b701e1def541b4459d4ac234c85?s=96&d=mm&r=g","contentUrl":"https:\/\/secure.gravatar.com\/avatar\/8e8beae45c6419737da9ea57a58a1f945a580b701e1def541b4459d4ac234c85?s=96&d=mm&r=g","caption":"admin"},"sameAs":["https:\/\/bailaodosuloficial.com.br"],"url":"https:\/\/bailaodosuloficial.com.br\/index.php\/author\/bailao\/"}]}},"_links":{"self":[{"href":"https:\/\/bailaodosuloficial.com.br\/index.php\/wp-json\/wp\/v2\/posts\/690","targetHints":{"allow":["GET"]}}],"collection":[{"href":"https:\/\/bailaodosuloficial.com.br\/index.php\/wp-json\/wp\/v2\/posts"}],"about":[{"href":"https:\/\/bailaodosuloficial.com.br\/index.php\/wp-json\/wp\/v2\/types\/post"}],"author":[{"embeddable":true,"href":"https:\/\/bailaodosuloficial.com.br\/index.php\/wp-json\/wp\/v2\/users\/1"}],"replies":[{"embeddable":true,"href":"https:\/\/bailaodosuloficial.com.br\/index.php\/wp-json\/wp\/v2\/comments?post=690"}],"version-history":[{"count":1,"href":"https:\/\/bailaodosuloficial.com.br\/index.php\/wp-json\/wp\/v2\/posts\/690\/revisions"}],"predecessor-version":[{"id":692,"href":"https:\/\/bailaodosuloficial.com.br\/index.php\/wp-json\/wp\/v2\/posts\/690\/revisions\/692"}],"wp:featuredmedia":[{"embeddable":true,"href":"https:\/\/bailaodosuloficial.com.br\/index.php\/wp-json\/wp\/v2\/media\/691"}],"wp:attachment":[{"href":"https:\/\/bailaodosuloficial.com.br\/index.php\/wp-json\/wp\/v2\/media?parent=690"}],"wp:term":[{"taxonomy":"category","embeddable":true,"href":"https:\/\/bailaodosuloficial.com.br\/index.php\/wp-json\/wp\/v2\/categories?post=690"},{"taxonomy":"post_tag","embeddable":true,"href":"https:\/\/bailaodosuloficial.com.br\/index.php\/wp-json\/wp\/v2\/tags?post=690"}],"curies":[{"name":"wp","href":"https:\/\/api.w.org\/{rel}","templated":true}]}}