{"id":702,"date":"2026-01-31T12:26:04","date_gmt":"2026-01-31T12:26:04","guid":{"rendered":"https:\/\/bailaodosuloficial.com.br\/?p=702"},"modified":"2026-01-31T12:26:04","modified_gmt":"2026-01-31T12:26:04","slug":"quando-a-musica-chama-o-coracao-matheus-cruz-lanca-vem-ficar-comigo","status":"publish","type":"post","link":"https:\/\/bailaodosuloficial.com.br\/index.php\/2026\/01\/31\/quando-a-musica-chama-o-coracao-matheus-cruz-lanca-vem-ficar-comigo\/","title":{"rendered":"Quando a m\u00fasica chama o cora\u00e7\u00e3o: Matheus Cruz lan\u00e7a \u201cVem Ficar Comigo\u201d"},"content":{"rendered":"\n<p>Matheus Cruz \u00e9 um <strong>cantor e compositor brasileiro<\/strong> muito ativo nas redes sociais, especialmente no Instagram, onde compartilha sua trajet\u00f3ria musical, novidades de shows e lan\u00e7amentos com seus seguidores. Seu perfil oficial <strong>@matheuscruzcantor<\/strong> tem mais de 4,5 mil seguidores e \u00e9 usado tanto para promover eventos ao vivo quanto para divulgar suas m\u00fasicas e projetos mais recentes.<\/p>\n\n\n\n<h3 class=\"wp-block-heading\">\ud83c\udfb5 Nova M\u00fasica: <em>Vem Ficar Comigo<\/em><\/h3>\n\n\n\n<p>Recentemente, Matheus Cruz anunciou nas suas redes sociais o <strong>lan\u00e7amento da m\u00fasica \u201cVem Ficar Comigo\u201d<\/strong> \u2014 uma can\u00e7\u00e3o rom\u00e2ntica que promete encantar o p\u00fablico com sua vibe envolvente e letra acolhedora. Nos v\u00eddeos publicados no Instagram Reels, ele mesmo convida o p\u00fablico para ouvir o novo trabalho, destacando que <strong>essa \u00e9 sua m\u00fasica de trabalho no momento<\/strong> e que j\u00e1 est\u00e1 sendo compartilhada com seus f\u00e3s.<\/p>\n\n\n\n<figure class=\"wp-block-embed is-type-video is-provider-youtube wp-block-embed-youtube wp-embed-aspect-16-9 wp-has-aspect-ratio\"><div class=\"wp-block-embed__wrapper\">\n<iframe loading=\"lazy\" title=\"Matheus Cruz e grupo vanerou Vem ficar comigo\" width=\"960\" height=\"540\" src=\"https:\/\/www.youtube.com\/embed\/fzp8UzuC1m0?feature=oembed\" frameborder=\"0\" allow=\"accelerometer; autoplay; clipboard-write; encrypted-media; gyroscope; picture-in-picture; web-share\" referrerpolicy=\"strict-origin-when-cross-origin\" allowfullscreen><\/iframe>\n<\/div><\/figure>\n\n\n\n<p>Embora ainda n\u00e3o haja dados p\u00fablicos detalhados sobre a letra completa, produ\u00e7\u00e3o e disponibilidade em plataformas de streaming, o cantor tem promovido a faixa como um lan\u00e7amento recente e um destaque na sua agenda musical.<\/p>\n\n\n\n<h3 class=\"wp-block-heading\">\ud83c\udf99\ufe0f Carreira e Presen\u00e7a Online<\/h3>\n\n\n\n<p>Matheus utiliza sua conta no Instagram para:<\/p>\n\n\n\n<ul class=\"wp-block-list\">\n<li><strong>Compartilhar trechos de apresenta\u00e7\u00f5es ao vivo<\/strong>;<\/li>\n\n\n\n<li><strong>Interagir com f\u00e3s e divulgar datas de shows<\/strong>;<\/li>\n\n\n\n<li><strong>Anunciar lan\u00e7amentos e projetos musicais<\/strong>.<\/li>\n<\/ul>\n\n\n\n<p>Essa estrat\u00e9gia de proximidade tem ajudado a construir uma base de ouvintes leais e engajados, que acompanham seu trabalho tanto nas redes quanto em apresenta\u00e7\u00f5es ao vivo.<\/p>\n\n\n\n<h3 class=\"wp-block-heading\">\ud83c\udf1f Estilo e Influ\u00eancia<\/h3>\n\n\n\n<p>Pelo que \u00e9 poss\u00edvel ver nas redes, Matheus mistura estilos populares com uma energia rom\u00e2ntica e acess\u00edvel \u2014 caracter\u00edstica que conecta especialmente com quem gosta de m\u00fasica brasileira contempor\u00e2nea. A m\u00fasica \u201cVem Ficar Comigo\u201d parece seguir essa linha, focando em temas de afeto, conex\u00e3o e sentimento, t\u00edpicos de muitas can\u00e7\u00f5es que se tornam favoritas em playlists e shows ao vivo.<\/p>\n\n\n\n<figure class=\"wp-block-embed is-type-rich is-provider-spotify wp-block-embed-spotify wp-embed-aspect-21-9 wp-has-aspect-ratio\"><div class=\"wp-block-embed__wrapper\">\n<iframe title=\"Spotify Embed: Vem Ficar Comigo\" style=\"border-radius: 12px\" width=\"100%\" height=\"352\" frameborder=\"0\" allowfullscreen allow=\"autoplay; clipboard-write; encrypted-media; fullscreen; picture-in-picture\" loading=\"lazy\" src=\"https:\/\/open.spotify.com\/embed\/album\/7IpaIqYjB2dLA2oo5eCbBG?si=R5_-fT6DTP6L-l3po2gPPA&amp;utm_source=oembed\"><\/iframe>\n<\/div><\/figure>\n","protected":false},"excerpt":{"rendered":"<p>Matheus Cruz \u00e9 um cantor e compositor brasileiro muito ativo nas redes sociais, especialmente no Instagram, onde compartilha sua trajet\u00f3ria musical, novidades de shows e lan\u00e7amentos com seus seguidores. Seu perfil oficial @matheuscruzcantor tem mais de 4,5 mil seguidores e \u00e9 usado tanto para promover eventos ao vivo quanto para divulgar suas m\u00fasicas e projetos<\/p>\n","protected":false},"author":1,"featured_media":703,"comment_status":"open","ping_status":"open","sticky":false,"template":"","format":"standard","meta":{"footnotes":""},"categories":[4],"tags":[],"class_list":["post-702","post","type-post","status-publish","format-standard","has-post-thumbnail","hentry","category-sertanejo"],"yoast_head":"<!-- This site is optimized with the Yoast SEO plugin v26.9 - https:\/\/yoast.com\/product\/yoast-seo-wordpress\/ -->\n<title>Quando a m\u00fasica chama o cora\u00e7\u00e3o: Matheus Cruz lan\u00e7a \u201cVem Ficar Comigo\u201d -<\/title>\n<meta name=\"robots\" content=\"index, follow, max-snippet:-1, max-image-preview:large, max-video-preview:-1\" \/>\n<link rel=\"canonical\" href=\"https:\/\/bailaodosuloficial.com.br\/index.php\/2026\/01\/31\/quando-a-musica-chama-o-coracao-matheus-cruz-lanca-vem-ficar-comigo\/\" \/>\n<meta property=\"og:locale\" content=\"pt_BR\" \/>\n<meta property=\"og:type\" content=\"article\" \/>\n<meta property=\"og:title\" content=\"Quando a m\u00fasica chama o cora\u00e7\u00e3o: Matheus Cruz lan\u00e7a \u201cVem Ficar Comigo\u201d -\" \/>\n<meta property=\"og:description\" content=\"Matheus Cruz \u00e9 um cantor e compositor brasileiro muito ativo nas redes sociais, especialmente no Instagram, onde compartilha sua trajet\u00f3ria musical, novidades de shows e lan\u00e7amentos com seus seguidores. Seu perfil oficial @matheuscruzcantor tem mais de 4,5 mil seguidores e \u00e9 usado tanto para promover eventos ao vivo quanto para divulgar suas m\u00fasicas e projetos\" \/>\n<meta property=\"og:url\" content=\"https:\/\/bailaodosuloficial.com.br\/index.php\/2026\/01\/31\/quando-a-musica-chama-o-coracao-matheus-cruz-lanca-vem-ficar-comigo\/\" \/>\n<meta property=\"article:published_time\" content=\"2026-01-31T12:26:04+00:00\" \/>\n<meta property=\"og:image\" content=\"https:\/\/bailaodosuloficial.com.br\/wp-content\/uploads\/2026\/01\/image-45.png\" \/>\n\t<meta property=\"og:image:width\" content=\"459\" \/>\n\t<meta property=\"og:image:height\" content=\"338\" \/>\n\t<meta property=\"og:image:type\" content=\"image\/png\" \/>\n<meta name=\"author\" content=\"admin\" \/>\n<meta name=\"twitter:card\" content=\"summary_large_image\" \/>\n<meta name=\"twitter:label1\" content=\"Escrito por\" \/>\n\t<meta name=\"twitter:data1\" content=\"admin\" \/>\n\t<meta name=\"twitter:label2\" content=\"Est. tempo de leitura\" \/>\n\t<meta name=\"twitter:data2\" content=\"2 minutos\" \/>\n<script type=\"application\/ld+json\" class=\"yoast-schema-graph\">{\"@context\":\"https:\/\/schema.org\",\"@graph\":[{\"@type\":\"Article\",\"@id\":\"https:\/\/bailaodosuloficial.com.br\/index.php\/2026\/01\/31\/quando-a-musica-chama-o-coracao-matheus-cruz-lanca-vem-ficar-comigo\/#article\",\"isPartOf\":{\"@id\":\"https:\/\/bailaodosuloficial.com.br\/index.php\/2026\/01\/31\/quando-a-musica-chama-o-coracao-matheus-cruz-lanca-vem-ficar-comigo\/\"},\"author\":{\"name\":\"admin\",\"@id\":\"https:\/\/bailaodosuloficial.com.br\/#\/schema\/person\/b3bb1c43b091cd5c62100dd962ddda38\"},\"headline\":\"Quando a m\u00fasica chama o cora\u00e7\u00e3o: Matheus Cruz lan\u00e7a \u201cVem Ficar Comigo\u201d\",\"datePublished\":\"2026-01-31T12:26:04+00:00\",\"mainEntityOfPage\":{\"@id\":\"https:\/\/bailaodosuloficial.com.br\/index.php\/2026\/01\/31\/quando-a-musica-chama-o-coracao-matheus-cruz-lanca-vem-ficar-comigo\/\"},\"wordCount\":350,\"commentCount\":0,\"publisher\":{\"@id\":\"https:\/\/bailaodosuloficial.com.br\/#organization\"},\"image\":{\"@id\":\"https:\/\/bailaodosuloficial.com.br\/index.php\/2026\/01\/31\/quando-a-musica-chama-o-coracao-matheus-cruz-lanca-vem-ficar-comigo\/#primaryimage\"},\"thumbnailUrl\":\"https:\/\/bailaodosuloficial.com.br\/wp-content\/uploads\/2026\/01\/image-45.png\",\"articleSection\":[\"Sertanejo\"],\"inLanguage\":\"pt-BR\",\"potentialAction\":[{\"@type\":\"CommentAction\",\"name\":\"Comment\",\"target\":[\"https:\/\/bailaodosuloficial.com.br\/index.php\/2026\/01\/31\/quando-a-musica-chama-o-coracao-matheus-cruz-lanca-vem-ficar-comigo\/#respond\"]}]},{\"@type\":\"WebPage\",\"@id\":\"https:\/\/bailaodosuloficial.com.br\/index.php\/2026\/01\/31\/quando-a-musica-chama-o-coracao-matheus-cruz-lanca-vem-ficar-comigo\/\",\"url\":\"https:\/\/bailaodosuloficial.com.br\/index.php\/2026\/01\/31\/quando-a-musica-chama-o-coracao-matheus-cruz-lanca-vem-ficar-comigo\/\",\"name\":\"Quando a m\u00fasica chama o cora\u00e7\u00e3o: Matheus Cruz lan\u00e7a \u201cVem Ficar Comigo\u201d -\",\"isPartOf\":{\"@id\":\"https:\/\/bailaodosuloficial.com.br\/#website\"},\"primaryImageOfPage\":{\"@id\":\"https:\/\/bailaodosuloficial.com.br\/index.php\/2026\/01\/31\/quando-a-musica-chama-o-coracao-matheus-cruz-lanca-vem-ficar-comigo\/#primaryimage\"},\"image\":{\"@id\":\"https:\/\/bailaodosuloficial.com.br\/index.php\/2026\/01\/31\/quando-a-musica-chama-o-coracao-matheus-cruz-lanca-vem-ficar-comigo\/#primaryimage\"},\"thumbnailUrl\":\"https:\/\/bailaodosuloficial.com.br\/wp-content\/uploads\/2026\/01\/image-45.png\",\"datePublished\":\"2026-01-31T12:26:04+00:00\",\"breadcrumb\":{\"@id\":\"https:\/\/bailaodosuloficial.com.br\/index.php\/2026\/01\/31\/quando-a-musica-chama-o-coracao-matheus-cruz-lanca-vem-ficar-comigo\/#breadcrumb\"},\"inLanguage\":\"pt-BR\",\"potentialAction\":[{\"@type\":\"ReadAction\",\"target\":[\"https:\/\/bailaodosuloficial.com.br\/index.php\/2026\/01\/31\/quando-a-musica-chama-o-coracao-matheus-cruz-lanca-vem-ficar-comigo\/\"]}]},{\"@type\":\"ImageObject\",\"inLanguage\":\"pt-BR\",\"@id\":\"https:\/\/bailaodosuloficial.com.br\/index.php\/2026\/01\/31\/quando-a-musica-chama-o-coracao-matheus-cruz-lanca-vem-ficar-comigo\/#primaryimage\",\"url\":\"https:\/\/bailaodosuloficial.com.br\/wp-content\/uploads\/2026\/01\/image-45.png\",\"contentUrl\":\"https:\/\/bailaodosuloficial.com.br\/wp-content\/uploads\/2026\/01\/image-45.png\",\"width\":459,\"height\":338,\"caption\":\"asas\"},{\"@type\":\"BreadcrumbList\",\"@id\":\"https:\/\/bailaodosuloficial.com.br\/index.php\/2026\/01\/31\/quando-a-musica-chama-o-coracao-matheus-cruz-lanca-vem-ficar-comigo\/#breadcrumb\",\"itemListElement\":[{\"@type\":\"ListItem\",\"position\":1,\"name\":\"In\u00edcio\",\"item\":\"https:\/\/bailaodosuloficial.com.br\/\"},{\"@type\":\"ListItem\",\"position\":2,\"name\":\"Quando a m\u00fasica chama o cora\u00e7\u00e3o: Matheus Cruz lan\u00e7a \u201cVem Ficar Comigo\u201d\"}]},{\"@type\":\"WebSite\",\"@id\":\"https:\/\/bailaodosuloficial.com.br\/#website\",\"url\":\"https:\/\/bailaodosuloficial.com.br\/\",\"name\":\"Bail\u00e3o do Sul\",\"description\":\"\",\"publisher\":{\"@id\":\"https:\/\/bailaodosuloficial.com.br\/#organization\"},\"alternateName\":\"Bail\u00e3o do Sul Oficial\",\"potentialAction\":[{\"@type\":\"SearchAction\",\"target\":{\"@type\":\"EntryPoint\",\"urlTemplate\":\"https:\/\/bailaodosuloficial.com.br\/?s={search_term_string}\"},\"query-input\":{\"@type\":\"PropertyValueSpecification\",\"valueRequired\":true,\"valueName\":\"search_term_string\"}}],\"inLanguage\":\"pt-BR\"},{\"@type\":\"Organization\",\"@id\":\"https:\/\/bailaodosuloficial.com.br\/#organization\",\"name\":\"Bail\u00e3o do Sul\",\"url\":\"https:\/\/bailaodosuloficial.com.br\/\",\"logo\":{\"@type\":\"ImageObject\",\"inLanguage\":\"pt-BR\",\"@id\":\"https:\/\/bailaodosuloficial.com.br\/#\/schema\/logo\/image\/\",\"url\":\"https:\/\/bailaodosuloficial.com.br\/wp-content\/uploads\/2026\/03\/cropped-fim-de-semana-5-scaled-1.png\",\"contentUrl\":\"https:\/\/bailaodosuloficial.com.br\/wp-content\/uploads\/2026\/03\/cropped-fim-de-semana-5-scaled-1.png\",\"width\":1989,\"height\":1371,\"caption\":\"Bail\u00e3o do Sul\"},\"image\":{\"@id\":\"https:\/\/bailaodosuloficial.com.br\/#\/schema\/logo\/image\/\"},\"sameAs\":[\"http:\/\/instagram.com\/bailaodosul\"]},{\"@type\":\"Person\",\"@id\":\"https:\/\/bailaodosuloficial.com.br\/#\/schema\/person\/b3bb1c43b091cd5c62100dd962ddda38\",\"name\":\"admin\",\"image\":{\"@type\":\"ImageObject\",\"inLanguage\":\"pt-BR\",\"@id\":\"https:\/\/bailaodosuloficial.com.br\/#\/schema\/person\/image\/\",\"url\":\"https:\/\/secure.gravatar.com\/avatar\/8e8beae45c6419737da9ea57a58a1f945a580b701e1def541b4459d4ac234c85?s=96&d=mm&r=g\",\"contentUrl\":\"https:\/\/secure.gravatar.com\/avatar\/8e8beae45c6419737da9ea57a58a1f945a580b701e1def541b4459d4ac234c85?s=96&d=mm&r=g\",\"caption\":\"admin\"},\"sameAs\":[\"https:\/\/bailaodosuloficial.com.br\"],\"url\":\"https:\/\/bailaodosuloficial.com.br\/index.php\/author\/bailao\/\"}]}<\/script>\n<!-- \/ Yoast SEO plugin. -->","yoast_head_json":{"title":"Quando a m\u00fasica chama o cora\u00e7\u00e3o: Matheus Cruz lan\u00e7a \u201cVem Ficar Comigo\u201d -","robots":{"index":"index","follow":"follow","max-snippet":"max-snippet:-1","max-image-preview":"max-image-preview:large","max-video-preview":"max-video-preview:-1"},"canonical":"https:\/\/bailaodosuloficial.com.br\/index.php\/2026\/01\/31\/quando-a-musica-chama-o-coracao-matheus-cruz-lanca-vem-ficar-comigo\/","og_locale":"pt_BR","og_type":"article","og_title":"Quando a m\u00fasica chama o cora\u00e7\u00e3o: Matheus Cruz lan\u00e7a \u201cVem Ficar Comigo\u201d -","og_description":"Matheus Cruz \u00e9 um cantor e compositor brasileiro muito ativo nas redes sociais, especialmente no Instagram, onde compartilha sua trajet\u00f3ria musical, novidades de shows e lan\u00e7amentos com seus seguidores. Seu perfil oficial @matheuscruzcantor tem mais de 4,5 mil seguidores e \u00e9 usado tanto para promover eventos ao vivo quanto para divulgar suas m\u00fasicas e projetos","og_url":"https:\/\/bailaodosuloficial.com.br\/index.php\/2026\/01\/31\/quando-a-musica-chama-o-coracao-matheus-cruz-lanca-vem-ficar-comigo\/","article_published_time":"2026-01-31T12:26:04+00:00","og_image":[{"width":459,"height":338,"url":"https:\/\/bailaodosuloficial.com.br\/wp-content\/uploads\/2026\/01\/image-45.png","type":"image\/png"}],"author":"admin","twitter_card":"summary_large_image","twitter_misc":{"Escrito por":"admin","Est. tempo de leitura":"2 minutos"},"schema":{"@context":"https:\/\/schema.org","@graph":[{"@type":"Article","@id":"https:\/\/bailaodosuloficial.com.br\/index.php\/2026\/01\/31\/quando-a-musica-chama-o-coracao-matheus-cruz-lanca-vem-ficar-comigo\/#article","isPartOf":{"@id":"https:\/\/bailaodosuloficial.com.br\/index.php\/2026\/01\/31\/quando-a-musica-chama-o-coracao-matheus-cruz-lanca-vem-ficar-comigo\/"},"author":{"name":"admin","@id":"https:\/\/bailaodosuloficial.com.br\/#\/schema\/person\/b3bb1c43b091cd5c62100dd962ddda38"},"headline":"Quando a m\u00fasica chama o cora\u00e7\u00e3o: Matheus Cruz lan\u00e7a \u201cVem Ficar Comigo\u201d","datePublished":"2026-01-31T12:26:04+00:00","mainEntityOfPage":{"@id":"https:\/\/bailaodosuloficial.com.br\/index.php\/2026\/01\/31\/quando-a-musica-chama-o-coracao-matheus-cruz-lanca-vem-ficar-comigo\/"},"wordCount":350,"commentCount":0,"publisher":{"@id":"https:\/\/bailaodosuloficial.com.br\/#organization"},"image":{"@id":"https:\/\/bailaodosuloficial.com.br\/index.php\/2026\/01\/31\/quando-a-musica-chama-o-coracao-matheus-cruz-lanca-vem-ficar-comigo\/#primaryimage"},"thumbnailUrl":"https:\/\/bailaodosuloficial.com.br\/wp-content\/uploads\/2026\/01\/image-45.png","articleSection":["Sertanejo"],"inLanguage":"pt-BR","potentialAction":[{"@type":"CommentAction","name":"Comment","target":["https:\/\/bailaodosuloficial.com.br\/index.php\/2026\/01\/31\/quando-a-musica-chama-o-coracao-matheus-cruz-lanca-vem-ficar-comigo\/#respond"]}]},{"@type":"WebPage","@id":"https:\/\/bailaodosuloficial.com.br\/index.php\/2026\/01\/31\/quando-a-musica-chama-o-coracao-matheus-cruz-lanca-vem-ficar-comigo\/","url":"https:\/\/bailaodosuloficial.com.br\/index.php\/2026\/01\/31\/quando-a-musica-chama-o-coracao-matheus-cruz-lanca-vem-ficar-comigo\/","name":"Quando a m\u00fasica chama o cora\u00e7\u00e3o: Matheus Cruz lan\u00e7a \u201cVem Ficar Comigo\u201d -","isPartOf":{"@id":"https:\/\/bailaodosuloficial.com.br\/#website"},"primaryImageOfPage":{"@id":"https:\/\/bailaodosuloficial.com.br\/index.php\/2026\/01\/31\/quando-a-musica-chama-o-coracao-matheus-cruz-lanca-vem-ficar-comigo\/#primaryimage"},"image":{"@id":"https:\/\/bailaodosuloficial.com.br\/index.php\/2026\/01\/31\/quando-a-musica-chama-o-coracao-matheus-cruz-lanca-vem-ficar-comigo\/#primaryimage"},"thumbnailUrl":"https:\/\/bailaodosuloficial.com.br\/wp-content\/uploads\/2026\/01\/image-45.png","datePublished":"2026-01-31T12:26:04+00:00","breadcrumb":{"@id":"https:\/\/bailaodosuloficial.com.br\/index.php\/2026\/01\/31\/quando-a-musica-chama-o-coracao-matheus-cruz-lanca-vem-ficar-comigo\/#breadcrumb"},"inLanguage":"pt-BR","potentialAction":[{"@type":"ReadAction","target":["https:\/\/bailaodosuloficial.com.br\/index.php\/2026\/01\/31\/quando-a-musica-chama-o-coracao-matheus-cruz-lanca-vem-ficar-comigo\/"]}]},{"@type":"ImageObject","inLanguage":"pt-BR","@id":"https:\/\/bailaodosuloficial.com.br\/index.php\/2026\/01\/31\/quando-a-musica-chama-o-coracao-matheus-cruz-lanca-vem-ficar-comigo\/#primaryimage","url":"https:\/\/bailaodosuloficial.com.br\/wp-content\/uploads\/2026\/01\/image-45.png","contentUrl":"https:\/\/bailaodosuloficial.com.br\/wp-content\/uploads\/2026\/01\/image-45.png","width":459,"height":338,"caption":"asas"},{"@type":"BreadcrumbList","@id":"https:\/\/bailaodosuloficial.com.br\/index.php\/2026\/01\/31\/quando-a-musica-chama-o-coracao-matheus-cruz-lanca-vem-ficar-comigo\/#breadcrumb","itemListElement":[{"@type":"ListItem","position":1,"name":"In\u00edcio","item":"https:\/\/bailaodosuloficial.com.br\/"},{"@type":"ListItem","position":2,"name":"Quando a m\u00fasica chama o cora\u00e7\u00e3o: Matheus Cruz lan\u00e7a \u201cVem Ficar Comigo\u201d"}]},{"@type":"WebSite","@id":"https:\/\/bailaodosuloficial.com.br\/#website","url":"https:\/\/bailaodosuloficial.com.br\/","name":"Bail\u00e3o do Sul","description":"","publisher":{"@id":"https:\/\/bailaodosuloficial.com.br\/#organization"},"alternateName":"Bail\u00e3o do Sul Oficial","potentialAction":[{"@type":"SearchAction","target":{"@type":"EntryPoint","urlTemplate":"https:\/\/bailaodosuloficial.com.br\/?s={search_term_string}"},"query-input":{"@type":"PropertyValueSpecification","valueRequired":true,"valueName":"search_term_string"}}],"inLanguage":"pt-BR"},{"@type":"Organization","@id":"https:\/\/bailaodosuloficial.com.br\/#organization","name":"Bail\u00e3o do Sul","url":"https:\/\/bailaodosuloficial.com.br\/","logo":{"@type":"ImageObject","inLanguage":"pt-BR","@id":"https:\/\/bailaodosuloficial.com.br\/#\/schema\/logo\/image\/","url":"https:\/\/bailaodosuloficial.com.br\/wp-content\/uploads\/2026\/03\/cropped-fim-de-semana-5-scaled-1.png","contentUrl":"https:\/\/bailaodosuloficial.com.br\/wp-content\/uploads\/2026\/03\/cropped-fim-de-semana-5-scaled-1.png","width":1989,"height":1371,"caption":"Bail\u00e3o do Sul"},"image":{"@id":"https:\/\/bailaodosuloficial.com.br\/#\/schema\/logo\/image\/"},"sameAs":["http:\/\/instagram.com\/bailaodosul"]},{"@type":"Person","@id":"https:\/\/bailaodosuloficial.com.br\/#\/schema\/person\/b3bb1c43b091cd5c62100dd962ddda38","name":"admin","image":{"@type":"ImageObject","inLanguage":"pt-BR","@id":"https:\/\/bailaodosuloficial.com.br\/#\/schema\/person\/image\/","url":"https:\/\/secure.gravatar.com\/avatar\/8e8beae45c6419737da9ea57a58a1f945a580b701e1def541b4459d4ac234c85?s=96&d=mm&r=g","contentUrl":"https:\/\/secure.gravatar.com\/avatar\/8e8beae45c6419737da9ea57a58a1f945a580b701e1def541b4459d4ac234c85?s=96&d=mm&r=g","caption":"admin"},"sameAs":["https:\/\/bailaodosuloficial.com.br"],"url":"https:\/\/bailaodosuloficial.com.br\/index.php\/author\/bailao\/"}]}},"_links":{"self":[{"href":"https:\/\/bailaodosuloficial.com.br\/index.php\/wp-json\/wp\/v2\/posts\/702","targetHints":{"allow":["GET"]}}],"collection":[{"href":"https:\/\/bailaodosuloficial.com.br\/index.php\/wp-json\/wp\/v2\/posts"}],"about":[{"href":"https:\/\/bailaodosuloficial.com.br\/index.php\/wp-json\/wp\/v2\/types\/post"}],"author":[{"embeddable":true,"href":"https:\/\/bailaodosuloficial.com.br\/index.php\/wp-json\/wp\/v2\/users\/1"}],"replies":[{"embeddable":true,"href":"https:\/\/bailaodosuloficial.com.br\/index.php\/wp-json\/wp\/v2\/comments?post=702"}],"version-history":[{"count":1,"href":"https:\/\/bailaodosuloficial.com.br\/index.php\/wp-json\/wp\/v2\/posts\/702\/revisions"}],"predecessor-version":[{"id":704,"href":"https:\/\/bailaodosuloficial.com.br\/index.php\/wp-json\/wp\/v2\/posts\/702\/revisions\/704"}],"wp:featuredmedia":[{"embeddable":true,"href":"https:\/\/bailaodosuloficial.com.br\/index.php\/wp-json\/wp\/v2\/media\/703"}],"wp:attachment":[{"href":"https:\/\/bailaodosuloficial.com.br\/index.php\/wp-json\/wp\/v2\/media?parent=702"}],"wp:term":[{"taxonomy":"category","embeddable":true,"href":"https:\/\/bailaodosuloficial.com.br\/index.php\/wp-json\/wp\/v2\/categories?post=702"},{"taxonomy":"post_tag","embeddable":true,"href":"https:\/\/bailaodosuloficial.com.br\/index.php\/wp-json\/wp\/v2\/tags?post=702"}],"curies":[{"name":"wp","href":"https:\/\/api.w.org\/{rel}","templated":true}]}}