{"id":712,"date":"2026-02-04T18:13:51","date_gmt":"2026-02-04T18:13:51","guid":{"rendered":"https:\/\/bailaodosuloficial.com.br\/?p=712"},"modified":"2026-02-04T18:13:51","modified_gmt":"2026-02-04T18:13:51","slug":"andre-karina-sintonia-emocao-e-verdade-na-musica-sertaneja","status":"publish","type":"post","link":"https:\/\/bailaodosuloficial.com.br\/index.php\/2026\/02\/04\/andre-karina-sintonia-emocao-e-verdade-na-musica-sertaneja\/","title":{"rendered":"Andr\u00e9 &amp; Karina: sintonia, emo\u00e7\u00e3o e verdade na m\u00fasica sertaneja"},"content":{"rendered":"\n<p>A dupla <strong>Andr\u00e9 &amp; Karina<\/strong> vem conquistando espa\u00e7o no cen\u00e1rio sertanejo com uma proposta que une sentimento, identidade e forte conex\u00e3o com o p\u00fablico. Donos de vozes marcantes e grande entrosamento no palco, eles transformam cada apresenta\u00e7\u00e3o em uma experi\u00eancia pr\u00f3xima, verdadeira e carregada de emo\u00e7\u00e3o.<\/p>\n\n\n\n<p>Com presen\u00e7a ativa nas redes sociais, especialmente no Instagram <strong>@andreekarinaoficial<\/strong>, a dupla utiliza as plataformas digitais como uma extens\u00e3o do palco, compartilhando shows, bastidores, registros de estrada e momentos que revelam a ess\u00eancia do trabalho musical. Essa proximidade com os f\u00e3s tem sido um dos diferenciais do projeto, criando identifica\u00e7\u00e3o imediata com quem acompanha a trajet\u00f3ria.<\/p>\n\n\n\n<h3 class=\"wp-block-heading\">Uma dupla constru\u00edda com autenticidade<\/h3>\n\n\n\n<p>Andr\u00e9 &amp; Karina seguem a linha do <strong>sertanejo rom\u00e2ntico e popular<\/strong>, valorizando letras que falam de amor, relacionamentos, cotidiano e hist\u00f3rias que fazem parte da vida do p\u00fablico. O repert\u00f3rio \u00e9 pensado para emocionar, mas tamb\u00e9m para animar, transitando com naturalidade entre can\u00e7\u00f5es mais intensas e m\u00fasicas vibrantes, ideais para festas e eventos.<\/p>\n\n\n\n<p>A harmonia vocal \u00e9 um dos pontos fortes da dupla. A combina\u00e7\u00e3o das vozes cria uma identidade pr\u00f3pria, percept\u00edvel tanto nas apresenta\u00e7\u00f5es ao vivo quanto nos v\u00eddeos divulgados nas redes. Mesmo em formatos mais simples, como grava\u00e7\u00f5es ac\u00fasticas e registros espont\u00e2neos, Andr\u00e9 &amp; Karina conseguem transmitir intensidade e verdade, elementos cada vez mais valorizados pelo p\u00fablico atual.<\/p>\n\n\n\n<h3 class=\"wp-block-heading\">Presen\u00e7a digital e profissionalismo<\/h3>\n\n\n\n<p>O <strong>M\u00eddia Kit oficial da dupla<\/strong> refor\u00e7a o profissionalismo do projeto, apresentando Andr\u00e9 &amp; Karina como um trabalho estruturado, preparado para eventos, shows e parcerias. A comunica\u00e7\u00e3o visual, o posicionamento art\u00edstico e a forma como a dupla se apresenta ao mercado demonstram um cuidado especial com cada detalhe da carreira A&amp;K MIDIA KIT.pdf.<\/p>\n\n\n\n<p>Nas redes sociais, o conte\u00fado vai al\u00e9m da divulga\u00e7\u00e3o musical. A dupla compartilha o dia a dia da estrada, ensaios, momentos de descontra\u00e7\u00e3o e intera\u00e7\u00e3o constante com seguidores, criando uma rela\u00e7\u00e3o de proximidade que fortalece ainda mais a base de f\u00e3s.<\/p>\n\n\n\n<h3 class=\"wp-block-heading\">Um nome em crescimento no sertanejo<\/h3>\n\n\n\n<p>Com dedica\u00e7\u00e3o, consist\u00eancia e paix\u00e3o pela m\u00fasica, <strong>Andr\u00e9 &amp; Karina<\/strong> seguem ampliando seu alcance e consolidando seu nome dentro do sertanejo. Cada novo v\u00eddeo, show ou postagem refor\u00e7a o compromisso da dupla com a arte e com o p\u00fablico que acompanha essa caminhada.<\/p>\n\n\n\n<p>A trajet\u00f3ria de Andr\u00e9 &amp; Karina mostra que, quando h\u00e1 sintonia, verdade e amor pela m\u00fasica, o resultado vai al\u00e9m do palco: cria identifica\u00e7\u00e3o, gera emo\u00e7\u00e3o e constr\u00f3i um caminho s\u00f3lido dentro do cen\u00e1rio musical brasileiro.<\/p>\n\n\n\n<p><a href=\"https:\/\/www.youtube.com\/@andreekarinaoficial\">https:\/\/www.youtube.com\/@andreekarinaoficial<\/a><\/p>\n\n\n\n<p><\/p>\n","protected":false},"excerpt":{"rendered":"<p>A dupla Andr\u00e9 &amp; Karina vem conquistando espa\u00e7o no cen\u00e1rio sertanejo com uma proposta que une sentimento, identidade e forte conex\u00e3o com o p\u00fablico. Donos de vozes marcantes e grande entrosamento no palco, eles transformam cada apresenta\u00e7\u00e3o em uma experi\u00eancia pr\u00f3xima, verdadeira e carregada de emo\u00e7\u00e3o. Com presen\u00e7a ativa nas redes sociais, especialmente no Instagram<\/p>\n","protected":false},"author":1,"featured_media":713,"comment_status":"open","ping_status":"open","sticky":false,"template":"","format":"standard","meta":{"footnotes":""},"categories":[4],"tags":[],"class_list":["post-712","post","type-post","status-publish","format-standard","has-post-thumbnail","hentry","category-sertanejo"],"yoast_head":"<!-- This site is optimized with the Yoast SEO plugin v26.9 - https:\/\/yoast.com\/product\/yoast-seo-wordpress\/ -->\n<title>Andr\u00e9 &amp; Karina: sintonia, emo\u00e7\u00e3o e verdade na m\u00fasica sertaneja -<\/title>\n<meta name=\"robots\" content=\"index, follow, max-snippet:-1, max-image-preview:large, max-video-preview:-1\" \/>\n<link rel=\"canonical\" href=\"https:\/\/bailaodosuloficial.com.br\/index.php\/2026\/02\/04\/andre-karina-sintonia-emocao-e-verdade-na-musica-sertaneja\/\" \/>\n<meta property=\"og:locale\" content=\"pt_BR\" \/>\n<meta property=\"og:type\" content=\"article\" \/>\n<meta property=\"og:title\" content=\"Andr\u00e9 &amp; Karina: sintonia, emo\u00e7\u00e3o e verdade na m\u00fasica sertaneja -\" \/>\n<meta property=\"og:description\" content=\"A dupla Andr\u00e9 &amp; Karina vem conquistando espa\u00e7o no cen\u00e1rio sertanejo com uma proposta que une sentimento, identidade e forte conex\u00e3o com o p\u00fablico. Donos de vozes marcantes e grande entrosamento no palco, eles transformam cada apresenta\u00e7\u00e3o em uma experi\u00eancia pr\u00f3xima, verdadeira e carregada de emo\u00e7\u00e3o. Com presen\u00e7a ativa nas redes sociais, especialmente no Instagram\" \/>\n<meta property=\"og:url\" content=\"https:\/\/bailaodosuloficial.com.br\/index.php\/2026\/02\/04\/andre-karina-sintonia-emocao-e-verdade-na-musica-sertaneja\/\" \/>\n<meta property=\"article:published_time\" content=\"2026-02-04T18:13:51+00:00\" \/>\n<meta property=\"og:image\" content=\"https:\/\/bailaodosuloficial.com.br\/wp-content\/uploads\/2026\/02\/image-1.png\" \/>\n\t<meta property=\"og:image:width\" content=\"714\" \/>\n\t<meta property=\"og:image:height\" content=\"621\" \/>\n\t<meta property=\"og:image:type\" content=\"image\/png\" \/>\n<meta name=\"author\" content=\"admin\" \/>\n<meta name=\"twitter:card\" content=\"summary_large_image\" \/>\n<meta name=\"twitter:label1\" content=\"Escrito por\" \/>\n\t<meta name=\"twitter:data1\" content=\"admin\" \/>\n\t<meta name=\"twitter:label2\" content=\"Est. tempo de leitura\" \/>\n\t<meta name=\"twitter:data2\" content=\"2 minutos\" \/>\n<script type=\"application\/ld+json\" class=\"yoast-schema-graph\">{\"@context\":\"https:\/\/schema.org\",\"@graph\":[{\"@type\":\"Article\",\"@id\":\"https:\/\/bailaodosuloficial.com.br\/index.php\/2026\/02\/04\/andre-karina-sintonia-emocao-e-verdade-na-musica-sertaneja\/#article\",\"isPartOf\":{\"@id\":\"https:\/\/bailaodosuloficial.com.br\/index.php\/2026\/02\/04\/andre-karina-sintonia-emocao-e-verdade-na-musica-sertaneja\/\"},\"author\":{\"name\":\"admin\",\"@id\":\"https:\/\/bailaodosuloficial.com.br\/#\/schema\/person\/b3bb1c43b091cd5c62100dd962ddda38\"},\"headline\":\"Andr\u00e9 &amp; Karina: sintonia, emo\u00e7\u00e3o e verdade na m\u00fasica sertaneja\",\"datePublished\":\"2026-02-04T18:13:51+00:00\",\"mainEntityOfPage\":{\"@id\":\"https:\/\/bailaodosuloficial.com.br\/index.php\/2026\/02\/04\/andre-karina-sintonia-emocao-e-verdade-na-musica-sertaneja\/\"},\"wordCount\":476,\"commentCount\":0,\"publisher\":{\"@id\":\"https:\/\/bailaodosuloficial.com.br\/#organization\"},\"image\":{\"@id\":\"https:\/\/bailaodosuloficial.com.br\/index.php\/2026\/02\/04\/andre-karina-sintonia-emocao-e-verdade-na-musica-sertaneja\/#primaryimage\"},\"thumbnailUrl\":\"https:\/\/bailaodosuloficial.com.br\/wp-content\/uploads\/2026\/02\/image-1.png\",\"articleSection\":[\"Sertanejo\"],\"inLanguage\":\"pt-BR\",\"potentialAction\":[{\"@type\":\"CommentAction\",\"name\":\"Comment\",\"target\":[\"https:\/\/bailaodosuloficial.com.br\/index.php\/2026\/02\/04\/andre-karina-sintonia-emocao-e-verdade-na-musica-sertaneja\/#respond\"]}]},{\"@type\":\"WebPage\",\"@id\":\"https:\/\/bailaodosuloficial.com.br\/index.php\/2026\/02\/04\/andre-karina-sintonia-emocao-e-verdade-na-musica-sertaneja\/\",\"url\":\"https:\/\/bailaodosuloficial.com.br\/index.php\/2026\/02\/04\/andre-karina-sintonia-emocao-e-verdade-na-musica-sertaneja\/\",\"name\":\"Andr\u00e9 &amp; Karina: sintonia, emo\u00e7\u00e3o e verdade na m\u00fasica sertaneja -\",\"isPartOf\":{\"@id\":\"https:\/\/bailaodosuloficial.com.br\/#website\"},\"primaryImageOfPage\":{\"@id\":\"https:\/\/bailaodosuloficial.com.br\/index.php\/2026\/02\/04\/andre-karina-sintonia-emocao-e-verdade-na-musica-sertaneja\/#primaryimage\"},\"image\":{\"@id\":\"https:\/\/bailaodosuloficial.com.br\/index.php\/2026\/02\/04\/andre-karina-sintonia-emocao-e-verdade-na-musica-sertaneja\/#primaryimage\"},\"thumbnailUrl\":\"https:\/\/bailaodosuloficial.com.br\/wp-content\/uploads\/2026\/02\/image-1.png\",\"datePublished\":\"2026-02-04T18:13:51+00:00\",\"breadcrumb\":{\"@id\":\"https:\/\/bailaodosuloficial.com.br\/index.php\/2026\/02\/04\/andre-karina-sintonia-emocao-e-verdade-na-musica-sertaneja\/#breadcrumb\"},\"inLanguage\":\"pt-BR\",\"potentialAction\":[{\"@type\":\"ReadAction\",\"target\":[\"https:\/\/bailaodosuloficial.com.br\/index.php\/2026\/02\/04\/andre-karina-sintonia-emocao-e-verdade-na-musica-sertaneja\/\"]}]},{\"@type\":\"ImageObject\",\"inLanguage\":\"pt-BR\",\"@id\":\"https:\/\/bailaodosuloficial.com.br\/index.php\/2026\/02\/04\/andre-karina-sintonia-emocao-e-verdade-na-musica-sertaneja\/#primaryimage\",\"url\":\"https:\/\/bailaodosuloficial.com.br\/wp-content\/uploads\/2026\/02\/image-1.png\",\"contentUrl\":\"https:\/\/bailaodosuloficial.com.br\/wp-content\/uploads\/2026\/02\/image-1.png\",\"width\":714,\"height\":621,\"caption\":\"asas\"},{\"@type\":\"BreadcrumbList\",\"@id\":\"https:\/\/bailaodosuloficial.com.br\/index.php\/2026\/02\/04\/andre-karina-sintonia-emocao-e-verdade-na-musica-sertaneja\/#breadcrumb\",\"itemListElement\":[{\"@type\":\"ListItem\",\"position\":1,\"name\":\"In\u00edcio\",\"item\":\"https:\/\/bailaodosuloficial.com.br\/\"},{\"@type\":\"ListItem\",\"position\":2,\"name\":\"Andr\u00e9 &amp; Karina: sintonia, emo\u00e7\u00e3o e verdade na m\u00fasica sertaneja\"}]},{\"@type\":\"WebSite\",\"@id\":\"https:\/\/bailaodosuloficial.com.br\/#website\",\"url\":\"https:\/\/bailaodosuloficial.com.br\/\",\"name\":\"Bail\u00e3o do Sul\",\"description\":\"\",\"publisher\":{\"@id\":\"https:\/\/bailaodosuloficial.com.br\/#organization\"},\"alternateName\":\"Bail\u00e3o do Sul Oficial\",\"potentialAction\":[{\"@type\":\"SearchAction\",\"target\":{\"@type\":\"EntryPoint\",\"urlTemplate\":\"https:\/\/bailaodosuloficial.com.br\/?s={search_term_string}\"},\"query-input\":{\"@type\":\"PropertyValueSpecification\",\"valueRequired\":true,\"valueName\":\"search_term_string\"}}],\"inLanguage\":\"pt-BR\"},{\"@type\":\"Organization\",\"@id\":\"https:\/\/bailaodosuloficial.com.br\/#organization\",\"name\":\"Bail\u00e3o do Sul\",\"url\":\"https:\/\/bailaodosuloficial.com.br\/\",\"logo\":{\"@type\":\"ImageObject\",\"inLanguage\":\"pt-BR\",\"@id\":\"https:\/\/bailaodosuloficial.com.br\/#\/schema\/logo\/image\/\",\"url\":\"https:\/\/bailaodosuloficial.com.br\/wp-content\/uploads\/2026\/03\/cropped-fim-de-semana-5-scaled-1.png\",\"contentUrl\":\"https:\/\/bailaodosuloficial.com.br\/wp-content\/uploads\/2026\/03\/cropped-fim-de-semana-5-scaled-1.png\",\"width\":1989,\"height\":1371,\"caption\":\"Bail\u00e3o do Sul\"},\"image\":{\"@id\":\"https:\/\/bailaodosuloficial.com.br\/#\/schema\/logo\/image\/\"},\"sameAs\":[\"http:\/\/instagram.com\/bailaodosul\"]},{\"@type\":\"Person\",\"@id\":\"https:\/\/bailaodosuloficial.com.br\/#\/schema\/person\/b3bb1c43b091cd5c62100dd962ddda38\",\"name\":\"admin\",\"image\":{\"@type\":\"ImageObject\",\"inLanguage\":\"pt-BR\",\"@id\":\"https:\/\/bailaodosuloficial.com.br\/#\/schema\/person\/image\/\",\"url\":\"https:\/\/secure.gravatar.com\/avatar\/8e8beae45c6419737da9ea57a58a1f945a580b701e1def541b4459d4ac234c85?s=96&d=mm&r=g\",\"contentUrl\":\"https:\/\/secure.gravatar.com\/avatar\/8e8beae45c6419737da9ea57a58a1f945a580b701e1def541b4459d4ac234c85?s=96&d=mm&r=g\",\"caption\":\"admin\"},\"sameAs\":[\"https:\/\/bailaodosuloficial.com.br\"],\"url\":\"https:\/\/bailaodosuloficial.com.br\/index.php\/author\/bailao\/\"}]}<\/script>\n<!-- \/ Yoast SEO plugin. -->","yoast_head_json":{"title":"Andr\u00e9 &amp; Karina: sintonia, emo\u00e7\u00e3o e verdade na m\u00fasica sertaneja -","robots":{"index":"index","follow":"follow","max-snippet":"max-snippet:-1","max-image-preview":"max-image-preview:large","max-video-preview":"max-video-preview:-1"},"canonical":"https:\/\/bailaodosuloficial.com.br\/index.php\/2026\/02\/04\/andre-karina-sintonia-emocao-e-verdade-na-musica-sertaneja\/","og_locale":"pt_BR","og_type":"article","og_title":"Andr\u00e9 &amp; Karina: sintonia, emo\u00e7\u00e3o e verdade na m\u00fasica sertaneja -","og_description":"A dupla Andr\u00e9 &amp; Karina vem conquistando espa\u00e7o no cen\u00e1rio sertanejo com uma proposta que une sentimento, identidade e forte conex\u00e3o com o p\u00fablico. Donos de vozes marcantes e grande entrosamento no palco, eles transformam cada apresenta\u00e7\u00e3o em uma experi\u00eancia pr\u00f3xima, verdadeira e carregada de emo\u00e7\u00e3o. Com presen\u00e7a ativa nas redes sociais, especialmente no Instagram","og_url":"https:\/\/bailaodosuloficial.com.br\/index.php\/2026\/02\/04\/andre-karina-sintonia-emocao-e-verdade-na-musica-sertaneja\/","article_published_time":"2026-02-04T18:13:51+00:00","og_image":[{"width":714,"height":621,"url":"https:\/\/bailaodosuloficial.com.br\/wp-content\/uploads\/2026\/02\/image-1.png","type":"image\/png"}],"author":"admin","twitter_card":"summary_large_image","twitter_misc":{"Escrito por":"admin","Est. tempo de leitura":"2 minutos"},"schema":{"@context":"https:\/\/schema.org","@graph":[{"@type":"Article","@id":"https:\/\/bailaodosuloficial.com.br\/index.php\/2026\/02\/04\/andre-karina-sintonia-emocao-e-verdade-na-musica-sertaneja\/#article","isPartOf":{"@id":"https:\/\/bailaodosuloficial.com.br\/index.php\/2026\/02\/04\/andre-karina-sintonia-emocao-e-verdade-na-musica-sertaneja\/"},"author":{"name":"admin","@id":"https:\/\/bailaodosuloficial.com.br\/#\/schema\/person\/b3bb1c43b091cd5c62100dd962ddda38"},"headline":"Andr\u00e9 &amp; Karina: sintonia, emo\u00e7\u00e3o e verdade na m\u00fasica sertaneja","datePublished":"2026-02-04T18:13:51+00:00","mainEntityOfPage":{"@id":"https:\/\/bailaodosuloficial.com.br\/index.php\/2026\/02\/04\/andre-karina-sintonia-emocao-e-verdade-na-musica-sertaneja\/"},"wordCount":476,"commentCount":0,"publisher":{"@id":"https:\/\/bailaodosuloficial.com.br\/#organization"},"image":{"@id":"https:\/\/bailaodosuloficial.com.br\/index.php\/2026\/02\/04\/andre-karina-sintonia-emocao-e-verdade-na-musica-sertaneja\/#primaryimage"},"thumbnailUrl":"https:\/\/bailaodosuloficial.com.br\/wp-content\/uploads\/2026\/02\/image-1.png","articleSection":["Sertanejo"],"inLanguage":"pt-BR","potentialAction":[{"@type":"CommentAction","name":"Comment","target":["https:\/\/bailaodosuloficial.com.br\/index.php\/2026\/02\/04\/andre-karina-sintonia-emocao-e-verdade-na-musica-sertaneja\/#respond"]}]},{"@type":"WebPage","@id":"https:\/\/bailaodosuloficial.com.br\/index.php\/2026\/02\/04\/andre-karina-sintonia-emocao-e-verdade-na-musica-sertaneja\/","url":"https:\/\/bailaodosuloficial.com.br\/index.php\/2026\/02\/04\/andre-karina-sintonia-emocao-e-verdade-na-musica-sertaneja\/","name":"Andr\u00e9 &amp; Karina: sintonia, emo\u00e7\u00e3o e verdade na m\u00fasica sertaneja -","isPartOf":{"@id":"https:\/\/bailaodosuloficial.com.br\/#website"},"primaryImageOfPage":{"@id":"https:\/\/bailaodosuloficial.com.br\/index.php\/2026\/02\/04\/andre-karina-sintonia-emocao-e-verdade-na-musica-sertaneja\/#primaryimage"},"image":{"@id":"https:\/\/bailaodosuloficial.com.br\/index.php\/2026\/02\/04\/andre-karina-sintonia-emocao-e-verdade-na-musica-sertaneja\/#primaryimage"},"thumbnailUrl":"https:\/\/bailaodosuloficial.com.br\/wp-content\/uploads\/2026\/02\/image-1.png","datePublished":"2026-02-04T18:13:51+00:00","breadcrumb":{"@id":"https:\/\/bailaodosuloficial.com.br\/index.php\/2026\/02\/04\/andre-karina-sintonia-emocao-e-verdade-na-musica-sertaneja\/#breadcrumb"},"inLanguage":"pt-BR","potentialAction":[{"@type":"ReadAction","target":["https:\/\/bailaodosuloficial.com.br\/index.php\/2026\/02\/04\/andre-karina-sintonia-emocao-e-verdade-na-musica-sertaneja\/"]}]},{"@type":"ImageObject","inLanguage":"pt-BR","@id":"https:\/\/bailaodosuloficial.com.br\/index.php\/2026\/02\/04\/andre-karina-sintonia-emocao-e-verdade-na-musica-sertaneja\/#primaryimage","url":"https:\/\/bailaodosuloficial.com.br\/wp-content\/uploads\/2026\/02\/image-1.png","contentUrl":"https:\/\/bailaodosuloficial.com.br\/wp-content\/uploads\/2026\/02\/image-1.png","width":714,"height":621,"caption":"asas"},{"@type":"BreadcrumbList","@id":"https:\/\/bailaodosuloficial.com.br\/index.php\/2026\/02\/04\/andre-karina-sintonia-emocao-e-verdade-na-musica-sertaneja\/#breadcrumb","itemListElement":[{"@type":"ListItem","position":1,"name":"In\u00edcio","item":"https:\/\/bailaodosuloficial.com.br\/"},{"@type":"ListItem","position":2,"name":"Andr\u00e9 &amp; Karina: sintonia, emo\u00e7\u00e3o e verdade na m\u00fasica sertaneja"}]},{"@type":"WebSite","@id":"https:\/\/bailaodosuloficial.com.br\/#website","url":"https:\/\/bailaodosuloficial.com.br\/","name":"Bail\u00e3o do Sul","description":"","publisher":{"@id":"https:\/\/bailaodosuloficial.com.br\/#organization"},"alternateName":"Bail\u00e3o do Sul Oficial","potentialAction":[{"@type":"SearchAction","target":{"@type":"EntryPoint","urlTemplate":"https:\/\/bailaodosuloficial.com.br\/?s={search_term_string}"},"query-input":{"@type":"PropertyValueSpecification","valueRequired":true,"valueName":"search_term_string"}}],"inLanguage":"pt-BR"},{"@type":"Organization","@id":"https:\/\/bailaodosuloficial.com.br\/#organization","name":"Bail\u00e3o do Sul","url":"https:\/\/bailaodosuloficial.com.br\/","logo":{"@type":"ImageObject","inLanguage":"pt-BR","@id":"https:\/\/bailaodosuloficial.com.br\/#\/schema\/logo\/image\/","url":"https:\/\/bailaodosuloficial.com.br\/wp-content\/uploads\/2026\/03\/cropped-fim-de-semana-5-scaled-1.png","contentUrl":"https:\/\/bailaodosuloficial.com.br\/wp-content\/uploads\/2026\/03\/cropped-fim-de-semana-5-scaled-1.png","width":1989,"height":1371,"caption":"Bail\u00e3o do Sul"},"image":{"@id":"https:\/\/bailaodosuloficial.com.br\/#\/schema\/logo\/image\/"},"sameAs":["http:\/\/instagram.com\/bailaodosul"]},{"@type":"Person","@id":"https:\/\/bailaodosuloficial.com.br\/#\/schema\/person\/b3bb1c43b091cd5c62100dd962ddda38","name":"admin","image":{"@type":"ImageObject","inLanguage":"pt-BR","@id":"https:\/\/bailaodosuloficial.com.br\/#\/schema\/person\/image\/","url":"https:\/\/secure.gravatar.com\/avatar\/8e8beae45c6419737da9ea57a58a1f945a580b701e1def541b4459d4ac234c85?s=96&d=mm&r=g","contentUrl":"https:\/\/secure.gravatar.com\/avatar\/8e8beae45c6419737da9ea57a58a1f945a580b701e1def541b4459d4ac234c85?s=96&d=mm&r=g","caption":"admin"},"sameAs":["https:\/\/bailaodosuloficial.com.br"],"url":"https:\/\/bailaodosuloficial.com.br\/index.php\/author\/bailao\/"}]}},"_links":{"self":[{"href":"https:\/\/bailaodosuloficial.com.br\/index.php\/wp-json\/wp\/v2\/posts\/712","targetHints":{"allow":["GET"]}}],"collection":[{"href":"https:\/\/bailaodosuloficial.com.br\/index.php\/wp-json\/wp\/v2\/posts"}],"about":[{"href":"https:\/\/bailaodosuloficial.com.br\/index.php\/wp-json\/wp\/v2\/types\/post"}],"author":[{"embeddable":true,"href":"https:\/\/bailaodosuloficial.com.br\/index.php\/wp-json\/wp\/v2\/users\/1"}],"replies":[{"embeddable":true,"href":"https:\/\/bailaodosuloficial.com.br\/index.php\/wp-json\/wp\/v2\/comments?post=712"}],"version-history":[{"count":1,"href":"https:\/\/bailaodosuloficial.com.br\/index.php\/wp-json\/wp\/v2\/posts\/712\/revisions"}],"predecessor-version":[{"id":714,"href":"https:\/\/bailaodosuloficial.com.br\/index.php\/wp-json\/wp\/v2\/posts\/712\/revisions\/714"}],"wp:featuredmedia":[{"embeddable":true,"href":"https:\/\/bailaodosuloficial.com.br\/index.php\/wp-json\/wp\/v2\/media\/713"}],"wp:attachment":[{"href":"https:\/\/bailaodosuloficial.com.br\/index.php\/wp-json\/wp\/v2\/media?parent=712"}],"wp:term":[{"taxonomy":"category","embeddable":true,"href":"https:\/\/bailaodosuloficial.com.br\/index.php\/wp-json\/wp\/v2\/categories?post=712"},{"taxonomy":"post_tag","embeddable":true,"href":"https:\/\/bailaodosuloficial.com.br\/index.php\/wp-json\/wp\/v2\/tags?post=712"}],"curies":[{"name":"wp","href":"https:\/\/api.w.org\/{rel}","templated":true}]}}