{"id":723,"date":"2026-02-09T23:22:46","date_gmt":"2026-02-09T23:22:46","guid":{"rendered":"https:\/\/bailaodosuloficial.com.br\/?p=723"},"modified":"2026-02-09T23:22:48","modified_gmt":"2026-02-09T23:22:48","slug":"triou-surge-como-um-dos-grandes-nomes-da-nova-geracao-da-musica-do-sul-do-pais","status":"publish","type":"post","link":"https:\/\/bailaodosuloficial.com.br\/index.php\/2026\/02\/09\/triou-surge-como-um-dos-grandes-nomes-da-nova-geracao-da-musica-do-sul-do-pais\/","title":{"rendered":"Triou surge como um dos grandes nomes da nova gera\u00e7\u00e3o da m\u00fasica do Sul do pa\u00eds"},"content":{"rendered":"\n<p>O <strong>Triou<\/strong> vem se consolidando como um dos nomes em ascens\u00e3o da <strong>m\u00fasica do Sul do pa\u00eds<\/strong>, chamando aten\u00e7\u00e3o pelo talento, pela identidade musical e pela forte presen\u00e7a nas redes sociais, especialmente no Instagram, por meio do perfil <strong>@triouoficial<\/strong>. Formado no Rio Grande do Sul, o trio encontrou na uni\u00e3o de vozes, carisma e versatilidade um caminho consistente para se destacar no cen\u00e1rio regional e ampliar seu alcance para outras regi\u00f5es.<\/p>\n\n\n\n<p>A sonoridade do Triou transita com naturalidade entre o sertanejo e o pop, trazendo elementos modernos e letras que conversam diretamente com o cotidiano, os sentimentos e as hist\u00f3rias vividas pelo p\u00fablico. Essa proposta musical acess\u00edvel e ao mesmo tempo marcante \u00e9 um dos grandes diferenciais do grupo, que aposta em composi\u00e7\u00f5es que ficam na mem\u00f3ria e ganham for\u00e7a tanto nos palcos quanto nas plataformas digitais.<\/p>\n\n\n\n<p>Um dos destaques recentes da trajet\u00f3ria do trio \u00e9 a m\u00fasica <strong>\u201cFinal Decente\u201d<\/strong>, que refor\u00e7a a maturidade art\u00edstica do projeto. A can\u00e7\u00e3o apresenta uma letra envolvente, carregada de emo\u00e7\u00e3o e identifica\u00e7\u00e3o, falando sobre encerramentos, escolhas e sentimentos que fazem parte da vida real. Com uma melodia cativante e interpreta\u00e7\u00e3o intensa, \u201cFinal Decente\u201d vem conquistando o p\u00fablico e se tornando um dos trabalhos mais comentados do Triou, fortalecendo ainda mais a conex\u00e3o da banda com seus f\u00e3s.<\/p>\n\n\n\n<p>No Instagram, o grupo utiliza a plataforma como uma verdadeira vitrine do seu trabalho, divulgando trechos de shows, bastidores de grava\u00e7\u00f5es, momentos de estrada e novidades sobre lan\u00e7amentos. Esse contato direto aproxima o p\u00fablico e ajuda a construir uma base fiel de seguidores, que acompanham de perto cada passo do trio e participam ativamente da divulga\u00e7\u00e3o das m\u00fasicas.<\/p>\n\n\n\n<p>A trajet\u00f3ria do Triou \u00e9 marcada por dedica\u00e7\u00e3o, sintonia entre os integrantes e um olhar atento para o crescimento art\u00edstico. Mesmo com uma carreira relativamente recente, o trio demonstra consist\u00eancia, profissionalismo e vontade de evoluir sem perder sua ess\u00eancia. Com m\u00fasicas como \u201cFinal Decente\u201d e novos projetos em andamento, o Triou segue reafirmando seu espa\u00e7o e mostrando que a m\u00fasica do Sul do pa\u00eds continua revelando talentos com grande potencial de alcance e perman\u00eancia no cen\u00e1rio musical.<\/p>\n\n\n\n<p>foto: Instagram <\/p>\n\n\n\n<figure class=\"wp-block-embed is-type-rich is-provider-spotify wp-block-embed-spotify wp-embed-aspect-21-9 wp-has-aspect-ratio\"><div class=\"wp-block-embed__wrapper\">\n<iframe title=\"Spotify Embed: Final Decente\" style=\"border-radius: 12px\" width=\"100%\" height=\"352\" frameborder=\"0\" allowfullscreen allow=\"autoplay; clipboard-write; encrypted-media; fullscreen; picture-in-picture\" loading=\"lazy\" src=\"https:\/\/open.spotify.com\/embed\/album\/44DRg44RHOaLdx5SVwynn0?si=r_Q_ZCq-SJinist49BWx8A&amp;utm_source=oembed\"><\/iframe>\n<\/div><\/figure>\n","protected":false},"excerpt":{"rendered":"<p>O Triou vem se consolidando como um dos nomes em ascens\u00e3o da m\u00fasica do Sul do pa\u00eds, chamando aten\u00e7\u00e3o pelo talento, pela identidade musical e pela forte presen\u00e7a nas redes sociais, especialmente no Instagram, por meio do perfil @triouoficial. Formado no Rio Grande do Sul, o trio encontrou na uni\u00e3o de vozes, carisma e versatilidade<\/p>\n","protected":false},"author":1,"featured_media":724,"comment_status":"open","ping_status":"open","sticky":false,"template":"","format":"standard","meta":{"footnotes":""},"categories":[2],"tags":[],"class_list":["post-723","post","type-post","status-publish","format-standard","has-post-thumbnail","hentry","category-bailao"],"yoast_head":"<!-- This site is optimized with the Yoast SEO plugin v26.9 - https:\/\/yoast.com\/product\/yoast-seo-wordpress\/ -->\n<title>Triou surge como um dos grandes nomes da nova gera\u00e7\u00e3o da m\u00fasica do Sul do pa\u00eds -<\/title>\n<meta name=\"robots\" content=\"index, follow, max-snippet:-1, max-image-preview:large, max-video-preview:-1\" \/>\n<link rel=\"canonical\" href=\"https:\/\/bailaodosuloficial.com.br\/index.php\/2026\/02\/09\/triou-surge-como-um-dos-grandes-nomes-da-nova-geracao-da-musica-do-sul-do-pais\/\" \/>\n<meta property=\"og:locale\" content=\"pt_BR\" \/>\n<meta property=\"og:type\" content=\"article\" \/>\n<meta property=\"og:title\" content=\"Triou surge como um dos grandes nomes da nova gera\u00e7\u00e3o da m\u00fasica do Sul do pa\u00eds -\" \/>\n<meta property=\"og:description\" content=\"O Triou vem se consolidando como um dos nomes em ascens\u00e3o da m\u00fasica do Sul do pa\u00eds, chamando aten\u00e7\u00e3o pelo talento, pela identidade musical e pela forte presen\u00e7a nas redes sociais, especialmente no Instagram, por meio do perfil @triouoficial. Formado no Rio Grande do Sul, o trio encontrou na uni\u00e3o de vozes, carisma e versatilidade\" \/>\n<meta property=\"og:url\" content=\"https:\/\/bailaodosuloficial.com.br\/index.php\/2026\/02\/09\/triou-surge-como-um-dos-grandes-nomes-da-nova-geracao-da-musica-do-sul-do-pais\/\" \/>\n<meta property=\"article:published_time\" content=\"2026-02-09T23:22:46+00:00\" \/>\n<meta property=\"article:modified_time\" content=\"2026-02-09T23:22:48+00:00\" \/>\n<meta property=\"og:image\" content=\"https:\/\/bailaodosuloficial.com.br\/wp-content\/uploads\/2026\/02\/image-2.png\" \/>\n\t<meta property=\"og:image:width\" content=\"487\" \/>\n\t<meta property=\"og:image:height\" content=\"403\" \/>\n\t<meta property=\"og:image:type\" content=\"image\/png\" \/>\n<meta name=\"author\" content=\"admin\" \/>\n<meta name=\"twitter:card\" content=\"summary_large_image\" \/>\n<meta name=\"twitter:label1\" content=\"Escrito por\" \/>\n\t<meta name=\"twitter:data1\" content=\"admin\" \/>\n\t<meta name=\"twitter:label2\" content=\"Est. tempo de leitura\" \/>\n\t<meta name=\"twitter:data2\" content=\"3 minutos\" \/>\n<script type=\"application\/ld+json\" class=\"yoast-schema-graph\">{\"@context\":\"https:\/\/schema.org\",\"@graph\":[{\"@type\":\"Article\",\"@id\":\"https:\/\/bailaodosuloficial.com.br\/index.php\/2026\/02\/09\/triou-surge-como-um-dos-grandes-nomes-da-nova-geracao-da-musica-do-sul-do-pais\/#article\",\"isPartOf\":{\"@id\":\"https:\/\/bailaodosuloficial.com.br\/index.php\/2026\/02\/09\/triou-surge-como-um-dos-grandes-nomes-da-nova-geracao-da-musica-do-sul-do-pais\/\"},\"author\":{\"name\":\"admin\",\"@id\":\"https:\/\/bailaodosuloficial.com.br\/#\/schema\/person\/b3bb1c43b091cd5c62100dd962ddda38\"},\"headline\":\"Triou surge como um dos grandes nomes da nova gera\u00e7\u00e3o da m\u00fasica do Sul do pa\u00eds\",\"datePublished\":\"2026-02-09T23:22:46+00:00\",\"dateModified\":\"2026-02-09T23:22:48+00:00\",\"mainEntityOfPage\":{\"@id\":\"https:\/\/bailaodosuloficial.com.br\/index.php\/2026\/02\/09\/triou-surge-como-um-dos-grandes-nomes-da-nova-geracao-da-musica-do-sul-do-pais\/\"},\"wordCount\":422,\"commentCount\":0,\"publisher\":{\"@id\":\"https:\/\/bailaodosuloficial.com.br\/#organization\"},\"image\":{\"@id\":\"https:\/\/bailaodosuloficial.com.br\/index.php\/2026\/02\/09\/triou-surge-como-um-dos-grandes-nomes-da-nova-geracao-da-musica-do-sul-do-pais\/#primaryimage\"},\"thumbnailUrl\":\"https:\/\/bailaodosuloficial.com.br\/wp-content\/uploads\/2026\/02\/image-2.png\",\"articleSection\":[\"Bail\u00e3o\"],\"inLanguage\":\"pt-BR\",\"potentialAction\":[{\"@type\":\"CommentAction\",\"name\":\"Comment\",\"target\":[\"https:\/\/bailaodosuloficial.com.br\/index.php\/2026\/02\/09\/triou-surge-como-um-dos-grandes-nomes-da-nova-geracao-da-musica-do-sul-do-pais\/#respond\"]}]},{\"@type\":\"WebPage\",\"@id\":\"https:\/\/bailaodosuloficial.com.br\/index.php\/2026\/02\/09\/triou-surge-como-um-dos-grandes-nomes-da-nova-geracao-da-musica-do-sul-do-pais\/\",\"url\":\"https:\/\/bailaodosuloficial.com.br\/index.php\/2026\/02\/09\/triou-surge-como-um-dos-grandes-nomes-da-nova-geracao-da-musica-do-sul-do-pais\/\",\"name\":\"Triou surge como um dos grandes nomes da nova gera\u00e7\u00e3o da m\u00fasica do Sul do pa\u00eds -\",\"isPartOf\":{\"@id\":\"https:\/\/bailaodosuloficial.com.br\/#website\"},\"primaryImageOfPage\":{\"@id\":\"https:\/\/bailaodosuloficial.com.br\/index.php\/2026\/02\/09\/triou-surge-como-um-dos-grandes-nomes-da-nova-geracao-da-musica-do-sul-do-pais\/#primaryimage\"},\"image\":{\"@id\":\"https:\/\/bailaodosuloficial.com.br\/index.php\/2026\/02\/09\/triou-surge-como-um-dos-grandes-nomes-da-nova-geracao-da-musica-do-sul-do-pais\/#primaryimage\"},\"thumbnailUrl\":\"https:\/\/bailaodosuloficial.com.br\/wp-content\/uploads\/2026\/02\/image-2.png\",\"datePublished\":\"2026-02-09T23:22:46+00:00\",\"dateModified\":\"2026-02-09T23:22:48+00:00\",\"breadcrumb\":{\"@id\":\"https:\/\/bailaodosuloficial.com.br\/index.php\/2026\/02\/09\/triou-surge-como-um-dos-grandes-nomes-da-nova-geracao-da-musica-do-sul-do-pais\/#breadcrumb\"},\"inLanguage\":\"pt-BR\",\"potentialAction\":[{\"@type\":\"ReadAction\",\"target\":[\"https:\/\/bailaodosuloficial.com.br\/index.php\/2026\/02\/09\/triou-surge-como-um-dos-grandes-nomes-da-nova-geracao-da-musica-do-sul-do-pais\/\"]}]},{\"@type\":\"ImageObject\",\"inLanguage\":\"pt-BR\",\"@id\":\"https:\/\/bailaodosuloficial.com.br\/index.php\/2026\/02\/09\/triou-surge-como-um-dos-grandes-nomes-da-nova-geracao-da-musica-do-sul-do-pais\/#primaryimage\",\"url\":\"https:\/\/bailaodosuloficial.com.br\/wp-content\/uploads\/2026\/02\/image-2.png\",\"contentUrl\":\"https:\/\/bailaodosuloficial.com.br\/wp-content\/uploads\/2026\/02\/image-2.png\",\"width\":487,\"height\":403},{\"@type\":\"BreadcrumbList\",\"@id\":\"https:\/\/bailaodosuloficial.com.br\/index.php\/2026\/02\/09\/triou-surge-como-um-dos-grandes-nomes-da-nova-geracao-da-musica-do-sul-do-pais\/#breadcrumb\",\"itemListElement\":[{\"@type\":\"ListItem\",\"position\":1,\"name\":\"In\u00edcio\",\"item\":\"https:\/\/bailaodosuloficial.com.br\/\"},{\"@type\":\"ListItem\",\"position\":2,\"name\":\"Triou surge como um dos grandes nomes da nova gera\u00e7\u00e3o da m\u00fasica do Sul do pa\u00eds\"}]},{\"@type\":\"WebSite\",\"@id\":\"https:\/\/bailaodosuloficial.com.br\/#website\",\"url\":\"https:\/\/bailaodosuloficial.com.br\/\",\"name\":\"Bail\u00e3o do Sul\",\"description\":\"\",\"publisher\":{\"@id\":\"https:\/\/bailaodosuloficial.com.br\/#organization\"},\"alternateName\":\"Bail\u00e3o do Sul Oficial\",\"potentialAction\":[{\"@type\":\"SearchAction\",\"target\":{\"@type\":\"EntryPoint\",\"urlTemplate\":\"https:\/\/bailaodosuloficial.com.br\/?s={search_term_string}\"},\"query-input\":{\"@type\":\"PropertyValueSpecification\",\"valueRequired\":true,\"valueName\":\"search_term_string\"}}],\"inLanguage\":\"pt-BR\"},{\"@type\":\"Organization\",\"@id\":\"https:\/\/bailaodosuloficial.com.br\/#organization\",\"name\":\"Bail\u00e3o do Sul\",\"url\":\"https:\/\/bailaodosuloficial.com.br\/\",\"logo\":{\"@type\":\"ImageObject\",\"inLanguage\":\"pt-BR\",\"@id\":\"https:\/\/bailaodosuloficial.com.br\/#\/schema\/logo\/image\/\",\"url\":\"https:\/\/bailaodosuloficial.com.br\/wp-content\/uploads\/2026\/03\/cropped-fim-de-semana-5-scaled-1.png\",\"contentUrl\":\"https:\/\/bailaodosuloficial.com.br\/wp-content\/uploads\/2026\/03\/cropped-fim-de-semana-5-scaled-1.png\",\"width\":1989,\"height\":1371,\"caption\":\"Bail\u00e3o do Sul\"},\"image\":{\"@id\":\"https:\/\/bailaodosuloficial.com.br\/#\/schema\/logo\/image\/\"},\"sameAs\":[\"http:\/\/instagram.com\/bailaodosul\"]},{\"@type\":\"Person\",\"@id\":\"https:\/\/bailaodosuloficial.com.br\/#\/schema\/person\/b3bb1c43b091cd5c62100dd962ddda38\",\"name\":\"admin\",\"image\":{\"@type\":\"ImageObject\",\"inLanguage\":\"pt-BR\",\"@id\":\"https:\/\/bailaodosuloficial.com.br\/#\/schema\/person\/image\/\",\"url\":\"https:\/\/secure.gravatar.com\/avatar\/8e8beae45c6419737da9ea57a58a1f945a580b701e1def541b4459d4ac234c85?s=96&d=mm&r=g\",\"contentUrl\":\"https:\/\/secure.gravatar.com\/avatar\/8e8beae45c6419737da9ea57a58a1f945a580b701e1def541b4459d4ac234c85?s=96&d=mm&r=g\",\"caption\":\"admin\"},\"sameAs\":[\"https:\/\/bailaodosuloficial.com.br\"],\"url\":\"https:\/\/bailaodosuloficial.com.br\/index.php\/author\/bailao\/\"}]}<\/script>\n<!-- \/ Yoast SEO plugin. -->","yoast_head_json":{"title":"Triou surge como um dos grandes nomes da nova gera\u00e7\u00e3o da m\u00fasica do Sul do pa\u00eds -","robots":{"index":"index","follow":"follow","max-snippet":"max-snippet:-1","max-image-preview":"max-image-preview:large","max-video-preview":"max-video-preview:-1"},"canonical":"https:\/\/bailaodosuloficial.com.br\/index.php\/2026\/02\/09\/triou-surge-como-um-dos-grandes-nomes-da-nova-geracao-da-musica-do-sul-do-pais\/","og_locale":"pt_BR","og_type":"article","og_title":"Triou surge como um dos grandes nomes da nova gera\u00e7\u00e3o da m\u00fasica do Sul do pa\u00eds -","og_description":"O Triou vem se consolidando como um dos nomes em ascens\u00e3o da m\u00fasica do Sul do pa\u00eds, chamando aten\u00e7\u00e3o pelo talento, pela identidade musical e pela forte presen\u00e7a nas redes sociais, especialmente no Instagram, por meio do perfil @triouoficial. Formado no Rio Grande do Sul, o trio encontrou na uni\u00e3o de vozes, carisma e versatilidade","og_url":"https:\/\/bailaodosuloficial.com.br\/index.php\/2026\/02\/09\/triou-surge-como-um-dos-grandes-nomes-da-nova-geracao-da-musica-do-sul-do-pais\/","article_published_time":"2026-02-09T23:22:46+00:00","article_modified_time":"2026-02-09T23:22:48+00:00","og_image":[{"width":487,"height":403,"url":"https:\/\/bailaodosuloficial.com.br\/wp-content\/uploads\/2026\/02\/image-2.png","type":"image\/png"}],"author":"admin","twitter_card":"summary_large_image","twitter_misc":{"Escrito por":"admin","Est. tempo de leitura":"3 minutos"},"schema":{"@context":"https:\/\/schema.org","@graph":[{"@type":"Article","@id":"https:\/\/bailaodosuloficial.com.br\/index.php\/2026\/02\/09\/triou-surge-como-um-dos-grandes-nomes-da-nova-geracao-da-musica-do-sul-do-pais\/#article","isPartOf":{"@id":"https:\/\/bailaodosuloficial.com.br\/index.php\/2026\/02\/09\/triou-surge-como-um-dos-grandes-nomes-da-nova-geracao-da-musica-do-sul-do-pais\/"},"author":{"name":"admin","@id":"https:\/\/bailaodosuloficial.com.br\/#\/schema\/person\/b3bb1c43b091cd5c62100dd962ddda38"},"headline":"Triou surge como um dos grandes nomes da nova gera\u00e7\u00e3o da m\u00fasica do Sul do pa\u00eds","datePublished":"2026-02-09T23:22:46+00:00","dateModified":"2026-02-09T23:22:48+00:00","mainEntityOfPage":{"@id":"https:\/\/bailaodosuloficial.com.br\/index.php\/2026\/02\/09\/triou-surge-como-um-dos-grandes-nomes-da-nova-geracao-da-musica-do-sul-do-pais\/"},"wordCount":422,"commentCount":0,"publisher":{"@id":"https:\/\/bailaodosuloficial.com.br\/#organization"},"image":{"@id":"https:\/\/bailaodosuloficial.com.br\/index.php\/2026\/02\/09\/triou-surge-como-um-dos-grandes-nomes-da-nova-geracao-da-musica-do-sul-do-pais\/#primaryimage"},"thumbnailUrl":"https:\/\/bailaodosuloficial.com.br\/wp-content\/uploads\/2026\/02\/image-2.png","articleSection":["Bail\u00e3o"],"inLanguage":"pt-BR","potentialAction":[{"@type":"CommentAction","name":"Comment","target":["https:\/\/bailaodosuloficial.com.br\/index.php\/2026\/02\/09\/triou-surge-como-um-dos-grandes-nomes-da-nova-geracao-da-musica-do-sul-do-pais\/#respond"]}]},{"@type":"WebPage","@id":"https:\/\/bailaodosuloficial.com.br\/index.php\/2026\/02\/09\/triou-surge-como-um-dos-grandes-nomes-da-nova-geracao-da-musica-do-sul-do-pais\/","url":"https:\/\/bailaodosuloficial.com.br\/index.php\/2026\/02\/09\/triou-surge-como-um-dos-grandes-nomes-da-nova-geracao-da-musica-do-sul-do-pais\/","name":"Triou surge como um dos grandes nomes da nova gera\u00e7\u00e3o da m\u00fasica do Sul do pa\u00eds -","isPartOf":{"@id":"https:\/\/bailaodosuloficial.com.br\/#website"},"primaryImageOfPage":{"@id":"https:\/\/bailaodosuloficial.com.br\/index.php\/2026\/02\/09\/triou-surge-como-um-dos-grandes-nomes-da-nova-geracao-da-musica-do-sul-do-pais\/#primaryimage"},"image":{"@id":"https:\/\/bailaodosuloficial.com.br\/index.php\/2026\/02\/09\/triou-surge-como-um-dos-grandes-nomes-da-nova-geracao-da-musica-do-sul-do-pais\/#primaryimage"},"thumbnailUrl":"https:\/\/bailaodosuloficial.com.br\/wp-content\/uploads\/2026\/02\/image-2.png","datePublished":"2026-02-09T23:22:46+00:00","dateModified":"2026-02-09T23:22:48+00:00","breadcrumb":{"@id":"https:\/\/bailaodosuloficial.com.br\/index.php\/2026\/02\/09\/triou-surge-como-um-dos-grandes-nomes-da-nova-geracao-da-musica-do-sul-do-pais\/#breadcrumb"},"inLanguage":"pt-BR","potentialAction":[{"@type":"ReadAction","target":["https:\/\/bailaodosuloficial.com.br\/index.php\/2026\/02\/09\/triou-surge-como-um-dos-grandes-nomes-da-nova-geracao-da-musica-do-sul-do-pais\/"]}]},{"@type":"ImageObject","inLanguage":"pt-BR","@id":"https:\/\/bailaodosuloficial.com.br\/index.php\/2026\/02\/09\/triou-surge-como-um-dos-grandes-nomes-da-nova-geracao-da-musica-do-sul-do-pais\/#primaryimage","url":"https:\/\/bailaodosuloficial.com.br\/wp-content\/uploads\/2026\/02\/image-2.png","contentUrl":"https:\/\/bailaodosuloficial.com.br\/wp-content\/uploads\/2026\/02\/image-2.png","width":487,"height":403},{"@type":"BreadcrumbList","@id":"https:\/\/bailaodosuloficial.com.br\/index.php\/2026\/02\/09\/triou-surge-como-um-dos-grandes-nomes-da-nova-geracao-da-musica-do-sul-do-pais\/#breadcrumb","itemListElement":[{"@type":"ListItem","position":1,"name":"In\u00edcio","item":"https:\/\/bailaodosuloficial.com.br\/"},{"@type":"ListItem","position":2,"name":"Triou surge como um dos grandes nomes da nova gera\u00e7\u00e3o da m\u00fasica do Sul do pa\u00eds"}]},{"@type":"WebSite","@id":"https:\/\/bailaodosuloficial.com.br\/#website","url":"https:\/\/bailaodosuloficial.com.br\/","name":"Bail\u00e3o do Sul","description":"","publisher":{"@id":"https:\/\/bailaodosuloficial.com.br\/#organization"},"alternateName":"Bail\u00e3o do Sul Oficial","potentialAction":[{"@type":"SearchAction","target":{"@type":"EntryPoint","urlTemplate":"https:\/\/bailaodosuloficial.com.br\/?s={search_term_string}"},"query-input":{"@type":"PropertyValueSpecification","valueRequired":true,"valueName":"search_term_string"}}],"inLanguage":"pt-BR"},{"@type":"Organization","@id":"https:\/\/bailaodosuloficial.com.br\/#organization","name":"Bail\u00e3o do Sul","url":"https:\/\/bailaodosuloficial.com.br\/","logo":{"@type":"ImageObject","inLanguage":"pt-BR","@id":"https:\/\/bailaodosuloficial.com.br\/#\/schema\/logo\/image\/","url":"https:\/\/bailaodosuloficial.com.br\/wp-content\/uploads\/2026\/03\/cropped-fim-de-semana-5-scaled-1.png","contentUrl":"https:\/\/bailaodosuloficial.com.br\/wp-content\/uploads\/2026\/03\/cropped-fim-de-semana-5-scaled-1.png","width":1989,"height":1371,"caption":"Bail\u00e3o do Sul"},"image":{"@id":"https:\/\/bailaodosuloficial.com.br\/#\/schema\/logo\/image\/"},"sameAs":["http:\/\/instagram.com\/bailaodosul"]},{"@type":"Person","@id":"https:\/\/bailaodosuloficial.com.br\/#\/schema\/person\/b3bb1c43b091cd5c62100dd962ddda38","name":"admin","image":{"@type":"ImageObject","inLanguage":"pt-BR","@id":"https:\/\/bailaodosuloficial.com.br\/#\/schema\/person\/image\/","url":"https:\/\/secure.gravatar.com\/avatar\/8e8beae45c6419737da9ea57a58a1f945a580b701e1def541b4459d4ac234c85?s=96&d=mm&r=g","contentUrl":"https:\/\/secure.gravatar.com\/avatar\/8e8beae45c6419737da9ea57a58a1f945a580b701e1def541b4459d4ac234c85?s=96&d=mm&r=g","caption":"admin"},"sameAs":["https:\/\/bailaodosuloficial.com.br"],"url":"https:\/\/bailaodosuloficial.com.br\/index.php\/author\/bailao\/"}]}},"_links":{"self":[{"href":"https:\/\/bailaodosuloficial.com.br\/index.php\/wp-json\/wp\/v2\/posts\/723","targetHints":{"allow":["GET"]}}],"collection":[{"href":"https:\/\/bailaodosuloficial.com.br\/index.php\/wp-json\/wp\/v2\/posts"}],"about":[{"href":"https:\/\/bailaodosuloficial.com.br\/index.php\/wp-json\/wp\/v2\/types\/post"}],"author":[{"embeddable":true,"href":"https:\/\/bailaodosuloficial.com.br\/index.php\/wp-json\/wp\/v2\/users\/1"}],"replies":[{"embeddable":true,"href":"https:\/\/bailaodosuloficial.com.br\/index.php\/wp-json\/wp\/v2\/comments?post=723"}],"version-history":[{"count":1,"href":"https:\/\/bailaodosuloficial.com.br\/index.php\/wp-json\/wp\/v2\/posts\/723\/revisions"}],"predecessor-version":[{"id":725,"href":"https:\/\/bailaodosuloficial.com.br\/index.php\/wp-json\/wp\/v2\/posts\/723\/revisions\/725"}],"wp:featuredmedia":[{"embeddable":true,"href":"https:\/\/bailaodosuloficial.com.br\/index.php\/wp-json\/wp\/v2\/media\/724"}],"wp:attachment":[{"href":"https:\/\/bailaodosuloficial.com.br\/index.php\/wp-json\/wp\/v2\/media?parent=723"}],"wp:term":[{"taxonomy":"category","embeddable":true,"href":"https:\/\/bailaodosuloficial.com.br\/index.php\/wp-json\/wp\/v2\/categories?post=723"},{"taxonomy":"post_tag","embeddable":true,"href":"https:\/\/bailaodosuloficial.com.br\/index.php\/wp-json\/wp\/v2\/tags?post=723"}],"curies":[{"name":"wp","href":"https:\/\/api.w.org\/{rel}","templated":true}]}}