{"id":728,"date":"2026-02-14T11:15:32","date_gmt":"2026-02-14T11:15:32","guid":{"rendered":"https:\/\/bailaodosuloficial.com.br\/?p=728"},"modified":"2026-02-14T11:16:50","modified_gmt":"2026-02-14T11:16:50","slug":"728","status":"publish","type":"post","link":"https:\/\/bailaodosuloficial.com.br\/index.php\/2026\/02\/14\/728\/","title":{"rendered":"Baile do Bolo Frito do CTG Coxilha de Ronda \u00e9 reconhecido como Patrim\u00f4nio Cultural Imaterial de Santiago"},"content":{"rendered":"\n<p><\/p>\n\n\n\n<p>A cultura tradicionalista de Santiago ganhou um marco hist\u00f3rico. O <strong>CTG Coxilha de Ronda<\/strong>, o tradicional <strong>Baile do Bolo Frito<\/strong> e a <strong>Festa Campeira<\/strong> foram oficialmente reconhecidos como <strong>Patrim\u00f4nio Cultural Imaterial do munic\u00edpio<\/strong>, conforme estabelece a Lei n\u00ba 732\/2026. O of\u00edcio foi entregue \u00e0 entidade pelo vereador Fernando Oliveira, celebrando d\u00e9cadas de dedica\u00e7\u00e3o \u00e0 preserva\u00e7\u00e3o e valoriza\u00e7\u00e3o da cultura ga\u00facha.<\/p>\n\n\n\n<p>O reconhecimento representa muito mais do que um t\u00edtulo: \u00e9 o reflexo do trabalho cont\u00ednuo de gera\u00e7\u00f5es que mant\u00eam vivas as tradi\u00e7\u00f5es, fortalecendo o sentimento de pertencimento e identidade cultural da comunidade santiaguense. O CTG Coxilha de Ronda \u00e9 refer\u00eancia regional quando o assunto \u00e9 tradicionalismo, reunindo hist\u00f3ria, mem\u00f3ria e participa\u00e7\u00e3o popular.<\/p>\n\n\n\n<figure class=\"wp-block-image size-full\"><img loading=\"lazy\" decoding=\"async\" width=\"582\" height=\"438\" src=\"https:\/\/bailaodosuloficial.com.br\/wp-content\/uploads\/2026\/02\/image-5.png\" alt=\"\" class=\"wp-image-731\" srcset=\"https:\/\/bailaodosuloficial.com.br\/wp-content\/uploads\/2026\/02\/image-5.png 582w, https:\/\/bailaodosuloficial.com.br\/wp-content\/uploads\/2026\/02\/image-5-300x226.png 300w\" sizes=\"auto, (max-width: 582px) 100vw, 582px\" \/><\/figure>\n\n\n\n<p>Em entrevista, o atual patr\u00e3o <strong>Ronaldo Jornada Lavarda<\/strong> relembrou a trajet\u00f3ria do <strong>Baile do Bolo Frito<\/strong>, um dos eventos mais aguardados da programa\u00e7\u00e3o da <strong>Semana Farroupilha<\/strong>. A iniciativa teve in\u00edcio em 2004, durante um baile, passou por algumas edi\u00e7\u00f5es interrompidas e, a partir de 2007, ganhou registro oficial e realiza\u00e7\u00e3o anual. Desde ent\u00e3o, o evento n\u00e3o parou de crescer e hoje \u00e9 sin\u00f4nimo de casa cheia. Na edi\u00e7\u00e3o de 2025, cerca de <strong>2.300 pessoas<\/strong> lotaram as depend\u00eancias do CTG, comprovando a for\u00e7a da tradi\u00e7\u00e3o. No mesmo ano, foram produzidos aproximadamente <strong>9 mil bolos fritos<\/strong>, n\u00famero que em edi\u00e7\u00f5es anteriores chegou perto de <strong>10 mil unidades<\/strong>.<\/p>\n\n\n\n<p>Outro ponto marcante do baile \u00e9 a trilha sonora. Desde as primeiras edi\u00e7\u00f5es, a anima\u00e7\u00e3o fica por conta do conjunto Os Monarcas, cuja presen\u00e7a se tornou parte insepar\u00e1vel da identidade do evento, contribuindo para atrair p\u00fablico de toda a regi\u00e3o.<\/p>\n\n\n\n<p>Ronaldo tamb\u00e9m destacou a hist\u00f3ria da <strong>sede campeira<\/strong> e dos rodeios. O in\u00edcio da constru\u00e7\u00e3o ocorreu em 1987, durante a patronagem de <strong>Nilton Brun<\/strong>, com o apoio de diversos colaboradores, entre eles o saudoso <strong>Ant\u00f4nio Vivaldino Bonotto<\/strong>, respons\u00e1vel pela doa\u00e7\u00e3o da \u00e1rea onde a sede foi erguida. Na \u00e9poca, houve ainda o apoio do <strong>Ex\u00e9rcito Brasileiro<\/strong>, que realizou a terraplanagem do terreno. A sede campeira foi inaugurada oficialmente em 1988 e hoje soma <strong>38 anos de hist\u00f3ria<\/strong>.<\/p>\n\n\n\n<p>O primeiro rodeio aconteceu em 1989 e ficou marcado por fortes chuvas, que causaram preju\u00edzos e at\u00e9 a morte de animais em fun\u00e7\u00e3o do mau tempo. Apesar das dificuldades iniciais, a perseveran\u00e7a dos tradicionalistas fez com que o local se consolidasse ao longo das d\u00e9cadas. Atualmente, a sede j\u00e1 recebeu cerca de <strong>36 edi\u00e7\u00f5es da Festa Campeira<\/strong> e in\u00fameros rodeios, sendo considerada uma das maiores e mais estruturadas sedes tradicionalistas do Rio Grande do Sul.<\/p>\n\n\n\n<p>Em nota oficial, a patronagem do CTG agradeceu o reconhecimento concedido por meio do vereador Fernando Oliveira, destacando a import\u00e2ncia da lei para a preserva\u00e7\u00e3o cultural do munic\u00edpio.<br>\u201cFicamos muito felizes e honrados em receber essa not\u00edcia, que valoriza nossa hist\u00f3ria, nossas tradi\u00e7\u00f5es e o trabalho de todos que mant\u00eam viva a cultura ga\u00facha. Agradecemos ao vereador Fernando Oliveira pela bel\u00edssima atitude de criar e apoiar esta lei, fortalecendo e preservando a cultura tradicionalista em nosso munic\u00edpio\u201d, destacou a entidade.<\/p>\n\n\n\n<p>O reconhecimento como Patrim\u00f4nio Cultural Imaterial eterniza a relev\u00e2ncia do CTG Coxilha de Ronda, do Baile do Bolo Frito e da Festa Campeira, garantindo que essas manifesta\u00e7\u00f5es sigam vivas, fortes e celebradas pelas futuras gera\u00e7\u00f5es.<\/p>\n\n\n\n<figure class=\"wp-block-embed is-type-video is-provider-youtube wp-block-embed-youtube wp-embed-aspect-16-9 wp-has-aspect-ratio\"><div class=\"wp-block-embed__wrapper\">\n<iframe loading=\"lazy\" title=\"BAILE DO BOLO FRITO NO CTG COXILHA DE RONDA EM SANTIAGO\" width=\"960\" height=\"540\" src=\"https:\/\/www.youtube.com\/embed\/xR37p6jY73E?feature=oembed\" frameborder=\"0\" allow=\"accelerometer; autoplay; clipboard-write; encrypted-media; gyroscope; picture-in-picture; web-share\" referrerpolicy=\"strict-origin-when-cross-origin\" allowfullscreen><\/iframe>\n<\/div><\/figure>\n","protected":false},"excerpt":{"rendered":"<p>A cultura tradicionalista de Santiago ganhou um marco hist\u00f3rico. O CTG Coxilha de Ronda, o tradicional Baile do Bolo Frito e a Festa Campeira foram oficialmente reconhecidos como Patrim\u00f4nio Cultural Imaterial do munic\u00edpio, conforme estabelece a Lei n\u00ba 732\/2026. O of\u00edcio foi entregue \u00e0 entidade pelo vereador Fernando Oliveira, celebrando d\u00e9cadas de dedica\u00e7\u00e3o \u00e0 preserva\u00e7\u00e3o<\/p>\n","protected":false},"author":1,"featured_media":730,"comment_status":"open","ping_status":"open","sticky":false,"template":"","format":"standard","meta":{"footnotes":""},"categories":[3],"tags":[],"class_list":["post-728","post","type-post","status-publish","format-standard","has-post-thumbnail","hentry","category-gaucho"],"yoast_head":"<!-- This site is optimized with the Yoast SEO plugin v26.9 - https:\/\/yoast.com\/product\/yoast-seo-wordpress\/ -->\n<title>Baile do Bolo Frito do CTG Coxilha de Ronda \u00e9 reconhecido como Patrim\u00f4nio Cultural Imaterial de Santiago -<\/title>\n<meta name=\"robots\" content=\"index, follow, max-snippet:-1, max-image-preview:large, max-video-preview:-1\" \/>\n<link rel=\"canonical\" href=\"https:\/\/bailaodosuloficial.com.br\/index.php\/2026\/02\/14\/728\/\" \/>\n<meta property=\"og:locale\" content=\"pt_BR\" \/>\n<meta property=\"og:type\" content=\"article\" \/>\n<meta property=\"og:title\" content=\"Baile do Bolo Frito do CTG Coxilha de Ronda \u00e9 reconhecido como Patrim\u00f4nio Cultural Imaterial de Santiago -\" \/>\n<meta property=\"og:description\" content=\"A cultura tradicionalista de Santiago ganhou um marco hist\u00f3rico. O CTG Coxilha de Ronda, o tradicional Baile do Bolo Frito e a Festa Campeira foram oficialmente reconhecidos como Patrim\u00f4nio Cultural Imaterial do munic\u00edpio, conforme estabelece a Lei n\u00ba 732\/2026. O of\u00edcio foi entregue \u00e0 entidade pelo vereador Fernando Oliveira, celebrando d\u00e9cadas de dedica\u00e7\u00e3o \u00e0 preserva\u00e7\u00e3o\" \/>\n<meta property=\"og:url\" content=\"https:\/\/bailaodosuloficial.com.br\/index.php\/2026\/02\/14\/728\/\" \/>\n<meta property=\"article:published_time\" content=\"2026-02-14T11:15:32+00:00\" \/>\n<meta property=\"article:modified_time\" content=\"2026-02-14T11:16:50+00:00\" \/>\n<meta property=\"og:image\" content=\"https:\/\/bailaodosuloficial.com.br\/wp-content\/uploads\/2026\/02\/image-4-1024x683.png\" \/>\n\t<meta property=\"og:image:width\" content=\"1024\" \/>\n\t<meta property=\"og:image:height\" content=\"683\" \/>\n\t<meta property=\"og:image:type\" content=\"image\/png\" \/>\n<meta name=\"author\" content=\"admin\" \/>\n<meta name=\"twitter:card\" content=\"summary_large_image\" \/>\n<meta name=\"twitter:label1\" content=\"Escrito por\" \/>\n\t<meta name=\"twitter:data1\" content=\"admin\" \/>\n\t<meta name=\"twitter:label2\" content=\"Est. tempo de leitura\" \/>\n\t<meta name=\"twitter:data2\" content=\"4 minutos\" \/>\n<script type=\"application\/ld+json\" class=\"yoast-schema-graph\">{\"@context\":\"https:\/\/schema.org\",\"@graph\":[{\"@type\":\"Article\",\"@id\":\"https:\/\/bailaodosuloficial.com.br\/index.php\/2026\/02\/14\/728\/#article\",\"isPartOf\":{\"@id\":\"https:\/\/bailaodosuloficial.com.br\/index.php\/2026\/02\/14\/728\/\"},\"author\":{\"name\":\"admin\",\"@id\":\"https:\/\/bailaodosuloficial.com.br\/#\/schema\/person\/b3bb1c43b091cd5c62100dd962ddda38\"},\"headline\":\"Baile do Bolo Frito do CTG Coxilha de Ronda \u00e9 reconhecido como Patrim\u00f4nio Cultural Imaterial de Santiago\",\"datePublished\":\"2026-02-14T11:15:32+00:00\",\"dateModified\":\"2026-02-14T11:16:50+00:00\",\"mainEntityOfPage\":{\"@id\":\"https:\/\/bailaodosuloficial.com.br\/index.php\/2026\/02\/14\/728\/\"},\"wordCount\":602,\"commentCount\":0,\"publisher\":{\"@id\":\"https:\/\/bailaodosuloficial.com.br\/#organization\"},\"image\":{\"@id\":\"https:\/\/bailaodosuloficial.com.br\/index.php\/2026\/02\/14\/728\/#primaryimage\"},\"thumbnailUrl\":\"https:\/\/bailaodosuloficial.com.br\/wp-content\/uploads\/2026\/02\/image-4.png\",\"articleSection\":[\"Ga\u00fachas\"],\"inLanguage\":\"pt-BR\",\"potentialAction\":[{\"@type\":\"CommentAction\",\"name\":\"Comment\",\"target\":[\"https:\/\/bailaodosuloficial.com.br\/index.php\/2026\/02\/14\/728\/#respond\"]}]},{\"@type\":\"WebPage\",\"@id\":\"https:\/\/bailaodosuloficial.com.br\/index.php\/2026\/02\/14\/728\/\",\"url\":\"https:\/\/bailaodosuloficial.com.br\/index.php\/2026\/02\/14\/728\/\",\"name\":\"Baile do Bolo Frito do CTG Coxilha de Ronda \u00e9 reconhecido como Patrim\u00f4nio Cultural Imaterial de Santiago -\",\"isPartOf\":{\"@id\":\"https:\/\/bailaodosuloficial.com.br\/#website\"},\"primaryImageOfPage\":{\"@id\":\"https:\/\/bailaodosuloficial.com.br\/index.php\/2026\/02\/14\/728\/#primaryimage\"},\"image\":{\"@id\":\"https:\/\/bailaodosuloficial.com.br\/index.php\/2026\/02\/14\/728\/#primaryimage\"},\"thumbnailUrl\":\"https:\/\/bailaodosuloficial.com.br\/wp-content\/uploads\/2026\/02\/image-4.png\",\"datePublished\":\"2026-02-14T11:15:32+00:00\",\"dateModified\":\"2026-02-14T11:16:50+00:00\",\"breadcrumb\":{\"@id\":\"https:\/\/bailaodosuloficial.com.br\/index.php\/2026\/02\/14\/728\/#breadcrumb\"},\"inLanguage\":\"pt-BR\",\"potentialAction\":[{\"@type\":\"ReadAction\",\"target\":[\"https:\/\/bailaodosuloficial.com.br\/index.php\/2026\/02\/14\/728\/\"]}]},{\"@type\":\"ImageObject\",\"inLanguage\":\"pt-BR\",\"@id\":\"https:\/\/bailaodosuloficial.com.br\/index.php\/2026\/02\/14\/728\/#primaryimage\",\"url\":\"https:\/\/bailaodosuloficial.com.br\/wp-content\/uploads\/2026\/02\/image-4.png\",\"contentUrl\":\"https:\/\/bailaodosuloficial.com.br\/wp-content\/uploads\/2026\/02\/image-4.png\",\"width\":1920,\"height\":1280},{\"@type\":\"BreadcrumbList\",\"@id\":\"https:\/\/bailaodosuloficial.com.br\/index.php\/2026\/02\/14\/728\/#breadcrumb\",\"itemListElement\":[{\"@type\":\"ListItem\",\"position\":1,\"name\":\"In\u00edcio\",\"item\":\"https:\/\/bailaodosuloficial.com.br\/\"},{\"@type\":\"ListItem\",\"position\":2,\"name\":\"Baile do Bolo Frito do CTG Coxilha de Ronda \u00e9 reconhecido como Patrim\u00f4nio Cultural Imaterial de Santiago\"}]},{\"@type\":\"WebSite\",\"@id\":\"https:\/\/bailaodosuloficial.com.br\/#website\",\"url\":\"https:\/\/bailaodosuloficial.com.br\/\",\"name\":\"Bail\u00e3o do Sul\",\"description\":\"\",\"publisher\":{\"@id\":\"https:\/\/bailaodosuloficial.com.br\/#organization\"},\"alternateName\":\"Bail\u00e3o do Sul Oficial\",\"potentialAction\":[{\"@type\":\"SearchAction\",\"target\":{\"@type\":\"EntryPoint\",\"urlTemplate\":\"https:\/\/bailaodosuloficial.com.br\/?s={search_term_string}\"},\"query-input\":{\"@type\":\"PropertyValueSpecification\",\"valueRequired\":true,\"valueName\":\"search_term_string\"}}],\"inLanguage\":\"pt-BR\"},{\"@type\":\"Organization\",\"@id\":\"https:\/\/bailaodosuloficial.com.br\/#organization\",\"name\":\"Bail\u00e3o do Sul\",\"url\":\"https:\/\/bailaodosuloficial.com.br\/\",\"logo\":{\"@type\":\"ImageObject\",\"inLanguage\":\"pt-BR\",\"@id\":\"https:\/\/bailaodosuloficial.com.br\/#\/schema\/logo\/image\/\",\"url\":\"https:\/\/bailaodosuloficial.com.br\/wp-content\/uploads\/2026\/03\/cropped-fim-de-semana-5-scaled-1.png\",\"contentUrl\":\"https:\/\/bailaodosuloficial.com.br\/wp-content\/uploads\/2026\/03\/cropped-fim-de-semana-5-scaled-1.png\",\"width\":1989,\"height\":1371,\"caption\":\"Bail\u00e3o do Sul\"},\"image\":{\"@id\":\"https:\/\/bailaodosuloficial.com.br\/#\/schema\/logo\/image\/\"},\"sameAs\":[\"http:\/\/instagram.com\/bailaodosul\"]},{\"@type\":\"Person\",\"@id\":\"https:\/\/bailaodosuloficial.com.br\/#\/schema\/person\/b3bb1c43b091cd5c62100dd962ddda38\",\"name\":\"admin\",\"image\":{\"@type\":\"ImageObject\",\"inLanguage\":\"pt-BR\",\"@id\":\"https:\/\/bailaodosuloficial.com.br\/#\/schema\/person\/image\/\",\"url\":\"https:\/\/secure.gravatar.com\/avatar\/8e8beae45c6419737da9ea57a58a1f945a580b701e1def541b4459d4ac234c85?s=96&d=mm&r=g\",\"contentUrl\":\"https:\/\/secure.gravatar.com\/avatar\/8e8beae45c6419737da9ea57a58a1f945a580b701e1def541b4459d4ac234c85?s=96&d=mm&r=g\",\"caption\":\"admin\"},\"sameAs\":[\"https:\/\/bailaodosuloficial.com.br\"],\"url\":\"https:\/\/bailaodosuloficial.com.br\/index.php\/author\/bailao\/\"}]}<\/script>\n<!-- \/ Yoast SEO plugin. -->","yoast_head_json":{"title":"Baile do Bolo Frito do CTG Coxilha de Ronda \u00e9 reconhecido como Patrim\u00f4nio Cultural Imaterial de Santiago -","robots":{"index":"index","follow":"follow","max-snippet":"max-snippet:-1","max-image-preview":"max-image-preview:large","max-video-preview":"max-video-preview:-1"},"canonical":"https:\/\/bailaodosuloficial.com.br\/index.php\/2026\/02\/14\/728\/","og_locale":"pt_BR","og_type":"article","og_title":"Baile do Bolo Frito do CTG Coxilha de Ronda \u00e9 reconhecido como Patrim\u00f4nio Cultural Imaterial de Santiago -","og_description":"A cultura tradicionalista de Santiago ganhou um marco hist\u00f3rico. O CTG Coxilha de Ronda, o tradicional Baile do Bolo Frito e a Festa Campeira foram oficialmente reconhecidos como Patrim\u00f4nio Cultural Imaterial do munic\u00edpio, conforme estabelece a Lei n\u00ba 732\/2026. O of\u00edcio foi entregue \u00e0 entidade pelo vereador Fernando Oliveira, celebrando d\u00e9cadas de dedica\u00e7\u00e3o \u00e0 preserva\u00e7\u00e3o","og_url":"https:\/\/bailaodosuloficial.com.br\/index.php\/2026\/02\/14\/728\/","article_published_time":"2026-02-14T11:15:32+00:00","article_modified_time":"2026-02-14T11:16:50+00:00","og_image":[{"width":1024,"height":683,"url":"https:\/\/bailaodosuloficial.com.br\/wp-content\/uploads\/2026\/02\/image-4-1024x683.png","type":"image\/png"}],"author":"admin","twitter_card":"summary_large_image","twitter_misc":{"Escrito por":"admin","Est. tempo de leitura":"4 minutos"},"schema":{"@context":"https:\/\/schema.org","@graph":[{"@type":"Article","@id":"https:\/\/bailaodosuloficial.com.br\/index.php\/2026\/02\/14\/728\/#article","isPartOf":{"@id":"https:\/\/bailaodosuloficial.com.br\/index.php\/2026\/02\/14\/728\/"},"author":{"name":"admin","@id":"https:\/\/bailaodosuloficial.com.br\/#\/schema\/person\/b3bb1c43b091cd5c62100dd962ddda38"},"headline":"Baile do Bolo Frito do CTG Coxilha de Ronda \u00e9 reconhecido como Patrim\u00f4nio Cultural Imaterial de Santiago","datePublished":"2026-02-14T11:15:32+00:00","dateModified":"2026-02-14T11:16:50+00:00","mainEntityOfPage":{"@id":"https:\/\/bailaodosuloficial.com.br\/index.php\/2026\/02\/14\/728\/"},"wordCount":602,"commentCount":0,"publisher":{"@id":"https:\/\/bailaodosuloficial.com.br\/#organization"},"image":{"@id":"https:\/\/bailaodosuloficial.com.br\/index.php\/2026\/02\/14\/728\/#primaryimage"},"thumbnailUrl":"https:\/\/bailaodosuloficial.com.br\/wp-content\/uploads\/2026\/02\/image-4.png","articleSection":["Ga\u00fachas"],"inLanguage":"pt-BR","potentialAction":[{"@type":"CommentAction","name":"Comment","target":["https:\/\/bailaodosuloficial.com.br\/index.php\/2026\/02\/14\/728\/#respond"]}]},{"@type":"WebPage","@id":"https:\/\/bailaodosuloficial.com.br\/index.php\/2026\/02\/14\/728\/","url":"https:\/\/bailaodosuloficial.com.br\/index.php\/2026\/02\/14\/728\/","name":"Baile do Bolo Frito do CTG Coxilha de Ronda \u00e9 reconhecido como Patrim\u00f4nio Cultural Imaterial de Santiago -","isPartOf":{"@id":"https:\/\/bailaodosuloficial.com.br\/#website"},"primaryImageOfPage":{"@id":"https:\/\/bailaodosuloficial.com.br\/index.php\/2026\/02\/14\/728\/#primaryimage"},"image":{"@id":"https:\/\/bailaodosuloficial.com.br\/index.php\/2026\/02\/14\/728\/#primaryimage"},"thumbnailUrl":"https:\/\/bailaodosuloficial.com.br\/wp-content\/uploads\/2026\/02\/image-4.png","datePublished":"2026-02-14T11:15:32+00:00","dateModified":"2026-02-14T11:16:50+00:00","breadcrumb":{"@id":"https:\/\/bailaodosuloficial.com.br\/index.php\/2026\/02\/14\/728\/#breadcrumb"},"inLanguage":"pt-BR","potentialAction":[{"@type":"ReadAction","target":["https:\/\/bailaodosuloficial.com.br\/index.php\/2026\/02\/14\/728\/"]}]},{"@type":"ImageObject","inLanguage":"pt-BR","@id":"https:\/\/bailaodosuloficial.com.br\/index.php\/2026\/02\/14\/728\/#primaryimage","url":"https:\/\/bailaodosuloficial.com.br\/wp-content\/uploads\/2026\/02\/image-4.png","contentUrl":"https:\/\/bailaodosuloficial.com.br\/wp-content\/uploads\/2026\/02\/image-4.png","width":1920,"height":1280},{"@type":"BreadcrumbList","@id":"https:\/\/bailaodosuloficial.com.br\/index.php\/2026\/02\/14\/728\/#breadcrumb","itemListElement":[{"@type":"ListItem","position":1,"name":"In\u00edcio","item":"https:\/\/bailaodosuloficial.com.br\/"},{"@type":"ListItem","position":2,"name":"Baile do Bolo Frito do CTG Coxilha de Ronda \u00e9 reconhecido como Patrim\u00f4nio Cultural Imaterial de Santiago"}]},{"@type":"WebSite","@id":"https:\/\/bailaodosuloficial.com.br\/#website","url":"https:\/\/bailaodosuloficial.com.br\/","name":"Bail\u00e3o do Sul","description":"","publisher":{"@id":"https:\/\/bailaodosuloficial.com.br\/#organization"},"alternateName":"Bail\u00e3o do Sul Oficial","potentialAction":[{"@type":"SearchAction","target":{"@type":"EntryPoint","urlTemplate":"https:\/\/bailaodosuloficial.com.br\/?s={search_term_string}"},"query-input":{"@type":"PropertyValueSpecification","valueRequired":true,"valueName":"search_term_string"}}],"inLanguage":"pt-BR"},{"@type":"Organization","@id":"https:\/\/bailaodosuloficial.com.br\/#organization","name":"Bail\u00e3o do Sul","url":"https:\/\/bailaodosuloficial.com.br\/","logo":{"@type":"ImageObject","inLanguage":"pt-BR","@id":"https:\/\/bailaodosuloficial.com.br\/#\/schema\/logo\/image\/","url":"https:\/\/bailaodosuloficial.com.br\/wp-content\/uploads\/2026\/03\/cropped-fim-de-semana-5-scaled-1.png","contentUrl":"https:\/\/bailaodosuloficial.com.br\/wp-content\/uploads\/2026\/03\/cropped-fim-de-semana-5-scaled-1.png","width":1989,"height":1371,"caption":"Bail\u00e3o do Sul"},"image":{"@id":"https:\/\/bailaodosuloficial.com.br\/#\/schema\/logo\/image\/"},"sameAs":["http:\/\/instagram.com\/bailaodosul"]},{"@type":"Person","@id":"https:\/\/bailaodosuloficial.com.br\/#\/schema\/person\/b3bb1c43b091cd5c62100dd962ddda38","name":"admin","image":{"@type":"ImageObject","inLanguage":"pt-BR","@id":"https:\/\/bailaodosuloficial.com.br\/#\/schema\/person\/image\/","url":"https:\/\/secure.gravatar.com\/avatar\/8e8beae45c6419737da9ea57a58a1f945a580b701e1def541b4459d4ac234c85?s=96&d=mm&r=g","contentUrl":"https:\/\/secure.gravatar.com\/avatar\/8e8beae45c6419737da9ea57a58a1f945a580b701e1def541b4459d4ac234c85?s=96&d=mm&r=g","caption":"admin"},"sameAs":["https:\/\/bailaodosuloficial.com.br"],"url":"https:\/\/bailaodosuloficial.com.br\/index.php\/author\/bailao\/"}]}},"_links":{"self":[{"href":"https:\/\/bailaodosuloficial.com.br\/index.php\/wp-json\/wp\/v2\/posts\/728","targetHints":{"allow":["GET"]}}],"collection":[{"href":"https:\/\/bailaodosuloficial.com.br\/index.php\/wp-json\/wp\/v2\/posts"}],"about":[{"href":"https:\/\/bailaodosuloficial.com.br\/index.php\/wp-json\/wp\/v2\/types\/post"}],"author":[{"embeddable":true,"href":"https:\/\/bailaodosuloficial.com.br\/index.php\/wp-json\/wp\/v2\/users\/1"}],"replies":[{"embeddable":true,"href":"https:\/\/bailaodosuloficial.com.br\/index.php\/wp-json\/wp\/v2\/comments?post=728"}],"version-history":[{"count":3,"href":"https:\/\/bailaodosuloficial.com.br\/index.php\/wp-json\/wp\/v2\/posts\/728\/revisions"}],"predecessor-version":[{"id":734,"href":"https:\/\/bailaodosuloficial.com.br\/index.php\/wp-json\/wp\/v2\/posts\/728\/revisions\/734"}],"wp:featuredmedia":[{"embeddable":true,"href":"https:\/\/bailaodosuloficial.com.br\/index.php\/wp-json\/wp\/v2\/media\/730"}],"wp:attachment":[{"href":"https:\/\/bailaodosuloficial.com.br\/index.php\/wp-json\/wp\/v2\/media?parent=728"}],"wp:term":[{"taxonomy":"category","embeddable":true,"href":"https:\/\/bailaodosuloficial.com.br\/index.php\/wp-json\/wp\/v2\/categories?post=728"},{"taxonomy":"post_tag","embeddable":true,"href":"https:\/\/bailaodosuloficial.com.br\/index.php\/wp-json\/wp\/v2\/tags?post=728"}],"curies":[{"name":"wp","href":"https:\/\/api.w.org\/{rel}","templated":true}]}}