{"id":740,"date":"2026-02-23T21:15:02","date_gmt":"2026-02-23T21:15:02","guid":{"rendered":"https:\/\/bailaodosuloficial.com.br\/?p=740"},"modified":"2026-02-23T21:15:04","modified_gmt":"2026-02-23T21:15:04","slug":"morena-misteriosa-a-cancao-da-banda-ceu-e-cantos-que-transforma-saudade-em-bailao","status":"publish","type":"post","link":"https:\/\/bailaodosuloficial.com.br\/index.php\/2026\/02\/23\/morena-misteriosa-a-cancao-da-banda-ceu-e-cantos-que-transforma-saudade-em-bailao\/","title":{"rendered":"Morena Misteriosa\u201d: a can\u00e7\u00e3o da Banda C\u00e9u e Cantos que transforma saudade em bail\u00e3o"},"content":{"rendered":"\n<p>A <strong>Banda C\u00e9u e Cantos<\/strong> vem conquistando espa\u00e7o e carinho do p\u00fablico com um repert\u00f3rio que valoriza a m\u00fasica regional, as hist\u00f3rias simples do cotidiano e os sentimentos que todo mundo j\u00e1 viveu. Com uma identidade musical marcada pela mistura de romantismo, bail\u00e3o e tradi\u00e7\u00e3o, o grupo transforma viv\u00eancias populares em can\u00e7\u00f5es que falam direto ao cora\u00e7\u00e3o.<\/p>\n\n\n\n<p>Entre os destaques do trabalho da banda est\u00e1 a m\u00fasica <strong>\u201cMorena Misteriosa\u201d<\/strong>, que se tornou uma das mais comentadas pelo p\u00fablico. A can\u00e7\u00e3o retrata a busca incans\u00e1vel por uma mulher que marcou a vida do personagem apenas com um nome escrito no papel. A letra carrega emo\u00e7\u00e3o, saudade e aquele clima t\u00edpico de bail\u00e3o, onde cada verso parece contar uma hist\u00f3ria real, vivida em diferentes cidades do Sul do Brasil.<\/p>\n\n\n\n<p>A for\u00e7a da m\u00fasica est\u00e1 justamente na identifica\u00e7\u00e3o. Quem ouve se reconhece nos versos que falam de amor n\u00e3o resolvido, lembran\u00e7as que insistem em ficar e encontros que parecem acontecer em todo lugar: nos bail\u00f5es, nas viagens, nas noites embaladas pelo som que toca no r\u00e1dio. Esse \u00e9 um dos grandes m\u00e9ritos da Banda C\u00e9u e Cantos: transformar sentimentos comuns em can\u00e7\u00f5es marcantes.<\/p>\n\n\n\n<p>Com presen\u00e7a ativa nas redes sociais e uma crescente base de f\u00e3s, a banda segue ampliando seu alcance e refor\u00e7ando seu compromisso com a m\u00fasica que emociona e faz dan\u00e7ar. Cada lan\u00e7amento reafirma o talento do grupo em unir melodia envolvente, letras fortes e a ess\u00eancia da m\u00fasica regional, mantendo viva a cultura do bail\u00e3o e das hist\u00f3rias cantadas que atravessam gera\u00e7\u00f5es.<\/p>\n\n\n\n<p>A Banda C\u00e9u e Cantos prova, a cada novo trabalho, que quando a m\u00fasica \u00e9 feita com verdade, ela encontra seu caminho \u2014 seja no palco, no r\u00e1dio ou no cora\u00e7\u00e3o de quem escuta. \ud83c\udfb6\ud83d\udc9b<\/p>\n\n\n\n<p>foto: Instagram da banda<\/p>\n\n\n\n<figure class=\"wp-block-embed is-type-video is-provider-youtube wp-block-embed-youtube wp-embed-aspect-16-9 wp-has-aspect-ratio\"><div class=\"wp-block-embed__wrapper\">\n<iframe loading=\"lazy\" title=\"Banda C\u00e9u e Cantos - Morena Misteriosa | V\u00eddeo Clipe Oficial 4K | 2026\" width=\"960\" height=\"540\" src=\"https:\/\/www.youtube.com\/embed\/4C1GrLIKk_g?feature=oembed\" frameborder=\"0\" allow=\"accelerometer; autoplay; clipboard-write; encrypted-media; gyroscope; picture-in-picture; web-share\" referrerpolicy=\"strict-origin-when-cross-origin\" allowfullscreen><\/iframe>\n<\/div><\/figure>\n","protected":false},"excerpt":{"rendered":"<p>A Banda C\u00e9u e Cantos vem conquistando espa\u00e7o e carinho do p\u00fablico com um repert\u00f3rio que valoriza a m\u00fasica regional, as hist\u00f3rias simples do cotidiano e os sentimentos que todo mundo j\u00e1 viveu. Com uma identidade musical marcada pela mistura de romantismo, bail\u00e3o e tradi\u00e7\u00e3o, o grupo transforma viv\u00eancias populares em can\u00e7\u00f5es que falam direto<\/p>\n","protected":false},"author":1,"featured_media":741,"comment_status":"open","ping_status":"open","sticky":false,"template":"","format":"standard","meta":{"footnotes":""},"categories":[2],"tags":[],"class_list":["post-740","post","type-post","status-publish","format-standard","has-post-thumbnail","hentry","category-bailao"],"yoast_head":"<!-- This site is optimized with the Yoast SEO plugin v26.9 - https:\/\/yoast.com\/product\/yoast-seo-wordpress\/ -->\n<title>Morena Misteriosa\u201d: a can\u00e7\u00e3o da Banda C\u00e9u e Cantos que transforma saudade em bail\u00e3o -<\/title>\n<meta name=\"robots\" content=\"index, follow, max-snippet:-1, max-image-preview:large, max-video-preview:-1\" \/>\n<link rel=\"canonical\" href=\"https:\/\/bailaodosuloficial.com.br\/index.php\/2026\/02\/23\/morena-misteriosa-a-cancao-da-banda-ceu-e-cantos-que-transforma-saudade-em-bailao\/\" \/>\n<meta property=\"og:locale\" content=\"pt_BR\" \/>\n<meta property=\"og:type\" content=\"article\" \/>\n<meta property=\"og:title\" content=\"Morena Misteriosa\u201d: a can\u00e7\u00e3o da Banda C\u00e9u e Cantos que transforma saudade em bail\u00e3o -\" \/>\n<meta property=\"og:description\" content=\"A Banda C\u00e9u e Cantos vem conquistando espa\u00e7o e carinho do p\u00fablico com um repert\u00f3rio que valoriza a m\u00fasica regional, as hist\u00f3rias simples do cotidiano e os sentimentos que todo mundo j\u00e1 viveu. Com uma identidade musical marcada pela mistura de romantismo, bail\u00e3o e tradi\u00e7\u00e3o, o grupo transforma viv\u00eancias populares em can\u00e7\u00f5es que falam direto\" \/>\n<meta property=\"og:url\" content=\"https:\/\/bailaodosuloficial.com.br\/index.php\/2026\/02\/23\/morena-misteriosa-a-cancao-da-banda-ceu-e-cantos-que-transforma-saudade-em-bailao\/\" \/>\n<meta property=\"article:published_time\" content=\"2026-02-23T21:15:02+00:00\" \/>\n<meta property=\"article:modified_time\" content=\"2026-02-23T21:15:04+00:00\" \/>\n<meta property=\"og:image\" content=\"https:\/\/bailaodosuloficial.com.br\/wp-content\/uploads\/2026\/02\/image-7.png\" \/>\n\t<meta property=\"og:image:width\" content=\"691\" \/>\n\t<meta property=\"og:image:height\" content=\"439\" \/>\n\t<meta property=\"og:image:type\" content=\"image\/png\" \/>\n<meta name=\"author\" content=\"admin\" \/>\n<meta name=\"twitter:card\" content=\"summary_large_image\" \/>\n<meta name=\"twitter:label1\" content=\"Escrito por\" \/>\n\t<meta name=\"twitter:data1\" content=\"admin\" \/>\n\t<meta name=\"twitter:label2\" content=\"Est. tempo de leitura\" \/>\n\t<meta name=\"twitter:data2\" content=\"2 minutos\" \/>\n<script type=\"application\/ld+json\" class=\"yoast-schema-graph\">{\"@context\":\"https:\/\/schema.org\",\"@graph\":[{\"@type\":\"Article\",\"@id\":\"https:\/\/bailaodosuloficial.com.br\/index.php\/2026\/02\/23\/morena-misteriosa-a-cancao-da-banda-ceu-e-cantos-que-transforma-saudade-em-bailao\/#article\",\"isPartOf\":{\"@id\":\"https:\/\/bailaodosuloficial.com.br\/index.php\/2026\/02\/23\/morena-misteriosa-a-cancao-da-banda-ceu-e-cantos-que-transforma-saudade-em-bailao\/\"},\"author\":{\"name\":\"admin\",\"@id\":\"https:\/\/bailaodosuloficial.com.br\/#\/schema\/person\/b3bb1c43b091cd5c62100dd962ddda38\"},\"headline\":\"Morena Misteriosa\u201d: a can\u00e7\u00e3o da Banda C\u00e9u e Cantos que transforma saudade em bail\u00e3o\",\"datePublished\":\"2026-02-23T21:15:02+00:00\",\"dateModified\":\"2026-02-23T21:15:04+00:00\",\"mainEntityOfPage\":{\"@id\":\"https:\/\/bailaodosuloficial.com.br\/index.php\/2026\/02\/23\/morena-misteriosa-a-cancao-da-banda-ceu-e-cantos-que-transforma-saudade-em-bailao\/\"},\"wordCount\":357,\"commentCount\":0,\"publisher\":{\"@id\":\"https:\/\/bailaodosuloficial.com.br\/#organization\"},\"image\":{\"@id\":\"https:\/\/bailaodosuloficial.com.br\/index.php\/2026\/02\/23\/morena-misteriosa-a-cancao-da-banda-ceu-e-cantos-que-transforma-saudade-em-bailao\/#primaryimage\"},\"thumbnailUrl\":\"https:\/\/bailaodosuloficial.com.br\/wp-content\/uploads\/2026\/02\/image-7.png\",\"articleSection\":[\"Bail\u00e3o\"],\"inLanguage\":\"pt-BR\",\"potentialAction\":[{\"@type\":\"CommentAction\",\"name\":\"Comment\",\"target\":[\"https:\/\/bailaodosuloficial.com.br\/index.php\/2026\/02\/23\/morena-misteriosa-a-cancao-da-banda-ceu-e-cantos-que-transforma-saudade-em-bailao\/#respond\"]}]},{\"@type\":\"WebPage\",\"@id\":\"https:\/\/bailaodosuloficial.com.br\/index.php\/2026\/02\/23\/morena-misteriosa-a-cancao-da-banda-ceu-e-cantos-que-transforma-saudade-em-bailao\/\",\"url\":\"https:\/\/bailaodosuloficial.com.br\/index.php\/2026\/02\/23\/morena-misteriosa-a-cancao-da-banda-ceu-e-cantos-que-transforma-saudade-em-bailao\/\",\"name\":\"Morena Misteriosa\u201d: a can\u00e7\u00e3o da Banda C\u00e9u e Cantos que transforma saudade em bail\u00e3o -\",\"isPartOf\":{\"@id\":\"https:\/\/bailaodosuloficial.com.br\/#website\"},\"primaryImageOfPage\":{\"@id\":\"https:\/\/bailaodosuloficial.com.br\/index.php\/2026\/02\/23\/morena-misteriosa-a-cancao-da-banda-ceu-e-cantos-que-transforma-saudade-em-bailao\/#primaryimage\"},\"image\":{\"@id\":\"https:\/\/bailaodosuloficial.com.br\/index.php\/2026\/02\/23\/morena-misteriosa-a-cancao-da-banda-ceu-e-cantos-que-transforma-saudade-em-bailao\/#primaryimage\"},\"thumbnailUrl\":\"https:\/\/bailaodosuloficial.com.br\/wp-content\/uploads\/2026\/02\/image-7.png\",\"datePublished\":\"2026-02-23T21:15:02+00:00\",\"dateModified\":\"2026-02-23T21:15:04+00:00\",\"breadcrumb\":{\"@id\":\"https:\/\/bailaodosuloficial.com.br\/index.php\/2026\/02\/23\/morena-misteriosa-a-cancao-da-banda-ceu-e-cantos-que-transforma-saudade-em-bailao\/#breadcrumb\"},\"inLanguage\":\"pt-BR\",\"potentialAction\":[{\"@type\":\"ReadAction\",\"target\":[\"https:\/\/bailaodosuloficial.com.br\/index.php\/2026\/02\/23\/morena-misteriosa-a-cancao-da-banda-ceu-e-cantos-que-transforma-saudade-em-bailao\/\"]}]},{\"@type\":\"ImageObject\",\"inLanguage\":\"pt-BR\",\"@id\":\"https:\/\/bailaodosuloficial.com.br\/index.php\/2026\/02\/23\/morena-misteriosa-a-cancao-da-banda-ceu-e-cantos-que-transforma-saudade-em-bailao\/#primaryimage\",\"url\":\"https:\/\/bailaodosuloficial.com.br\/wp-content\/uploads\/2026\/02\/image-7.png\",\"contentUrl\":\"https:\/\/bailaodosuloficial.com.br\/wp-content\/uploads\/2026\/02\/image-7.png\",\"width\":691,\"height\":439},{\"@type\":\"BreadcrumbList\",\"@id\":\"https:\/\/bailaodosuloficial.com.br\/index.php\/2026\/02\/23\/morena-misteriosa-a-cancao-da-banda-ceu-e-cantos-que-transforma-saudade-em-bailao\/#breadcrumb\",\"itemListElement\":[{\"@type\":\"ListItem\",\"position\":1,\"name\":\"In\u00edcio\",\"item\":\"https:\/\/bailaodosuloficial.com.br\/\"},{\"@type\":\"ListItem\",\"position\":2,\"name\":\"Morena Misteriosa\u201d: a can\u00e7\u00e3o da Banda C\u00e9u e Cantos que transforma saudade em bail\u00e3o\"}]},{\"@type\":\"WebSite\",\"@id\":\"https:\/\/bailaodosuloficial.com.br\/#website\",\"url\":\"https:\/\/bailaodosuloficial.com.br\/\",\"name\":\"Bail\u00e3o do Sul\",\"description\":\"\",\"publisher\":{\"@id\":\"https:\/\/bailaodosuloficial.com.br\/#organization\"},\"alternateName\":\"Bail\u00e3o do Sul Oficial\",\"potentialAction\":[{\"@type\":\"SearchAction\",\"target\":{\"@type\":\"EntryPoint\",\"urlTemplate\":\"https:\/\/bailaodosuloficial.com.br\/?s={search_term_string}\"},\"query-input\":{\"@type\":\"PropertyValueSpecification\",\"valueRequired\":true,\"valueName\":\"search_term_string\"}}],\"inLanguage\":\"pt-BR\"},{\"@type\":\"Organization\",\"@id\":\"https:\/\/bailaodosuloficial.com.br\/#organization\",\"name\":\"Bail\u00e3o do Sul\",\"url\":\"https:\/\/bailaodosuloficial.com.br\/\",\"logo\":{\"@type\":\"ImageObject\",\"inLanguage\":\"pt-BR\",\"@id\":\"https:\/\/bailaodosuloficial.com.br\/#\/schema\/logo\/image\/\",\"url\":\"https:\/\/bailaodosuloficial.com.br\/wp-content\/uploads\/2026\/03\/cropped-fim-de-semana-5-scaled-1.png\",\"contentUrl\":\"https:\/\/bailaodosuloficial.com.br\/wp-content\/uploads\/2026\/03\/cropped-fim-de-semana-5-scaled-1.png\",\"width\":1989,\"height\":1371,\"caption\":\"Bail\u00e3o do Sul\"},\"image\":{\"@id\":\"https:\/\/bailaodosuloficial.com.br\/#\/schema\/logo\/image\/\"},\"sameAs\":[\"http:\/\/instagram.com\/bailaodosul\"]},{\"@type\":\"Person\",\"@id\":\"https:\/\/bailaodosuloficial.com.br\/#\/schema\/person\/b3bb1c43b091cd5c62100dd962ddda38\",\"name\":\"admin\",\"image\":{\"@type\":\"ImageObject\",\"inLanguage\":\"pt-BR\",\"@id\":\"https:\/\/bailaodosuloficial.com.br\/#\/schema\/person\/image\/\",\"url\":\"https:\/\/secure.gravatar.com\/avatar\/8e8beae45c6419737da9ea57a58a1f945a580b701e1def541b4459d4ac234c85?s=96&d=mm&r=g\",\"contentUrl\":\"https:\/\/secure.gravatar.com\/avatar\/8e8beae45c6419737da9ea57a58a1f945a580b701e1def541b4459d4ac234c85?s=96&d=mm&r=g\",\"caption\":\"admin\"},\"sameAs\":[\"https:\/\/bailaodosuloficial.com.br\"],\"url\":\"https:\/\/bailaodosuloficial.com.br\/index.php\/author\/bailao\/\"}]}<\/script>\n<!-- \/ Yoast SEO plugin. -->","yoast_head_json":{"title":"Morena Misteriosa\u201d: a can\u00e7\u00e3o da Banda C\u00e9u e Cantos que transforma saudade em bail\u00e3o -","robots":{"index":"index","follow":"follow","max-snippet":"max-snippet:-1","max-image-preview":"max-image-preview:large","max-video-preview":"max-video-preview:-1"},"canonical":"https:\/\/bailaodosuloficial.com.br\/index.php\/2026\/02\/23\/morena-misteriosa-a-cancao-da-banda-ceu-e-cantos-que-transforma-saudade-em-bailao\/","og_locale":"pt_BR","og_type":"article","og_title":"Morena Misteriosa\u201d: a can\u00e7\u00e3o da Banda C\u00e9u e Cantos que transforma saudade em bail\u00e3o -","og_description":"A Banda C\u00e9u e Cantos vem conquistando espa\u00e7o e carinho do p\u00fablico com um repert\u00f3rio que valoriza a m\u00fasica regional, as hist\u00f3rias simples do cotidiano e os sentimentos que todo mundo j\u00e1 viveu. Com uma identidade musical marcada pela mistura de romantismo, bail\u00e3o e tradi\u00e7\u00e3o, o grupo transforma viv\u00eancias populares em can\u00e7\u00f5es que falam direto","og_url":"https:\/\/bailaodosuloficial.com.br\/index.php\/2026\/02\/23\/morena-misteriosa-a-cancao-da-banda-ceu-e-cantos-que-transforma-saudade-em-bailao\/","article_published_time":"2026-02-23T21:15:02+00:00","article_modified_time":"2026-02-23T21:15:04+00:00","og_image":[{"width":691,"height":439,"url":"https:\/\/bailaodosuloficial.com.br\/wp-content\/uploads\/2026\/02\/image-7.png","type":"image\/png"}],"author":"admin","twitter_card":"summary_large_image","twitter_misc":{"Escrito por":"admin","Est. tempo de leitura":"2 minutos"},"schema":{"@context":"https:\/\/schema.org","@graph":[{"@type":"Article","@id":"https:\/\/bailaodosuloficial.com.br\/index.php\/2026\/02\/23\/morena-misteriosa-a-cancao-da-banda-ceu-e-cantos-que-transforma-saudade-em-bailao\/#article","isPartOf":{"@id":"https:\/\/bailaodosuloficial.com.br\/index.php\/2026\/02\/23\/morena-misteriosa-a-cancao-da-banda-ceu-e-cantos-que-transforma-saudade-em-bailao\/"},"author":{"name":"admin","@id":"https:\/\/bailaodosuloficial.com.br\/#\/schema\/person\/b3bb1c43b091cd5c62100dd962ddda38"},"headline":"Morena Misteriosa\u201d: a can\u00e7\u00e3o da Banda C\u00e9u e Cantos que transforma saudade em bail\u00e3o","datePublished":"2026-02-23T21:15:02+00:00","dateModified":"2026-02-23T21:15:04+00:00","mainEntityOfPage":{"@id":"https:\/\/bailaodosuloficial.com.br\/index.php\/2026\/02\/23\/morena-misteriosa-a-cancao-da-banda-ceu-e-cantos-que-transforma-saudade-em-bailao\/"},"wordCount":357,"commentCount":0,"publisher":{"@id":"https:\/\/bailaodosuloficial.com.br\/#organization"},"image":{"@id":"https:\/\/bailaodosuloficial.com.br\/index.php\/2026\/02\/23\/morena-misteriosa-a-cancao-da-banda-ceu-e-cantos-que-transforma-saudade-em-bailao\/#primaryimage"},"thumbnailUrl":"https:\/\/bailaodosuloficial.com.br\/wp-content\/uploads\/2026\/02\/image-7.png","articleSection":["Bail\u00e3o"],"inLanguage":"pt-BR","potentialAction":[{"@type":"CommentAction","name":"Comment","target":["https:\/\/bailaodosuloficial.com.br\/index.php\/2026\/02\/23\/morena-misteriosa-a-cancao-da-banda-ceu-e-cantos-que-transforma-saudade-em-bailao\/#respond"]}]},{"@type":"WebPage","@id":"https:\/\/bailaodosuloficial.com.br\/index.php\/2026\/02\/23\/morena-misteriosa-a-cancao-da-banda-ceu-e-cantos-que-transforma-saudade-em-bailao\/","url":"https:\/\/bailaodosuloficial.com.br\/index.php\/2026\/02\/23\/morena-misteriosa-a-cancao-da-banda-ceu-e-cantos-que-transforma-saudade-em-bailao\/","name":"Morena Misteriosa\u201d: a can\u00e7\u00e3o da Banda C\u00e9u e Cantos que transforma saudade em bail\u00e3o -","isPartOf":{"@id":"https:\/\/bailaodosuloficial.com.br\/#website"},"primaryImageOfPage":{"@id":"https:\/\/bailaodosuloficial.com.br\/index.php\/2026\/02\/23\/morena-misteriosa-a-cancao-da-banda-ceu-e-cantos-que-transforma-saudade-em-bailao\/#primaryimage"},"image":{"@id":"https:\/\/bailaodosuloficial.com.br\/index.php\/2026\/02\/23\/morena-misteriosa-a-cancao-da-banda-ceu-e-cantos-que-transforma-saudade-em-bailao\/#primaryimage"},"thumbnailUrl":"https:\/\/bailaodosuloficial.com.br\/wp-content\/uploads\/2026\/02\/image-7.png","datePublished":"2026-02-23T21:15:02+00:00","dateModified":"2026-02-23T21:15:04+00:00","breadcrumb":{"@id":"https:\/\/bailaodosuloficial.com.br\/index.php\/2026\/02\/23\/morena-misteriosa-a-cancao-da-banda-ceu-e-cantos-que-transforma-saudade-em-bailao\/#breadcrumb"},"inLanguage":"pt-BR","potentialAction":[{"@type":"ReadAction","target":["https:\/\/bailaodosuloficial.com.br\/index.php\/2026\/02\/23\/morena-misteriosa-a-cancao-da-banda-ceu-e-cantos-que-transforma-saudade-em-bailao\/"]}]},{"@type":"ImageObject","inLanguage":"pt-BR","@id":"https:\/\/bailaodosuloficial.com.br\/index.php\/2026\/02\/23\/morena-misteriosa-a-cancao-da-banda-ceu-e-cantos-que-transforma-saudade-em-bailao\/#primaryimage","url":"https:\/\/bailaodosuloficial.com.br\/wp-content\/uploads\/2026\/02\/image-7.png","contentUrl":"https:\/\/bailaodosuloficial.com.br\/wp-content\/uploads\/2026\/02\/image-7.png","width":691,"height":439},{"@type":"BreadcrumbList","@id":"https:\/\/bailaodosuloficial.com.br\/index.php\/2026\/02\/23\/morena-misteriosa-a-cancao-da-banda-ceu-e-cantos-que-transforma-saudade-em-bailao\/#breadcrumb","itemListElement":[{"@type":"ListItem","position":1,"name":"In\u00edcio","item":"https:\/\/bailaodosuloficial.com.br\/"},{"@type":"ListItem","position":2,"name":"Morena Misteriosa\u201d: a can\u00e7\u00e3o da Banda C\u00e9u e Cantos que transforma saudade em bail\u00e3o"}]},{"@type":"WebSite","@id":"https:\/\/bailaodosuloficial.com.br\/#website","url":"https:\/\/bailaodosuloficial.com.br\/","name":"Bail\u00e3o do Sul","description":"","publisher":{"@id":"https:\/\/bailaodosuloficial.com.br\/#organization"},"alternateName":"Bail\u00e3o do Sul Oficial","potentialAction":[{"@type":"SearchAction","target":{"@type":"EntryPoint","urlTemplate":"https:\/\/bailaodosuloficial.com.br\/?s={search_term_string}"},"query-input":{"@type":"PropertyValueSpecification","valueRequired":true,"valueName":"search_term_string"}}],"inLanguage":"pt-BR"},{"@type":"Organization","@id":"https:\/\/bailaodosuloficial.com.br\/#organization","name":"Bail\u00e3o do Sul","url":"https:\/\/bailaodosuloficial.com.br\/","logo":{"@type":"ImageObject","inLanguage":"pt-BR","@id":"https:\/\/bailaodosuloficial.com.br\/#\/schema\/logo\/image\/","url":"https:\/\/bailaodosuloficial.com.br\/wp-content\/uploads\/2026\/03\/cropped-fim-de-semana-5-scaled-1.png","contentUrl":"https:\/\/bailaodosuloficial.com.br\/wp-content\/uploads\/2026\/03\/cropped-fim-de-semana-5-scaled-1.png","width":1989,"height":1371,"caption":"Bail\u00e3o do Sul"},"image":{"@id":"https:\/\/bailaodosuloficial.com.br\/#\/schema\/logo\/image\/"},"sameAs":["http:\/\/instagram.com\/bailaodosul"]},{"@type":"Person","@id":"https:\/\/bailaodosuloficial.com.br\/#\/schema\/person\/b3bb1c43b091cd5c62100dd962ddda38","name":"admin","image":{"@type":"ImageObject","inLanguage":"pt-BR","@id":"https:\/\/bailaodosuloficial.com.br\/#\/schema\/person\/image\/","url":"https:\/\/secure.gravatar.com\/avatar\/8e8beae45c6419737da9ea57a58a1f945a580b701e1def541b4459d4ac234c85?s=96&d=mm&r=g","contentUrl":"https:\/\/secure.gravatar.com\/avatar\/8e8beae45c6419737da9ea57a58a1f945a580b701e1def541b4459d4ac234c85?s=96&d=mm&r=g","caption":"admin"},"sameAs":["https:\/\/bailaodosuloficial.com.br"],"url":"https:\/\/bailaodosuloficial.com.br\/index.php\/author\/bailao\/"}]}},"_links":{"self":[{"href":"https:\/\/bailaodosuloficial.com.br\/index.php\/wp-json\/wp\/v2\/posts\/740","targetHints":{"allow":["GET"]}}],"collection":[{"href":"https:\/\/bailaodosuloficial.com.br\/index.php\/wp-json\/wp\/v2\/posts"}],"about":[{"href":"https:\/\/bailaodosuloficial.com.br\/index.php\/wp-json\/wp\/v2\/types\/post"}],"author":[{"embeddable":true,"href":"https:\/\/bailaodosuloficial.com.br\/index.php\/wp-json\/wp\/v2\/users\/1"}],"replies":[{"embeddable":true,"href":"https:\/\/bailaodosuloficial.com.br\/index.php\/wp-json\/wp\/v2\/comments?post=740"}],"version-history":[{"count":1,"href":"https:\/\/bailaodosuloficial.com.br\/index.php\/wp-json\/wp\/v2\/posts\/740\/revisions"}],"predecessor-version":[{"id":742,"href":"https:\/\/bailaodosuloficial.com.br\/index.php\/wp-json\/wp\/v2\/posts\/740\/revisions\/742"}],"wp:featuredmedia":[{"embeddable":true,"href":"https:\/\/bailaodosuloficial.com.br\/index.php\/wp-json\/wp\/v2\/media\/741"}],"wp:attachment":[{"href":"https:\/\/bailaodosuloficial.com.br\/index.php\/wp-json\/wp\/v2\/media?parent=740"}],"wp:term":[{"taxonomy":"category","embeddable":true,"href":"https:\/\/bailaodosuloficial.com.br\/index.php\/wp-json\/wp\/v2\/categories?post=740"},{"taxonomy":"post_tag","embeddable":true,"href":"https:\/\/bailaodosuloficial.com.br\/index.php\/wp-json\/wp\/v2\/tags?post=740"}],"curies":[{"name":"wp","href":"https:\/\/api.w.org\/{rel}","templated":true}]}}