{"id":744,"date":"2026-02-23T21:56:20","date_gmt":"2026-02-23T21:56:20","guid":{"rendered":"https:\/\/bailaodosuloficial.com.br\/?p=744"},"modified":"2026-02-23T21:56:21","modified_gmt":"2026-02-23T21:56:21","slug":"beijo-bandido-o-novo-capitulo-da-trajetoria-da-banda-setimo-sentido","status":"publish","type":"post","link":"https:\/\/bailaodosuloficial.com.br\/index.php\/2026\/02\/23\/beijo-bandido-o-novo-capitulo-da-trajetoria-da-banda-setimo-sentido\/","title":{"rendered":"Beijo Bandido\u201d: o novo cap\u00edtulo da trajet\u00f3ria da Banda S\u00e9timo Sentido"},"content":{"rendered":"\n<p>A <strong>Banda S\u00e9timo Sentido<\/strong> est\u00e1 conquistando cada vez mais espa\u00e7o na cena musical com sua mistura de emo\u00e7\u00e3o, batidas contagiantes e letras que falam direto ao cora\u00e7\u00e3o dos ouvintes. Com uma trajet\u00f3ria marcada por repert\u00f3rio autoral e repert\u00f3rio que agrada nas r\u00e1dios e nos bail\u00f5es, a banda vem se destacando n\u00e3o apenas pela qualidade musical, mas pela conex\u00e3o que cria com o p\u00fablico.<\/p>\n\n\n\n<p>Um exemplo recente desse momento marcante \u00e9 o lan\u00e7amento da faixa <strong>\u201cBeijo Bandido\u201d<\/strong>  uma parceria com a banda <strong>Corpo e Alma<\/strong> que chegou no fim de 2025 e j\u00e1 promete ser um hit nas playlists e nos shows.<\/p>\n\n\n\n<p>A m\u00fasica traz uma letra intensa e envolvente, falando daquele beijo que mistura desejo, confus\u00e3o e lembran\u00e7as  um verdadeiro encontro entre paix\u00e3o e saudade. A sonoridade \u00e9 vibrante, perfeita para embalar festas, dan\u00e7as e momentos de emo\u00e7\u00e3o entre casais e amigos.<\/p>\n\n\n\n<p>Al\u00e9m da melodia marcante, \u201cBeijo Bandido\u201d chegou junto com um videoclipe oficial, tornando a experi\u00eancia completa para quem curte m\u00fasica que conta hist\u00f3rias e toca o cora\u00e7\u00e3o. Dispon\u00edvel nas principais plataformas digitais e no canal oficial da banda no YouTube, a faixa evidencia o crescimento art\u00edstico do S\u00e9timo Sentido e sua capacidade de se reinventar com criatividade e sentimento.<\/p>\n\n\n\n<p>Com esse lan\u00e7amento, a <strong>Banda S\u00e9timo Sentido<\/strong> segue escrevendo sua hist\u00f3ria, conectando ritmos, emo\u00e7\u00f5es e f\u00e3s em cada nova nota. \ud83c\udfa4\ud83d\udca5<\/p>\n\n\n\n<figure class=\"wp-block-embed is-type-video is-provider-youtube wp-block-embed-youtube wp-embed-aspect-16-9 wp-has-aspect-ratio\"><div class=\"wp-block-embed__wrapper\">\n<iframe loading=\"lazy\" title=\"S\u00c9TIMO SENTIDO - BEIJO BANDIDO FEAT. WAGNER SCHNEIDER - CORPO E ALMA\" width=\"960\" height=\"540\" src=\"https:\/\/www.youtube.com\/embed\/gZPCq9zf4PI?feature=oembed\" frameborder=\"0\" allow=\"accelerometer; autoplay; clipboard-write; encrypted-media; gyroscope; picture-in-picture; web-share\" referrerpolicy=\"strict-origin-when-cross-origin\" allowfullscreen><\/iframe>\n<\/div><\/figure>\n\n\n\n<p>foto: Instagram da banda <\/p>\n","protected":false},"excerpt":{"rendered":"<p>A Banda S\u00e9timo Sentido est\u00e1 conquistando cada vez mais espa\u00e7o na cena musical com sua mistura de emo\u00e7\u00e3o, batidas contagiantes e letras que falam direto ao cora\u00e7\u00e3o dos ouvintes. Com uma trajet\u00f3ria marcada por repert\u00f3rio autoral e repert\u00f3rio que agrada nas r\u00e1dios e nos bail\u00f5es, a banda vem se destacando n\u00e3o apenas pela qualidade musical,<\/p>\n","protected":false},"author":1,"featured_media":745,"comment_status":"open","ping_status":"open","sticky":false,"template":"","format":"standard","meta":{"footnotes":""},"categories":[2],"tags":[],"class_list":["post-744","post","type-post","status-publish","format-standard","has-post-thumbnail","hentry","category-bailao"],"yoast_head":"<!-- This site is optimized with the Yoast SEO plugin v26.9 - https:\/\/yoast.com\/product\/yoast-seo-wordpress\/ -->\n<title>Beijo Bandido\u201d: o novo cap\u00edtulo da trajet\u00f3ria da Banda S\u00e9timo Sentido -<\/title>\n<meta name=\"robots\" content=\"index, follow, max-snippet:-1, max-image-preview:large, max-video-preview:-1\" \/>\n<link rel=\"canonical\" href=\"https:\/\/bailaodosuloficial.com.br\/index.php\/2026\/02\/23\/beijo-bandido-o-novo-capitulo-da-trajetoria-da-banda-setimo-sentido\/\" \/>\n<meta property=\"og:locale\" content=\"pt_BR\" \/>\n<meta property=\"og:type\" content=\"article\" \/>\n<meta property=\"og:title\" content=\"Beijo Bandido\u201d: o novo cap\u00edtulo da trajet\u00f3ria da Banda S\u00e9timo Sentido -\" \/>\n<meta property=\"og:description\" content=\"A Banda S\u00e9timo Sentido est\u00e1 conquistando cada vez mais espa\u00e7o na cena musical com sua mistura de emo\u00e7\u00e3o, batidas contagiantes e letras que falam direto ao cora\u00e7\u00e3o dos ouvintes. Com uma trajet\u00f3ria marcada por repert\u00f3rio autoral e repert\u00f3rio que agrada nas r\u00e1dios e nos bail\u00f5es, a banda vem se destacando n\u00e3o apenas pela qualidade musical,\" \/>\n<meta property=\"og:url\" content=\"https:\/\/bailaodosuloficial.com.br\/index.php\/2026\/02\/23\/beijo-bandido-o-novo-capitulo-da-trajetoria-da-banda-setimo-sentido\/\" \/>\n<meta property=\"article:published_time\" content=\"2026-02-23T21:56:20+00:00\" \/>\n<meta property=\"article:modified_time\" content=\"2026-02-23T21:56:21+00:00\" \/>\n<meta property=\"og:image\" content=\"https:\/\/bailaodosuloficial.com.br\/wp-content\/uploads\/2026\/02\/image-8.png\" \/>\n\t<meta property=\"og:image:width\" content=\"645\" \/>\n\t<meta property=\"og:image:height\" content=\"456\" \/>\n\t<meta property=\"og:image:type\" content=\"image\/png\" \/>\n<meta name=\"author\" content=\"admin\" \/>\n<meta name=\"twitter:card\" content=\"summary_large_image\" \/>\n<meta name=\"twitter:label1\" content=\"Escrito por\" \/>\n\t<meta name=\"twitter:data1\" content=\"admin\" \/>\n\t<meta name=\"twitter:label2\" content=\"Est. tempo de leitura\" \/>\n\t<meta name=\"twitter:data2\" content=\"2 minutos\" \/>\n<script type=\"application\/ld+json\" class=\"yoast-schema-graph\">{\"@context\":\"https:\/\/schema.org\",\"@graph\":[{\"@type\":\"Article\",\"@id\":\"https:\/\/bailaodosuloficial.com.br\/index.php\/2026\/02\/23\/beijo-bandido-o-novo-capitulo-da-trajetoria-da-banda-setimo-sentido\/#article\",\"isPartOf\":{\"@id\":\"https:\/\/bailaodosuloficial.com.br\/index.php\/2026\/02\/23\/beijo-bandido-o-novo-capitulo-da-trajetoria-da-banda-setimo-sentido\/\"},\"author\":{\"name\":\"admin\",\"@id\":\"https:\/\/bailaodosuloficial.com.br\/#\/schema\/person\/b3bb1c43b091cd5c62100dd962ddda38\"},\"headline\":\"Beijo Bandido\u201d: o novo cap\u00edtulo da trajet\u00f3ria da Banda S\u00e9timo Sentido\",\"datePublished\":\"2026-02-23T21:56:20+00:00\",\"dateModified\":\"2026-02-23T21:56:21+00:00\",\"mainEntityOfPage\":{\"@id\":\"https:\/\/bailaodosuloficial.com.br\/index.php\/2026\/02\/23\/beijo-bandido-o-novo-capitulo-da-trajetoria-da-banda-setimo-sentido\/\"},\"wordCount\":285,\"commentCount\":0,\"publisher\":{\"@id\":\"https:\/\/bailaodosuloficial.com.br\/#organization\"},\"image\":{\"@id\":\"https:\/\/bailaodosuloficial.com.br\/index.php\/2026\/02\/23\/beijo-bandido-o-novo-capitulo-da-trajetoria-da-banda-setimo-sentido\/#primaryimage\"},\"thumbnailUrl\":\"https:\/\/bailaodosuloficial.com.br\/wp-content\/uploads\/2026\/02\/image-8.png\",\"articleSection\":[\"Bail\u00e3o\"],\"inLanguage\":\"pt-BR\",\"potentialAction\":[{\"@type\":\"CommentAction\",\"name\":\"Comment\",\"target\":[\"https:\/\/bailaodosuloficial.com.br\/index.php\/2026\/02\/23\/beijo-bandido-o-novo-capitulo-da-trajetoria-da-banda-setimo-sentido\/#respond\"]}]},{\"@type\":\"WebPage\",\"@id\":\"https:\/\/bailaodosuloficial.com.br\/index.php\/2026\/02\/23\/beijo-bandido-o-novo-capitulo-da-trajetoria-da-banda-setimo-sentido\/\",\"url\":\"https:\/\/bailaodosuloficial.com.br\/index.php\/2026\/02\/23\/beijo-bandido-o-novo-capitulo-da-trajetoria-da-banda-setimo-sentido\/\",\"name\":\"Beijo Bandido\u201d: o novo cap\u00edtulo da trajet\u00f3ria da Banda S\u00e9timo Sentido -\",\"isPartOf\":{\"@id\":\"https:\/\/bailaodosuloficial.com.br\/#website\"},\"primaryImageOfPage\":{\"@id\":\"https:\/\/bailaodosuloficial.com.br\/index.php\/2026\/02\/23\/beijo-bandido-o-novo-capitulo-da-trajetoria-da-banda-setimo-sentido\/#primaryimage\"},\"image\":{\"@id\":\"https:\/\/bailaodosuloficial.com.br\/index.php\/2026\/02\/23\/beijo-bandido-o-novo-capitulo-da-trajetoria-da-banda-setimo-sentido\/#primaryimage\"},\"thumbnailUrl\":\"https:\/\/bailaodosuloficial.com.br\/wp-content\/uploads\/2026\/02\/image-8.png\",\"datePublished\":\"2026-02-23T21:56:20+00:00\",\"dateModified\":\"2026-02-23T21:56:21+00:00\",\"breadcrumb\":{\"@id\":\"https:\/\/bailaodosuloficial.com.br\/index.php\/2026\/02\/23\/beijo-bandido-o-novo-capitulo-da-trajetoria-da-banda-setimo-sentido\/#breadcrumb\"},\"inLanguage\":\"pt-BR\",\"potentialAction\":[{\"@type\":\"ReadAction\",\"target\":[\"https:\/\/bailaodosuloficial.com.br\/index.php\/2026\/02\/23\/beijo-bandido-o-novo-capitulo-da-trajetoria-da-banda-setimo-sentido\/\"]}]},{\"@type\":\"ImageObject\",\"inLanguage\":\"pt-BR\",\"@id\":\"https:\/\/bailaodosuloficial.com.br\/index.php\/2026\/02\/23\/beijo-bandido-o-novo-capitulo-da-trajetoria-da-banda-setimo-sentido\/#primaryimage\",\"url\":\"https:\/\/bailaodosuloficial.com.br\/wp-content\/uploads\/2026\/02\/image-8.png\",\"contentUrl\":\"https:\/\/bailaodosuloficial.com.br\/wp-content\/uploads\/2026\/02\/image-8.png\",\"width\":645,\"height\":456},{\"@type\":\"BreadcrumbList\",\"@id\":\"https:\/\/bailaodosuloficial.com.br\/index.php\/2026\/02\/23\/beijo-bandido-o-novo-capitulo-da-trajetoria-da-banda-setimo-sentido\/#breadcrumb\",\"itemListElement\":[{\"@type\":\"ListItem\",\"position\":1,\"name\":\"In\u00edcio\",\"item\":\"https:\/\/bailaodosuloficial.com.br\/\"},{\"@type\":\"ListItem\",\"position\":2,\"name\":\"Beijo Bandido\u201d: o novo cap\u00edtulo da trajet\u00f3ria da Banda S\u00e9timo Sentido\"}]},{\"@type\":\"WebSite\",\"@id\":\"https:\/\/bailaodosuloficial.com.br\/#website\",\"url\":\"https:\/\/bailaodosuloficial.com.br\/\",\"name\":\"Bail\u00e3o do Sul\",\"description\":\"\",\"publisher\":{\"@id\":\"https:\/\/bailaodosuloficial.com.br\/#organization\"},\"alternateName\":\"Bail\u00e3o do Sul Oficial\",\"potentialAction\":[{\"@type\":\"SearchAction\",\"target\":{\"@type\":\"EntryPoint\",\"urlTemplate\":\"https:\/\/bailaodosuloficial.com.br\/?s={search_term_string}\"},\"query-input\":{\"@type\":\"PropertyValueSpecification\",\"valueRequired\":true,\"valueName\":\"search_term_string\"}}],\"inLanguage\":\"pt-BR\"},{\"@type\":\"Organization\",\"@id\":\"https:\/\/bailaodosuloficial.com.br\/#organization\",\"name\":\"Bail\u00e3o do Sul\",\"url\":\"https:\/\/bailaodosuloficial.com.br\/\",\"logo\":{\"@type\":\"ImageObject\",\"inLanguage\":\"pt-BR\",\"@id\":\"https:\/\/bailaodosuloficial.com.br\/#\/schema\/logo\/image\/\",\"url\":\"https:\/\/bailaodosuloficial.com.br\/wp-content\/uploads\/2026\/03\/cropped-fim-de-semana-5-scaled-1.png\",\"contentUrl\":\"https:\/\/bailaodosuloficial.com.br\/wp-content\/uploads\/2026\/03\/cropped-fim-de-semana-5-scaled-1.png\",\"width\":1989,\"height\":1371,\"caption\":\"Bail\u00e3o do Sul\"},\"image\":{\"@id\":\"https:\/\/bailaodosuloficial.com.br\/#\/schema\/logo\/image\/\"},\"sameAs\":[\"http:\/\/instagram.com\/bailaodosul\"]},{\"@type\":\"Person\",\"@id\":\"https:\/\/bailaodosuloficial.com.br\/#\/schema\/person\/b3bb1c43b091cd5c62100dd962ddda38\",\"name\":\"admin\",\"image\":{\"@type\":\"ImageObject\",\"inLanguage\":\"pt-BR\",\"@id\":\"https:\/\/bailaodosuloficial.com.br\/#\/schema\/person\/image\/\",\"url\":\"https:\/\/secure.gravatar.com\/avatar\/8e8beae45c6419737da9ea57a58a1f945a580b701e1def541b4459d4ac234c85?s=96&d=mm&r=g\",\"contentUrl\":\"https:\/\/secure.gravatar.com\/avatar\/8e8beae45c6419737da9ea57a58a1f945a580b701e1def541b4459d4ac234c85?s=96&d=mm&r=g\",\"caption\":\"admin\"},\"sameAs\":[\"https:\/\/bailaodosuloficial.com.br\"],\"url\":\"https:\/\/bailaodosuloficial.com.br\/index.php\/author\/bailao\/\"}]}<\/script>\n<!-- \/ Yoast SEO plugin. -->","yoast_head_json":{"title":"Beijo Bandido\u201d: o novo cap\u00edtulo da trajet\u00f3ria da Banda S\u00e9timo Sentido -","robots":{"index":"index","follow":"follow","max-snippet":"max-snippet:-1","max-image-preview":"max-image-preview:large","max-video-preview":"max-video-preview:-1"},"canonical":"https:\/\/bailaodosuloficial.com.br\/index.php\/2026\/02\/23\/beijo-bandido-o-novo-capitulo-da-trajetoria-da-banda-setimo-sentido\/","og_locale":"pt_BR","og_type":"article","og_title":"Beijo Bandido\u201d: o novo cap\u00edtulo da trajet\u00f3ria da Banda S\u00e9timo Sentido -","og_description":"A Banda S\u00e9timo Sentido est\u00e1 conquistando cada vez mais espa\u00e7o na cena musical com sua mistura de emo\u00e7\u00e3o, batidas contagiantes e letras que falam direto ao cora\u00e7\u00e3o dos ouvintes. Com uma trajet\u00f3ria marcada por repert\u00f3rio autoral e repert\u00f3rio que agrada nas r\u00e1dios e nos bail\u00f5es, a banda vem se destacando n\u00e3o apenas pela qualidade musical,","og_url":"https:\/\/bailaodosuloficial.com.br\/index.php\/2026\/02\/23\/beijo-bandido-o-novo-capitulo-da-trajetoria-da-banda-setimo-sentido\/","article_published_time":"2026-02-23T21:56:20+00:00","article_modified_time":"2026-02-23T21:56:21+00:00","og_image":[{"width":645,"height":456,"url":"https:\/\/bailaodosuloficial.com.br\/wp-content\/uploads\/2026\/02\/image-8.png","type":"image\/png"}],"author":"admin","twitter_card":"summary_large_image","twitter_misc":{"Escrito por":"admin","Est. tempo de leitura":"2 minutos"},"schema":{"@context":"https:\/\/schema.org","@graph":[{"@type":"Article","@id":"https:\/\/bailaodosuloficial.com.br\/index.php\/2026\/02\/23\/beijo-bandido-o-novo-capitulo-da-trajetoria-da-banda-setimo-sentido\/#article","isPartOf":{"@id":"https:\/\/bailaodosuloficial.com.br\/index.php\/2026\/02\/23\/beijo-bandido-o-novo-capitulo-da-trajetoria-da-banda-setimo-sentido\/"},"author":{"name":"admin","@id":"https:\/\/bailaodosuloficial.com.br\/#\/schema\/person\/b3bb1c43b091cd5c62100dd962ddda38"},"headline":"Beijo Bandido\u201d: o novo cap\u00edtulo da trajet\u00f3ria da Banda S\u00e9timo Sentido","datePublished":"2026-02-23T21:56:20+00:00","dateModified":"2026-02-23T21:56:21+00:00","mainEntityOfPage":{"@id":"https:\/\/bailaodosuloficial.com.br\/index.php\/2026\/02\/23\/beijo-bandido-o-novo-capitulo-da-trajetoria-da-banda-setimo-sentido\/"},"wordCount":285,"commentCount":0,"publisher":{"@id":"https:\/\/bailaodosuloficial.com.br\/#organization"},"image":{"@id":"https:\/\/bailaodosuloficial.com.br\/index.php\/2026\/02\/23\/beijo-bandido-o-novo-capitulo-da-trajetoria-da-banda-setimo-sentido\/#primaryimage"},"thumbnailUrl":"https:\/\/bailaodosuloficial.com.br\/wp-content\/uploads\/2026\/02\/image-8.png","articleSection":["Bail\u00e3o"],"inLanguage":"pt-BR","potentialAction":[{"@type":"CommentAction","name":"Comment","target":["https:\/\/bailaodosuloficial.com.br\/index.php\/2026\/02\/23\/beijo-bandido-o-novo-capitulo-da-trajetoria-da-banda-setimo-sentido\/#respond"]}]},{"@type":"WebPage","@id":"https:\/\/bailaodosuloficial.com.br\/index.php\/2026\/02\/23\/beijo-bandido-o-novo-capitulo-da-trajetoria-da-banda-setimo-sentido\/","url":"https:\/\/bailaodosuloficial.com.br\/index.php\/2026\/02\/23\/beijo-bandido-o-novo-capitulo-da-trajetoria-da-banda-setimo-sentido\/","name":"Beijo Bandido\u201d: o novo cap\u00edtulo da trajet\u00f3ria da Banda S\u00e9timo Sentido -","isPartOf":{"@id":"https:\/\/bailaodosuloficial.com.br\/#website"},"primaryImageOfPage":{"@id":"https:\/\/bailaodosuloficial.com.br\/index.php\/2026\/02\/23\/beijo-bandido-o-novo-capitulo-da-trajetoria-da-banda-setimo-sentido\/#primaryimage"},"image":{"@id":"https:\/\/bailaodosuloficial.com.br\/index.php\/2026\/02\/23\/beijo-bandido-o-novo-capitulo-da-trajetoria-da-banda-setimo-sentido\/#primaryimage"},"thumbnailUrl":"https:\/\/bailaodosuloficial.com.br\/wp-content\/uploads\/2026\/02\/image-8.png","datePublished":"2026-02-23T21:56:20+00:00","dateModified":"2026-02-23T21:56:21+00:00","breadcrumb":{"@id":"https:\/\/bailaodosuloficial.com.br\/index.php\/2026\/02\/23\/beijo-bandido-o-novo-capitulo-da-trajetoria-da-banda-setimo-sentido\/#breadcrumb"},"inLanguage":"pt-BR","potentialAction":[{"@type":"ReadAction","target":["https:\/\/bailaodosuloficial.com.br\/index.php\/2026\/02\/23\/beijo-bandido-o-novo-capitulo-da-trajetoria-da-banda-setimo-sentido\/"]}]},{"@type":"ImageObject","inLanguage":"pt-BR","@id":"https:\/\/bailaodosuloficial.com.br\/index.php\/2026\/02\/23\/beijo-bandido-o-novo-capitulo-da-trajetoria-da-banda-setimo-sentido\/#primaryimage","url":"https:\/\/bailaodosuloficial.com.br\/wp-content\/uploads\/2026\/02\/image-8.png","contentUrl":"https:\/\/bailaodosuloficial.com.br\/wp-content\/uploads\/2026\/02\/image-8.png","width":645,"height":456},{"@type":"BreadcrumbList","@id":"https:\/\/bailaodosuloficial.com.br\/index.php\/2026\/02\/23\/beijo-bandido-o-novo-capitulo-da-trajetoria-da-banda-setimo-sentido\/#breadcrumb","itemListElement":[{"@type":"ListItem","position":1,"name":"In\u00edcio","item":"https:\/\/bailaodosuloficial.com.br\/"},{"@type":"ListItem","position":2,"name":"Beijo Bandido\u201d: o novo cap\u00edtulo da trajet\u00f3ria da Banda S\u00e9timo Sentido"}]},{"@type":"WebSite","@id":"https:\/\/bailaodosuloficial.com.br\/#website","url":"https:\/\/bailaodosuloficial.com.br\/","name":"Bail\u00e3o do Sul","description":"","publisher":{"@id":"https:\/\/bailaodosuloficial.com.br\/#organization"},"alternateName":"Bail\u00e3o do Sul Oficial","potentialAction":[{"@type":"SearchAction","target":{"@type":"EntryPoint","urlTemplate":"https:\/\/bailaodosuloficial.com.br\/?s={search_term_string}"},"query-input":{"@type":"PropertyValueSpecification","valueRequired":true,"valueName":"search_term_string"}}],"inLanguage":"pt-BR"},{"@type":"Organization","@id":"https:\/\/bailaodosuloficial.com.br\/#organization","name":"Bail\u00e3o do Sul","url":"https:\/\/bailaodosuloficial.com.br\/","logo":{"@type":"ImageObject","inLanguage":"pt-BR","@id":"https:\/\/bailaodosuloficial.com.br\/#\/schema\/logo\/image\/","url":"https:\/\/bailaodosuloficial.com.br\/wp-content\/uploads\/2026\/03\/cropped-fim-de-semana-5-scaled-1.png","contentUrl":"https:\/\/bailaodosuloficial.com.br\/wp-content\/uploads\/2026\/03\/cropped-fim-de-semana-5-scaled-1.png","width":1989,"height":1371,"caption":"Bail\u00e3o do Sul"},"image":{"@id":"https:\/\/bailaodosuloficial.com.br\/#\/schema\/logo\/image\/"},"sameAs":["http:\/\/instagram.com\/bailaodosul"]},{"@type":"Person","@id":"https:\/\/bailaodosuloficial.com.br\/#\/schema\/person\/b3bb1c43b091cd5c62100dd962ddda38","name":"admin","image":{"@type":"ImageObject","inLanguage":"pt-BR","@id":"https:\/\/bailaodosuloficial.com.br\/#\/schema\/person\/image\/","url":"https:\/\/secure.gravatar.com\/avatar\/8e8beae45c6419737da9ea57a58a1f945a580b701e1def541b4459d4ac234c85?s=96&d=mm&r=g","contentUrl":"https:\/\/secure.gravatar.com\/avatar\/8e8beae45c6419737da9ea57a58a1f945a580b701e1def541b4459d4ac234c85?s=96&d=mm&r=g","caption":"admin"},"sameAs":["https:\/\/bailaodosuloficial.com.br"],"url":"https:\/\/bailaodosuloficial.com.br\/index.php\/author\/bailao\/"}]}},"_links":{"self":[{"href":"https:\/\/bailaodosuloficial.com.br\/index.php\/wp-json\/wp\/v2\/posts\/744","targetHints":{"allow":["GET"]}}],"collection":[{"href":"https:\/\/bailaodosuloficial.com.br\/index.php\/wp-json\/wp\/v2\/posts"}],"about":[{"href":"https:\/\/bailaodosuloficial.com.br\/index.php\/wp-json\/wp\/v2\/types\/post"}],"author":[{"embeddable":true,"href":"https:\/\/bailaodosuloficial.com.br\/index.php\/wp-json\/wp\/v2\/users\/1"}],"replies":[{"embeddable":true,"href":"https:\/\/bailaodosuloficial.com.br\/index.php\/wp-json\/wp\/v2\/comments?post=744"}],"version-history":[{"count":1,"href":"https:\/\/bailaodosuloficial.com.br\/index.php\/wp-json\/wp\/v2\/posts\/744\/revisions"}],"predecessor-version":[{"id":746,"href":"https:\/\/bailaodosuloficial.com.br\/index.php\/wp-json\/wp\/v2\/posts\/744\/revisions\/746"}],"wp:featuredmedia":[{"embeddable":true,"href":"https:\/\/bailaodosuloficial.com.br\/index.php\/wp-json\/wp\/v2\/media\/745"}],"wp:attachment":[{"href":"https:\/\/bailaodosuloficial.com.br\/index.php\/wp-json\/wp\/v2\/media?parent=744"}],"wp:term":[{"taxonomy":"category","embeddable":true,"href":"https:\/\/bailaodosuloficial.com.br\/index.php\/wp-json\/wp\/v2\/categories?post=744"},{"taxonomy":"post_tag","embeddable":true,"href":"https:\/\/bailaodosuloficial.com.br\/index.php\/wp-json\/wp\/v2\/tags?post=744"}],"curies":[{"name":"wp","href":"https:\/\/api.w.org\/{rel}","templated":true}]}}