{"id":748,"date":"2026-02-23T22:26:33","date_gmt":"2026-02-23T22:26:33","guid":{"rendered":"https:\/\/bailaodosuloficial.com.br\/?p=748"},"modified":"2026-02-23T22:26:34","modified_gmt":"2026-02-23T22:26:34","slug":"conheca-o-fenomeno-das-redes-sociais-o-casal-fanilson-casalfanilson","status":"publish","type":"post","link":"https:\/\/bailaodosuloficial.com.br\/index.php\/2026\/02\/23\/conheca-o-fenomeno-das-redes-sociais-o-casal-fanilson-casalfanilson\/","title":{"rendered":"Conhe\u00e7a o fen\u00f4meno das redes sociais: o Casal Fanilson (@casalfanilson)"},"content":{"rendered":"\n<p><\/p>\n\n\n\n<p>O <strong>Casal Fanilson<\/strong> formado por Fabricia Nilzete Sodr\u00e9 Mallmann e Nilson Claudemir Mallmann  vem atraindo cada vez mais p\u00fablico nas redes sociais com um conte\u00fado aut\u00eantico, cheio de alegria e cultura regional. O casal de Palho\u00e7a (SC) ficou conhecido por gravar <strong>v\u00eddeos dan\u00e7ando ao som de bandinhas e m\u00fasicas ga\u00fachas em pontos tur\u00edsticos por todo o Brasil<\/strong>, e essa ideia espont\u00e2nea tem conquistado seguidores e admiradores por onde passam.<\/p>\n\n\n\n<figure class=\"wp-block-image size-full\"><img loading=\"lazy\" decoding=\"async\" width=\"259\" height=\"285\" src=\"https:\/\/bailaodosuloficial.com.br\/wp-content\/uploads\/2026\/02\/image-11.png\" alt=\"\" class=\"wp-image-751\"\/><\/figure>\n\n\n\n<p>Tudo come\u00e7ou de forma simples: durante o expediente no espa\u00e7o onde trabalham vendendo espetinhos e caldo de cana, na Ponte Imaruim, decidiram registrar um momento de dan\u00e7a ao som de m\u00fasica ao vivo e publicar nas redes. Para surpresa deles, o v\u00eddeo viralizou \u2014 e isso os motivou a come\u00e7ar um projeto maior: <strong>gravar em cada cidade que visitam, mostrando as belezas locais e celebrando a m\u00fasica e a dan\u00e7a tradicional brasileira<\/strong>.<\/p>\n\n\n\n<p>Com mais de 70 cidades visitadas s\u00f3 em Santa Catarina, o Casal Fanilson j\u00e1 encantou o p\u00fablico at\u00e9 em locais conhecidos no Rio de Janeiro, como a frente do Cristo Redentor e do Copacabana Palace, sempre com muita m\u00fasica e energia positiva. Nas redes, eles acumulam milhares de visualiza\u00e7\u00f5es e pedidos de f\u00e3s para visitar novas cidades.<\/p>\n\n\n\n<p>Mais do que criadores de conte\u00fado, Fabricia e Nilson mostram que <strong>amor, parceria e alegria podem inspirar pessoas de todas as idades<\/strong>. Com uma hist\u00f3ria de amor que j\u00e1 ultrapassa 26 anos e uma conex\u00e3o que se reflete em cada passo de dan\u00e7a, o Casal Fanilson transformou sua paix\u00e3o pela dan\u00e7a e pela vida em uma aventura que contagia quem acompanha sua jornada.<\/p>\n\n\n\n<p>\u2728 <strong>Siga <a href=\"https:\/\/www.instagram.com\/casalfanilson\/\">@casalfanilson <\/a>e acompanhe as pr\u00f3ximas paradas dessa dupla que celebra o Brasil com m\u00fasica, sorriso e muito estilo!<\/strong><\/p>\n","protected":false},"excerpt":{"rendered":"<p>O Casal Fanilson formado por Fabricia Nilzete Sodr\u00e9 Mallmann e Nilson Claudemir Mallmann vem atraindo cada vez mais p\u00fablico nas redes sociais com um conte\u00fado aut\u00eantico, cheio de alegria e cultura regional. O casal de Palho\u00e7a (SC) ficou conhecido por gravar v\u00eddeos dan\u00e7ando ao som de bandinhas e m\u00fasicas ga\u00fachas em pontos tur\u00edsticos por todo<\/p>\n","protected":false},"author":1,"featured_media":750,"comment_status":"open","ping_status":"open","sticky":false,"template":"","format":"standard","meta":{"footnotes":""},"categories":[2],"tags":[],"class_list":["post-748","post","type-post","status-publish","format-standard","has-post-thumbnail","hentry","category-bailao"],"yoast_head":"<!-- This site is optimized with the Yoast SEO plugin v26.9 - https:\/\/yoast.com\/product\/yoast-seo-wordpress\/ -->\n<title>Conhe\u00e7a o fen\u00f4meno das redes sociais: o Casal Fanilson (@casalfanilson) -<\/title>\n<meta name=\"robots\" content=\"index, follow, max-snippet:-1, max-image-preview:large, max-video-preview:-1\" \/>\n<link rel=\"canonical\" href=\"https:\/\/bailaodosuloficial.com.br\/index.php\/2026\/02\/23\/conheca-o-fenomeno-das-redes-sociais-o-casal-fanilson-casalfanilson\/\" \/>\n<meta property=\"og:locale\" content=\"pt_BR\" \/>\n<meta property=\"og:type\" content=\"article\" \/>\n<meta property=\"og:title\" content=\"Conhe\u00e7a o fen\u00f4meno das redes sociais: o Casal Fanilson (@casalfanilson) -\" \/>\n<meta property=\"og:description\" content=\"O Casal Fanilson formado por Fabricia Nilzete Sodr\u00e9 Mallmann e Nilson Claudemir Mallmann vem atraindo cada vez mais p\u00fablico nas redes sociais com um conte\u00fado aut\u00eantico, cheio de alegria e cultura regional. O casal de Palho\u00e7a (SC) ficou conhecido por gravar v\u00eddeos dan\u00e7ando ao som de bandinhas e m\u00fasicas ga\u00fachas em pontos tur\u00edsticos por todo\" \/>\n<meta property=\"og:url\" content=\"https:\/\/bailaodosuloficial.com.br\/index.php\/2026\/02\/23\/conheca-o-fenomeno-das-redes-sociais-o-casal-fanilson-casalfanilson\/\" \/>\n<meta property=\"article:published_time\" content=\"2026-02-23T22:26:33+00:00\" \/>\n<meta property=\"article:modified_time\" content=\"2026-02-23T22:26:34+00:00\" \/>\n<meta property=\"og:image\" content=\"https:\/\/bailaodosuloficial.com.br\/wp-content\/uploads\/2026\/02\/image-10.png\" \/>\n\t<meta property=\"og:image:width\" content=\"503\" \/>\n\t<meta property=\"og:image:height\" content=\"442\" \/>\n\t<meta property=\"og:image:type\" content=\"image\/png\" \/>\n<meta name=\"author\" content=\"admin\" \/>\n<meta name=\"twitter:card\" content=\"summary_large_image\" \/>\n<meta name=\"twitter:label1\" content=\"Escrito por\" \/>\n\t<meta name=\"twitter:data1\" content=\"admin\" \/>\n\t<meta name=\"twitter:label2\" content=\"Est. tempo de leitura\" \/>\n\t<meta name=\"twitter:data2\" content=\"2 minutos\" \/>\n<script type=\"application\/ld+json\" class=\"yoast-schema-graph\">{\"@context\":\"https:\/\/schema.org\",\"@graph\":[{\"@type\":\"Article\",\"@id\":\"https:\/\/bailaodosuloficial.com.br\/index.php\/2026\/02\/23\/conheca-o-fenomeno-das-redes-sociais-o-casal-fanilson-casalfanilson\/#article\",\"isPartOf\":{\"@id\":\"https:\/\/bailaodosuloficial.com.br\/index.php\/2026\/02\/23\/conheca-o-fenomeno-das-redes-sociais-o-casal-fanilson-casalfanilson\/\"},\"author\":{\"name\":\"admin\",\"@id\":\"https:\/\/bailaodosuloficial.com.br\/#\/schema\/person\/b3bb1c43b091cd5c62100dd962ddda38\"},\"headline\":\"Conhe\u00e7a o fen\u00f4meno das redes sociais: o Casal Fanilson (@casalfanilson)\",\"datePublished\":\"2026-02-23T22:26:33+00:00\",\"dateModified\":\"2026-02-23T22:26:34+00:00\",\"mainEntityOfPage\":{\"@id\":\"https:\/\/bailaodosuloficial.com.br\/index.php\/2026\/02\/23\/conheca-o-fenomeno-das-redes-sociais-o-casal-fanilson-casalfanilson\/\"},\"wordCount\":319,\"commentCount\":0,\"publisher\":{\"@id\":\"https:\/\/bailaodosuloficial.com.br\/#organization\"},\"image\":{\"@id\":\"https:\/\/bailaodosuloficial.com.br\/index.php\/2026\/02\/23\/conheca-o-fenomeno-das-redes-sociais-o-casal-fanilson-casalfanilson\/#primaryimage\"},\"thumbnailUrl\":\"https:\/\/bailaodosuloficial.com.br\/wp-content\/uploads\/2026\/02\/image-10.png\",\"articleSection\":[\"Bail\u00e3o\"],\"inLanguage\":\"pt-BR\",\"potentialAction\":[{\"@type\":\"CommentAction\",\"name\":\"Comment\",\"target\":[\"https:\/\/bailaodosuloficial.com.br\/index.php\/2026\/02\/23\/conheca-o-fenomeno-das-redes-sociais-o-casal-fanilson-casalfanilson\/#respond\"]}]},{\"@type\":\"WebPage\",\"@id\":\"https:\/\/bailaodosuloficial.com.br\/index.php\/2026\/02\/23\/conheca-o-fenomeno-das-redes-sociais-o-casal-fanilson-casalfanilson\/\",\"url\":\"https:\/\/bailaodosuloficial.com.br\/index.php\/2026\/02\/23\/conheca-o-fenomeno-das-redes-sociais-o-casal-fanilson-casalfanilson\/\",\"name\":\"Conhe\u00e7a o fen\u00f4meno das redes sociais: o Casal Fanilson (@casalfanilson) -\",\"isPartOf\":{\"@id\":\"https:\/\/bailaodosuloficial.com.br\/#website\"},\"primaryImageOfPage\":{\"@id\":\"https:\/\/bailaodosuloficial.com.br\/index.php\/2026\/02\/23\/conheca-o-fenomeno-das-redes-sociais-o-casal-fanilson-casalfanilson\/#primaryimage\"},\"image\":{\"@id\":\"https:\/\/bailaodosuloficial.com.br\/index.php\/2026\/02\/23\/conheca-o-fenomeno-das-redes-sociais-o-casal-fanilson-casalfanilson\/#primaryimage\"},\"thumbnailUrl\":\"https:\/\/bailaodosuloficial.com.br\/wp-content\/uploads\/2026\/02\/image-10.png\",\"datePublished\":\"2026-02-23T22:26:33+00:00\",\"dateModified\":\"2026-02-23T22:26:34+00:00\",\"breadcrumb\":{\"@id\":\"https:\/\/bailaodosuloficial.com.br\/index.php\/2026\/02\/23\/conheca-o-fenomeno-das-redes-sociais-o-casal-fanilson-casalfanilson\/#breadcrumb\"},\"inLanguage\":\"pt-BR\",\"potentialAction\":[{\"@type\":\"ReadAction\",\"target\":[\"https:\/\/bailaodosuloficial.com.br\/index.php\/2026\/02\/23\/conheca-o-fenomeno-das-redes-sociais-o-casal-fanilson-casalfanilson\/\"]}]},{\"@type\":\"ImageObject\",\"inLanguage\":\"pt-BR\",\"@id\":\"https:\/\/bailaodosuloficial.com.br\/index.php\/2026\/02\/23\/conheca-o-fenomeno-das-redes-sociais-o-casal-fanilson-casalfanilson\/#primaryimage\",\"url\":\"https:\/\/bailaodosuloficial.com.br\/wp-content\/uploads\/2026\/02\/image-10.png\",\"contentUrl\":\"https:\/\/bailaodosuloficial.com.br\/wp-content\/uploads\/2026\/02\/image-10.png\",\"width\":503,\"height\":442},{\"@type\":\"BreadcrumbList\",\"@id\":\"https:\/\/bailaodosuloficial.com.br\/index.php\/2026\/02\/23\/conheca-o-fenomeno-das-redes-sociais-o-casal-fanilson-casalfanilson\/#breadcrumb\",\"itemListElement\":[{\"@type\":\"ListItem\",\"position\":1,\"name\":\"In\u00edcio\",\"item\":\"https:\/\/bailaodosuloficial.com.br\/\"},{\"@type\":\"ListItem\",\"position\":2,\"name\":\"Conhe\u00e7a o fen\u00f4meno das redes sociais: o Casal Fanilson (@casalfanilson)\"}]},{\"@type\":\"WebSite\",\"@id\":\"https:\/\/bailaodosuloficial.com.br\/#website\",\"url\":\"https:\/\/bailaodosuloficial.com.br\/\",\"name\":\"Bail\u00e3o do Sul\",\"description\":\"\",\"publisher\":{\"@id\":\"https:\/\/bailaodosuloficial.com.br\/#organization\"},\"alternateName\":\"Bail\u00e3o do Sul Oficial\",\"potentialAction\":[{\"@type\":\"SearchAction\",\"target\":{\"@type\":\"EntryPoint\",\"urlTemplate\":\"https:\/\/bailaodosuloficial.com.br\/?s={search_term_string}\"},\"query-input\":{\"@type\":\"PropertyValueSpecification\",\"valueRequired\":true,\"valueName\":\"search_term_string\"}}],\"inLanguage\":\"pt-BR\"},{\"@type\":\"Organization\",\"@id\":\"https:\/\/bailaodosuloficial.com.br\/#organization\",\"name\":\"Bail\u00e3o do Sul\",\"url\":\"https:\/\/bailaodosuloficial.com.br\/\",\"logo\":{\"@type\":\"ImageObject\",\"inLanguage\":\"pt-BR\",\"@id\":\"https:\/\/bailaodosuloficial.com.br\/#\/schema\/logo\/image\/\",\"url\":\"https:\/\/bailaodosuloficial.com.br\/wp-content\/uploads\/2026\/03\/cropped-fim-de-semana-5-scaled-1.png\",\"contentUrl\":\"https:\/\/bailaodosuloficial.com.br\/wp-content\/uploads\/2026\/03\/cropped-fim-de-semana-5-scaled-1.png\",\"width\":1989,\"height\":1371,\"caption\":\"Bail\u00e3o do Sul\"},\"image\":{\"@id\":\"https:\/\/bailaodosuloficial.com.br\/#\/schema\/logo\/image\/\"},\"sameAs\":[\"http:\/\/instagram.com\/bailaodosul\"]},{\"@type\":\"Person\",\"@id\":\"https:\/\/bailaodosuloficial.com.br\/#\/schema\/person\/b3bb1c43b091cd5c62100dd962ddda38\",\"name\":\"admin\",\"image\":{\"@type\":\"ImageObject\",\"inLanguage\":\"pt-BR\",\"@id\":\"https:\/\/bailaodosuloficial.com.br\/#\/schema\/person\/image\/\",\"url\":\"https:\/\/secure.gravatar.com\/avatar\/8e8beae45c6419737da9ea57a58a1f945a580b701e1def541b4459d4ac234c85?s=96&d=mm&r=g\",\"contentUrl\":\"https:\/\/secure.gravatar.com\/avatar\/8e8beae45c6419737da9ea57a58a1f945a580b701e1def541b4459d4ac234c85?s=96&d=mm&r=g\",\"caption\":\"admin\"},\"sameAs\":[\"https:\/\/bailaodosuloficial.com.br\"],\"url\":\"https:\/\/bailaodosuloficial.com.br\/index.php\/author\/bailao\/\"}]}<\/script>\n<!-- \/ Yoast SEO plugin. -->","yoast_head_json":{"title":"Conhe\u00e7a o fen\u00f4meno das redes sociais: o Casal Fanilson (@casalfanilson) -","robots":{"index":"index","follow":"follow","max-snippet":"max-snippet:-1","max-image-preview":"max-image-preview:large","max-video-preview":"max-video-preview:-1"},"canonical":"https:\/\/bailaodosuloficial.com.br\/index.php\/2026\/02\/23\/conheca-o-fenomeno-das-redes-sociais-o-casal-fanilson-casalfanilson\/","og_locale":"pt_BR","og_type":"article","og_title":"Conhe\u00e7a o fen\u00f4meno das redes sociais: o Casal Fanilson (@casalfanilson) -","og_description":"O Casal Fanilson formado por Fabricia Nilzete Sodr\u00e9 Mallmann e Nilson Claudemir Mallmann vem atraindo cada vez mais p\u00fablico nas redes sociais com um conte\u00fado aut\u00eantico, cheio de alegria e cultura regional. O casal de Palho\u00e7a (SC) ficou conhecido por gravar v\u00eddeos dan\u00e7ando ao som de bandinhas e m\u00fasicas ga\u00fachas em pontos tur\u00edsticos por todo","og_url":"https:\/\/bailaodosuloficial.com.br\/index.php\/2026\/02\/23\/conheca-o-fenomeno-das-redes-sociais-o-casal-fanilson-casalfanilson\/","article_published_time":"2026-02-23T22:26:33+00:00","article_modified_time":"2026-02-23T22:26:34+00:00","og_image":[{"width":503,"height":442,"url":"https:\/\/bailaodosuloficial.com.br\/wp-content\/uploads\/2026\/02\/image-10.png","type":"image\/png"}],"author":"admin","twitter_card":"summary_large_image","twitter_misc":{"Escrito por":"admin","Est. tempo de leitura":"2 minutos"},"schema":{"@context":"https:\/\/schema.org","@graph":[{"@type":"Article","@id":"https:\/\/bailaodosuloficial.com.br\/index.php\/2026\/02\/23\/conheca-o-fenomeno-das-redes-sociais-o-casal-fanilson-casalfanilson\/#article","isPartOf":{"@id":"https:\/\/bailaodosuloficial.com.br\/index.php\/2026\/02\/23\/conheca-o-fenomeno-das-redes-sociais-o-casal-fanilson-casalfanilson\/"},"author":{"name":"admin","@id":"https:\/\/bailaodosuloficial.com.br\/#\/schema\/person\/b3bb1c43b091cd5c62100dd962ddda38"},"headline":"Conhe\u00e7a o fen\u00f4meno das redes sociais: o Casal Fanilson (@casalfanilson)","datePublished":"2026-02-23T22:26:33+00:00","dateModified":"2026-02-23T22:26:34+00:00","mainEntityOfPage":{"@id":"https:\/\/bailaodosuloficial.com.br\/index.php\/2026\/02\/23\/conheca-o-fenomeno-das-redes-sociais-o-casal-fanilson-casalfanilson\/"},"wordCount":319,"commentCount":0,"publisher":{"@id":"https:\/\/bailaodosuloficial.com.br\/#organization"},"image":{"@id":"https:\/\/bailaodosuloficial.com.br\/index.php\/2026\/02\/23\/conheca-o-fenomeno-das-redes-sociais-o-casal-fanilson-casalfanilson\/#primaryimage"},"thumbnailUrl":"https:\/\/bailaodosuloficial.com.br\/wp-content\/uploads\/2026\/02\/image-10.png","articleSection":["Bail\u00e3o"],"inLanguage":"pt-BR","potentialAction":[{"@type":"CommentAction","name":"Comment","target":["https:\/\/bailaodosuloficial.com.br\/index.php\/2026\/02\/23\/conheca-o-fenomeno-das-redes-sociais-o-casal-fanilson-casalfanilson\/#respond"]}]},{"@type":"WebPage","@id":"https:\/\/bailaodosuloficial.com.br\/index.php\/2026\/02\/23\/conheca-o-fenomeno-das-redes-sociais-o-casal-fanilson-casalfanilson\/","url":"https:\/\/bailaodosuloficial.com.br\/index.php\/2026\/02\/23\/conheca-o-fenomeno-das-redes-sociais-o-casal-fanilson-casalfanilson\/","name":"Conhe\u00e7a o fen\u00f4meno das redes sociais: o Casal Fanilson (@casalfanilson) -","isPartOf":{"@id":"https:\/\/bailaodosuloficial.com.br\/#website"},"primaryImageOfPage":{"@id":"https:\/\/bailaodosuloficial.com.br\/index.php\/2026\/02\/23\/conheca-o-fenomeno-das-redes-sociais-o-casal-fanilson-casalfanilson\/#primaryimage"},"image":{"@id":"https:\/\/bailaodosuloficial.com.br\/index.php\/2026\/02\/23\/conheca-o-fenomeno-das-redes-sociais-o-casal-fanilson-casalfanilson\/#primaryimage"},"thumbnailUrl":"https:\/\/bailaodosuloficial.com.br\/wp-content\/uploads\/2026\/02\/image-10.png","datePublished":"2026-02-23T22:26:33+00:00","dateModified":"2026-02-23T22:26:34+00:00","breadcrumb":{"@id":"https:\/\/bailaodosuloficial.com.br\/index.php\/2026\/02\/23\/conheca-o-fenomeno-das-redes-sociais-o-casal-fanilson-casalfanilson\/#breadcrumb"},"inLanguage":"pt-BR","potentialAction":[{"@type":"ReadAction","target":["https:\/\/bailaodosuloficial.com.br\/index.php\/2026\/02\/23\/conheca-o-fenomeno-das-redes-sociais-o-casal-fanilson-casalfanilson\/"]}]},{"@type":"ImageObject","inLanguage":"pt-BR","@id":"https:\/\/bailaodosuloficial.com.br\/index.php\/2026\/02\/23\/conheca-o-fenomeno-das-redes-sociais-o-casal-fanilson-casalfanilson\/#primaryimage","url":"https:\/\/bailaodosuloficial.com.br\/wp-content\/uploads\/2026\/02\/image-10.png","contentUrl":"https:\/\/bailaodosuloficial.com.br\/wp-content\/uploads\/2026\/02\/image-10.png","width":503,"height":442},{"@type":"BreadcrumbList","@id":"https:\/\/bailaodosuloficial.com.br\/index.php\/2026\/02\/23\/conheca-o-fenomeno-das-redes-sociais-o-casal-fanilson-casalfanilson\/#breadcrumb","itemListElement":[{"@type":"ListItem","position":1,"name":"In\u00edcio","item":"https:\/\/bailaodosuloficial.com.br\/"},{"@type":"ListItem","position":2,"name":"Conhe\u00e7a o fen\u00f4meno das redes sociais: o Casal Fanilson (@casalfanilson)"}]},{"@type":"WebSite","@id":"https:\/\/bailaodosuloficial.com.br\/#website","url":"https:\/\/bailaodosuloficial.com.br\/","name":"Bail\u00e3o do Sul","description":"","publisher":{"@id":"https:\/\/bailaodosuloficial.com.br\/#organization"},"alternateName":"Bail\u00e3o do Sul Oficial","potentialAction":[{"@type":"SearchAction","target":{"@type":"EntryPoint","urlTemplate":"https:\/\/bailaodosuloficial.com.br\/?s={search_term_string}"},"query-input":{"@type":"PropertyValueSpecification","valueRequired":true,"valueName":"search_term_string"}}],"inLanguage":"pt-BR"},{"@type":"Organization","@id":"https:\/\/bailaodosuloficial.com.br\/#organization","name":"Bail\u00e3o do Sul","url":"https:\/\/bailaodosuloficial.com.br\/","logo":{"@type":"ImageObject","inLanguage":"pt-BR","@id":"https:\/\/bailaodosuloficial.com.br\/#\/schema\/logo\/image\/","url":"https:\/\/bailaodosuloficial.com.br\/wp-content\/uploads\/2026\/03\/cropped-fim-de-semana-5-scaled-1.png","contentUrl":"https:\/\/bailaodosuloficial.com.br\/wp-content\/uploads\/2026\/03\/cropped-fim-de-semana-5-scaled-1.png","width":1989,"height":1371,"caption":"Bail\u00e3o do Sul"},"image":{"@id":"https:\/\/bailaodosuloficial.com.br\/#\/schema\/logo\/image\/"},"sameAs":["http:\/\/instagram.com\/bailaodosul"]},{"@type":"Person","@id":"https:\/\/bailaodosuloficial.com.br\/#\/schema\/person\/b3bb1c43b091cd5c62100dd962ddda38","name":"admin","image":{"@type":"ImageObject","inLanguage":"pt-BR","@id":"https:\/\/bailaodosuloficial.com.br\/#\/schema\/person\/image\/","url":"https:\/\/secure.gravatar.com\/avatar\/8e8beae45c6419737da9ea57a58a1f945a580b701e1def541b4459d4ac234c85?s=96&d=mm&r=g","contentUrl":"https:\/\/secure.gravatar.com\/avatar\/8e8beae45c6419737da9ea57a58a1f945a580b701e1def541b4459d4ac234c85?s=96&d=mm&r=g","caption":"admin"},"sameAs":["https:\/\/bailaodosuloficial.com.br"],"url":"https:\/\/bailaodosuloficial.com.br\/index.php\/author\/bailao\/"}]}},"_links":{"self":[{"href":"https:\/\/bailaodosuloficial.com.br\/index.php\/wp-json\/wp\/v2\/posts\/748","targetHints":{"allow":["GET"]}}],"collection":[{"href":"https:\/\/bailaodosuloficial.com.br\/index.php\/wp-json\/wp\/v2\/posts"}],"about":[{"href":"https:\/\/bailaodosuloficial.com.br\/index.php\/wp-json\/wp\/v2\/types\/post"}],"author":[{"embeddable":true,"href":"https:\/\/bailaodosuloficial.com.br\/index.php\/wp-json\/wp\/v2\/users\/1"}],"replies":[{"embeddable":true,"href":"https:\/\/bailaodosuloficial.com.br\/index.php\/wp-json\/wp\/v2\/comments?post=748"}],"version-history":[{"count":1,"href":"https:\/\/bailaodosuloficial.com.br\/index.php\/wp-json\/wp\/v2\/posts\/748\/revisions"}],"predecessor-version":[{"id":752,"href":"https:\/\/bailaodosuloficial.com.br\/index.php\/wp-json\/wp\/v2\/posts\/748\/revisions\/752"}],"wp:featuredmedia":[{"embeddable":true,"href":"https:\/\/bailaodosuloficial.com.br\/index.php\/wp-json\/wp\/v2\/media\/750"}],"wp:attachment":[{"href":"https:\/\/bailaodosuloficial.com.br\/index.php\/wp-json\/wp\/v2\/media?parent=748"}],"wp:term":[{"taxonomy":"category","embeddable":true,"href":"https:\/\/bailaodosuloficial.com.br\/index.php\/wp-json\/wp\/v2\/categories?post=748"},{"taxonomy":"post_tag","embeddable":true,"href":"https:\/\/bailaodosuloficial.com.br\/index.php\/wp-json\/wp\/v2\/tags?post=748"}],"curies":[{"name":"wp","href":"https:\/\/api.w.org\/{rel}","templated":true}]}}