{"id":759,"date":"2026-03-23T19:28:50","date_gmt":"2026-03-23T19:28:50","guid":{"rendered":"https:\/\/bailaodosuloficial.com.br\/?p=759"},"modified":"2026-03-23T19:28:51","modified_gmt":"2026-03-23T19:28:51","slug":"matheus-kauan-anunciam-nova-data-para-gravacao-do-astral-em-bh","status":"publish","type":"post","link":"https:\/\/bailaodosuloficial.com.br\/index.php\/2026\/03\/23\/matheus-kauan-anunciam-nova-data-para-gravacao-do-astral-em-bh\/","title":{"rendered":"Matheus &amp; Kauan anunciam nova data para grava\u00e7\u00e3o do \u201cAstral\u201d em BH"},"content":{"rendered":"\n<p>A dupla Matheus &amp; Kauan anunciou uma nova data para a grava\u00e7\u00e3o do aguardado projeto audiovisual \u201cAstral \u2013 Parte II\u201d em Belo Horizonte, reacendendo a expectativa dos f\u00e3s que aguardavam ansiosamente pelo evento. Inicialmente marcada para o dia 8 de mar\u00e7o de 2026, a grava\u00e7\u00e3o precisou ser adiada em fun\u00e7\u00e3o das fortes chuvas que atingiram o estado de Minas Gerais, levando os artistas a tomarem a decis\u00e3o de postergar o evento em respeito ao momento delicado vivido pela popula\u00e7\u00e3o. Agora, com a situa\u00e7\u00e3o mais est\u00e1vel, a dupla retoma os planos e promete uma experi\u00eancia ainda mais especial para o p\u00fablico.<\/p>\n\n\n\n<p>O projeto \u201cAstral\u201d representa uma nova fase na carreira de Matheus &amp; Kauan, trazendo uma proposta moderna e dividida em partes, explorando diferentes atmosferas musicais e emocionais. A primeira etapa j\u00e1 havia sido registrada anteriormente, marcando o in\u00edcio dessa nova identidade art\u00edstica, e a grava\u00e7\u00e3o em Belo Horizonte ser\u00e1 respons\u00e1vel por dar continuidade ao projeto com novas faixas, repert\u00f3rio atualizado e uma produ\u00e7\u00e3o ainda mais grandiosa. Conhecidos por uma trajet\u00f3ria de sucesso consolidada no sertanejo, com diversos hits e bilh\u00f5es de streams nas plataformas digitais, os artistas seguem se reinventando e apostando em formatos inovadores para se conectar com o p\u00fablico.<\/p>\n\n\n\n<p>A grava\u00e7\u00e3o do \u201cAstral \u2013 Parte II\u201d promete reunir uma grande estrutura, com produ\u00e7\u00e3o audiovisual de alto n\u00edvel, show completo da dupla e a participa\u00e7\u00e3o ativa dos f\u00e3s, que far\u00e3o parte do cen\u00e1rio e da energia do projeto. A expectativa \u00e9 de casa cheia, transformando o evento em uma verdadeira celebra\u00e7\u00e3o da m\u00fasica sertaneja. Al\u00e9m de apresentar can\u00e7\u00f5es in\u00e9ditas, o repert\u00f3rio tamb\u00e9m deve incluir sucessos que marcaram a carreira da dupla, criando um clima de emo\u00e7\u00e3o e conex\u00e3o com o p\u00fablico presente.<\/p>\n\n\n\n<p>Com o an\u00fancio da nova data, a ansiedade dos f\u00e3s s\u00f3 aumenta, j\u00e1 que o projeto \u00e9 um dos mais aguardados da dupla nos \u00faltimos tempos. Mais informa\u00e7\u00f5es sobre ingressos, local e detalhes da grava\u00e7\u00e3o devem ser divulgadas em breve nos canais oficiais dos artistas e da produ\u00e7\u00e3o, refor\u00e7ando ainda mais a expectativa em torno de um dos grandes momentos do sertanejo em 2026.<\/p>\n\n\n\n<p>Foto: Divulga\u00e7\u00e3o<\/p>\n","protected":false},"excerpt":{"rendered":"<p>A dupla Matheus &amp; Kauan anunciou uma nova data para a grava\u00e7\u00e3o do aguardado projeto audiovisual \u201cAstral \u2013 Parte II\u201d em Belo Horizonte, reacendendo a expectativa dos f\u00e3s que aguardavam ansiosamente pelo evento. Inicialmente marcada para o dia 8 de mar\u00e7o de 2026, a grava\u00e7\u00e3o precisou ser adiada em fun\u00e7\u00e3o das fortes chuvas que atingiram<\/p>\n","protected":false},"author":1,"featured_media":761,"comment_status":"open","ping_status":"open","sticky":false,"template":"","format":"standard","meta":{"footnotes":""},"categories":[4],"tags":[],"class_list":["post-759","post","type-post","status-publish","format-standard","has-post-thumbnail","hentry","category-sertanejo"],"yoast_head":"<!-- This site is optimized with the Yoast SEO plugin v26.9 - https:\/\/yoast.com\/product\/yoast-seo-wordpress\/ -->\n<title>Matheus &amp; Kauan anunciam nova data para grava\u00e7\u00e3o do \u201cAstral\u201d em BH -<\/title>\n<meta name=\"robots\" content=\"index, follow, max-snippet:-1, max-image-preview:large, max-video-preview:-1\" \/>\n<link rel=\"canonical\" href=\"https:\/\/bailaodosuloficial.com.br\/index.php\/2026\/03\/23\/matheus-kauan-anunciam-nova-data-para-gravacao-do-astral-em-bh\/\" \/>\n<meta property=\"og:locale\" content=\"pt_BR\" \/>\n<meta property=\"og:type\" content=\"article\" \/>\n<meta property=\"og:title\" content=\"Matheus &amp; Kauan anunciam nova data para grava\u00e7\u00e3o do \u201cAstral\u201d em BH -\" \/>\n<meta property=\"og:description\" content=\"A dupla Matheus &amp; Kauan anunciou uma nova data para a grava\u00e7\u00e3o do aguardado projeto audiovisual \u201cAstral \u2013 Parte II\u201d em Belo Horizonte, reacendendo a expectativa dos f\u00e3s que aguardavam ansiosamente pelo evento. Inicialmente marcada para o dia 8 de mar\u00e7o de 2026, a grava\u00e7\u00e3o precisou ser adiada em fun\u00e7\u00e3o das fortes chuvas que atingiram\" \/>\n<meta property=\"og:url\" content=\"https:\/\/bailaodosuloficial.com.br\/index.php\/2026\/03\/23\/matheus-kauan-anunciam-nova-data-para-gravacao-do-astral-em-bh\/\" \/>\n<meta property=\"article:published_time\" content=\"2026-03-23T19:28:50+00:00\" \/>\n<meta property=\"article:modified_time\" content=\"2026-03-23T19:28:51+00:00\" \/>\n<meta property=\"og:image\" content=\"https:\/\/bailaodosuloficial.com.br\/wp-content\/uploads\/2026\/03\/image-1.png\" \/>\n\t<meta property=\"og:image:width\" content=\"533\" \/>\n\t<meta property=\"og:image:height\" content=\"349\" \/>\n\t<meta property=\"og:image:type\" content=\"image\/png\" \/>\n<meta name=\"author\" content=\"admin\" \/>\n<meta name=\"twitter:card\" content=\"summary_large_image\" \/>\n<meta name=\"twitter:label1\" content=\"Escrito por\" \/>\n\t<meta name=\"twitter:data1\" content=\"admin\" \/>\n\t<meta name=\"twitter:label2\" content=\"Est. tempo de leitura\" \/>\n\t<meta name=\"twitter:data2\" content=\"3 minutos\" \/>\n<script type=\"application\/ld+json\" class=\"yoast-schema-graph\">{\"@context\":\"https:\/\/schema.org\",\"@graph\":[{\"@type\":\"Article\",\"@id\":\"https:\/\/bailaodosuloficial.com.br\/index.php\/2026\/03\/23\/matheus-kauan-anunciam-nova-data-para-gravacao-do-astral-em-bh\/#article\",\"isPartOf\":{\"@id\":\"https:\/\/bailaodosuloficial.com.br\/index.php\/2026\/03\/23\/matheus-kauan-anunciam-nova-data-para-gravacao-do-astral-em-bh\/\"},\"author\":{\"name\":\"admin\",\"@id\":\"https:\/\/bailaodosuloficial.com.br\/#\/schema\/person\/b3bb1c43b091cd5c62100dd962ddda38\"},\"headline\":\"Matheus &amp; Kauan anunciam nova data para grava\u00e7\u00e3o do \u201cAstral\u201d em BH\",\"datePublished\":\"2026-03-23T19:28:50+00:00\",\"dateModified\":\"2026-03-23T19:28:51+00:00\",\"mainEntityOfPage\":{\"@id\":\"https:\/\/bailaodosuloficial.com.br\/index.php\/2026\/03\/23\/matheus-kauan-anunciam-nova-data-para-gravacao-do-astral-em-bh\/\"},\"wordCount\":399,\"commentCount\":0,\"publisher\":{\"@id\":\"https:\/\/bailaodosuloficial.com.br\/#organization\"},\"image\":{\"@id\":\"https:\/\/bailaodosuloficial.com.br\/index.php\/2026\/03\/23\/matheus-kauan-anunciam-nova-data-para-gravacao-do-astral-em-bh\/#primaryimage\"},\"thumbnailUrl\":\"https:\/\/bailaodosuloficial.com.br\/wp-content\/uploads\/2026\/03\/image-1.png\",\"articleSection\":[\"Sertanejo\"],\"inLanguage\":\"pt-BR\",\"potentialAction\":[{\"@type\":\"CommentAction\",\"name\":\"Comment\",\"target\":[\"https:\/\/bailaodosuloficial.com.br\/index.php\/2026\/03\/23\/matheus-kauan-anunciam-nova-data-para-gravacao-do-astral-em-bh\/#respond\"]}]},{\"@type\":\"WebPage\",\"@id\":\"https:\/\/bailaodosuloficial.com.br\/index.php\/2026\/03\/23\/matheus-kauan-anunciam-nova-data-para-gravacao-do-astral-em-bh\/\",\"url\":\"https:\/\/bailaodosuloficial.com.br\/index.php\/2026\/03\/23\/matheus-kauan-anunciam-nova-data-para-gravacao-do-astral-em-bh\/\",\"name\":\"Matheus &amp; Kauan anunciam nova data para grava\u00e7\u00e3o do \u201cAstral\u201d em BH -\",\"isPartOf\":{\"@id\":\"https:\/\/bailaodosuloficial.com.br\/#website\"},\"primaryImageOfPage\":{\"@id\":\"https:\/\/bailaodosuloficial.com.br\/index.php\/2026\/03\/23\/matheus-kauan-anunciam-nova-data-para-gravacao-do-astral-em-bh\/#primaryimage\"},\"image\":{\"@id\":\"https:\/\/bailaodosuloficial.com.br\/index.php\/2026\/03\/23\/matheus-kauan-anunciam-nova-data-para-gravacao-do-astral-em-bh\/#primaryimage\"},\"thumbnailUrl\":\"https:\/\/bailaodosuloficial.com.br\/wp-content\/uploads\/2026\/03\/image-1.png\",\"datePublished\":\"2026-03-23T19:28:50+00:00\",\"dateModified\":\"2026-03-23T19:28:51+00:00\",\"breadcrumb\":{\"@id\":\"https:\/\/bailaodosuloficial.com.br\/index.php\/2026\/03\/23\/matheus-kauan-anunciam-nova-data-para-gravacao-do-astral-em-bh\/#breadcrumb\"},\"inLanguage\":\"pt-BR\",\"potentialAction\":[{\"@type\":\"ReadAction\",\"target\":[\"https:\/\/bailaodosuloficial.com.br\/index.php\/2026\/03\/23\/matheus-kauan-anunciam-nova-data-para-gravacao-do-astral-em-bh\/\"]}]},{\"@type\":\"ImageObject\",\"inLanguage\":\"pt-BR\",\"@id\":\"https:\/\/bailaodosuloficial.com.br\/index.php\/2026\/03\/23\/matheus-kauan-anunciam-nova-data-para-gravacao-do-astral-em-bh\/#primaryimage\",\"url\":\"https:\/\/bailaodosuloficial.com.br\/wp-content\/uploads\/2026\/03\/image-1.png\",\"contentUrl\":\"https:\/\/bailaodosuloficial.com.br\/wp-content\/uploads\/2026\/03\/image-1.png\",\"width\":533,\"height\":349},{\"@type\":\"BreadcrumbList\",\"@id\":\"https:\/\/bailaodosuloficial.com.br\/index.php\/2026\/03\/23\/matheus-kauan-anunciam-nova-data-para-gravacao-do-astral-em-bh\/#breadcrumb\",\"itemListElement\":[{\"@type\":\"ListItem\",\"position\":1,\"name\":\"In\u00edcio\",\"item\":\"https:\/\/bailaodosuloficial.com.br\/\"},{\"@type\":\"ListItem\",\"position\":2,\"name\":\"Matheus &amp; Kauan anunciam nova data para grava\u00e7\u00e3o do \u201cAstral\u201d em BH\"}]},{\"@type\":\"WebSite\",\"@id\":\"https:\/\/bailaodosuloficial.com.br\/#website\",\"url\":\"https:\/\/bailaodosuloficial.com.br\/\",\"name\":\"Bail\u00e3o do Sul\",\"description\":\"\",\"publisher\":{\"@id\":\"https:\/\/bailaodosuloficial.com.br\/#organization\"},\"alternateName\":\"Bail\u00e3o do Sul Oficial\",\"potentialAction\":[{\"@type\":\"SearchAction\",\"target\":{\"@type\":\"EntryPoint\",\"urlTemplate\":\"https:\/\/bailaodosuloficial.com.br\/?s={search_term_string}\"},\"query-input\":{\"@type\":\"PropertyValueSpecification\",\"valueRequired\":true,\"valueName\":\"search_term_string\"}}],\"inLanguage\":\"pt-BR\"},{\"@type\":\"Organization\",\"@id\":\"https:\/\/bailaodosuloficial.com.br\/#organization\",\"name\":\"Bail\u00e3o do Sul\",\"url\":\"https:\/\/bailaodosuloficial.com.br\/\",\"logo\":{\"@type\":\"ImageObject\",\"inLanguage\":\"pt-BR\",\"@id\":\"https:\/\/bailaodosuloficial.com.br\/#\/schema\/logo\/image\/\",\"url\":\"https:\/\/bailaodosuloficial.com.br\/wp-content\/uploads\/2026\/03\/cropped-fim-de-semana-5-scaled-1.png\",\"contentUrl\":\"https:\/\/bailaodosuloficial.com.br\/wp-content\/uploads\/2026\/03\/cropped-fim-de-semana-5-scaled-1.png\",\"width\":1989,\"height\":1371,\"caption\":\"Bail\u00e3o do Sul\"},\"image\":{\"@id\":\"https:\/\/bailaodosuloficial.com.br\/#\/schema\/logo\/image\/\"},\"sameAs\":[\"http:\/\/instagram.com\/bailaodosul\"]},{\"@type\":\"Person\",\"@id\":\"https:\/\/bailaodosuloficial.com.br\/#\/schema\/person\/b3bb1c43b091cd5c62100dd962ddda38\",\"name\":\"admin\",\"image\":{\"@type\":\"ImageObject\",\"inLanguage\":\"pt-BR\",\"@id\":\"https:\/\/bailaodosuloficial.com.br\/#\/schema\/person\/image\/\",\"url\":\"https:\/\/secure.gravatar.com\/avatar\/8e8beae45c6419737da9ea57a58a1f945a580b701e1def541b4459d4ac234c85?s=96&d=mm&r=g\",\"contentUrl\":\"https:\/\/secure.gravatar.com\/avatar\/8e8beae45c6419737da9ea57a58a1f945a580b701e1def541b4459d4ac234c85?s=96&d=mm&r=g\",\"caption\":\"admin\"},\"sameAs\":[\"https:\/\/bailaodosuloficial.com.br\"],\"url\":\"https:\/\/bailaodosuloficial.com.br\/index.php\/author\/bailao\/\"}]}<\/script>\n<!-- \/ Yoast SEO plugin. -->","yoast_head_json":{"title":"Matheus &amp; Kauan anunciam nova data para grava\u00e7\u00e3o do \u201cAstral\u201d em BH -","robots":{"index":"index","follow":"follow","max-snippet":"max-snippet:-1","max-image-preview":"max-image-preview:large","max-video-preview":"max-video-preview:-1"},"canonical":"https:\/\/bailaodosuloficial.com.br\/index.php\/2026\/03\/23\/matheus-kauan-anunciam-nova-data-para-gravacao-do-astral-em-bh\/","og_locale":"pt_BR","og_type":"article","og_title":"Matheus &amp; Kauan anunciam nova data para grava\u00e7\u00e3o do \u201cAstral\u201d em BH -","og_description":"A dupla Matheus &amp; Kauan anunciou uma nova data para a grava\u00e7\u00e3o do aguardado projeto audiovisual \u201cAstral \u2013 Parte II\u201d em Belo Horizonte, reacendendo a expectativa dos f\u00e3s que aguardavam ansiosamente pelo evento. Inicialmente marcada para o dia 8 de mar\u00e7o de 2026, a grava\u00e7\u00e3o precisou ser adiada em fun\u00e7\u00e3o das fortes chuvas que atingiram","og_url":"https:\/\/bailaodosuloficial.com.br\/index.php\/2026\/03\/23\/matheus-kauan-anunciam-nova-data-para-gravacao-do-astral-em-bh\/","article_published_time":"2026-03-23T19:28:50+00:00","article_modified_time":"2026-03-23T19:28:51+00:00","og_image":[{"width":533,"height":349,"url":"https:\/\/bailaodosuloficial.com.br\/wp-content\/uploads\/2026\/03\/image-1.png","type":"image\/png"}],"author":"admin","twitter_card":"summary_large_image","twitter_misc":{"Escrito por":"admin","Est. tempo de leitura":"3 minutos"},"schema":{"@context":"https:\/\/schema.org","@graph":[{"@type":"Article","@id":"https:\/\/bailaodosuloficial.com.br\/index.php\/2026\/03\/23\/matheus-kauan-anunciam-nova-data-para-gravacao-do-astral-em-bh\/#article","isPartOf":{"@id":"https:\/\/bailaodosuloficial.com.br\/index.php\/2026\/03\/23\/matheus-kauan-anunciam-nova-data-para-gravacao-do-astral-em-bh\/"},"author":{"name":"admin","@id":"https:\/\/bailaodosuloficial.com.br\/#\/schema\/person\/b3bb1c43b091cd5c62100dd962ddda38"},"headline":"Matheus &amp; Kauan anunciam nova data para grava\u00e7\u00e3o do \u201cAstral\u201d em BH","datePublished":"2026-03-23T19:28:50+00:00","dateModified":"2026-03-23T19:28:51+00:00","mainEntityOfPage":{"@id":"https:\/\/bailaodosuloficial.com.br\/index.php\/2026\/03\/23\/matheus-kauan-anunciam-nova-data-para-gravacao-do-astral-em-bh\/"},"wordCount":399,"commentCount":0,"publisher":{"@id":"https:\/\/bailaodosuloficial.com.br\/#organization"},"image":{"@id":"https:\/\/bailaodosuloficial.com.br\/index.php\/2026\/03\/23\/matheus-kauan-anunciam-nova-data-para-gravacao-do-astral-em-bh\/#primaryimage"},"thumbnailUrl":"https:\/\/bailaodosuloficial.com.br\/wp-content\/uploads\/2026\/03\/image-1.png","articleSection":["Sertanejo"],"inLanguage":"pt-BR","potentialAction":[{"@type":"CommentAction","name":"Comment","target":["https:\/\/bailaodosuloficial.com.br\/index.php\/2026\/03\/23\/matheus-kauan-anunciam-nova-data-para-gravacao-do-astral-em-bh\/#respond"]}]},{"@type":"WebPage","@id":"https:\/\/bailaodosuloficial.com.br\/index.php\/2026\/03\/23\/matheus-kauan-anunciam-nova-data-para-gravacao-do-astral-em-bh\/","url":"https:\/\/bailaodosuloficial.com.br\/index.php\/2026\/03\/23\/matheus-kauan-anunciam-nova-data-para-gravacao-do-astral-em-bh\/","name":"Matheus &amp; Kauan anunciam nova data para grava\u00e7\u00e3o do \u201cAstral\u201d em BH -","isPartOf":{"@id":"https:\/\/bailaodosuloficial.com.br\/#website"},"primaryImageOfPage":{"@id":"https:\/\/bailaodosuloficial.com.br\/index.php\/2026\/03\/23\/matheus-kauan-anunciam-nova-data-para-gravacao-do-astral-em-bh\/#primaryimage"},"image":{"@id":"https:\/\/bailaodosuloficial.com.br\/index.php\/2026\/03\/23\/matheus-kauan-anunciam-nova-data-para-gravacao-do-astral-em-bh\/#primaryimage"},"thumbnailUrl":"https:\/\/bailaodosuloficial.com.br\/wp-content\/uploads\/2026\/03\/image-1.png","datePublished":"2026-03-23T19:28:50+00:00","dateModified":"2026-03-23T19:28:51+00:00","breadcrumb":{"@id":"https:\/\/bailaodosuloficial.com.br\/index.php\/2026\/03\/23\/matheus-kauan-anunciam-nova-data-para-gravacao-do-astral-em-bh\/#breadcrumb"},"inLanguage":"pt-BR","potentialAction":[{"@type":"ReadAction","target":["https:\/\/bailaodosuloficial.com.br\/index.php\/2026\/03\/23\/matheus-kauan-anunciam-nova-data-para-gravacao-do-astral-em-bh\/"]}]},{"@type":"ImageObject","inLanguage":"pt-BR","@id":"https:\/\/bailaodosuloficial.com.br\/index.php\/2026\/03\/23\/matheus-kauan-anunciam-nova-data-para-gravacao-do-astral-em-bh\/#primaryimage","url":"https:\/\/bailaodosuloficial.com.br\/wp-content\/uploads\/2026\/03\/image-1.png","contentUrl":"https:\/\/bailaodosuloficial.com.br\/wp-content\/uploads\/2026\/03\/image-1.png","width":533,"height":349},{"@type":"BreadcrumbList","@id":"https:\/\/bailaodosuloficial.com.br\/index.php\/2026\/03\/23\/matheus-kauan-anunciam-nova-data-para-gravacao-do-astral-em-bh\/#breadcrumb","itemListElement":[{"@type":"ListItem","position":1,"name":"In\u00edcio","item":"https:\/\/bailaodosuloficial.com.br\/"},{"@type":"ListItem","position":2,"name":"Matheus &amp; Kauan anunciam nova data para grava\u00e7\u00e3o do \u201cAstral\u201d em BH"}]},{"@type":"WebSite","@id":"https:\/\/bailaodosuloficial.com.br\/#website","url":"https:\/\/bailaodosuloficial.com.br\/","name":"Bail\u00e3o do Sul","description":"","publisher":{"@id":"https:\/\/bailaodosuloficial.com.br\/#organization"},"alternateName":"Bail\u00e3o do Sul Oficial","potentialAction":[{"@type":"SearchAction","target":{"@type":"EntryPoint","urlTemplate":"https:\/\/bailaodosuloficial.com.br\/?s={search_term_string}"},"query-input":{"@type":"PropertyValueSpecification","valueRequired":true,"valueName":"search_term_string"}}],"inLanguage":"pt-BR"},{"@type":"Organization","@id":"https:\/\/bailaodosuloficial.com.br\/#organization","name":"Bail\u00e3o do Sul","url":"https:\/\/bailaodosuloficial.com.br\/","logo":{"@type":"ImageObject","inLanguage":"pt-BR","@id":"https:\/\/bailaodosuloficial.com.br\/#\/schema\/logo\/image\/","url":"https:\/\/bailaodosuloficial.com.br\/wp-content\/uploads\/2026\/03\/cropped-fim-de-semana-5-scaled-1.png","contentUrl":"https:\/\/bailaodosuloficial.com.br\/wp-content\/uploads\/2026\/03\/cropped-fim-de-semana-5-scaled-1.png","width":1989,"height":1371,"caption":"Bail\u00e3o do Sul"},"image":{"@id":"https:\/\/bailaodosuloficial.com.br\/#\/schema\/logo\/image\/"},"sameAs":["http:\/\/instagram.com\/bailaodosul"]},{"@type":"Person","@id":"https:\/\/bailaodosuloficial.com.br\/#\/schema\/person\/b3bb1c43b091cd5c62100dd962ddda38","name":"admin","image":{"@type":"ImageObject","inLanguage":"pt-BR","@id":"https:\/\/bailaodosuloficial.com.br\/#\/schema\/person\/image\/","url":"https:\/\/secure.gravatar.com\/avatar\/8e8beae45c6419737da9ea57a58a1f945a580b701e1def541b4459d4ac234c85?s=96&d=mm&r=g","contentUrl":"https:\/\/secure.gravatar.com\/avatar\/8e8beae45c6419737da9ea57a58a1f945a580b701e1def541b4459d4ac234c85?s=96&d=mm&r=g","caption":"admin"},"sameAs":["https:\/\/bailaodosuloficial.com.br"],"url":"https:\/\/bailaodosuloficial.com.br\/index.php\/author\/bailao\/"}]}},"_links":{"self":[{"href":"https:\/\/bailaodosuloficial.com.br\/index.php\/wp-json\/wp\/v2\/posts\/759","targetHints":{"allow":["GET"]}}],"collection":[{"href":"https:\/\/bailaodosuloficial.com.br\/index.php\/wp-json\/wp\/v2\/posts"}],"about":[{"href":"https:\/\/bailaodosuloficial.com.br\/index.php\/wp-json\/wp\/v2\/types\/post"}],"author":[{"embeddable":true,"href":"https:\/\/bailaodosuloficial.com.br\/index.php\/wp-json\/wp\/v2\/users\/1"}],"replies":[{"embeddable":true,"href":"https:\/\/bailaodosuloficial.com.br\/index.php\/wp-json\/wp\/v2\/comments?post=759"}],"version-history":[{"count":1,"href":"https:\/\/bailaodosuloficial.com.br\/index.php\/wp-json\/wp\/v2\/posts\/759\/revisions"}],"predecessor-version":[{"id":762,"href":"https:\/\/bailaodosuloficial.com.br\/index.php\/wp-json\/wp\/v2\/posts\/759\/revisions\/762"}],"wp:featuredmedia":[{"embeddable":true,"href":"https:\/\/bailaodosuloficial.com.br\/index.php\/wp-json\/wp\/v2\/media\/761"}],"wp:attachment":[{"href":"https:\/\/bailaodosuloficial.com.br\/index.php\/wp-json\/wp\/v2\/media?parent=759"}],"wp:term":[{"taxonomy":"category","embeddable":true,"href":"https:\/\/bailaodosuloficial.com.br\/index.php\/wp-json\/wp\/v2\/categories?post=759"},{"taxonomy":"post_tag","embeddable":true,"href":"https:\/\/bailaodosuloficial.com.br\/index.php\/wp-json\/wp\/v2\/tags?post=759"}],"curies":[{"name":"wp","href":"https:\/\/api.w.org\/{rel}","templated":true}]}}