{"id":763,"date":"2026-03-23T19:31:59","date_gmt":"2026-03-23T19:31:59","guid":{"rendered":"https:\/\/bailaodosuloficial.com.br\/?p=763"},"modified":"2026-03-23T19:32:01","modified_gmt":"2026-03-23T19:32:01","slug":"xand-aviao-e-wesley-safadao-protagonizam-noite-historica-na-vaquejada-de-aquiraz","status":"publish","type":"post","link":"https:\/\/bailaodosuloficial.com.br\/index.php\/2026\/03\/23\/xand-aviao-e-wesley-safadao-protagonizam-noite-historica-na-vaquejada-de-aquiraz\/","title":{"rendered":"Xand Avi\u00e3o e Wesley Safad\u00e3o protagonizam noite hist\u00f3rica na Vaquejada de Aquiraz"},"content":{"rendered":"\n<p>A Vaquejada de Aquiraz entrou para a hist\u00f3ria ao ser palco de uma das noites mais marcantes da m\u00fasica nordestina, reunindo no mesmo evento dois dos maiores nomes do g\u00eanero: Xand Avi\u00e3o e Wesley Safad\u00e3o. O encontro aconteceu no Clube do Vaqueiro, no Cear\u00e1, e atraiu uma multid\u00e3o, confirmando a for\u00e7a do projeto \u201cTamo Junto\u201d e o tamanho da expectativa do p\u00fablico, que lotou o espa\u00e7o desde as primeiras horas do dia, com longas filas de ve\u00edculos se formando nos arredores do evento.<\/p>\n\n\n\n<p>A apresenta\u00e7\u00e3o foi intensa e durou mais de cinco horas, reunindo uma sequ\u00eancia de sucessos, intera\u00e7\u00e3o constante com os f\u00e3s e um clima de celebra\u00e7\u00e3o que tomou conta do local. Mesmo ap\u00f3s o encerramento oficial, o p\u00fablico permaneceu presente, prolongando a experi\u00eancia e demonstrando a conex\u00e3o criada entre artistas e plateia durante toda a noite.<\/p>\n\n\n\n<p>O evento tamb\u00e9m se destacou pelo grande encontro de artistas no palco, transformando a vaquejada em um verdadeiro festival da m\u00fasica nordestina. Ao lado de Xand Avi\u00e3o e Wesley Safad\u00e3o, diversos nomes do forr\u00f3 e do piseiro participaram da apresenta\u00e7\u00e3o, refor\u00e7ando a proposta colaborativa do projeto e elevando ainda mais o n\u00edvel do espet\u00e1culo.<\/p>\n\n\n\n<p>Al\u00e9m da presen\u00e7a massiva do p\u00fablico no local, a repercuss\u00e3o tamb\u00e9m foi expressiva no ambiente digital. A transmiss\u00e3o ao vivo alcan\u00e7ou n\u00fameros impressionantes, com centenas de milhares de pessoas acompanhando o evento em tempo real, consolidando a noite como um dos grandes momentos recentes da m\u00fasica brasileira.<\/p>\n\n\n\n<p>Com estrutura de grande porte, lineup recheado e uma energia contagiante, a Vaquejada de Aquiraz ganhou destaque nacional e refor\u00e7ou o Cear\u00e1 como um dos principais polos de grandes eventos do pa\u00eds. O encontro entre Xand Avi\u00e3o e Wesley Safad\u00e3o n\u00e3o apenas entregou um espet\u00e1culo memor\u00e1vel, mas tamb\u00e9m simbolizou a for\u00e7a e a uni\u00e3o da m\u00fasica nordestina em um dos eventos mais emblem\u00e1ticos do ano.<\/p>\n\n\n\n<p>Foto: Lucas Facundo<\/p>\n\n\n\n<p><\/p>\n","protected":false},"excerpt":{"rendered":"<p>A Vaquejada de Aquiraz entrou para a hist\u00f3ria ao ser palco de uma das noites mais marcantes da m\u00fasica nordestina, reunindo no mesmo evento dois dos maiores nomes do g\u00eanero: Xand Avi\u00e3o e Wesley Safad\u00e3o. O encontro aconteceu no Clube do Vaqueiro, no Cear\u00e1, e atraiu uma multid\u00e3o, confirmando a for\u00e7a do projeto \u201cTamo Junto\u201d<\/p>\n","protected":false},"author":1,"featured_media":764,"comment_status":"open","ping_status":"open","sticky":false,"template":"","format":"standard","meta":{"footnotes":""},"categories":[5,4],"tags":[],"class_list":["post-763","post","type-post","status-publish","format-standard","has-post-thumbnail","hentry","category-forro","category-sertanejo"],"yoast_head":"<!-- This site is optimized with the Yoast SEO plugin v26.9 - https:\/\/yoast.com\/product\/yoast-seo-wordpress\/ -->\n<title>Xand Avi\u00e3o e Wesley Safad\u00e3o protagonizam noite hist\u00f3rica na Vaquejada de Aquiraz -<\/title>\n<meta name=\"robots\" content=\"index, follow, max-snippet:-1, max-image-preview:large, max-video-preview:-1\" \/>\n<link rel=\"canonical\" href=\"https:\/\/bailaodosuloficial.com.br\/index.php\/2026\/03\/23\/xand-aviao-e-wesley-safadao-protagonizam-noite-historica-na-vaquejada-de-aquiraz\/\" \/>\n<meta property=\"og:locale\" content=\"pt_BR\" \/>\n<meta property=\"og:type\" content=\"article\" \/>\n<meta property=\"og:title\" content=\"Xand Avi\u00e3o e Wesley Safad\u00e3o protagonizam noite hist\u00f3rica na Vaquejada de Aquiraz -\" \/>\n<meta property=\"og:description\" content=\"A Vaquejada de Aquiraz entrou para a hist\u00f3ria ao ser palco de uma das noites mais marcantes da m\u00fasica nordestina, reunindo no mesmo evento dois dos maiores nomes do g\u00eanero: Xand Avi\u00e3o e Wesley Safad\u00e3o. O encontro aconteceu no Clube do Vaqueiro, no Cear\u00e1, e atraiu uma multid\u00e3o, confirmando a for\u00e7a do projeto \u201cTamo Junto\u201d\" \/>\n<meta property=\"og:url\" content=\"https:\/\/bailaodosuloficial.com.br\/index.php\/2026\/03\/23\/xand-aviao-e-wesley-safadao-protagonizam-noite-historica-na-vaquejada-de-aquiraz\/\" \/>\n<meta property=\"article:published_time\" content=\"2026-03-23T19:31:59+00:00\" \/>\n<meta property=\"article:modified_time\" content=\"2026-03-23T19:32:01+00:00\" \/>\n<meta property=\"og:image\" content=\"https:\/\/bailaodosuloficial.com.br\/wp-content\/uploads\/2026\/03\/image-2.png\" \/>\n\t<meta property=\"og:image:width\" content=\"1024\" \/>\n\t<meta property=\"og:image:height\" content=\"640\" \/>\n\t<meta property=\"og:image:type\" content=\"image\/png\" \/>\n<meta name=\"author\" content=\"admin\" \/>\n<meta name=\"twitter:card\" content=\"summary_large_image\" \/>\n<meta name=\"twitter:label1\" content=\"Escrito por\" \/>\n\t<meta name=\"twitter:data1\" content=\"admin\" \/>\n\t<meta name=\"twitter:label2\" content=\"Est. tempo de leitura\" \/>\n\t<meta name=\"twitter:data2\" content=\"2 minutos\" \/>\n<script type=\"application\/ld+json\" class=\"yoast-schema-graph\">{\"@context\":\"https:\/\/schema.org\",\"@graph\":[{\"@type\":\"Article\",\"@id\":\"https:\/\/bailaodosuloficial.com.br\/index.php\/2026\/03\/23\/xand-aviao-e-wesley-safadao-protagonizam-noite-historica-na-vaquejada-de-aquiraz\/#article\",\"isPartOf\":{\"@id\":\"https:\/\/bailaodosuloficial.com.br\/index.php\/2026\/03\/23\/xand-aviao-e-wesley-safadao-protagonizam-noite-historica-na-vaquejada-de-aquiraz\/\"},\"author\":{\"name\":\"admin\",\"@id\":\"https:\/\/bailaodosuloficial.com.br\/#\/schema\/person\/b3bb1c43b091cd5c62100dd962ddda38\"},\"headline\":\"Xand Avi\u00e3o e Wesley Safad\u00e3o protagonizam noite hist\u00f3rica na Vaquejada de Aquiraz\",\"datePublished\":\"2026-03-23T19:31:59+00:00\",\"dateModified\":\"2026-03-23T19:32:01+00:00\",\"mainEntityOfPage\":{\"@id\":\"https:\/\/bailaodosuloficial.com.br\/index.php\/2026\/03\/23\/xand-aviao-e-wesley-safadao-protagonizam-noite-historica-na-vaquejada-de-aquiraz\/\"},\"wordCount\":370,\"commentCount\":0,\"publisher\":{\"@id\":\"https:\/\/bailaodosuloficial.com.br\/#organization\"},\"image\":{\"@id\":\"https:\/\/bailaodosuloficial.com.br\/index.php\/2026\/03\/23\/xand-aviao-e-wesley-safadao-protagonizam-noite-historica-na-vaquejada-de-aquiraz\/#primaryimage\"},\"thumbnailUrl\":\"https:\/\/bailaodosuloficial.com.br\/wp-content\/uploads\/2026\/03\/image-2.png\",\"articleSection\":[\"Forr\u00f3\",\"Sertanejo\"],\"inLanguage\":\"pt-BR\",\"potentialAction\":[{\"@type\":\"CommentAction\",\"name\":\"Comment\",\"target\":[\"https:\/\/bailaodosuloficial.com.br\/index.php\/2026\/03\/23\/xand-aviao-e-wesley-safadao-protagonizam-noite-historica-na-vaquejada-de-aquiraz\/#respond\"]}]},{\"@type\":\"WebPage\",\"@id\":\"https:\/\/bailaodosuloficial.com.br\/index.php\/2026\/03\/23\/xand-aviao-e-wesley-safadao-protagonizam-noite-historica-na-vaquejada-de-aquiraz\/\",\"url\":\"https:\/\/bailaodosuloficial.com.br\/index.php\/2026\/03\/23\/xand-aviao-e-wesley-safadao-protagonizam-noite-historica-na-vaquejada-de-aquiraz\/\",\"name\":\"Xand Avi\u00e3o e Wesley Safad\u00e3o protagonizam noite hist\u00f3rica na Vaquejada de Aquiraz -\",\"isPartOf\":{\"@id\":\"https:\/\/bailaodosuloficial.com.br\/#website\"},\"primaryImageOfPage\":{\"@id\":\"https:\/\/bailaodosuloficial.com.br\/index.php\/2026\/03\/23\/xand-aviao-e-wesley-safadao-protagonizam-noite-historica-na-vaquejada-de-aquiraz\/#primaryimage\"},\"image\":{\"@id\":\"https:\/\/bailaodosuloficial.com.br\/index.php\/2026\/03\/23\/xand-aviao-e-wesley-safadao-protagonizam-noite-historica-na-vaquejada-de-aquiraz\/#primaryimage\"},\"thumbnailUrl\":\"https:\/\/bailaodosuloficial.com.br\/wp-content\/uploads\/2026\/03\/image-2.png\",\"datePublished\":\"2026-03-23T19:31:59+00:00\",\"dateModified\":\"2026-03-23T19:32:01+00:00\",\"breadcrumb\":{\"@id\":\"https:\/\/bailaodosuloficial.com.br\/index.php\/2026\/03\/23\/xand-aviao-e-wesley-safadao-protagonizam-noite-historica-na-vaquejada-de-aquiraz\/#breadcrumb\"},\"inLanguage\":\"pt-BR\",\"potentialAction\":[{\"@type\":\"ReadAction\",\"target\":[\"https:\/\/bailaodosuloficial.com.br\/index.php\/2026\/03\/23\/xand-aviao-e-wesley-safadao-protagonizam-noite-historica-na-vaquejada-de-aquiraz\/\"]}]},{\"@type\":\"ImageObject\",\"inLanguage\":\"pt-BR\",\"@id\":\"https:\/\/bailaodosuloficial.com.br\/index.php\/2026\/03\/23\/xand-aviao-e-wesley-safadao-protagonizam-noite-historica-na-vaquejada-de-aquiraz\/#primaryimage\",\"url\":\"https:\/\/bailaodosuloficial.com.br\/wp-content\/uploads\/2026\/03\/image-2.png\",\"contentUrl\":\"https:\/\/bailaodosuloficial.com.br\/wp-content\/uploads\/2026\/03\/image-2.png\",\"width\":1024,\"height\":640},{\"@type\":\"BreadcrumbList\",\"@id\":\"https:\/\/bailaodosuloficial.com.br\/index.php\/2026\/03\/23\/xand-aviao-e-wesley-safadao-protagonizam-noite-historica-na-vaquejada-de-aquiraz\/#breadcrumb\",\"itemListElement\":[{\"@type\":\"ListItem\",\"position\":1,\"name\":\"In\u00edcio\",\"item\":\"https:\/\/bailaodosuloficial.com.br\/\"},{\"@type\":\"ListItem\",\"position\":2,\"name\":\"Xand Avi\u00e3o e Wesley Safad\u00e3o protagonizam noite hist\u00f3rica na Vaquejada de Aquiraz\"}]},{\"@type\":\"WebSite\",\"@id\":\"https:\/\/bailaodosuloficial.com.br\/#website\",\"url\":\"https:\/\/bailaodosuloficial.com.br\/\",\"name\":\"Bail\u00e3o do Sul\",\"description\":\"\",\"publisher\":{\"@id\":\"https:\/\/bailaodosuloficial.com.br\/#organization\"},\"alternateName\":\"Bail\u00e3o do Sul Oficial\",\"potentialAction\":[{\"@type\":\"SearchAction\",\"target\":{\"@type\":\"EntryPoint\",\"urlTemplate\":\"https:\/\/bailaodosuloficial.com.br\/?s={search_term_string}\"},\"query-input\":{\"@type\":\"PropertyValueSpecification\",\"valueRequired\":true,\"valueName\":\"search_term_string\"}}],\"inLanguage\":\"pt-BR\"},{\"@type\":\"Organization\",\"@id\":\"https:\/\/bailaodosuloficial.com.br\/#organization\",\"name\":\"Bail\u00e3o do Sul\",\"url\":\"https:\/\/bailaodosuloficial.com.br\/\",\"logo\":{\"@type\":\"ImageObject\",\"inLanguage\":\"pt-BR\",\"@id\":\"https:\/\/bailaodosuloficial.com.br\/#\/schema\/logo\/image\/\",\"url\":\"https:\/\/bailaodosuloficial.com.br\/wp-content\/uploads\/2026\/03\/cropped-fim-de-semana-5-scaled-1.png\",\"contentUrl\":\"https:\/\/bailaodosuloficial.com.br\/wp-content\/uploads\/2026\/03\/cropped-fim-de-semana-5-scaled-1.png\",\"width\":1989,\"height\":1371,\"caption\":\"Bail\u00e3o do Sul\"},\"image\":{\"@id\":\"https:\/\/bailaodosuloficial.com.br\/#\/schema\/logo\/image\/\"},\"sameAs\":[\"http:\/\/instagram.com\/bailaodosul\"]},{\"@type\":\"Person\",\"@id\":\"https:\/\/bailaodosuloficial.com.br\/#\/schema\/person\/b3bb1c43b091cd5c62100dd962ddda38\",\"name\":\"admin\",\"image\":{\"@type\":\"ImageObject\",\"inLanguage\":\"pt-BR\",\"@id\":\"https:\/\/bailaodosuloficial.com.br\/#\/schema\/person\/image\/\",\"url\":\"https:\/\/secure.gravatar.com\/avatar\/8e8beae45c6419737da9ea57a58a1f945a580b701e1def541b4459d4ac234c85?s=96&d=mm&r=g\",\"contentUrl\":\"https:\/\/secure.gravatar.com\/avatar\/8e8beae45c6419737da9ea57a58a1f945a580b701e1def541b4459d4ac234c85?s=96&d=mm&r=g\",\"caption\":\"admin\"},\"sameAs\":[\"https:\/\/bailaodosuloficial.com.br\"],\"url\":\"https:\/\/bailaodosuloficial.com.br\/index.php\/author\/bailao\/\"}]}<\/script>\n<!-- \/ Yoast SEO plugin. -->","yoast_head_json":{"title":"Xand Avi\u00e3o e Wesley Safad\u00e3o protagonizam noite hist\u00f3rica na Vaquejada de Aquiraz -","robots":{"index":"index","follow":"follow","max-snippet":"max-snippet:-1","max-image-preview":"max-image-preview:large","max-video-preview":"max-video-preview:-1"},"canonical":"https:\/\/bailaodosuloficial.com.br\/index.php\/2026\/03\/23\/xand-aviao-e-wesley-safadao-protagonizam-noite-historica-na-vaquejada-de-aquiraz\/","og_locale":"pt_BR","og_type":"article","og_title":"Xand Avi\u00e3o e Wesley Safad\u00e3o protagonizam noite hist\u00f3rica na Vaquejada de Aquiraz -","og_description":"A Vaquejada de Aquiraz entrou para a hist\u00f3ria ao ser palco de uma das noites mais marcantes da m\u00fasica nordestina, reunindo no mesmo evento dois dos maiores nomes do g\u00eanero: Xand Avi\u00e3o e Wesley Safad\u00e3o. O encontro aconteceu no Clube do Vaqueiro, no Cear\u00e1, e atraiu uma multid\u00e3o, confirmando a for\u00e7a do projeto \u201cTamo Junto\u201d","og_url":"https:\/\/bailaodosuloficial.com.br\/index.php\/2026\/03\/23\/xand-aviao-e-wesley-safadao-protagonizam-noite-historica-na-vaquejada-de-aquiraz\/","article_published_time":"2026-03-23T19:31:59+00:00","article_modified_time":"2026-03-23T19:32:01+00:00","og_image":[{"width":1024,"height":640,"url":"https:\/\/bailaodosuloficial.com.br\/wp-content\/uploads\/2026\/03\/image-2.png","type":"image\/png"}],"author":"admin","twitter_card":"summary_large_image","twitter_misc":{"Escrito por":"admin","Est. tempo de leitura":"2 minutos"},"schema":{"@context":"https:\/\/schema.org","@graph":[{"@type":"Article","@id":"https:\/\/bailaodosuloficial.com.br\/index.php\/2026\/03\/23\/xand-aviao-e-wesley-safadao-protagonizam-noite-historica-na-vaquejada-de-aquiraz\/#article","isPartOf":{"@id":"https:\/\/bailaodosuloficial.com.br\/index.php\/2026\/03\/23\/xand-aviao-e-wesley-safadao-protagonizam-noite-historica-na-vaquejada-de-aquiraz\/"},"author":{"name":"admin","@id":"https:\/\/bailaodosuloficial.com.br\/#\/schema\/person\/b3bb1c43b091cd5c62100dd962ddda38"},"headline":"Xand Avi\u00e3o e Wesley Safad\u00e3o protagonizam noite hist\u00f3rica na Vaquejada de Aquiraz","datePublished":"2026-03-23T19:31:59+00:00","dateModified":"2026-03-23T19:32:01+00:00","mainEntityOfPage":{"@id":"https:\/\/bailaodosuloficial.com.br\/index.php\/2026\/03\/23\/xand-aviao-e-wesley-safadao-protagonizam-noite-historica-na-vaquejada-de-aquiraz\/"},"wordCount":370,"commentCount":0,"publisher":{"@id":"https:\/\/bailaodosuloficial.com.br\/#organization"},"image":{"@id":"https:\/\/bailaodosuloficial.com.br\/index.php\/2026\/03\/23\/xand-aviao-e-wesley-safadao-protagonizam-noite-historica-na-vaquejada-de-aquiraz\/#primaryimage"},"thumbnailUrl":"https:\/\/bailaodosuloficial.com.br\/wp-content\/uploads\/2026\/03\/image-2.png","articleSection":["Forr\u00f3","Sertanejo"],"inLanguage":"pt-BR","potentialAction":[{"@type":"CommentAction","name":"Comment","target":["https:\/\/bailaodosuloficial.com.br\/index.php\/2026\/03\/23\/xand-aviao-e-wesley-safadao-protagonizam-noite-historica-na-vaquejada-de-aquiraz\/#respond"]}]},{"@type":"WebPage","@id":"https:\/\/bailaodosuloficial.com.br\/index.php\/2026\/03\/23\/xand-aviao-e-wesley-safadao-protagonizam-noite-historica-na-vaquejada-de-aquiraz\/","url":"https:\/\/bailaodosuloficial.com.br\/index.php\/2026\/03\/23\/xand-aviao-e-wesley-safadao-protagonizam-noite-historica-na-vaquejada-de-aquiraz\/","name":"Xand Avi\u00e3o e Wesley Safad\u00e3o protagonizam noite hist\u00f3rica na Vaquejada de Aquiraz -","isPartOf":{"@id":"https:\/\/bailaodosuloficial.com.br\/#website"},"primaryImageOfPage":{"@id":"https:\/\/bailaodosuloficial.com.br\/index.php\/2026\/03\/23\/xand-aviao-e-wesley-safadao-protagonizam-noite-historica-na-vaquejada-de-aquiraz\/#primaryimage"},"image":{"@id":"https:\/\/bailaodosuloficial.com.br\/index.php\/2026\/03\/23\/xand-aviao-e-wesley-safadao-protagonizam-noite-historica-na-vaquejada-de-aquiraz\/#primaryimage"},"thumbnailUrl":"https:\/\/bailaodosuloficial.com.br\/wp-content\/uploads\/2026\/03\/image-2.png","datePublished":"2026-03-23T19:31:59+00:00","dateModified":"2026-03-23T19:32:01+00:00","breadcrumb":{"@id":"https:\/\/bailaodosuloficial.com.br\/index.php\/2026\/03\/23\/xand-aviao-e-wesley-safadao-protagonizam-noite-historica-na-vaquejada-de-aquiraz\/#breadcrumb"},"inLanguage":"pt-BR","potentialAction":[{"@type":"ReadAction","target":["https:\/\/bailaodosuloficial.com.br\/index.php\/2026\/03\/23\/xand-aviao-e-wesley-safadao-protagonizam-noite-historica-na-vaquejada-de-aquiraz\/"]}]},{"@type":"ImageObject","inLanguage":"pt-BR","@id":"https:\/\/bailaodosuloficial.com.br\/index.php\/2026\/03\/23\/xand-aviao-e-wesley-safadao-protagonizam-noite-historica-na-vaquejada-de-aquiraz\/#primaryimage","url":"https:\/\/bailaodosuloficial.com.br\/wp-content\/uploads\/2026\/03\/image-2.png","contentUrl":"https:\/\/bailaodosuloficial.com.br\/wp-content\/uploads\/2026\/03\/image-2.png","width":1024,"height":640},{"@type":"BreadcrumbList","@id":"https:\/\/bailaodosuloficial.com.br\/index.php\/2026\/03\/23\/xand-aviao-e-wesley-safadao-protagonizam-noite-historica-na-vaquejada-de-aquiraz\/#breadcrumb","itemListElement":[{"@type":"ListItem","position":1,"name":"In\u00edcio","item":"https:\/\/bailaodosuloficial.com.br\/"},{"@type":"ListItem","position":2,"name":"Xand Avi\u00e3o e Wesley Safad\u00e3o protagonizam noite hist\u00f3rica na Vaquejada de Aquiraz"}]},{"@type":"WebSite","@id":"https:\/\/bailaodosuloficial.com.br\/#website","url":"https:\/\/bailaodosuloficial.com.br\/","name":"Bail\u00e3o do Sul","description":"","publisher":{"@id":"https:\/\/bailaodosuloficial.com.br\/#organization"},"alternateName":"Bail\u00e3o do Sul Oficial","potentialAction":[{"@type":"SearchAction","target":{"@type":"EntryPoint","urlTemplate":"https:\/\/bailaodosuloficial.com.br\/?s={search_term_string}"},"query-input":{"@type":"PropertyValueSpecification","valueRequired":true,"valueName":"search_term_string"}}],"inLanguage":"pt-BR"},{"@type":"Organization","@id":"https:\/\/bailaodosuloficial.com.br\/#organization","name":"Bail\u00e3o do Sul","url":"https:\/\/bailaodosuloficial.com.br\/","logo":{"@type":"ImageObject","inLanguage":"pt-BR","@id":"https:\/\/bailaodosuloficial.com.br\/#\/schema\/logo\/image\/","url":"https:\/\/bailaodosuloficial.com.br\/wp-content\/uploads\/2026\/03\/cropped-fim-de-semana-5-scaled-1.png","contentUrl":"https:\/\/bailaodosuloficial.com.br\/wp-content\/uploads\/2026\/03\/cropped-fim-de-semana-5-scaled-1.png","width":1989,"height":1371,"caption":"Bail\u00e3o do Sul"},"image":{"@id":"https:\/\/bailaodosuloficial.com.br\/#\/schema\/logo\/image\/"},"sameAs":["http:\/\/instagram.com\/bailaodosul"]},{"@type":"Person","@id":"https:\/\/bailaodosuloficial.com.br\/#\/schema\/person\/b3bb1c43b091cd5c62100dd962ddda38","name":"admin","image":{"@type":"ImageObject","inLanguage":"pt-BR","@id":"https:\/\/bailaodosuloficial.com.br\/#\/schema\/person\/image\/","url":"https:\/\/secure.gravatar.com\/avatar\/8e8beae45c6419737da9ea57a58a1f945a580b701e1def541b4459d4ac234c85?s=96&d=mm&r=g","contentUrl":"https:\/\/secure.gravatar.com\/avatar\/8e8beae45c6419737da9ea57a58a1f945a580b701e1def541b4459d4ac234c85?s=96&d=mm&r=g","caption":"admin"},"sameAs":["https:\/\/bailaodosuloficial.com.br"],"url":"https:\/\/bailaodosuloficial.com.br\/index.php\/author\/bailao\/"}]}},"_links":{"self":[{"href":"https:\/\/bailaodosuloficial.com.br\/index.php\/wp-json\/wp\/v2\/posts\/763","targetHints":{"allow":["GET"]}}],"collection":[{"href":"https:\/\/bailaodosuloficial.com.br\/index.php\/wp-json\/wp\/v2\/posts"}],"about":[{"href":"https:\/\/bailaodosuloficial.com.br\/index.php\/wp-json\/wp\/v2\/types\/post"}],"author":[{"embeddable":true,"href":"https:\/\/bailaodosuloficial.com.br\/index.php\/wp-json\/wp\/v2\/users\/1"}],"replies":[{"embeddable":true,"href":"https:\/\/bailaodosuloficial.com.br\/index.php\/wp-json\/wp\/v2\/comments?post=763"}],"version-history":[{"count":1,"href":"https:\/\/bailaodosuloficial.com.br\/index.php\/wp-json\/wp\/v2\/posts\/763\/revisions"}],"predecessor-version":[{"id":765,"href":"https:\/\/bailaodosuloficial.com.br\/index.php\/wp-json\/wp\/v2\/posts\/763\/revisions\/765"}],"wp:featuredmedia":[{"embeddable":true,"href":"https:\/\/bailaodosuloficial.com.br\/index.php\/wp-json\/wp\/v2\/media\/764"}],"wp:attachment":[{"href":"https:\/\/bailaodosuloficial.com.br\/index.php\/wp-json\/wp\/v2\/media?parent=763"}],"wp:term":[{"taxonomy":"category","embeddable":true,"href":"https:\/\/bailaodosuloficial.com.br\/index.php\/wp-json\/wp\/v2\/categories?post=763"},{"taxonomy":"post_tag","embeddable":true,"href":"https:\/\/bailaodosuloficial.com.br\/index.php\/wp-json\/wp\/v2\/tags?post=763"}],"curies":[{"name":"wp","href":"https:\/\/api.w.org\/{rel}","templated":true}]}}