{"id":785,"date":"2026-03-31T12:32:18","date_gmt":"2026-03-31T12:32:18","guid":{"rendered":"https:\/\/bailaodosuloficial.com.br\/?p=785"},"modified":"2026-03-31T12:32:20","modified_gmt":"2026-03-31T12:32:20","slug":"morena-misteriosa-quando-a-musica-da-ceu-e-cantos-ganha-vida-na-danca-de-andre-jacques","status":"publish","type":"post","link":"https:\/\/bailaodosuloficial.com.br\/index.php\/2026\/03\/31\/morena-misteriosa-quando-a-musica-da-ceu-e-cantos-ganha-vida-na-danca-de-andre-jacques\/","title":{"rendered":"Morena Misteriosa: quando a m\u00fasica da C\u00e9u e Cantos ganha vida na dan\u00e7a de Andr\u00e9 Jacques"},"content":{"rendered":"\n<p>Quando a m\u00fasica ganha corpo, o mist\u00e9rio se transforma em movimento \u2728\ud83d\udc83<\/p>\n\n\n\n<p>A energia envolvente de <em>Morena Misteriosa<\/em>, da banda C\u00e9u e Cantos, ganha ainda mais vida quando encontra a express\u00e3o da dan\u00e7a. Em uma fus\u00e3o perfeita entre som e sentimento, a coreografia assinada por Andr\u00e9 Jacques traduz, em cada detalhe, a ess\u00eancia da can\u00e7\u00e3o  intensa, envolvente e cheia de personalidade.<\/p>\n\n\n\n<p>Mais do que acompanhar o ritmo, os movimentos contam uma hist\u00f3ria paralela, onde cada gesto carrega emo\u00e7\u00e3o, cada olhar transmite inten\u00e7\u00e3o e cada passo revela aquilo que as palavras n\u00e3o conseguem dizer. \u00c9 a m\u00fasica sendo sentida de forma completa, do ouvido ao cora\u00e7\u00e3o, e agora tamb\u00e9m pelo corpo.<\/p>\n\n\n\n<p>A banda C\u00e9u e Cantos reafirma sua for\u00e7a e identidade ao entregar uma obra que inspira e conecta, mostrando que sua m\u00fasica vai al\u00e9m do palco e ecoa em diferentes formas de arte. J\u00e1 Andr\u00e9 Jacques demonstra sensibilidade e talento ao transformar melodia em movimento, elevando ainda mais a experi\u00eancia e criando uma conex\u00e3o \u00fanica com o p\u00fablico.<\/p>\n\n\n\n<p>Um encontro de arte, emo\u00e7\u00e3o e express\u00e3o que prova: quando a m\u00fasica \u00e9 verdadeira, ela n\u00e3o se escuta\u2026 se vive. \ud83c\udfb6\ud83d\udd25<\/p>\n\n\n\n<p>confira em: https:\/\/www.instagram.com\/andrejacques_\/<\/p>\n\n\n\n<p><\/p>\n","protected":false},"excerpt":{"rendered":"<p>Quando a m\u00fasica ganha corpo, o mist\u00e9rio se transforma em movimento \u2728\ud83d\udc83 A energia envolvente de Morena Misteriosa, da banda C\u00e9u e Cantos, ganha ainda mais vida quando encontra a express\u00e3o da dan\u00e7a. Em uma fus\u00e3o perfeita entre som e sentimento, a coreografia assinada por Andr\u00e9 Jacques traduz, em cada detalhe, a ess\u00eancia da can\u00e7\u00e3o<\/p>\n","protected":false},"author":1,"featured_media":786,"comment_status":"open","ping_status":"open","sticky":false,"template":"","format":"standard","meta":{"footnotes":""},"categories":[2],"tags":[],"class_list":["post-785","post","type-post","status-publish","format-standard","has-post-thumbnail","hentry","category-bailao"],"yoast_head":"<!-- This site is optimized with the Yoast SEO plugin v26.9 - https:\/\/yoast.com\/product\/yoast-seo-wordpress\/ -->\n<title>Morena Misteriosa: quando a m\u00fasica da C\u00e9u e Cantos ganha vida na dan\u00e7a de Andr\u00e9 Jacques -<\/title>\n<meta name=\"robots\" content=\"index, follow, max-snippet:-1, max-image-preview:large, max-video-preview:-1\" \/>\n<link rel=\"canonical\" href=\"https:\/\/bailaodosuloficial.com.br\/index.php\/2026\/03\/31\/morena-misteriosa-quando-a-musica-da-ceu-e-cantos-ganha-vida-na-danca-de-andre-jacques\/\" \/>\n<meta property=\"og:locale\" content=\"pt_BR\" \/>\n<meta property=\"og:type\" content=\"article\" \/>\n<meta property=\"og:title\" content=\"Morena Misteriosa: quando a m\u00fasica da C\u00e9u e Cantos ganha vida na dan\u00e7a de Andr\u00e9 Jacques -\" \/>\n<meta property=\"og:description\" content=\"Quando a m\u00fasica ganha corpo, o mist\u00e9rio se transforma em movimento \u2728\ud83d\udc83 A energia envolvente de Morena Misteriosa, da banda C\u00e9u e Cantos, ganha ainda mais vida quando encontra a express\u00e3o da dan\u00e7a. Em uma fus\u00e3o perfeita entre som e sentimento, a coreografia assinada por Andr\u00e9 Jacques traduz, em cada detalhe, a ess\u00eancia da can\u00e7\u00e3o\" \/>\n<meta property=\"og:url\" content=\"https:\/\/bailaodosuloficial.com.br\/index.php\/2026\/03\/31\/morena-misteriosa-quando-a-musica-da-ceu-e-cantos-ganha-vida-na-danca-de-andre-jacques\/\" \/>\n<meta property=\"article:published_time\" content=\"2026-03-31T12:32:18+00:00\" \/>\n<meta property=\"article:modified_time\" content=\"2026-03-31T12:32:20+00:00\" \/>\n<meta property=\"og:image\" content=\"https:\/\/bailaodosuloficial.com.br\/wp-content\/uploads\/2026\/03\/image-9.png\" \/>\n\t<meta property=\"og:image:width\" content=\"498\" \/>\n\t<meta property=\"og:image:height\" content=\"351\" \/>\n\t<meta property=\"og:image:type\" content=\"image\/png\" \/>\n<meta name=\"author\" content=\"admin\" \/>\n<meta name=\"twitter:card\" content=\"summary_large_image\" \/>\n<meta name=\"twitter:label1\" content=\"Escrito por\" \/>\n\t<meta name=\"twitter:data1\" content=\"admin\" \/>\n\t<meta name=\"twitter:label2\" content=\"Est. tempo de leitura\" \/>\n\t<meta name=\"twitter:data2\" content=\"2 minutos\" \/>\n<script type=\"application\/ld+json\" class=\"yoast-schema-graph\">{\"@context\":\"https:\/\/schema.org\",\"@graph\":[{\"@type\":\"Article\",\"@id\":\"https:\/\/bailaodosuloficial.com.br\/index.php\/2026\/03\/31\/morena-misteriosa-quando-a-musica-da-ceu-e-cantos-ganha-vida-na-danca-de-andre-jacques\/#article\",\"isPartOf\":{\"@id\":\"https:\/\/bailaodosuloficial.com.br\/index.php\/2026\/03\/31\/morena-misteriosa-quando-a-musica-da-ceu-e-cantos-ganha-vida-na-danca-de-andre-jacques\/\"},\"author\":{\"name\":\"admin\",\"@id\":\"https:\/\/bailaodosuloficial.com.br\/#\/schema\/person\/b3bb1c43b091cd5c62100dd962ddda38\"},\"headline\":\"Morena Misteriosa: quando a m\u00fasica da C\u00e9u e Cantos ganha vida na dan\u00e7a de Andr\u00e9 Jacques\",\"datePublished\":\"2026-03-31T12:32:18+00:00\",\"dateModified\":\"2026-03-31T12:32:20+00:00\",\"mainEntityOfPage\":{\"@id\":\"https:\/\/bailaodosuloficial.com.br\/index.php\/2026\/03\/31\/morena-misteriosa-quando-a-musica-da-ceu-e-cantos-ganha-vida-na-danca-de-andre-jacques\/\"},\"wordCount\":237,\"commentCount\":0,\"publisher\":{\"@id\":\"https:\/\/bailaodosuloficial.com.br\/#organization\"},\"image\":{\"@id\":\"https:\/\/bailaodosuloficial.com.br\/index.php\/2026\/03\/31\/morena-misteriosa-quando-a-musica-da-ceu-e-cantos-ganha-vida-na-danca-de-andre-jacques\/#primaryimage\"},\"thumbnailUrl\":\"https:\/\/bailaodosuloficial.com.br\/wp-content\/uploads\/2026\/03\/image-9.png\",\"articleSection\":[\"Bail\u00e3o\"],\"inLanguage\":\"pt-BR\",\"potentialAction\":[{\"@type\":\"CommentAction\",\"name\":\"Comment\",\"target\":[\"https:\/\/bailaodosuloficial.com.br\/index.php\/2026\/03\/31\/morena-misteriosa-quando-a-musica-da-ceu-e-cantos-ganha-vida-na-danca-de-andre-jacques\/#respond\"]}]},{\"@type\":\"WebPage\",\"@id\":\"https:\/\/bailaodosuloficial.com.br\/index.php\/2026\/03\/31\/morena-misteriosa-quando-a-musica-da-ceu-e-cantos-ganha-vida-na-danca-de-andre-jacques\/\",\"url\":\"https:\/\/bailaodosuloficial.com.br\/index.php\/2026\/03\/31\/morena-misteriosa-quando-a-musica-da-ceu-e-cantos-ganha-vida-na-danca-de-andre-jacques\/\",\"name\":\"Morena Misteriosa: quando a m\u00fasica da C\u00e9u e Cantos ganha vida na dan\u00e7a de Andr\u00e9 Jacques -\",\"isPartOf\":{\"@id\":\"https:\/\/bailaodosuloficial.com.br\/#website\"},\"primaryImageOfPage\":{\"@id\":\"https:\/\/bailaodosuloficial.com.br\/index.php\/2026\/03\/31\/morena-misteriosa-quando-a-musica-da-ceu-e-cantos-ganha-vida-na-danca-de-andre-jacques\/#primaryimage\"},\"image\":{\"@id\":\"https:\/\/bailaodosuloficial.com.br\/index.php\/2026\/03\/31\/morena-misteriosa-quando-a-musica-da-ceu-e-cantos-ganha-vida-na-danca-de-andre-jacques\/#primaryimage\"},\"thumbnailUrl\":\"https:\/\/bailaodosuloficial.com.br\/wp-content\/uploads\/2026\/03\/image-9.png\",\"datePublished\":\"2026-03-31T12:32:18+00:00\",\"dateModified\":\"2026-03-31T12:32:20+00:00\",\"breadcrumb\":{\"@id\":\"https:\/\/bailaodosuloficial.com.br\/index.php\/2026\/03\/31\/morena-misteriosa-quando-a-musica-da-ceu-e-cantos-ganha-vida-na-danca-de-andre-jacques\/#breadcrumb\"},\"inLanguage\":\"pt-BR\",\"potentialAction\":[{\"@type\":\"ReadAction\",\"target\":[\"https:\/\/bailaodosuloficial.com.br\/index.php\/2026\/03\/31\/morena-misteriosa-quando-a-musica-da-ceu-e-cantos-ganha-vida-na-danca-de-andre-jacques\/\"]}]},{\"@type\":\"ImageObject\",\"inLanguage\":\"pt-BR\",\"@id\":\"https:\/\/bailaodosuloficial.com.br\/index.php\/2026\/03\/31\/morena-misteriosa-quando-a-musica-da-ceu-e-cantos-ganha-vida-na-danca-de-andre-jacques\/#primaryimage\",\"url\":\"https:\/\/bailaodosuloficial.com.br\/wp-content\/uploads\/2026\/03\/image-9.png\",\"contentUrl\":\"https:\/\/bailaodosuloficial.com.br\/wp-content\/uploads\/2026\/03\/image-9.png\",\"width\":498,\"height\":351},{\"@type\":\"BreadcrumbList\",\"@id\":\"https:\/\/bailaodosuloficial.com.br\/index.php\/2026\/03\/31\/morena-misteriosa-quando-a-musica-da-ceu-e-cantos-ganha-vida-na-danca-de-andre-jacques\/#breadcrumb\",\"itemListElement\":[{\"@type\":\"ListItem\",\"position\":1,\"name\":\"In\u00edcio\",\"item\":\"https:\/\/bailaodosuloficial.com.br\/\"},{\"@type\":\"ListItem\",\"position\":2,\"name\":\"Morena Misteriosa: quando a m\u00fasica da C\u00e9u e Cantos ganha vida na dan\u00e7a de Andr\u00e9 Jacques\"}]},{\"@type\":\"WebSite\",\"@id\":\"https:\/\/bailaodosuloficial.com.br\/#website\",\"url\":\"https:\/\/bailaodosuloficial.com.br\/\",\"name\":\"Bail\u00e3o do Sul\",\"description\":\"\",\"publisher\":{\"@id\":\"https:\/\/bailaodosuloficial.com.br\/#organization\"},\"alternateName\":\"Bail\u00e3o do Sul Oficial\",\"potentialAction\":[{\"@type\":\"SearchAction\",\"target\":{\"@type\":\"EntryPoint\",\"urlTemplate\":\"https:\/\/bailaodosuloficial.com.br\/?s={search_term_string}\"},\"query-input\":{\"@type\":\"PropertyValueSpecification\",\"valueRequired\":true,\"valueName\":\"search_term_string\"}}],\"inLanguage\":\"pt-BR\"},{\"@type\":\"Organization\",\"@id\":\"https:\/\/bailaodosuloficial.com.br\/#organization\",\"name\":\"Bail\u00e3o do Sul\",\"url\":\"https:\/\/bailaodosuloficial.com.br\/\",\"logo\":{\"@type\":\"ImageObject\",\"inLanguage\":\"pt-BR\",\"@id\":\"https:\/\/bailaodosuloficial.com.br\/#\/schema\/logo\/image\/\",\"url\":\"https:\/\/bailaodosuloficial.com.br\/wp-content\/uploads\/2026\/03\/cropped-fim-de-semana-5-scaled-1.png\",\"contentUrl\":\"https:\/\/bailaodosuloficial.com.br\/wp-content\/uploads\/2026\/03\/cropped-fim-de-semana-5-scaled-1.png\",\"width\":1989,\"height\":1371,\"caption\":\"Bail\u00e3o do Sul\"},\"image\":{\"@id\":\"https:\/\/bailaodosuloficial.com.br\/#\/schema\/logo\/image\/\"},\"sameAs\":[\"http:\/\/instagram.com\/bailaodosul\"]},{\"@type\":\"Person\",\"@id\":\"https:\/\/bailaodosuloficial.com.br\/#\/schema\/person\/b3bb1c43b091cd5c62100dd962ddda38\",\"name\":\"admin\",\"image\":{\"@type\":\"ImageObject\",\"inLanguage\":\"pt-BR\",\"@id\":\"https:\/\/bailaodosuloficial.com.br\/#\/schema\/person\/image\/\",\"url\":\"https:\/\/secure.gravatar.com\/avatar\/8e8beae45c6419737da9ea57a58a1f945a580b701e1def541b4459d4ac234c85?s=96&d=mm&r=g\",\"contentUrl\":\"https:\/\/secure.gravatar.com\/avatar\/8e8beae45c6419737da9ea57a58a1f945a580b701e1def541b4459d4ac234c85?s=96&d=mm&r=g\",\"caption\":\"admin\"},\"sameAs\":[\"https:\/\/bailaodosuloficial.com.br\"],\"url\":\"https:\/\/bailaodosuloficial.com.br\/index.php\/author\/bailao\/\"}]}<\/script>\n<!-- \/ Yoast SEO plugin. -->","yoast_head_json":{"title":"Morena Misteriosa: quando a m\u00fasica da C\u00e9u e Cantos ganha vida na dan\u00e7a de Andr\u00e9 Jacques -","robots":{"index":"index","follow":"follow","max-snippet":"max-snippet:-1","max-image-preview":"max-image-preview:large","max-video-preview":"max-video-preview:-1"},"canonical":"https:\/\/bailaodosuloficial.com.br\/index.php\/2026\/03\/31\/morena-misteriosa-quando-a-musica-da-ceu-e-cantos-ganha-vida-na-danca-de-andre-jacques\/","og_locale":"pt_BR","og_type":"article","og_title":"Morena Misteriosa: quando a m\u00fasica da C\u00e9u e Cantos ganha vida na dan\u00e7a de Andr\u00e9 Jacques -","og_description":"Quando a m\u00fasica ganha corpo, o mist\u00e9rio se transforma em movimento \u2728\ud83d\udc83 A energia envolvente de Morena Misteriosa, da banda C\u00e9u e Cantos, ganha ainda mais vida quando encontra a express\u00e3o da dan\u00e7a. Em uma fus\u00e3o perfeita entre som e sentimento, a coreografia assinada por Andr\u00e9 Jacques traduz, em cada detalhe, a ess\u00eancia da can\u00e7\u00e3o","og_url":"https:\/\/bailaodosuloficial.com.br\/index.php\/2026\/03\/31\/morena-misteriosa-quando-a-musica-da-ceu-e-cantos-ganha-vida-na-danca-de-andre-jacques\/","article_published_time":"2026-03-31T12:32:18+00:00","article_modified_time":"2026-03-31T12:32:20+00:00","og_image":[{"width":498,"height":351,"url":"https:\/\/bailaodosuloficial.com.br\/wp-content\/uploads\/2026\/03\/image-9.png","type":"image\/png"}],"author":"admin","twitter_card":"summary_large_image","twitter_misc":{"Escrito por":"admin","Est. tempo de leitura":"2 minutos"},"schema":{"@context":"https:\/\/schema.org","@graph":[{"@type":"Article","@id":"https:\/\/bailaodosuloficial.com.br\/index.php\/2026\/03\/31\/morena-misteriosa-quando-a-musica-da-ceu-e-cantos-ganha-vida-na-danca-de-andre-jacques\/#article","isPartOf":{"@id":"https:\/\/bailaodosuloficial.com.br\/index.php\/2026\/03\/31\/morena-misteriosa-quando-a-musica-da-ceu-e-cantos-ganha-vida-na-danca-de-andre-jacques\/"},"author":{"name":"admin","@id":"https:\/\/bailaodosuloficial.com.br\/#\/schema\/person\/b3bb1c43b091cd5c62100dd962ddda38"},"headline":"Morena Misteriosa: quando a m\u00fasica da C\u00e9u e Cantos ganha vida na dan\u00e7a de Andr\u00e9 Jacques","datePublished":"2026-03-31T12:32:18+00:00","dateModified":"2026-03-31T12:32:20+00:00","mainEntityOfPage":{"@id":"https:\/\/bailaodosuloficial.com.br\/index.php\/2026\/03\/31\/morena-misteriosa-quando-a-musica-da-ceu-e-cantos-ganha-vida-na-danca-de-andre-jacques\/"},"wordCount":237,"commentCount":0,"publisher":{"@id":"https:\/\/bailaodosuloficial.com.br\/#organization"},"image":{"@id":"https:\/\/bailaodosuloficial.com.br\/index.php\/2026\/03\/31\/morena-misteriosa-quando-a-musica-da-ceu-e-cantos-ganha-vida-na-danca-de-andre-jacques\/#primaryimage"},"thumbnailUrl":"https:\/\/bailaodosuloficial.com.br\/wp-content\/uploads\/2026\/03\/image-9.png","articleSection":["Bail\u00e3o"],"inLanguage":"pt-BR","potentialAction":[{"@type":"CommentAction","name":"Comment","target":["https:\/\/bailaodosuloficial.com.br\/index.php\/2026\/03\/31\/morena-misteriosa-quando-a-musica-da-ceu-e-cantos-ganha-vida-na-danca-de-andre-jacques\/#respond"]}]},{"@type":"WebPage","@id":"https:\/\/bailaodosuloficial.com.br\/index.php\/2026\/03\/31\/morena-misteriosa-quando-a-musica-da-ceu-e-cantos-ganha-vida-na-danca-de-andre-jacques\/","url":"https:\/\/bailaodosuloficial.com.br\/index.php\/2026\/03\/31\/morena-misteriosa-quando-a-musica-da-ceu-e-cantos-ganha-vida-na-danca-de-andre-jacques\/","name":"Morena Misteriosa: quando a m\u00fasica da C\u00e9u e Cantos ganha vida na dan\u00e7a de Andr\u00e9 Jacques -","isPartOf":{"@id":"https:\/\/bailaodosuloficial.com.br\/#website"},"primaryImageOfPage":{"@id":"https:\/\/bailaodosuloficial.com.br\/index.php\/2026\/03\/31\/morena-misteriosa-quando-a-musica-da-ceu-e-cantos-ganha-vida-na-danca-de-andre-jacques\/#primaryimage"},"image":{"@id":"https:\/\/bailaodosuloficial.com.br\/index.php\/2026\/03\/31\/morena-misteriosa-quando-a-musica-da-ceu-e-cantos-ganha-vida-na-danca-de-andre-jacques\/#primaryimage"},"thumbnailUrl":"https:\/\/bailaodosuloficial.com.br\/wp-content\/uploads\/2026\/03\/image-9.png","datePublished":"2026-03-31T12:32:18+00:00","dateModified":"2026-03-31T12:32:20+00:00","breadcrumb":{"@id":"https:\/\/bailaodosuloficial.com.br\/index.php\/2026\/03\/31\/morena-misteriosa-quando-a-musica-da-ceu-e-cantos-ganha-vida-na-danca-de-andre-jacques\/#breadcrumb"},"inLanguage":"pt-BR","potentialAction":[{"@type":"ReadAction","target":["https:\/\/bailaodosuloficial.com.br\/index.php\/2026\/03\/31\/morena-misteriosa-quando-a-musica-da-ceu-e-cantos-ganha-vida-na-danca-de-andre-jacques\/"]}]},{"@type":"ImageObject","inLanguage":"pt-BR","@id":"https:\/\/bailaodosuloficial.com.br\/index.php\/2026\/03\/31\/morena-misteriosa-quando-a-musica-da-ceu-e-cantos-ganha-vida-na-danca-de-andre-jacques\/#primaryimage","url":"https:\/\/bailaodosuloficial.com.br\/wp-content\/uploads\/2026\/03\/image-9.png","contentUrl":"https:\/\/bailaodosuloficial.com.br\/wp-content\/uploads\/2026\/03\/image-9.png","width":498,"height":351},{"@type":"BreadcrumbList","@id":"https:\/\/bailaodosuloficial.com.br\/index.php\/2026\/03\/31\/morena-misteriosa-quando-a-musica-da-ceu-e-cantos-ganha-vida-na-danca-de-andre-jacques\/#breadcrumb","itemListElement":[{"@type":"ListItem","position":1,"name":"In\u00edcio","item":"https:\/\/bailaodosuloficial.com.br\/"},{"@type":"ListItem","position":2,"name":"Morena Misteriosa: quando a m\u00fasica da C\u00e9u e Cantos ganha vida na dan\u00e7a de Andr\u00e9 Jacques"}]},{"@type":"WebSite","@id":"https:\/\/bailaodosuloficial.com.br\/#website","url":"https:\/\/bailaodosuloficial.com.br\/","name":"Bail\u00e3o do Sul","description":"","publisher":{"@id":"https:\/\/bailaodosuloficial.com.br\/#organization"},"alternateName":"Bail\u00e3o do Sul Oficial","potentialAction":[{"@type":"SearchAction","target":{"@type":"EntryPoint","urlTemplate":"https:\/\/bailaodosuloficial.com.br\/?s={search_term_string}"},"query-input":{"@type":"PropertyValueSpecification","valueRequired":true,"valueName":"search_term_string"}}],"inLanguage":"pt-BR"},{"@type":"Organization","@id":"https:\/\/bailaodosuloficial.com.br\/#organization","name":"Bail\u00e3o do Sul","url":"https:\/\/bailaodosuloficial.com.br\/","logo":{"@type":"ImageObject","inLanguage":"pt-BR","@id":"https:\/\/bailaodosuloficial.com.br\/#\/schema\/logo\/image\/","url":"https:\/\/bailaodosuloficial.com.br\/wp-content\/uploads\/2026\/03\/cropped-fim-de-semana-5-scaled-1.png","contentUrl":"https:\/\/bailaodosuloficial.com.br\/wp-content\/uploads\/2026\/03\/cropped-fim-de-semana-5-scaled-1.png","width":1989,"height":1371,"caption":"Bail\u00e3o do Sul"},"image":{"@id":"https:\/\/bailaodosuloficial.com.br\/#\/schema\/logo\/image\/"},"sameAs":["http:\/\/instagram.com\/bailaodosul"]},{"@type":"Person","@id":"https:\/\/bailaodosuloficial.com.br\/#\/schema\/person\/b3bb1c43b091cd5c62100dd962ddda38","name":"admin","image":{"@type":"ImageObject","inLanguage":"pt-BR","@id":"https:\/\/bailaodosuloficial.com.br\/#\/schema\/person\/image\/","url":"https:\/\/secure.gravatar.com\/avatar\/8e8beae45c6419737da9ea57a58a1f945a580b701e1def541b4459d4ac234c85?s=96&d=mm&r=g","contentUrl":"https:\/\/secure.gravatar.com\/avatar\/8e8beae45c6419737da9ea57a58a1f945a580b701e1def541b4459d4ac234c85?s=96&d=mm&r=g","caption":"admin"},"sameAs":["https:\/\/bailaodosuloficial.com.br"],"url":"https:\/\/bailaodosuloficial.com.br\/index.php\/author\/bailao\/"}]}},"_links":{"self":[{"href":"https:\/\/bailaodosuloficial.com.br\/index.php\/wp-json\/wp\/v2\/posts\/785","targetHints":{"allow":["GET"]}}],"collection":[{"href":"https:\/\/bailaodosuloficial.com.br\/index.php\/wp-json\/wp\/v2\/posts"}],"about":[{"href":"https:\/\/bailaodosuloficial.com.br\/index.php\/wp-json\/wp\/v2\/types\/post"}],"author":[{"embeddable":true,"href":"https:\/\/bailaodosuloficial.com.br\/index.php\/wp-json\/wp\/v2\/users\/1"}],"replies":[{"embeddable":true,"href":"https:\/\/bailaodosuloficial.com.br\/index.php\/wp-json\/wp\/v2\/comments?post=785"}],"version-history":[{"count":1,"href":"https:\/\/bailaodosuloficial.com.br\/index.php\/wp-json\/wp\/v2\/posts\/785\/revisions"}],"predecessor-version":[{"id":787,"href":"https:\/\/bailaodosuloficial.com.br\/index.php\/wp-json\/wp\/v2\/posts\/785\/revisions\/787"}],"wp:featuredmedia":[{"embeddable":true,"href":"https:\/\/bailaodosuloficial.com.br\/index.php\/wp-json\/wp\/v2\/media\/786"}],"wp:attachment":[{"href":"https:\/\/bailaodosuloficial.com.br\/index.php\/wp-json\/wp\/v2\/media?parent=785"}],"wp:term":[{"taxonomy":"category","embeddable":true,"href":"https:\/\/bailaodosuloficial.com.br\/index.php\/wp-json\/wp\/v2\/categories?post=785"},{"taxonomy":"post_tag","embeddable":true,"href":"https:\/\/bailaodosuloficial.com.br\/index.php\/wp-json\/wp\/v2\/tags?post=785"}],"curies":[{"name":"wp","href":"https:\/\/api.w.org\/{rel}","templated":true}]}}