{"id":789,"date":"2026-03-31T12:59:21","date_gmt":"2026-03-31T12:59:21","guid":{"rendered":"https:\/\/bailaodosuloficial.com.br\/?p=789"},"modified":"2026-03-31T12:59:22","modified_gmt":"2026-03-31T12:59:22","slug":"rogerio-melo-e-sua-historia-de-bastidor-que-virou-risada-no-palco","status":"publish","type":"post","link":"https:\/\/bailaodosuloficial.com.br\/index.php\/2026\/03\/31\/rogerio-melo-e-sua-historia-de-bastidor-que-virou-risada-no-palco\/","title":{"rendered":"Rog\u00e9rio Melo e sua hist\u00f3ria de bastidor que virou risada no palco"},"content":{"rendered":"\n<figure class=\"wp-block-image size-full\"><img loading=\"lazy\" decoding=\"async\" width=\"828\" height=\"828\" src=\"https:\/\/bailaodosuloficial.com.br\/wp-content\/uploads\/2026\/03\/image-10.png\" alt=\"\" class=\"wp-image-790\" srcset=\"https:\/\/bailaodosuloficial.com.br\/wp-content\/uploads\/2026\/03\/image-10.png 828w, https:\/\/bailaodosuloficial.com.br\/wp-content\/uploads\/2026\/03\/image-10-300x300.png 300w, https:\/\/bailaodosuloficial.com.br\/wp-content\/uploads\/2026\/03\/image-10-150x150.png 150w, https:\/\/bailaodosuloficial.com.br\/wp-content\/uploads\/2026\/03\/image-10-768x768.png 768w\" sizes=\"auto, (max-width: 828px) 100vw, 828px\" \/><\/figure>\n\n\n\n<p>Um momento inusitado e cheio de bom humor marcou a entrada do cantor Rog\u00e9rio Melo no palco. Como a estrutura era alta e sem escada de acesso, n\u00e3o teve jeito: ele precisou improvisar  se ajoelhou e literalmente \u201csubiu\u201d rolando para conseguir chegar l\u00e1 em cima.<\/p>\n\n\n\n<p>A cena arrancou risadas de quem acompanhava tudo de perto, e ficou ainda melhor com a rea\u00e7\u00e3o do parceiro Cezar Oliveira. Sempre irreverente, ele n\u00e3o perdeu a oportunidade e brincou com o p\u00fablico: \u201cFiquem tranquilos, o Rog\u00e9rio faz sempre uma ora\u00e7\u00e3o antes de subir no palco!\u201d \ud83d\ude02<\/p>\n\n\n\n<p>Entre improviso e risadas, o epis\u00f3dio mostrou que, al\u00e9m do talento, o carisma e a leveza tamb\u00e9m fazem parte do espet\u00e1culo \u2014 daqueles momentos espont\u00e2neos que viram hist\u00f3ria e aproximam ainda mais os artistas do p\u00fablico.<\/p>\n\n\n\n<p>E foi justamente essa hist\u00f3ria que o pr\u00f3prio Rog\u00e9rio Melo relembrou em tom descontra\u00eddo durante sua participa\u00e7\u00e3o no podcast do CanalYoutche, arrancando novas gargalhadas e mostrando que, quando o assunto \u00e9 bastidor, sempre tem uma boa hist\u00f3ria pra contar. \ud83c\udf99\ufe0f\ud83d\ude04<\/p>\n\n\n\n<p>foto: divulga\u00e7\u00e3o facebook<\/p>\n\n\n\n<figure class=\"wp-block-embed is-type-video is-provider-youtube wp-block-embed-youtube wp-embed-aspect-16-9 wp-has-aspect-ratio\"><div class=\"wp-block-embed__wrapper\">\n<iframe loading=\"lazy\" title=\"ROGERIO MELO - YouTch\u00ea PodCast #289\" width=\"960\" height=\"540\" src=\"https:\/\/www.youtube.com\/embed\/cfMdU6oZLp4?feature=oembed\" frameborder=\"0\" allow=\"accelerometer; autoplay; clipboard-write; encrypted-media; gyroscope; picture-in-picture; web-share\" referrerpolicy=\"strict-origin-when-cross-origin\" allowfullscreen><\/iframe>\n<\/div><\/figure>\n","protected":false},"excerpt":{"rendered":"<p>Um momento inusitado e cheio de bom humor marcou a entrada do cantor Rog\u00e9rio Melo no palco. Como a estrutura era alta e sem escada de acesso, n\u00e3o teve jeito: ele precisou improvisar se ajoelhou e literalmente \u201csubiu\u201d rolando para conseguir chegar l\u00e1 em cima. A cena arrancou risadas de quem acompanhava tudo de perto,<\/p>\n","protected":false},"author":1,"featured_media":790,"comment_status":"open","ping_status":"open","sticky":false,"template":"","format":"standard","meta":{"footnotes":""},"categories":[3,6],"tags":[],"class_list":["post-789","post","type-post","status-publish","format-standard","has-post-thumbnail","hentry","category-gaucho","category-nativista"],"yoast_head":"<!-- This site is optimized with the Yoast SEO plugin v26.9 - https:\/\/yoast.com\/product\/yoast-seo-wordpress\/ -->\n<title>Rog\u00e9rio Melo e sua hist\u00f3ria de bastidor que virou risada no palco -<\/title>\n<meta name=\"robots\" content=\"index, follow, max-snippet:-1, max-image-preview:large, max-video-preview:-1\" \/>\n<link rel=\"canonical\" href=\"https:\/\/bailaodosuloficial.com.br\/index.php\/2026\/03\/31\/rogerio-melo-e-sua-historia-de-bastidor-que-virou-risada-no-palco\/\" \/>\n<meta property=\"og:locale\" content=\"pt_BR\" \/>\n<meta property=\"og:type\" content=\"article\" \/>\n<meta property=\"og:title\" content=\"Rog\u00e9rio Melo e sua hist\u00f3ria de bastidor que virou risada no palco -\" \/>\n<meta property=\"og:description\" content=\"Um momento inusitado e cheio de bom humor marcou a entrada do cantor Rog\u00e9rio Melo no palco. Como a estrutura era alta e sem escada de acesso, n\u00e3o teve jeito: ele precisou improvisar se ajoelhou e literalmente \u201csubiu\u201d rolando para conseguir chegar l\u00e1 em cima. A cena arrancou risadas de quem acompanhava tudo de perto,\" \/>\n<meta property=\"og:url\" content=\"https:\/\/bailaodosuloficial.com.br\/index.php\/2026\/03\/31\/rogerio-melo-e-sua-historia-de-bastidor-que-virou-risada-no-palco\/\" \/>\n<meta property=\"article:published_time\" content=\"2026-03-31T12:59:21+00:00\" \/>\n<meta property=\"article:modified_time\" content=\"2026-03-31T12:59:22+00:00\" \/>\n<meta property=\"og:image\" content=\"https:\/\/bailaodosuloficial.com.br\/wp-content\/uploads\/2026\/03\/image-10.png\" \/>\n\t<meta property=\"og:image:width\" content=\"828\" \/>\n\t<meta property=\"og:image:height\" content=\"828\" \/>\n\t<meta property=\"og:image:type\" content=\"image\/png\" \/>\n<meta name=\"author\" content=\"admin\" \/>\n<meta name=\"twitter:card\" content=\"summary_large_image\" \/>\n<meta name=\"twitter:label1\" content=\"Escrito por\" \/>\n\t<meta name=\"twitter:data1\" content=\"admin\" \/>\n\t<meta name=\"twitter:label2\" content=\"Est. tempo de leitura\" \/>\n\t<meta name=\"twitter:data2\" content=\"2 minutos\" \/>\n<script type=\"application\/ld+json\" class=\"yoast-schema-graph\">{\"@context\":\"https:\/\/schema.org\",\"@graph\":[{\"@type\":\"Article\",\"@id\":\"https:\/\/bailaodosuloficial.com.br\/index.php\/2026\/03\/31\/rogerio-melo-e-sua-historia-de-bastidor-que-virou-risada-no-palco\/#article\",\"isPartOf\":{\"@id\":\"https:\/\/bailaodosuloficial.com.br\/index.php\/2026\/03\/31\/rogerio-melo-e-sua-historia-de-bastidor-que-virou-risada-no-palco\/\"},\"author\":{\"name\":\"admin\",\"@id\":\"https:\/\/bailaodosuloficial.com.br\/#\/schema\/person\/b3bb1c43b091cd5c62100dd962ddda38\"},\"headline\":\"Rog\u00e9rio Melo e sua hist\u00f3ria de bastidor que virou risada no palco\",\"datePublished\":\"2026-03-31T12:59:21+00:00\",\"dateModified\":\"2026-03-31T12:59:22+00:00\",\"mainEntityOfPage\":{\"@id\":\"https:\/\/bailaodosuloficial.com.br\/index.php\/2026\/03\/31\/rogerio-melo-e-sua-historia-de-bastidor-que-virou-risada-no-palco\/\"},\"wordCount\":210,\"commentCount\":0,\"publisher\":{\"@id\":\"https:\/\/bailaodosuloficial.com.br\/#organization\"},\"image\":{\"@id\":\"https:\/\/bailaodosuloficial.com.br\/index.php\/2026\/03\/31\/rogerio-melo-e-sua-historia-de-bastidor-que-virou-risada-no-palco\/#primaryimage\"},\"thumbnailUrl\":\"https:\/\/bailaodosuloficial.com.br\/wp-content\/uploads\/2026\/03\/image-10.png\",\"articleSection\":[\"Ga\u00fachas\",\"Nativista\"],\"inLanguage\":\"pt-BR\",\"potentialAction\":[{\"@type\":\"CommentAction\",\"name\":\"Comment\",\"target\":[\"https:\/\/bailaodosuloficial.com.br\/index.php\/2026\/03\/31\/rogerio-melo-e-sua-historia-de-bastidor-que-virou-risada-no-palco\/#respond\"]}]},{\"@type\":\"WebPage\",\"@id\":\"https:\/\/bailaodosuloficial.com.br\/index.php\/2026\/03\/31\/rogerio-melo-e-sua-historia-de-bastidor-que-virou-risada-no-palco\/\",\"url\":\"https:\/\/bailaodosuloficial.com.br\/index.php\/2026\/03\/31\/rogerio-melo-e-sua-historia-de-bastidor-que-virou-risada-no-palco\/\",\"name\":\"Rog\u00e9rio Melo e sua hist\u00f3ria de bastidor que virou risada no palco -\",\"isPartOf\":{\"@id\":\"https:\/\/bailaodosuloficial.com.br\/#website\"},\"primaryImageOfPage\":{\"@id\":\"https:\/\/bailaodosuloficial.com.br\/index.php\/2026\/03\/31\/rogerio-melo-e-sua-historia-de-bastidor-que-virou-risada-no-palco\/#primaryimage\"},\"image\":{\"@id\":\"https:\/\/bailaodosuloficial.com.br\/index.php\/2026\/03\/31\/rogerio-melo-e-sua-historia-de-bastidor-que-virou-risada-no-palco\/#primaryimage\"},\"thumbnailUrl\":\"https:\/\/bailaodosuloficial.com.br\/wp-content\/uploads\/2026\/03\/image-10.png\",\"datePublished\":\"2026-03-31T12:59:21+00:00\",\"dateModified\":\"2026-03-31T12:59:22+00:00\",\"breadcrumb\":{\"@id\":\"https:\/\/bailaodosuloficial.com.br\/index.php\/2026\/03\/31\/rogerio-melo-e-sua-historia-de-bastidor-que-virou-risada-no-palco\/#breadcrumb\"},\"inLanguage\":\"pt-BR\",\"potentialAction\":[{\"@type\":\"ReadAction\",\"target\":[\"https:\/\/bailaodosuloficial.com.br\/index.php\/2026\/03\/31\/rogerio-melo-e-sua-historia-de-bastidor-que-virou-risada-no-palco\/\"]}]},{\"@type\":\"ImageObject\",\"inLanguage\":\"pt-BR\",\"@id\":\"https:\/\/bailaodosuloficial.com.br\/index.php\/2026\/03\/31\/rogerio-melo-e-sua-historia-de-bastidor-que-virou-risada-no-palco\/#primaryimage\",\"url\":\"https:\/\/bailaodosuloficial.com.br\/wp-content\/uploads\/2026\/03\/image-10.png\",\"contentUrl\":\"https:\/\/bailaodosuloficial.com.br\/wp-content\/uploads\/2026\/03\/image-10.png\",\"width\":828,\"height\":828},{\"@type\":\"BreadcrumbList\",\"@id\":\"https:\/\/bailaodosuloficial.com.br\/index.php\/2026\/03\/31\/rogerio-melo-e-sua-historia-de-bastidor-que-virou-risada-no-palco\/#breadcrumb\",\"itemListElement\":[{\"@type\":\"ListItem\",\"position\":1,\"name\":\"In\u00edcio\",\"item\":\"https:\/\/bailaodosuloficial.com.br\/\"},{\"@type\":\"ListItem\",\"position\":2,\"name\":\"Rog\u00e9rio Melo e sua hist\u00f3ria de bastidor que virou risada no palco\"}]},{\"@type\":\"WebSite\",\"@id\":\"https:\/\/bailaodosuloficial.com.br\/#website\",\"url\":\"https:\/\/bailaodosuloficial.com.br\/\",\"name\":\"Bail\u00e3o do Sul\",\"description\":\"\",\"publisher\":{\"@id\":\"https:\/\/bailaodosuloficial.com.br\/#organization\"},\"alternateName\":\"Bail\u00e3o do Sul Oficial\",\"potentialAction\":[{\"@type\":\"SearchAction\",\"target\":{\"@type\":\"EntryPoint\",\"urlTemplate\":\"https:\/\/bailaodosuloficial.com.br\/?s={search_term_string}\"},\"query-input\":{\"@type\":\"PropertyValueSpecification\",\"valueRequired\":true,\"valueName\":\"search_term_string\"}}],\"inLanguage\":\"pt-BR\"},{\"@type\":\"Organization\",\"@id\":\"https:\/\/bailaodosuloficial.com.br\/#organization\",\"name\":\"Bail\u00e3o do Sul\",\"url\":\"https:\/\/bailaodosuloficial.com.br\/\",\"logo\":{\"@type\":\"ImageObject\",\"inLanguage\":\"pt-BR\",\"@id\":\"https:\/\/bailaodosuloficial.com.br\/#\/schema\/logo\/image\/\",\"url\":\"https:\/\/bailaodosuloficial.com.br\/wp-content\/uploads\/2026\/03\/cropped-fim-de-semana-5-scaled-1.png\",\"contentUrl\":\"https:\/\/bailaodosuloficial.com.br\/wp-content\/uploads\/2026\/03\/cropped-fim-de-semana-5-scaled-1.png\",\"width\":1989,\"height\":1371,\"caption\":\"Bail\u00e3o do Sul\"},\"image\":{\"@id\":\"https:\/\/bailaodosuloficial.com.br\/#\/schema\/logo\/image\/\"},\"sameAs\":[\"http:\/\/instagram.com\/bailaodosul\"]},{\"@type\":\"Person\",\"@id\":\"https:\/\/bailaodosuloficial.com.br\/#\/schema\/person\/b3bb1c43b091cd5c62100dd962ddda38\",\"name\":\"admin\",\"image\":{\"@type\":\"ImageObject\",\"inLanguage\":\"pt-BR\",\"@id\":\"https:\/\/bailaodosuloficial.com.br\/#\/schema\/person\/image\/\",\"url\":\"https:\/\/secure.gravatar.com\/avatar\/8e8beae45c6419737da9ea57a58a1f945a580b701e1def541b4459d4ac234c85?s=96&d=mm&r=g\",\"contentUrl\":\"https:\/\/secure.gravatar.com\/avatar\/8e8beae45c6419737da9ea57a58a1f945a580b701e1def541b4459d4ac234c85?s=96&d=mm&r=g\",\"caption\":\"admin\"},\"sameAs\":[\"https:\/\/bailaodosuloficial.com.br\"],\"url\":\"https:\/\/bailaodosuloficial.com.br\/index.php\/author\/bailao\/\"}]}<\/script>\n<!-- \/ Yoast SEO plugin. -->","yoast_head_json":{"title":"Rog\u00e9rio Melo e sua hist\u00f3ria de bastidor que virou risada no palco -","robots":{"index":"index","follow":"follow","max-snippet":"max-snippet:-1","max-image-preview":"max-image-preview:large","max-video-preview":"max-video-preview:-1"},"canonical":"https:\/\/bailaodosuloficial.com.br\/index.php\/2026\/03\/31\/rogerio-melo-e-sua-historia-de-bastidor-que-virou-risada-no-palco\/","og_locale":"pt_BR","og_type":"article","og_title":"Rog\u00e9rio Melo e sua hist\u00f3ria de bastidor que virou risada no palco -","og_description":"Um momento inusitado e cheio de bom humor marcou a entrada do cantor Rog\u00e9rio Melo no palco. Como a estrutura era alta e sem escada de acesso, n\u00e3o teve jeito: ele precisou improvisar se ajoelhou e literalmente \u201csubiu\u201d rolando para conseguir chegar l\u00e1 em cima. A cena arrancou risadas de quem acompanhava tudo de perto,","og_url":"https:\/\/bailaodosuloficial.com.br\/index.php\/2026\/03\/31\/rogerio-melo-e-sua-historia-de-bastidor-que-virou-risada-no-palco\/","article_published_time":"2026-03-31T12:59:21+00:00","article_modified_time":"2026-03-31T12:59:22+00:00","og_image":[{"width":828,"height":828,"url":"https:\/\/bailaodosuloficial.com.br\/wp-content\/uploads\/2026\/03\/image-10.png","type":"image\/png"}],"author":"admin","twitter_card":"summary_large_image","twitter_misc":{"Escrito por":"admin","Est. tempo de leitura":"2 minutos"},"schema":{"@context":"https:\/\/schema.org","@graph":[{"@type":"Article","@id":"https:\/\/bailaodosuloficial.com.br\/index.php\/2026\/03\/31\/rogerio-melo-e-sua-historia-de-bastidor-que-virou-risada-no-palco\/#article","isPartOf":{"@id":"https:\/\/bailaodosuloficial.com.br\/index.php\/2026\/03\/31\/rogerio-melo-e-sua-historia-de-bastidor-que-virou-risada-no-palco\/"},"author":{"name":"admin","@id":"https:\/\/bailaodosuloficial.com.br\/#\/schema\/person\/b3bb1c43b091cd5c62100dd962ddda38"},"headline":"Rog\u00e9rio Melo e sua hist\u00f3ria de bastidor que virou risada no palco","datePublished":"2026-03-31T12:59:21+00:00","dateModified":"2026-03-31T12:59:22+00:00","mainEntityOfPage":{"@id":"https:\/\/bailaodosuloficial.com.br\/index.php\/2026\/03\/31\/rogerio-melo-e-sua-historia-de-bastidor-que-virou-risada-no-palco\/"},"wordCount":210,"commentCount":0,"publisher":{"@id":"https:\/\/bailaodosuloficial.com.br\/#organization"},"image":{"@id":"https:\/\/bailaodosuloficial.com.br\/index.php\/2026\/03\/31\/rogerio-melo-e-sua-historia-de-bastidor-que-virou-risada-no-palco\/#primaryimage"},"thumbnailUrl":"https:\/\/bailaodosuloficial.com.br\/wp-content\/uploads\/2026\/03\/image-10.png","articleSection":["Ga\u00fachas","Nativista"],"inLanguage":"pt-BR","potentialAction":[{"@type":"CommentAction","name":"Comment","target":["https:\/\/bailaodosuloficial.com.br\/index.php\/2026\/03\/31\/rogerio-melo-e-sua-historia-de-bastidor-que-virou-risada-no-palco\/#respond"]}]},{"@type":"WebPage","@id":"https:\/\/bailaodosuloficial.com.br\/index.php\/2026\/03\/31\/rogerio-melo-e-sua-historia-de-bastidor-que-virou-risada-no-palco\/","url":"https:\/\/bailaodosuloficial.com.br\/index.php\/2026\/03\/31\/rogerio-melo-e-sua-historia-de-bastidor-que-virou-risada-no-palco\/","name":"Rog\u00e9rio Melo e sua hist\u00f3ria de bastidor que virou risada no palco -","isPartOf":{"@id":"https:\/\/bailaodosuloficial.com.br\/#website"},"primaryImageOfPage":{"@id":"https:\/\/bailaodosuloficial.com.br\/index.php\/2026\/03\/31\/rogerio-melo-e-sua-historia-de-bastidor-que-virou-risada-no-palco\/#primaryimage"},"image":{"@id":"https:\/\/bailaodosuloficial.com.br\/index.php\/2026\/03\/31\/rogerio-melo-e-sua-historia-de-bastidor-que-virou-risada-no-palco\/#primaryimage"},"thumbnailUrl":"https:\/\/bailaodosuloficial.com.br\/wp-content\/uploads\/2026\/03\/image-10.png","datePublished":"2026-03-31T12:59:21+00:00","dateModified":"2026-03-31T12:59:22+00:00","breadcrumb":{"@id":"https:\/\/bailaodosuloficial.com.br\/index.php\/2026\/03\/31\/rogerio-melo-e-sua-historia-de-bastidor-que-virou-risada-no-palco\/#breadcrumb"},"inLanguage":"pt-BR","potentialAction":[{"@type":"ReadAction","target":["https:\/\/bailaodosuloficial.com.br\/index.php\/2026\/03\/31\/rogerio-melo-e-sua-historia-de-bastidor-que-virou-risada-no-palco\/"]}]},{"@type":"ImageObject","inLanguage":"pt-BR","@id":"https:\/\/bailaodosuloficial.com.br\/index.php\/2026\/03\/31\/rogerio-melo-e-sua-historia-de-bastidor-que-virou-risada-no-palco\/#primaryimage","url":"https:\/\/bailaodosuloficial.com.br\/wp-content\/uploads\/2026\/03\/image-10.png","contentUrl":"https:\/\/bailaodosuloficial.com.br\/wp-content\/uploads\/2026\/03\/image-10.png","width":828,"height":828},{"@type":"BreadcrumbList","@id":"https:\/\/bailaodosuloficial.com.br\/index.php\/2026\/03\/31\/rogerio-melo-e-sua-historia-de-bastidor-que-virou-risada-no-palco\/#breadcrumb","itemListElement":[{"@type":"ListItem","position":1,"name":"In\u00edcio","item":"https:\/\/bailaodosuloficial.com.br\/"},{"@type":"ListItem","position":2,"name":"Rog\u00e9rio Melo e sua hist\u00f3ria de bastidor que virou risada no palco"}]},{"@type":"WebSite","@id":"https:\/\/bailaodosuloficial.com.br\/#website","url":"https:\/\/bailaodosuloficial.com.br\/","name":"Bail\u00e3o do Sul","description":"","publisher":{"@id":"https:\/\/bailaodosuloficial.com.br\/#organization"},"alternateName":"Bail\u00e3o do Sul Oficial","potentialAction":[{"@type":"SearchAction","target":{"@type":"EntryPoint","urlTemplate":"https:\/\/bailaodosuloficial.com.br\/?s={search_term_string}"},"query-input":{"@type":"PropertyValueSpecification","valueRequired":true,"valueName":"search_term_string"}}],"inLanguage":"pt-BR"},{"@type":"Organization","@id":"https:\/\/bailaodosuloficial.com.br\/#organization","name":"Bail\u00e3o do Sul","url":"https:\/\/bailaodosuloficial.com.br\/","logo":{"@type":"ImageObject","inLanguage":"pt-BR","@id":"https:\/\/bailaodosuloficial.com.br\/#\/schema\/logo\/image\/","url":"https:\/\/bailaodosuloficial.com.br\/wp-content\/uploads\/2026\/03\/cropped-fim-de-semana-5-scaled-1.png","contentUrl":"https:\/\/bailaodosuloficial.com.br\/wp-content\/uploads\/2026\/03\/cropped-fim-de-semana-5-scaled-1.png","width":1989,"height":1371,"caption":"Bail\u00e3o do Sul"},"image":{"@id":"https:\/\/bailaodosuloficial.com.br\/#\/schema\/logo\/image\/"},"sameAs":["http:\/\/instagram.com\/bailaodosul"]},{"@type":"Person","@id":"https:\/\/bailaodosuloficial.com.br\/#\/schema\/person\/b3bb1c43b091cd5c62100dd962ddda38","name":"admin","image":{"@type":"ImageObject","inLanguage":"pt-BR","@id":"https:\/\/bailaodosuloficial.com.br\/#\/schema\/person\/image\/","url":"https:\/\/secure.gravatar.com\/avatar\/8e8beae45c6419737da9ea57a58a1f945a580b701e1def541b4459d4ac234c85?s=96&d=mm&r=g","contentUrl":"https:\/\/secure.gravatar.com\/avatar\/8e8beae45c6419737da9ea57a58a1f945a580b701e1def541b4459d4ac234c85?s=96&d=mm&r=g","caption":"admin"},"sameAs":["https:\/\/bailaodosuloficial.com.br"],"url":"https:\/\/bailaodosuloficial.com.br\/index.php\/author\/bailao\/"}]}},"_links":{"self":[{"href":"https:\/\/bailaodosuloficial.com.br\/index.php\/wp-json\/wp\/v2\/posts\/789","targetHints":{"allow":["GET"]}}],"collection":[{"href":"https:\/\/bailaodosuloficial.com.br\/index.php\/wp-json\/wp\/v2\/posts"}],"about":[{"href":"https:\/\/bailaodosuloficial.com.br\/index.php\/wp-json\/wp\/v2\/types\/post"}],"author":[{"embeddable":true,"href":"https:\/\/bailaodosuloficial.com.br\/index.php\/wp-json\/wp\/v2\/users\/1"}],"replies":[{"embeddable":true,"href":"https:\/\/bailaodosuloficial.com.br\/index.php\/wp-json\/wp\/v2\/comments?post=789"}],"version-history":[{"count":1,"href":"https:\/\/bailaodosuloficial.com.br\/index.php\/wp-json\/wp\/v2\/posts\/789\/revisions"}],"predecessor-version":[{"id":791,"href":"https:\/\/bailaodosuloficial.com.br\/index.php\/wp-json\/wp\/v2\/posts\/789\/revisions\/791"}],"wp:featuredmedia":[{"embeddable":true,"href":"https:\/\/bailaodosuloficial.com.br\/index.php\/wp-json\/wp\/v2\/media\/790"}],"wp:attachment":[{"href":"https:\/\/bailaodosuloficial.com.br\/index.php\/wp-json\/wp\/v2\/media?parent=789"}],"wp:term":[{"taxonomy":"category","embeddable":true,"href":"https:\/\/bailaodosuloficial.com.br\/index.php\/wp-json\/wp\/v2\/categories?post=789"},{"taxonomy":"post_tag","embeddable":true,"href":"https:\/\/bailaodosuloficial.com.br\/index.php\/wp-json\/wp\/v2\/tags?post=789"}],"curies":[{"name":"wp","href":"https:\/\/api.w.org\/{rel}","templated":true}]}}